{"id":10019,"date":"2020-05-26T13:54:36","date_gmt":"2020-05-26T12:54:36","guid":{"rendered":"http:\/\/psoecanarias.com\/web\/?p=10019"},"modified":"2020-06-02T10:35:44","modified_gmt":"2020-06-02T09:35:44","slug":"el-plan-de-reactivacion-de-canarias-hace-suyas-las-propuestas-socialistas","status":"publish","type":"post","link":"https:\/\/psoecanarias.com\/web\/el-plan-de-reactivacion-de-canarias-hace-suyas-las-propuestas-socialistas\/","title":{"rendered":"El Plan de Reactivaci\u00f3n de Canarias hace suyas las propuestas socialistas"},"content":{"rendered":"<p><strong>Canarias, 26 de mayo de 2020.-<\/strong> El Grupo Parlamentario Socialista ha logrado la inclusi\u00f3n de distintas propuestas en el Pacto de Reactivaci\u00f3n Econ\u00f3mica y Social de Canarias impulsado por el Gobierno canario, entre las que se encuentran dos nuevas l\u00edneas estrat\u00e9gicas para la recuperaci\u00f3n de las islas, centradas en la agilizaci\u00f3n, simplificaci\u00f3n y coordinaci\u00f3n administrativa, as\u00ed como el impulso de la Agenda Canaria de Desarrollo Sostenible.<\/p>\n<p>En concreto, los socialistas han conseguido el compromiso del Ejecutivo auton\u00f3mico para que el documento incluya la agilizaci\u00f3n, simplificaci\u00f3n y cooperaci\u00f3n administrativa, para permitir, por ejemplo, la agilizaci\u00f3n de licencias de obras y reformas adem\u00e1s de en los alojamientos tur\u00edsticos, tambi\u00e9n en las instalaciones agr\u00edcolas, ganaderas y de energ\u00edas renovables, \u201cnecesarias para reanudar con el debido impulso la actividad econ\u00f3mica tras la grave situaci\u00f3n originada por el Covid-19\u201d.<\/p>\n<p>La portavoz del Grupo Parlamentario Socialista, Nayra Alem\u00e1n, considera que las medidas socialistas incluidas en este documento mejoran \u201ca\u00fan m\u00e1s\u201d este \u201cnecesario plan\u201d para salir \u201cunidos\u201d de esta crisis sanitaria, social y econ\u00f3mica, y recuerda el \u201cnivel de consenso\u201d y la \u201ccapacidad de negociaci\u00f3n\u201d que ha existido en su elaboraci\u00f3n entre el Gobierno de Canarias, los diferentes partidos pol\u00edticos y los colectivos y sectores m\u00e1s importantes de las islas.<\/p>\n<p>Otra de las medidas socialistas incluidas en el Pacto de Reactivaci\u00f3n es la relacionada con el impulso del sector primario de las islas, poniendo el acento en el cooperativismo como f\u00f3rmula de fortalecimiento de las actuaciones en esta actividad.<\/p>\n<p>En el \u00e1mbito de la internacionalizaci\u00f3n, el documento tambi\u00e9n ha puesto en valor la contribuci\u00f3n a la diversificaci\u00f3n que podr\u00eda hacer el capital exterior atra\u00eddo por la Zona Especial Canaria (ZEC) como plantea el Grupo Parlamentario Socialista, as\u00ed como el refuerzo de los contenidos vinculados a la educaci\u00f3n y su necesario mantenimiento ante los nuevos retos, como prioridad estrat\u00e9gica sobre los servicios p\u00fablicos fundamentales.<\/p>\n<p>Asimismo, se pone en valor todos los aspectos vinculados a la sostenibilidad y el impulso de las actividades verdes, colocando como l\u00ednea estrat\u00e9gica a la Agenda Canaria para el Desarrollo Sostenible, \u201cpor lo que sus elementos pasan a adquirir no s\u00f3lo relevancia transversal en el resto de las actuaciones, sino que toman importancia por s\u00ed mismas\u201d.<\/p>\n<p><strong>Educaci\u00f3n de 0 a 3 a\u00f1os<\/strong><\/p>\n<p>Adem\u00e1s, en el documento se recoge de forma especial la formaci\u00f3n profesional, y se destaca el papel que puede adquirir en el proceso de recuperaci\u00f3n. Tambi\u00e9n se hace una especial menci\u00f3n en el \u00e1mbito de la educaci\u00f3n a la que se dirige a los ni\u00f1os y ni\u00f1as de 0 a 3 a\u00f1os.<\/p>\n<p>En referencia a las medidas planteadas por el PSOE sobre la sanidad p\u00fablica, se hace una menci\u00f3n expresa sobre la consolidaci\u00f3n y estabilizaci\u00f3n de las plantillas de profesionales sanitarios.<\/p>\n<p>El documento incluye tambi\u00e9n la especial situaci\u00f3n de vulnerabilidad en la que quedar\u00e1n los ni\u00f1os y ni\u00f1as de Canarias ante los efectos derivados de esta crisis social y econ\u00f3mica, y la necesidad de adoptar medidas para mejorar su situaci\u00f3n, tal y como se plantea desde el Grupo Parlamentario Socialista.<\/p>\n","protected":false},"excerpt":{"rendered":"<p>El Gobierno regional incorpora al documento las principales iniciativas del Grupo Parlamentario Socialista<\/p>\n","protected":false},"author":1,"featured_media":10020,"comment_status":"open","ping_status":"open","sticky":false,"template":"","format":"standard","meta":{"footnotes":""},"categories":[1185,7],"tags":[343,70],"class_list":["post-10019","post","type-post","status-publish","format-standard","has-post-thumbnail","hentry","category-grupo-parlamentario","category-politica","tag-nayra-aleman","tag-parlamento-de-canarias"],"featured_image_src":"https:\/\/psoecanarias.com\/web\/wp-content\/uploads\/2020\/05\/7e160ab8-4245-4048-84f1-bea60a915e5f.jpg","author_info":{"display_name":"PSOE Canarias","author_link":"https:\/\/psoecanarias.com\/web\/author\/admin\/"},"yoast_head":"<!-- This site is optimized with the Yoast SEO plugin v27.2 - https:\/\/yoast.com\/product\/yoast-seo-wordpress\/ -->\n<title>El Plan de Reactivaci\u00f3n de Canarias hace suyas las propuestas socialistas | PSOE Canarias<\/title>\n<meta name=\"robots\" content=\"index, follow, max-snippet:-1, max-image-preview:large, max-video-preview:-1\" \/>\n<link rel=\"canonical\" href=\"https:\/\/psoecanarias.com\/web\/el-plan-de-reactivacion-de-canarias-hace-suyas-las-propuestas-socialistas\/\" \/>\n<meta property=\"og:locale\" content=\"es_ES\" \/>\n<meta property=\"og:type\" content=\"article\" \/>\n<meta property=\"og:title\" content=\"El Plan de Reactivaci\u00f3n de Canarias hace suyas las propuestas socialistas | PSOE Canarias\" \/>\n<meta property=\"og:description\" content=\"El Gobierno regional incorpora al documento las principales iniciativas del Grupo Parlamentario Socialista\" \/>\n<meta property=\"og:url\" content=\"https:\/\/psoecanarias.com\/web\/el-plan-de-reactivacion-de-canarias-hace-suyas-las-propuestas-socialistas\/\" \/>\n<meta property=\"og:site_name\" content=\"PSOE Canarias\" \/>\n<meta property=\"article:published_time\" content=\"2020-05-26T12:54:36+00:00\" \/>\n<meta property=\"article:modified_time\" content=\"2020-06-02T09:35:44+00:00\" \/>\n<meta property=\"og:image\" content=\"https:\/\/psoecanarias.com\/web\/wp-content\/uploads\/2020\/05\/7e160ab8-4245-4048-84f1-bea60a915e5f.jpg\" \/>\n\t<meta property=\"og:image:width\" content=\"1126\" \/>\n\t<meta property=\"og:image:height\" content=\"750\" \/>\n\t<meta property=\"og:image:type\" content=\"image\/jpeg\" \/>\n<meta name=\"author\" content=\"PSOE Canarias\" \/>\n<meta name=\"twitter:card\" content=\"summary_large_image\" \/>\n<script type=\"application\/ld+json\" class=\"yoast-schema-graph\">{\"@context\":\"https:\/\/schema.org\",\"@graph\":[{\"@type\":\"Article\",\"@id\":\"https:\/\/psoecanarias.com\/web\/el-plan-de-reactivacion-de-canarias-hace-suyas-las-propuestas-socialistas\/#article\",\"isPartOf\":{\"@id\":\"https:\/\/psoecanarias.com\/web\/el-plan-de-reactivacion-de-canarias-hace-suyas-las-propuestas-socialistas\/\"},\"author\":{\"name\":\"PSOE Canarias\",\"@id\":\"https:\/\/psoecanarias.com\/web\/#\/schema\/person\/1ae43f9659d2fc599ca69c11e1dbf26f\"},\"headline\":\"El Plan de Reactivaci\u00f3n de Canarias hace suyas las propuestas socialistas\",\"datePublished\":\"2020-05-26T12:54:36+00:00\",\"dateModified\":\"2020-06-02T09:35:44+00:00\",\"mainEntityOfPage\":{\"@id\":\"https:\/\/psoecanarias.com\/web\/el-plan-de-reactivacion-de-canarias-hace-suyas-las-propuestas-socialistas\/\"},\"wordCount\":570,\"commentCount\":0,\"image\":{\"@id\":\"https:\/\/psoecanarias.com\/web\/el-plan-de-reactivacion-de-canarias-hace-suyas-las-propuestas-socialistas\/#primaryimage\"},\"thumbnailUrl\":\"https:\/\/psoecanarias.com\/web\/wp-content\/uploads\/2020\/05\/7e160ab8-4245-4048-84f1-bea60a915e5f.jpg\",\"keywords\":[\"Nayra Alem\u00e1n\",\"Parlamento de Canarias\"],\"articleSection\":[\"Grupo Parlamentario\",\"Pol\u00edtica\"],\"inLanguage\":\"es\",\"potentialAction\":[{\"@type\":\"CommentAction\",\"name\":\"Comment\",\"target\":[\"https:\/\/psoecanarias.com\/web\/el-plan-de-reactivacion-de-canarias-hace-suyas-las-propuestas-socialistas\/#respond\"]}]},{\"@type\":\"WebPage\",\"@id\":\"https:\/\/psoecanarias.com\/web\/el-plan-de-reactivacion-de-canarias-hace-suyas-las-propuestas-socialistas\/\",\"url\":\"https:\/\/psoecanarias.com\/web\/el-plan-de-reactivacion-de-canarias-hace-suyas-las-propuestas-socialistas\/\",\"name\":\"El Plan de Reactivaci\u00f3n de Canarias hace suyas las propuestas socialistas | PSOE Canarias\",\"isPartOf\":{\"@id\":\"https:\/\/psoecanarias.com\/web\/#website\"},\"primaryImageOfPage\":{\"@id\":\"https:\/\/psoecanarias.com\/web\/el-plan-de-reactivacion-de-canarias-hace-suyas-las-propuestas-socialistas\/#primaryimage\"},\"image\":{\"@id\":\"https:\/\/psoecanarias.com\/web\/el-plan-de-reactivacion-de-canarias-hace-suyas-las-propuestas-socialistas\/#primaryimage\"},\"thumbnailUrl\":\"https:\/\/psoecanarias.com\/web\/wp-content\/uploads\/2020\/05\/7e160ab8-4245-4048-84f1-bea60a915e5f.jpg\",\"datePublished\":\"2020-05-26T12:54:36+00:00\",\"dateModified\":\"2020-06-02T09:35:44+00:00\",\"author\":{\"@id\":\"https:\/\/psoecanarias.com\/web\/#\/schema\/person\/1ae43f9659d2fc599ca69c11e1dbf26f\"},\"breadcrumb\":{\"@id\":\"https:\/\/psoecanarias.com\/web\/el-plan-de-reactivacion-de-canarias-hace-suyas-las-propuestas-socialistas\/#breadcrumb\"},\"inLanguage\":\"es\",\"potentialAction\":[{\"@type\":\"ReadAction\",\"target\":[\"https:\/\/psoecanarias.com\/web\/el-plan-de-reactivacion-de-canarias-hace-suyas-las-propuestas-socialistas\/\"]}]},{\"@type\":\"ImageObject\",\"inLanguage\":\"es\",\"@id\":\"https:\/\/psoecanarias.com\/web\/el-plan-de-reactivacion-de-canarias-hace-suyas-las-propuestas-socialistas\/#primaryimage\",\"url\":\"https:\/\/psoecanarias.com\/web\/wp-content\/uploads\/2020\/05\/7e160ab8-4245-4048-84f1-bea60a915e5f.jpg\",\"contentUrl\":\"https:\/\/psoecanarias.com\/web\/wp-content\/uploads\/2020\/05\/7e160ab8-4245-4048-84f1-bea60a915e5f.jpg\",\"width\":1126,\"height\":750},{\"@type\":\"BreadcrumbList\",\"@id\":\"https:\/\/psoecanarias.com\/web\/el-plan-de-reactivacion-de-canarias-hace-suyas-las-propuestas-socialistas\/#breadcrumb\",\"itemListElement\":[{\"@type\":\"ListItem\",\"position\":1,\"name\":\"Portada\",\"item\":\"https:\/\/psoecanarias.com\/web\/\"},{\"@type\":\"ListItem\",\"position\":2,\"name\":\"El Plan de Reactivaci\u00f3n de Canarias hace suyas las propuestas socialistas\"}]},{\"@type\":\"WebSite\",\"@id\":\"https:\/\/psoecanarias.com\/web\/#website\",\"url\":\"https:\/\/psoecanarias.com\/web\/\",\"name\":\"PSOE Canarias\",\"description\":\"Partido Socialista Obrero Espa\u00f1ol Canarias\",\"potentialAction\":[{\"@type\":\"SearchAction\",\"target\":{\"@type\":\"EntryPoint\",\"urlTemplate\":\"https:\/\/psoecanarias.com\/web\/?s={search_term_string}\"},\"query-input\":{\"@type\":\"PropertyValueSpecification\",\"valueRequired\":true,\"valueName\":\"search_term_string\"}}],\"inLanguage\":\"es\"},{\"@type\":\"Person\",\"@id\":\"https:\/\/psoecanarias.com\/web\/#\/schema\/person\/1ae43f9659d2fc599ca69c11e1dbf26f\",\"name\":\"PSOE Canarias\",\"image\":{\"@type\":\"ImageObject\",\"inLanguage\":\"es\",\"@id\":\"https:\/\/secure.gravatar.com\/avatar\/4364d37f6f6f9cdb7af199b46151565f37d8a8c3c0e04c1d78c04e857a15e3a8?s=96&d=mm&r=g\",\"url\":\"https:\/\/secure.gravatar.com\/avatar\/4364d37f6f6f9cdb7af199b46151565f37d8a8c3c0e04c1d78c04e857a15e3a8?s=96&d=mm&r=g\",\"contentUrl\":\"https:\/\/secure.gravatar.com\/avatar\/4364d37f6f6f9cdb7af199b46151565f37d8a8c3c0e04c1d78c04e857a15e3a8?s=96&d=mm&r=g\",\"caption\":\"PSOE Canarias\"},\"url\":\"https:\/\/psoecanarias.com\/web\/author\/admin\/\"}]}<\/script>\n<!-- \/ Yoast SEO plugin. -->","yoast_head_json":{"title":"El Plan de Reactivaci\u00f3n de Canarias hace suyas las propuestas socialistas | PSOE Canarias","robots":{"index":"index","follow":"follow","max-snippet":"max-snippet:-1","max-image-preview":"max-image-preview:large","max-video-preview":"max-video-preview:-1"},"canonical":"https:\/\/psoecanarias.com\/web\/el-plan-de-reactivacion-de-canarias-hace-suyas-las-propuestas-socialistas\/","og_locale":"es_ES","og_type":"article","og_title":"El Plan de Reactivaci\u00f3n de Canarias hace suyas las propuestas socialistas | PSOE Canarias","og_description":"El Gobierno regional incorpora al documento las principales iniciativas del Grupo Parlamentario Socialista","og_url":"https:\/\/psoecanarias.com\/web\/el-plan-de-reactivacion-de-canarias-hace-suyas-las-propuestas-socialistas\/","og_site_name":"PSOE Canarias","article_published_time":"2020-05-26T12:54:36+00:00","article_modified_time":"2020-06-02T09:35:44+00:00","og_image":[{"width":1126,"height":750,"url":"https:\/\/psoecanarias.com\/web\/wp-content\/uploads\/2020\/05\/7e160ab8-4245-4048-84f1-bea60a915e5f.jpg","type":"image\/jpeg"}],"author":"PSOE Canarias","twitter_card":"summary_large_image","schema":{"@context":"https:\/\/schema.org","@graph":[{"@type":"Article","@id":"https:\/\/psoecanarias.com\/web\/el-plan-de-reactivacion-de-canarias-hace-suyas-las-propuestas-socialistas\/#article","isPartOf":{"@id":"https:\/\/psoecanarias.com\/web\/el-plan-de-reactivacion-de-canarias-hace-suyas-las-propuestas-socialistas\/"},"author":{"name":"PSOE Canarias","@id":"https:\/\/psoecanarias.com\/web\/#\/schema\/person\/1ae43f9659d2fc599ca69c11e1dbf26f"},"headline":"El Plan de Reactivaci\u00f3n de Canarias hace suyas las propuestas socialistas","datePublished":"2020-05-26T12:54:36+00:00","dateModified":"2020-06-02T09:35:44+00:00","mainEntityOfPage":{"@id":"https:\/\/psoecanarias.com\/web\/el-plan-de-reactivacion-de-canarias-hace-suyas-las-propuestas-socialistas\/"},"wordCount":570,"commentCount":0,"image":{"@id":"https:\/\/psoecanarias.com\/web\/el-plan-de-reactivacion-de-canarias-hace-suyas-las-propuestas-socialistas\/#primaryimage"},"thumbnailUrl":"https:\/\/psoecanarias.com\/web\/wp-content\/uploads\/2020\/05\/7e160ab8-4245-4048-84f1-bea60a915e5f.jpg","keywords":["Nayra Alem\u00e1n","Parlamento de Canarias"],"articleSection":["Grupo Parlamentario","Pol\u00edtica"],"inLanguage":"es","potentialAction":[{"@type":"CommentAction","name":"Comment","target":["https:\/\/psoecanarias.com\/web\/el-plan-de-reactivacion-de-canarias-hace-suyas-las-propuestas-socialistas\/#respond"]}]},{"@type":"WebPage","@id":"https:\/\/psoecanarias.com\/web\/el-plan-de-reactivacion-de-canarias-hace-suyas-las-propuestas-socialistas\/","url":"https:\/\/psoecanarias.com\/web\/el-plan-de-reactivacion-de-canarias-hace-suyas-las-propuestas-socialistas\/","name":"El Plan de Reactivaci\u00f3n de Canarias hace suyas las propuestas socialistas | PSOE Canarias","isPartOf":{"@id":"https:\/\/psoecanarias.com\/web\/#website"},"primaryImageOfPage":{"@id":"https:\/\/psoecanarias.com\/web\/el-plan-de-reactivacion-de-canarias-hace-suyas-las-propuestas-socialistas\/#primaryimage"},"image":{"@id":"https:\/\/psoecanarias.com\/web\/el-plan-de-reactivacion-de-canarias-hace-suyas-las-propuestas-socialistas\/#primaryimage"},"thumbnailUrl":"https:\/\/psoecanarias.com\/web\/wp-content\/uploads\/2020\/05\/7e160ab8-4245-4048-84f1-bea60a915e5f.jpg","datePublished":"2020-05-26T12:54:36+00:00","dateModified":"2020-06-02T09:35:44+00:00","author":{"@id":"https:\/\/psoecanarias.com\/web\/#\/schema\/person\/1ae43f9659d2fc599ca69c11e1dbf26f"},"breadcrumb":{"@id":"https:\/\/psoecanarias.com\/web\/el-plan-de-reactivacion-de-canarias-hace-suyas-las-propuestas-socialistas\/#breadcrumb"},"inLanguage":"es","potentialAction":[{"@type":"ReadAction","target":["https:\/\/psoecanarias.com\/web\/el-plan-de-reactivacion-de-canarias-hace-suyas-las-propuestas-socialistas\/"]}]},{"@type":"ImageObject","inLanguage":"es","@id":"https:\/\/psoecanarias.com\/web\/el-plan-de-reactivacion-de-canarias-hace-suyas-las-propuestas-socialistas\/#primaryimage","url":"https:\/\/psoecanarias.com\/web\/wp-content\/uploads\/2020\/05\/7e160ab8-4245-4048-84f1-bea60a915e5f.jpg","contentUrl":"https:\/\/psoecanarias.com\/web\/wp-content\/uploads\/2020\/05\/7e160ab8-4245-4048-84f1-bea60a915e5f.jpg","width":1126,"height":750},{"@type":"BreadcrumbList","@id":"https:\/\/psoecanarias.com\/web\/el-plan-de-reactivacion-de-canarias-hace-suyas-las-propuestas-socialistas\/#breadcrumb","itemListElement":[{"@type":"ListItem","position":1,"name":"Portada","item":"https:\/\/psoecanarias.com\/web\/"},{"@type":"ListItem","position":2,"name":"El Plan de Reactivaci\u00f3n de Canarias hace suyas las propuestas socialistas"}]},{"@type":"WebSite","@id":"https:\/\/psoecanarias.com\/web\/#website","url":"https:\/\/psoecanarias.com\/web\/","name":"PSOE Canarias","description":"Partido Socialista Obrero Espa\u00f1ol Canarias","potentialAction":[{"@type":"SearchAction","target":{"@type":"EntryPoint","urlTemplate":"https:\/\/psoecanarias.com\/web\/?s={search_term_string}"},"query-input":{"@type":"PropertyValueSpecification","valueRequired":true,"valueName":"search_term_string"}}],"inLanguage":"es"},{"@type":"Person","@id":"https:\/\/psoecanarias.com\/web\/#\/schema\/person\/1ae43f9659d2fc599ca69c11e1dbf26f","name":"PSOE Canarias","image":{"@type":"ImageObject","inLanguage":"es","@id":"https:\/\/secure.gravatar.com\/avatar\/4364d37f6f6f9cdb7af199b46151565f37d8a8c3c0e04c1d78c04e857a15e3a8?s=96&d=mm&r=g","url":"https:\/\/secure.gravatar.com\/avatar\/4364d37f6f6f9cdb7af199b46151565f37d8a8c3c0e04c1d78c04e857a15e3a8?s=96&d=mm&r=g","contentUrl":"https:\/\/secure.gravatar.com\/avatar\/4364d37f6f6f9cdb7af199b46151565f37d8a8c3c0e04c1d78c04e857a15e3a8?s=96&d=mm&r=g","caption":"PSOE Canarias"},"url":"https:\/\/psoecanarias.com\/web\/author\/admin\/"}]}},"_links":{"self":[{"href":"https:\/\/psoecanarias.com\/web\/wp-json\/wp\/v2\/posts\/10019","targetHints":{"allow":["GET"]}}],"collection":[{"href":"https:\/\/psoecanarias.com\/web\/wp-json\/wp\/v2\/posts"}],"about":[{"href":"https:\/\/psoecanarias.com\/web\/wp-json\/wp\/v2\/types\/post"}],"author":[{"embeddable":true,"href":"https:\/\/psoecanarias.com\/web\/wp-json\/wp\/v2\/users\/1"}],"replies":[{"embeddable":true,"href":"https:\/\/psoecanarias.com\/web\/wp-json\/wp\/v2\/comments?post=10019"}],"version-history":[{"count":2,"href":"https:\/\/psoecanarias.com\/web\/wp-json\/wp\/v2\/posts\/10019\/revisions"}],"predecessor-version":[{"id":10022,"href":"https:\/\/psoecanarias.com\/web\/wp-json\/wp\/v2\/posts\/10019\/revisions\/10022"}],"wp:featuredmedia":[{"embeddable":true,"href":"https:\/\/psoecanarias.com\/web\/wp-json\/wp\/v2\/media\/10020"}],"wp:attachment":[{"href":"https:\/\/psoecanarias.com\/web\/wp-json\/wp\/v2\/media?parent=10019"}],"wp:term":[{"taxonomy":"category","embeddable":true,"href":"https:\/\/psoecanarias.com\/web\/wp-json\/wp\/v2\/categories?post=10019"},{"taxonomy":"post_tag","embeddable":true,"href":"https:\/\/psoecanarias.com\/web\/wp-json\/wp\/v2\/tags?post=10019"}],"curies":[{"name":"wp","href":"https:\/\/api.w.org\/{rel}","templated":true}]}}