{"id":1003,"date":"2015-05-02T10:18:12","date_gmt":"2015-05-02T09:18:12","guid":{"rendered":"http:\/\/psoecanarias.com\/web\/?p=1003"},"modified":"2015-05-13T11:41:27","modified_gmt":"2015-05-13T10:41:27","slug":"un-empleo-de-calidad-y-una-sanidad-digna-sin-tener-que-salir-de-tu-isla","status":"publish","type":"post","link":"https:\/\/psoecanarias.com\/web\/un-empleo-de-calidad-y-una-sanidad-digna-sin-tener-que-salir-de-tu-isla\/","title":{"rendered":"Un empleo de calidad y una sanidad digna sin tener que salir de tu isla"},"content":{"rendered":"<p>La candidata del PSOE de Canarias a la Presidencia del Gobierno regional, Patricia Hern\u00e1ndez, asegura\u00a0que su prioridad es &#8220;que las herre\u00f1as y los herre\u00f1os no se sientan discriminados, que no se tengan que ir de la isla para tener que trabajar, que no tengan que desplazarse para tener unos servicios sanitarios dignos que sean una garant\u00eda ante la enfermedad\u201d. \u201cSe acab\u00f3 hablar mucho y hacer poco, como hacen otros, voy a hablar menos de El Hierro y a hacer m\u00e1s por El Hierro\u201d,\u00a0apunta.<\/p>\n<p>As\u00ed lo afirm\u00f3 antes de la\u00a0presentaci\u00f3n de las candidaturas del PSOE en El Hierro, un acto en el que Patricia Hern\u00e1ndez garantiz\u00f3 que los herre\u00f1os \u201ctendr\u00e1n asegurados\u00a0sus derechos de ciudadan\u00eda y el Estado del Bienestar no se resentir\u00e1 por vivir en una isla no capitalina\u201d.<\/p>\n<p>Para Hern\u00e1ndez, \u201cla prioridad es que la gente, viva donde viva, se sienta en el centro de la pol\u00edtica y que las personas pasen a ser el centro de la vida p\u00fablica, que su vida se refleje en las medidas de su gobierno\u201d.<\/p>\n<blockquote><p>&#8220;El Hierro, como referente mundial de las energ\u00edas limpias, ser\u00e1\u00a0protagonista de los avances que queremos para Canarias en renovables&#8221;<\/p><\/blockquote>\n<p>Por ello, dijo que aprobar\u00e1\u00a0&#8220;planes de empleo para El Hierro&#8221; y que dotar\u00e1\u00a0&#8220;de medios t\u00e9cnicos y humanos adecuados a los centros de salud y los servicios de urgencias\u201d.<\/p>\n<p>Poniendo como ejemplo Gorona del Viento, dijo que quiere que El Hierro, como referente mundial de las energ\u00edas renovables, \u201csea protagonista de los avances que queremos para Canarias&#8221; en esta materia.<\/p>\n<p>En el 136 aniversario de la fundaci\u00f3n del PSOE, la candidata agradeci\u00f3 a los militantes y simpatizantes su trabajo por conseguir \u201chacer posible lo que otros consideraban imposible, la universalizaci\u00f3n de las pensiones, la educaci\u00f3n para todos y todas, las becas, la sanidad p\u00fablica universal y gratuita, la ley de dependencia\u201d. \u201cY lo hicimos frente a un PP que ya se opuso a todo ello cuando se implant\u00f3 y que ahora utiliza la crisis como una excusa para desmantelar un Estado de Bienestar que no les gusta ni les ha gustado nunca, porque no les gusta la igualdad de oportunidades\u201d, insisti\u00f3.<\/p>\n<p>&nbsp;<\/p>\n","protected":false},"excerpt":{"rendered":"<p>Patricia Hern\u00e1ndez garantiza que los herre\u00f1os \u201ctendr\u00e1n asegurados sus derechos de ciudadan\u00eda y el Estado del Bienestar no se resentir\u00e1 por vivir en una isla no capitalina\u201d.<\/p>\n","protected":false},"author":1,"featured_media":1005,"comment_status":"open","ping_status":"open","sticky":false,"template":"","format":"standard","meta":{"footnotes":""},"categories":[7],"tags":[111,11,12,109,54,29,44,9,24,35],"class_list":["post-1003","post","type-post","status-publish","format-standard","has-post-thumbnail","hentry","category-politica","tag-alpidio-armas","tag-canarias","tag-candidata","tag-el-hierro","tag-elecciones","tag-empleo","tag-gobierno-de-canarias","tag-patricia-hernandez","tag-psoe-de-canarias","tag-sanidad"],"featured_image_src":"https:\/\/psoecanarias.com\/web\/wp-content\/uploads\/2015\/05\/PHG-El-Hierro.jpg","author_info":{"display_name":"PSOE Canarias","author_link":"https:\/\/psoecanarias.com\/web\/author\/admin\/"},"yoast_head":"<!-- This site is optimized with the Yoast SEO plugin v27.2 - https:\/\/yoast.com\/product\/yoast-seo-wordpress\/ -->\n<title>Empleo de calidad y sanidad digna<\/title>\n<meta name=\"description\" content=\"Patricia Hern\u00e1ndez: Ning\u00fan canario o canaria tendr\u00e1 que dejar su isla para tener un empleo de calidad o una sanidad digna\" \/>\n<meta name=\"robots\" content=\"index, follow, max-snippet:-1, max-image-preview:large, max-video-preview:-1\" \/>\n<link rel=\"canonical\" href=\"https:\/\/psoecanarias.com\/web\/un-empleo-de-calidad-y-una-sanidad-digna-sin-tener-que-salir-de-tu-isla\/\" \/>\n<meta property=\"og:locale\" content=\"es_ES\" \/>\n<meta property=\"og:type\" content=\"article\" \/>\n<meta property=\"og:title\" content=\"Empleo de calidad y sanidad digna\" \/>\n<meta property=\"og:description\" content=\"Patricia Hern\u00e1ndez: Ning\u00fan canario o canaria tendr\u00e1 que dejar su isla para tener un empleo de calidad o una sanidad digna\" \/>\n<meta property=\"og:url\" content=\"https:\/\/psoecanarias.com\/web\/un-empleo-de-calidad-y-una-sanidad-digna-sin-tener-que-salir-de-tu-isla\/\" \/>\n<meta property=\"og:site_name\" content=\"PSOE Canarias\" \/>\n<meta property=\"article:published_time\" content=\"2015-05-02T09:18:12+00:00\" \/>\n<meta property=\"article:modified_time\" content=\"2015-05-13T10:41:27+00:00\" \/>\n<meta property=\"og:image\" content=\"https:\/\/psoecanarias.com\/web\/wp-content\/uploads\/2015\/05\/PHG-El-Hierro.jpg\" \/>\n\t<meta property=\"og:image:width\" content=\"800\" \/>\n\t<meta property=\"og:image:height\" content=\"1151\" \/>\n\t<meta property=\"og:image:type\" content=\"image\/jpeg\" \/>\n<meta name=\"author\" content=\"PSOE Canarias\" \/>\n<meta name=\"twitter:card\" content=\"summary_large_image\" \/>\n<script type=\"application\/ld+json\" class=\"yoast-schema-graph\">{\"@context\":\"https:\/\/schema.org\",\"@graph\":[{\"@type\":\"Article\",\"@id\":\"https:\/\/psoecanarias.com\/web\/un-empleo-de-calidad-y-una-sanidad-digna-sin-tener-que-salir-de-tu-isla\/#article\",\"isPartOf\":{\"@id\":\"https:\/\/psoecanarias.com\/web\/un-empleo-de-calidad-y-una-sanidad-digna-sin-tener-que-salir-de-tu-isla\/\"},\"author\":{\"name\":\"PSOE Canarias\",\"@id\":\"https:\/\/psoecanarias.com\/web\/#\/schema\/person\/1ae43f9659d2fc599ca69c11e1dbf26f\"},\"headline\":\"Un empleo de calidad y una sanidad digna sin tener que salir de tu isla\",\"datePublished\":\"2015-05-02T09:18:12+00:00\",\"dateModified\":\"2015-05-13T10:41:27+00:00\",\"mainEntityOfPage\":{\"@id\":\"https:\/\/psoecanarias.com\/web\/un-empleo-de-calidad-y-una-sanidad-digna-sin-tener-que-salir-de-tu-isla\/\"},\"wordCount\":392,\"commentCount\":0,\"image\":{\"@id\":\"https:\/\/psoecanarias.com\/web\/un-empleo-de-calidad-y-una-sanidad-digna-sin-tener-que-salir-de-tu-isla\/#primaryimage\"},\"thumbnailUrl\":\"https:\/\/psoecanarias.com\/web\/wp-content\/uploads\/2015\/05\/PHG-El-Hierro.jpg\",\"keywords\":[\"Alpidio Armas\",\"Canarias\",\"candidata\",\"El HIerro\",\"elecciones\",\"empleo\",\"Gobierno de Canarias\",\"Patricia Hern\u00e1ndez\",\"PSOE de Canarias\",\"sanidad\"],\"articleSection\":[\"Pol\u00edtica\"],\"inLanguage\":\"es\",\"potentialAction\":[{\"@type\":\"CommentAction\",\"name\":\"Comment\",\"target\":[\"https:\/\/psoecanarias.com\/web\/un-empleo-de-calidad-y-una-sanidad-digna-sin-tener-que-salir-de-tu-isla\/#respond\"]}]},{\"@type\":\"WebPage\",\"@id\":\"https:\/\/psoecanarias.com\/web\/un-empleo-de-calidad-y-una-sanidad-digna-sin-tener-que-salir-de-tu-isla\/\",\"url\":\"https:\/\/psoecanarias.com\/web\/un-empleo-de-calidad-y-una-sanidad-digna-sin-tener-que-salir-de-tu-isla\/\",\"name\":\"Empleo de calidad y sanidad digna\",\"isPartOf\":{\"@id\":\"https:\/\/psoecanarias.com\/web\/#website\"},\"primaryImageOfPage\":{\"@id\":\"https:\/\/psoecanarias.com\/web\/un-empleo-de-calidad-y-una-sanidad-digna-sin-tener-que-salir-de-tu-isla\/#primaryimage\"},\"image\":{\"@id\":\"https:\/\/psoecanarias.com\/web\/un-empleo-de-calidad-y-una-sanidad-digna-sin-tener-que-salir-de-tu-isla\/#primaryimage\"},\"thumbnailUrl\":\"https:\/\/psoecanarias.com\/web\/wp-content\/uploads\/2015\/05\/PHG-El-Hierro.jpg\",\"datePublished\":\"2015-05-02T09:18:12+00:00\",\"dateModified\":\"2015-05-13T10:41:27+00:00\",\"author\":{\"@id\":\"https:\/\/psoecanarias.com\/web\/#\/schema\/person\/1ae43f9659d2fc599ca69c11e1dbf26f\"},\"description\":\"Patricia Hern\u00e1ndez: Ning\u00fan canario o canaria tendr\u00e1 que dejar su isla para tener un empleo de calidad o una sanidad digna\",\"breadcrumb\":{\"@id\":\"https:\/\/psoecanarias.com\/web\/un-empleo-de-calidad-y-una-sanidad-digna-sin-tener-que-salir-de-tu-isla\/#breadcrumb\"},\"inLanguage\":\"es\",\"potentialAction\":[{\"@type\":\"ReadAction\",\"target\":[\"https:\/\/psoecanarias.com\/web\/un-empleo-de-calidad-y-una-sanidad-digna-sin-tener-que-salir-de-tu-isla\/\"]}]},{\"@type\":\"ImageObject\",\"inLanguage\":\"es\",\"@id\":\"https:\/\/psoecanarias.com\/web\/un-empleo-de-calidad-y-una-sanidad-digna-sin-tener-que-salir-de-tu-isla\/#primaryimage\",\"url\":\"https:\/\/psoecanarias.com\/web\/wp-content\/uploads\/2015\/05\/PHG-El-Hierro.jpg\",\"contentUrl\":\"https:\/\/psoecanarias.com\/web\/wp-content\/uploads\/2015\/05\/PHG-El-Hierro.jpg\",\"width\":800,\"height\":1151,\"caption\":\"Patricia Hern\u00e1ndez en El Hierro\"},{\"@type\":\"BreadcrumbList\",\"@id\":\"https:\/\/psoecanarias.com\/web\/un-empleo-de-calidad-y-una-sanidad-digna-sin-tener-que-salir-de-tu-isla\/#breadcrumb\",\"itemListElement\":[{\"@type\":\"ListItem\",\"position\":1,\"name\":\"Portada\",\"item\":\"https:\/\/psoecanarias.com\/web\/\"},{\"@type\":\"ListItem\",\"position\":2,\"name\":\"Un empleo de calidad y una sanidad digna sin tener que salir de tu isla\"}]},{\"@type\":\"WebSite\",\"@id\":\"https:\/\/psoecanarias.com\/web\/#website\",\"url\":\"https:\/\/psoecanarias.com\/web\/\",\"name\":\"PSOE Canarias\",\"description\":\"Partido Socialista Obrero Espa\u00f1ol Canarias\",\"potentialAction\":[{\"@type\":\"SearchAction\",\"target\":{\"@type\":\"EntryPoint\",\"urlTemplate\":\"https:\/\/psoecanarias.com\/web\/?s={search_term_string}\"},\"query-input\":{\"@type\":\"PropertyValueSpecification\",\"valueRequired\":true,\"valueName\":\"search_term_string\"}}],\"inLanguage\":\"es\"},{\"@type\":\"Person\",\"@id\":\"https:\/\/psoecanarias.com\/web\/#\/schema\/person\/1ae43f9659d2fc599ca69c11e1dbf26f\",\"name\":\"PSOE Canarias\",\"image\":{\"@type\":\"ImageObject\",\"inLanguage\":\"es\",\"@id\":\"https:\/\/secure.gravatar.com\/avatar\/4364d37f6f6f9cdb7af199b46151565f37d8a8c3c0e04c1d78c04e857a15e3a8?s=96&d=mm&r=g\",\"url\":\"https:\/\/secure.gravatar.com\/avatar\/4364d37f6f6f9cdb7af199b46151565f37d8a8c3c0e04c1d78c04e857a15e3a8?s=96&d=mm&r=g\",\"contentUrl\":\"https:\/\/secure.gravatar.com\/avatar\/4364d37f6f6f9cdb7af199b46151565f37d8a8c3c0e04c1d78c04e857a15e3a8?s=96&d=mm&r=g\",\"caption\":\"PSOE Canarias\"},\"url\":\"https:\/\/psoecanarias.com\/web\/author\/admin\/\"}]}<\/script>\n<!-- \/ Yoast SEO plugin. -->","yoast_head_json":{"title":"Empleo de calidad y sanidad digna","description":"Patricia Hern\u00e1ndez: Ning\u00fan canario o canaria tendr\u00e1 que dejar su isla para tener un empleo de calidad o una sanidad digna","robots":{"index":"index","follow":"follow","max-snippet":"max-snippet:-1","max-image-preview":"max-image-preview:large","max-video-preview":"max-video-preview:-1"},"canonical":"https:\/\/psoecanarias.com\/web\/un-empleo-de-calidad-y-una-sanidad-digna-sin-tener-que-salir-de-tu-isla\/","og_locale":"es_ES","og_type":"article","og_title":"Empleo de calidad y sanidad digna","og_description":"Patricia Hern\u00e1ndez: Ning\u00fan canario o canaria tendr\u00e1 que dejar su isla para tener un empleo de calidad o una sanidad digna","og_url":"https:\/\/psoecanarias.com\/web\/un-empleo-de-calidad-y-una-sanidad-digna-sin-tener-que-salir-de-tu-isla\/","og_site_name":"PSOE Canarias","article_published_time":"2015-05-02T09:18:12+00:00","article_modified_time":"2015-05-13T10:41:27+00:00","og_image":[{"width":800,"height":1151,"url":"https:\/\/psoecanarias.com\/web\/wp-content\/uploads\/2015\/05\/PHG-El-Hierro.jpg","type":"image\/jpeg"}],"author":"PSOE Canarias","twitter_card":"summary_large_image","schema":{"@context":"https:\/\/schema.org","@graph":[{"@type":"Article","@id":"https:\/\/psoecanarias.com\/web\/un-empleo-de-calidad-y-una-sanidad-digna-sin-tener-que-salir-de-tu-isla\/#article","isPartOf":{"@id":"https:\/\/psoecanarias.com\/web\/un-empleo-de-calidad-y-una-sanidad-digna-sin-tener-que-salir-de-tu-isla\/"},"author":{"name":"PSOE Canarias","@id":"https:\/\/psoecanarias.com\/web\/#\/schema\/person\/1ae43f9659d2fc599ca69c11e1dbf26f"},"headline":"Un empleo de calidad y una sanidad digna sin tener que salir de tu isla","datePublished":"2015-05-02T09:18:12+00:00","dateModified":"2015-05-13T10:41:27+00:00","mainEntityOfPage":{"@id":"https:\/\/psoecanarias.com\/web\/un-empleo-de-calidad-y-una-sanidad-digna-sin-tener-que-salir-de-tu-isla\/"},"wordCount":392,"commentCount":0,"image":{"@id":"https:\/\/psoecanarias.com\/web\/un-empleo-de-calidad-y-una-sanidad-digna-sin-tener-que-salir-de-tu-isla\/#primaryimage"},"thumbnailUrl":"https:\/\/psoecanarias.com\/web\/wp-content\/uploads\/2015\/05\/PHG-El-Hierro.jpg","keywords":["Alpidio Armas","Canarias","candidata","El HIerro","elecciones","empleo","Gobierno de Canarias","Patricia Hern\u00e1ndez","PSOE de Canarias","sanidad"],"articleSection":["Pol\u00edtica"],"inLanguage":"es","potentialAction":[{"@type":"CommentAction","name":"Comment","target":["https:\/\/psoecanarias.com\/web\/un-empleo-de-calidad-y-una-sanidad-digna-sin-tener-que-salir-de-tu-isla\/#respond"]}]},{"@type":"WebPage","@id":"https:\/\/psoecanarias.com\/web\/un-empleo-de-calidad-y-una-sanidad-digna-sin-tener-que-salir-de-tu-isla\/","url":"https:\/\/psoecanarias.com\/web\/un-empleo-de-calidad-y-una-sanidad-digna-sin-tener-que-salir-de-tu-isla\/","name":"Empleo de calidad y sanidad digna","isPartOf":{"@id":"https:\/\/psoecanarias.com\/web\/#website"},"primaryImageOfPage":{"@id":"https:\/\/psoecanarias.com\/web\/un-empleo-de-calidad-y-una-sanidad-digna-sin-tener-que-salir-de-tu-isla\/#primaryimage"},"image":{"@id":"https:\/\/psoecanarias.com\/web\/un-empleo-de-calidad-y-una-sanidad-digna-sin-tener-que-salir-de-tu-isla\/#primaryimage"},"thumbnailUrl":"https:\/\/psoecanarias.com\/web\/wp-content\/uploads\/2015\/05\/PHG-El-Hierro.jpg","datePublished":"2015-05-02T09:18:12+00:00","dateModified":"2015-05-13T10:41:27+00:00","author":{"@id":"https:\/\/psoecanarias.com\/web\/#\/schema\/person\/1ae43f9659d2fc599ca69c11e1dbf26f"},"description":"Patricia Hern\u00e1ndez: Ning\u00fan canario o canaria tendr\u00e1 que dejar su isla para tener un empleo de calidad o una sanidad digna","breadcrumb":{"@id":"https:\/\/psoecanarias.com\/web\/un-empleo-de-calidad-y-una-sanidad-digna-sin-tener-que-salir-de-tu-isla\/#breadcrumb"},"inLanguage":"es","potentialAction":[{"@type":"ReadAction","target":["https:\/\/psoecanarias.com\/web\/un-empleo-de-calidad-y-una-sanidad-digna-sin-tener-que-salir-de-tu-isla\/"]}]},{"@type":"ImageObject","inLanguage":"es","@id":"https:\/\/psoecanarias.com\/web\/un-empleo-de-calidad-y-una-sanidad-digna-sin-tener-que-salir-de-tu-isla\/#primaryimage","url":"https:\/\/psoecanarias.com\/web\/wp-content\/uploads\/2015\/05\/PHG-El-Hierro.jpg","contentUrl":"https:\/\/psoecanarias.com\/web\/wp-content\/uploads\/2015\/05\/PHG-El-Hierro.jpg","width":800,"height":1151,"caption":"Patricia Hern\u00e1ndez en El Hierro"},{"@type":"BreadcrumbList","@id":"https:\/\/psoecanarias.com\/web\/un-empleo-de-calidad-y-una-sanidad-digna-sin-tener-que-salir-de-tu-isla\/#breadcrumb","itemListElement":[{"@type":"ListItem","position":1,"name":"Portada","item":"https:\/\/psoecanarias.com\/web\/"},{"@type":"ListItem","position":2,"name":"Un empleo de calidad y una sanidad digna sin tener que salir de tu isla"}]},{"@type":"WebSite","@id":"https:\/\/psoecanarias.com\/web\/#website","url":"https:\/\/psoecanarias.com\/web\/","name":"PSOE Canarias","description":"Partido Socialista Obrero Espa\u00f1ol Canarias","potentialAction":[{"@type":"SearchAction","target":{"@type":"EntryPoint","urlTemplate":"https:\/\/psoecanarias.com\/web\/?s={search_term_string}"},"query-input":{"@type":"PropertyValueSpecification","valueRequired":true,"valueName":"search_term_string"}}],"inLanguage":"es"},{"@type":"Person","@id":"https:\/\/psoecanarias.com\/web\/#\/schema\/person\/1ae43f9659d2fc599ca69c11e1dbf26f","name":"PSOE Canarias","image":{"@type":"ImageObject","inLanguage":"es","@id":"https:\/\/secure.gravatar.com\/avatar\/4364d37f6f6f9cdb7af199b46151565f37d8a8c3c0e04c1d78c04e857a15e3a8?s=96&d=mm&r=g","url":"https:\/\/secure.gravatar.com\/avatar\/4364d37f6f6f9cdb7af199b46151565f37d8a8c3c0e04c1d78c04e857a15e3a8?s=96&d=mm&r=g","contentUrl":"https:\/\/secure.gravatar.com\/avatar\/4364d37f6f6f9cdb7af199b46151565f37d8a8c3c0e04c1d78c04e857a15e3a8?s=96&d=mm&r=g","caption":"PSOE Canarias"},"url":"https:\/\/psoecanarias.com\/web\/author\/admin\/"}]}},"_links":{"self":[{"href":"https:\/\/psoecanarias.com\/web\/wp-json\/wp\/v2\/posts\/1003","targetHints":{"allow":["GET"]}}],"collection":[{"href":"https:\/\/psoecanarias.com\/web\/wp-json\/wp\/v2\/posts"}],"about":[{"href":"https:\/\/psoecanarias.com\/web\/wp-json\/wp\/v2\/types\/post"}],"author":[{"embeddable":true,"href":"https:\/\/psoecanarias.com\/web\/wp-json\/wp\/v2\/users\/1"}],"replies":[{"embeddable":true,"href":"https:\/\/psoecanarias.com\/web\/wp-json\/wp\/v2\/comments?post=1003"}],"version-history":[{"count":1,"href":"https:\/\/psoecanarias.com\/web\/wp-json\/wp\/v2\/posts\/1003\/revisions"}],"predecessor-version":[{"id":1004,"href":"https:\/\/psoecanarias.com\/web\/wp-json\/wp\/v2\/posts\/1003\/revisions\/1004"}],"wp:featuredmedia":[{"embeddable":true,"href":"https:\/\/psoecanarias.com\/web\/wp-json\/wp\/v2\/media\/1005"}],"wp:attachment":[{"href":"https:\/\/psoecanarias.com\/web\/wp-json\/wp\/v2\/media?parent=1003"}],"wp:term":[{"taxonomy":"category","embeddable":true,"href":"https:\/\/psoecanarias.com\/web\/wp-json\/wp\/v2\/categories?post=1003"},{"taxonomy":"post_tag","embeddable":true,"href":"https:\/\/psoecanarias.com\/web\/wp-json\/wp\/v2\/tags?post=1003"}],"curies":[{"name":"wp","href":"https:\/\/api.w.org\/{rel}","templated":true}]}}