{"id":10090,"date":"2020-05-30T15:01:41","date_gmt":"2020-05-30T14:01:41","guid":{"rendered":"http:\/\/psoecanarias.com\/web\/?p=10090"},"modified":"2021-06-16T11:14:31","modified_gmt":"2021-06-16T10:14:31","slug":"canarias-apuesta-por-la-unidad-de-accion-con-la-firma-del-pacto-para-la-reactivacion","status":"publish","type":"post","link":"https:\/\/psoecanarias.com\/web\/canarias-apuesta-por-la-unidad-de-accion-con-la-firma-del-pacto-para-la-reactivacion\/","title":{"rendered":"El consenso pol\u00edtico se abre camino en Canarias"},"content":{"rendered":"<p><strong>Canarias, 30 de mayo.&#8211;<\/strong> El Parlamento de Canarias ha acogido este s\u00e1bado, coincidiendo con la festividad del D\u00eda de Canarias, la firma del Pacto para la Reactivaci\u00f3n del archipi\u00e9lago, un documento surgido de la voluntad de acuerdo del secretario general socialista y presidente del Gobierno regional, \u00c1ngel V\u00edctor Torres, y cuyo fin es propiciar, desde la unidad de acci\u00f3n, el relanzamiento econ\u00f3mico y social de esta tierra una vez superada la crisis sanitaria del Covid19.<\/p>\n<p><a href=\"https:\/\/www3.gobiernodecanarias.org\/noticias\/wp-content\/uploads\/2020\/05\/DOC_Pacto_Reactivacion_Social_Economica_De_Canarias_30052020_SF.pdf\" target=\"_blank\" rel=\"noopener noreferrer\">[CONSULTA EL DOCUMENTO COMPLETO]<\/a><\/p>\n<p>Tras meses de negociacion, el pacto lleva la firma de la FECAM, la FECAI, los sindicatos mayoritarios, las patronales empresariales y los agentes sociales, as\u00ed como de las formaciones pol\u00edticas Nueva Canarias, Podemos, ASG, CC y PSOE. Se estructura en torno a siete ejes y compromete a los firmantes a su defensa en los distintos \u00e1mbitos en que participen.<\/p>\n<blockquote class=\"twitter-tweet\">\n<p dir=\"ltr\" lang=\"es\">\ud83c\udfdb\ufe0fEl <a href=\"https:\/\/twitter.com\/parcan?ref_src=twsrc%5Etfw\">@parcan<\/a> acoge la firma del Pacto para la Reactivaci\u00f3n Econ\u00f3mica y Social de <a href=\"https:\/\/twitter.com\/hashtag\/Canarias?src=hash&amp;ref_src=twsrc%5Etfw\">#Canarias<\/a><\/p>\n<p>\u27a1\ufe0fEntre los firmantes, la portavoz del <a href=\"https:\/\/twitter.com\/GPSocialista?ref_src=twsrc%5Etfw\">@GPSocialista<\/a> <a href=\"https:\/\/twitter.com\/NayraAlemanOjed?ref_src=twsrc%5Etfw\">@NayraAlemanOjed<\/a> y el SG de los socialistas canarios y presidente regional <a href=\"https:\/\/twitter.com\/avtorresp?ref_src=twsrc%5Etfw\">@avtorresp<\/a> <a href=\"https:\/\/twitter.com\/hashtag\/PactoDeCanarias?src=hash&amp;ref_src=twsrc%5Etfw\">#PactoDeCanarias<\/a> \ud83c\uddee\ud83c\udde8<a href=\"https:\/\/twitter.com\/hashtag\/NadieSeQuedaAtr%C3%A1s?src=hash&amp;ref_src=twsrc%5Etfw\">#NadieSeQuedaAtr\u00e1s<\/a> <a href=\"https:\/\/t.co\/mM2VoGi8Yi\">pic.twitter.com\/mM2VoGi8Yi<\/a><\/p>\n<p>\u2014 PSOE Canarias (@PSOECanarias) <a href=\"https:\/\/twitter.com\/PSOECanarias\/status\/1266689553458434048?ref_src=twsrc%5Etfw\">May 30, 2020<\/a><\/p><\/blockquote>\n<p><script async src=\"https:\/\/platform.twitter.com\/widgets.js\" charset=\"utf-8\"><\/script><\/p>\n<p>En su <a href=\"https:\/\/www3.gobiernodecanarias.org\/noticias\/wp-content\/uploads\/2020\/05\/200530-DISCURSO-PACTO-REACTIVACI%C3%93N-FINAL.pdf\" target=\"_blank\" rel=\"noopener noreferrer\">discurso posterior<\/a>, \u00c1ngel V\u00edctor Torres ha agradecido a todos los agentes su implicaci\u00f3n y capacidad de consenso, inclu\u00eddo al Partido Popular y Ciudadanos, las dos formaciones que declinaron sumarse al pacto. Pese a ello Torres ha dicho que el documento &#8220;es de todos&#8221; y ha se\u00f1alado que pactar &#8220;nunca&#8221; puede ser considerado una debilidad, sino todo lo contrario, &#8220;es una fortaleza y m\u00e1s en estos tiempos&#8221;.<\/p>\n<blockquote class=\"twitter-tweet\">\n<p dir=\"ltr\" lang=\"es\">\ud83c\udfdb\ufe0f<a href=\"https:\/\/twitter.com\/avtorresp?ref_src=twsrc%5Etfw\">@avtorresp<\/a> agradece a todos los firmantes del Pacto para la Reconstrucci\u00f3n de <a href=\"https:\/\/twitter.com\/hashtag\/Canarias?src=hash&amp;ref_src=twsrc%5Etfw\">#Canarias<\/a> su implicaci\u00f3n y &#8220;tambi\u00e9n a quienes no lo han hecho&#8221; por su trabajo durante estos meses de negociaci\u00f3n<a href=\"https:\/\/twitter.com\/hashtag\/PactoDeCanarias?src=hash&amp;ref_src=twsrc%5Etfw\">#PactoDeCanarias<\/a> \ud83c\uddee\ud83c\udde8<a href=\"https:\/\/twitter.com\/hashtag\/NadieSeQuedaAtr%C3%A1s?src=hash&amp;ref_src=twsrc%5Etfw\">#NadieSeQuedaAtr\u00e1s<\/a> <a href=\"https:\/\/t.co\/uuRYtTYfwF\">pic.twitter.com\/uuRYtTYfwF<\/a><\/p>\n<p>\u2014 PSOE Canarias (@PSOECanarias) <a href=\"https:\/\/twitter.com\/PSOECanarias\/status\/1266691336910114821?ref_src=twsrc%5Etfw\">May 30, 2020<\/a><\/p><\/blockquote>\n<p><script async src=\"https:\/\/platform.twitter.com\/widgets.js\" charset=\"utf-8\"><\/script><\/p>\n<p>Torres ha incidido en que Canarias ha sido la comunidad &#8220;m\u00e1s afectada&#8221; en el \u00e1mbito econ\u00f3mico por la pandemia y ha manifestado que este pacto &#8220;es un paso adelante&#8221; para impulsar la reactivaci\u00f3n econ\u00f3mica y social que necesita el Archipi\u00e9lago.<\/p>\n<p>&#8220;Lo firmamos para conservar los servicios p\u00fablicos fundamentales; reforzar las capacidades sanitarias y sociosanitarias; atender a los m\u00e1s vulnerables; mantener y recuperar el empleo; reimpulsar la actividad econ\u00f3mica; agilizar, simplificar; y cooperar y coordinar los tr\u00e1mites administrativos&#8221;.<\/p>\n<blockquote class=\"twitter-tweet\">\n<p dir=\"ltr\" lang=\"es\">&#8220;Pactar nunca es una debilidad, es una fortaleza. Y, en estos momentos, una necesidad&#8221;<\/p>\n<p>&#8220;El Pacto para la Reactivaci\u00f3n de <a href=\"https:\/\/twitter.com\/hashtag\/Canarias?src=hash&amp;ref_src=twsrc%5Etfw\">#Canarias<\/a> es un pacto de todos&#8221;<\/p>\n<p>\ud83d\udde3\ufe0f<a href=\"https:\/\/twitter.com\/avtorresp?ref_src=twsrc%5Etfw\">@avtorresp<\/a> <a href=\"https:\/\/twitter.com\/hashtag\/PactoDeCanarias?src=hash&amp;ref_src=twsrc%5Etfw\">#PactoDeCanarias<\/a> \ud83c\uddee\ud83c\udde8<a href=\"https:\/\/twitter.com\/hashtag\/NadieSeQuedaAtr%C3%A1s?src=hash&amp;ref_src=twsrc%5Etfw\">#NadieSeQuedaAtr\u00e1s<\/a> <a href=\"https:\/\/t.co\/MMCzi1DQdL\">pic.twitter.com\/MMCzi1DQdL<\/a><\/p>\n<p>\u2014 PSOE Canarias (@PSOECanarias) <a href=\"https:\/\/twitter.com\/PSOECanarias\/status\/1266692915620954113?ref_src=twsrc%5Etfw\">May 30, 2020<\/a><\/p><\/blockquote>\n<p><script async src=\"https:\/\/platform.twitter.com\/widgets.js\" charset=\"utf-8\"><\/script><\/p>\n<p>Torres ha se\u00f1alado que &#8220;comienza una nueva traves\u00eda&#8221; en Canarias que culminar\u00e1 &#8220;con \u00e9xito&#8221; si hay &#8220;unidad&#8221;. &#8220;Nos vamos a adaptar a la nueva situaci\u00f3n, no dejaremos que la Covid-19 derribe los cimientos del estado del bienestar. Sobre estos cimientos, tal y como hicieron en su momento las ciudades destruidas por las guerras, sabremos reconstruirnos. Sabremos reactivarnos. Este es el Pacto de Canarias&#8221;, ha concluido.<\/p>\n<p>La portavoz del Grupo Parlamentario Socialista, Nayra Alem\u00e1n, tambi\u00e9n se ha mostrado especialmente feliz con el acuerdo conseguido. Ha asegurado que este pacto &#8220;marca un antes un despu\u00e9s&#8221; en Canarias y que el consenso es el camino para hacer posible la recuperaci\u00f3n econ\u00f3mica y social del Archipi\u00e9lago. Asimismo, se ha confesado &#8220;orgullosa&#8221; del trabajo realizado por el Gobierno de Canarias y, en particular, por el presidente \u00c1ngel V\u00edctor Torres<\/p>\n<blockquote class=\"twitter-tweet\">\n<p dir=\"ltr\" lang=\"es\">Orgullosos de esta tierra, de su Gobierno y de su presidente <a href=\"https:\/\/twitter.com\/avtorresp?ref_src=twsrc%5Etfw\">@avtorresp<\/a><\/p>\n<p>El Pacto para la Reactivaci\u00f3n de <a href=\"https:\/\/twitter.com\/hashtag\/Canarias?src=hash&amp;ref_src=twsrc%5Etfw\">#Canarias<\/a> marca un antes y un despu\u00e9s en nuestra comunidad<\/p>\n<p>Juntos y juntas somos todav\u00eda mejores <a href=\"https:\/\/twitter.com\/hashtag\/PactodeCanarias?src=hash&amp;ref_src=twsrc%5Etfw\">#PactodeCanarias<\/a> \ud83c\uddee\ud83c\udde8<br \/>\n\ud83d\udde3\ufe0f<a href=\"https:\/\/twitter.com\/NayraAlemanOjed?ref_src=twsrc%5Etfw\">@NayraAlemanOjed<\/a> \u2935\ufe0f <a href=\"https:\/\/t.co\/vdVNIfrYuv\">pic.twitter.com\/vdVNIfrYuv<\/a><\/p>\n<p>\u2014 GPSocialista Canario (@GPSocialista) <a href=\"https:\/\/twitter.com\/GPSocialista\/status\/1266765801689886721?ref_src=twsrc%5Etfw\">May 30, 2020<\/a><\/p><\/blockquote>\n<p><script async src=\"https:\/\/platform.twitter.com\/widgets.js\" charset=\"utf-8\"><\/script><\/p>\n<p><strong>EL TUIT DE \u00c1NGEL V\u00cdCTOR TORRES <i class=\"fa fa-arrow-down \" ><\/i><\/strong><\/p>\n<blockquote class=\"twitter-tweet\">\n<p dir=\"ltr\" lang=\"es\">El 14 de marzo se decret\u00f3 Estado de Alarma. Y todo se par\u00f3. Dos dias despu\u00e9s inici\u00e1bamos en Canarias encuentros con sindicatos, agentes econ\u00f3micos, grupos parlamentarios, tercer sector, instituciones. Hoy firma, tras m\u00e1s de 50 reuniones, del Pacto de Reactivaci\u00f3n. Remontaremos. <a href=\"https:\/\/t.co\/bTVOxp6VGN\">pic.twitter.com\/bTVOxp6VGN<\/a><\/p>\n<p>\u2014 \u00c1ngel V\u00edctor Torres (@avtorresp) <a href=\"https:\/\/twitter.com\/avtorresp\/status\/1266789098410463234?ref_src=twsrc%5Etfw\">May 30, 2020<\/a><\/p><\/blockquote>\n<p><script async src=\"https:\/\/platform.twitter.com\/widgets.js\" charset=\"utf-8\"><\/script><\/p>\n","protected":false},"excerpt":{"rendered":"<p>\u00c1ngel V\u00edctor Torres cierra un gran acuerdo encaminado a lograr la recuperaci\u00f3n social y econ\u00f3mica del Archipi\u00e9lago<\/p>\n","protected":false},"author":1,"featured_media":10091,"comment_status":"open","ping_status":"open","sticky":false,"template":"","format":"standard","meta":{"footnotes":""},"categories":[1185,1184,7],"tags":[892,1196,1195],"class_list":["post-10090","post","type-post","status-publish","format-standard","has-post-thumbnail","hentry","category-grupo-parlamentario","category-noticias","category-politica","tag-angel-victor-torres","tag-dia-de-canarias","tag-pacto-para-la-reactivacion-de-canarias"],"featured_image_src":"https:\/\/psoecanarias.com\/web\/wp-content\/uploads\/2020\/05\/200530_tfe_pactoreactivacion_23.jpg","author_info":{"display_name":"PSOE Canarias","author_link":"https:\/\/psoecanarias.com\/web\/author\/admin\/"},"yoast_head":"<!-- This site is optimized with the Yoast SEO plugin v27.2 - https:\/\/yoast.com\/product\/yoast-seo-wordpress\/ -->\n<title>El consenso pol\u00edtico se abre camino en Canarias | PSOE Canarias<\/title>\n<meta name=\"robots\" content=\"index, follow, max-snippet:-1, max-image-preview:large, max-video-preview:-1\" \/>\n<link rel=\"canonical\" href=\"https:\/\/psoecanarias.com\/web\/canarias-apuesta-por-la-unidad-de-accion-con-la-firma-del-pacto-para-la-reactivacion\/\" \/>\n<meta property=\"og:locale\" content=\"es_ES\" \/>\n<meta property=\"og:type\" content=\"article\" \/>\n<meta property=\"og:title\" content=\"El consenso pol\u00edtico se abre camino en Canarias | PSOE Canarias\" \/>\n<meta property=\"og:description\" content=\"\u00c1ngel V\u00edctor Torres cierra un gran acuerdo encaminado a lograr la recuperaci\u00f3n social y econ\u00f3mica del Archipi\u00e9lago\" \/>\n<meta property=\"og:url\" content=\"https:\/\/psoecanarias.com\/web\/canarias-apuesta-por-la-unidad-de-accion-con-la-firma-del-pacto-para-la-reactivacion\/\" \/>\n<meta property=\"og:site_name\" content=\"PSOE Canarias\" \/>\n<meta property=\"article:published_time\" content=\"2020-05-30T14:01:41+00:00\" \/>\n<meta property=\"article:modified_time\" content=\"2021-06-16T10:14:31+00:00\" \/>\n<meta property=\"og:image\" content=\"https:\/\/psoecanarias.com\/web\/wp-content\/uploads\/2020\/05\/200530_tfe_pactoreactivacion_23.jpg\" \/>\n\t<meta property=\"og:image:width\" content=\"2280\" \/>\n\t<meta property=\"og:image:height\" content=\"1366\" \/>\n\t<meta property=\"og:image:type\" content=\"image\/jpeg\" \/>\n<meta name=\"author\" content=\"PSOE Canarias\" \/>\n<meta name=\"twitter:card\" content=\"summary_large_image\" \/>\n<script type=\"application\/ld+json\" class=\"yoast-schema-graph\">{\"@context\":\"https:\/\/schema.org\",\"@graph\":[{\"@type\":\"Article\",\"@id\":\"https:\/\/psoecanarias.com\/web\/canarias-apuesta-por-la-unidad-de-accion-con-la-firma-del-pacto-para-la-reactivacion\/#article\",\"isPartOf\":{\"@id\":\"https:\/\/psoecanarias.com\/web\/canarias-apuesta-por-la-unidad-de-accion-con-la-firma-del-pacto-para-la-reactivacion\/\"},\"author\":{\"name\":\"PSOE Canarias\",\"@id\":\"https:\/\/psoecanarias.com\/web\/#\/schema\/person\/1ae43f9659d2fc599ca69c11e1dbf26f\"},\"headline\":\"El consenso pol\u00edtico se abre camino en Canarias\",\"datePublished\":\"2020-05-30T14:01:41+00:00\",\"dateModified\":\"2021-06-16T10:14:31+00:00\",\"mainEntityOfPage\":{\"@id\":\"https:\/\/psoecanarias.com\/web\/canarias-apuesta-por-la-unidad-de-accion-con-la-firma-del-pacto-para-la-reactivacion\/\"},\"wordCount\":708,\"commentCount\":0,\"image\":{\"@id\":\"https:\/\/psoecanarias.com\/web\/canarias-apuesta-por-la-unidad-de-accion-con-la-firma-del-pacto-para-la-reactivacion\/#primaryimage\"},\"thumbnailUrl\":\"https:\/\/psoecanarias.com\/web\/wp-content\/uploads\/2020\/05\/200530_tfe_pactoreactivacion_23.jpg\",\"keywords\":[\"\u00c1ngel V\u00edctor Torres\",\"D\u00eda de Canarias\",\"Pacto para la Reactivaci\u00f3n de Canarias\"],\"articleSection\":[\"Grupo Parlamentario\",\"Noticias\",\"Pol\u00edtica\"],\"inLanguage\":\"es\",\"potentialAction\":[{\"@type\":\"CommentAction\",\"name\":\"Comment\",\"target\":[\"https:\/\/psoecanarias.com\/web\/canarias-apuesta-por-la-unidad-de-accion-con-la-firma-del-pacto-para-la-reactivacion\/#respond\"]}]},{\"@type\":\"WebPage\",\"@id\":\"https:\/\/psoecanarias.com\/web\/canarias-apuesta-por-la-unidad-de-accion-con-la-firma-del-pacto-para-la-reactivacion\/\",\"url\":\"https:\/\/psoecanarias.com\/web\/canarias-apuesta-por-la-unidad-de-accion-con-la-firma-del-pacto-para-la-reactivacion\/\",\"name\":\"El consenso pol\u00edtico se abre camino en Canarias | PSOE Canarias\",\"isPartOf\":{\"@id\":\"https:\/\/psoecanarias.com\/web\/#website\"},\"primaryImageOfPage\":{\"@id\":\"https:\/\/psoecanarias.com\/web\/canarias-apuesta-por-la-unidad-de-accion-con-la-firma-del-pacto-para-la-reactivacion\/#primaryimage\"},\"image\":{\"@id\":\"https:\/\/psoecanarias.com\/web\/canarias-apuesta-por-la-unidad-de-accion-con-la-firma-del-pacto-para-la-reactivacion\/#primaryimage\"},\"thumbnailUrl\":\"https:\/\/psoecanarias.com\/web\/wp-content\/uploads\/2020\/05\/200530_tfe_pactoreactivacion_23.jpg\",\"datePublished\":\"2020-05-30T14:01:41+00:00\",\"dateModified\":\"2021-06-16T10:14:31+00:00\",\"author\":{\"@id\":\"https:\/\/psoecanarias.com\/web\/#\/schema\/person\/1ae43f9659d2fc599ca69c11e1dbf26f\"},\"breadcrumb\":{\"@id\":\"https:\/\/psoecanarias.com\/web\/canarias-apuesta-por-la-unidad-de-accion-con-la-firma-del-pacto-para-la-reactivacion\/#breadcrumb\"},\"inLanguage\":\"es\",\"potentialAction\":[{\"@type\":\"ReadAction\",\"target\":[\"https:\/\/psoecanarias.com\/web\/canarias-apuesta-por-la-unidad-de-accion-con-la-firma-del-pacto-para-la-reactivacion\/\"]}]},{\"@type\":\"ImageObject\",\"inLanguage\":\"es\",\"@id\":\"https:\/\/psoecanarias.com\/web\/canarias-apuesta-por-la-unidad-de-accion-con-la-firma-del-pacto-para-la-reactivacion\/#primaryimage\",\"url\":\"https:\/\/psoecanarias.com\/web\/wp-content\/uploads\/2020\/05\/200530_tfe_pactoreactivacion_23.jpg\",\"contentUrl\":\"https:\/\/psoecanarias.com\/web\/wp-content\/uploads\/2020\/05\/200530_tfe_pactoreactivacion_23.jpg\",\"width\":2280,\"height\":1366},{\"@type\":\"BreadcrumbList\",\"@id\":\"https:\/\/psoecanarias.com\/web\/canarias-apuesta-por-la-unidad-de-accion-con-la-firma-del-pacto-para-la-reactivacion\/#breadcrumb\",\"itemListElement\":[{\"@type\":\"ListItem\",\"position\":1,\"name\":\"Portada\",\"item\":\"https:\/\/psoecanarias.com\/web\/\"},{\"@type\":\"ListItem\",\"position\":2,\"name\":\"El consenso pol\u00edtico se abre camino en Canarias\"}]},{\"@type\":\"WebSite\",\"@id\":\"https:\/\/psoecanarias.com\/web\/#website\",\"url\":\"https:\/\/psoecanarias.com\/web\/\",\"name\":\"PSOE Canarias\",\"description\":\"Partido Socialista Obrero Espa\u00f1ol Canarias\",\"potentialAction\":[{\"@type\":\"SearchAction\",\"target\":{\"@type\":\"EntryPoint\",\"urlTemplate\":\"https:\/\/psoecanarias.com\/web\/?s={search_term_string}\"},\"query-input\":{\"@type\":\"PropertyValueSpecification\",\"valueRequired\":true,\"valueName\":\"search_term_string\"}}],\"inLanguage\":\"es\"},{\"@type\":\"Person\",\"@id\":\"https:\/\/psoecanarias.com\/web\/#\/schema\/person\/1ae43f9659d2fc599ca69c11e1dbf26f\",\"name\":\"PSOE Canarias\",\"image\":{\"@type\":\"ImageObject\",\"inLanguage\":\"es\",\"@id\":\"https:\/\/secure.gravatar.com\/avatar\/4364d37f6f6f9cdb7af199b46151565f37d8a8c3c0e04c1d78c04e857a15e3a8?s=96&d=mm&r=g\",\"url\":\"https:\/\/secure.gravatar.com\/avatar\/4364d37f6f6f9cdb7af199b46151565f37d8a8c3c0e04c1d78c04e857a15e3a8?s=96&d=mm&r=g\",\"contentUrl\":\"https:\/\/secure.gravatar.com\/avatar\/4364d37f6f6f9cdb7af199b46151565f37d8a8c3c0e04c1d78c04e857a15e3a8?s=96&d=mm&r=g\",\"caption\":\"PSOE Canarias\"},\"url\":\"https:\/\/psoecanarias.com\/web\/author\/admin\/\"}]}<\/script>\n<!-- \/ Yoast SEO plugin. -->","yoast_head_json":{"title":"El consenso pol\u00edtico se abre camino en Canarias | PSOE Canarias","robots":{"index":"index","follow":"follow","max-snippet":"max-snippet:-1","max-image-preview":"max-image-preview:large","max-video-preview":"max-video-preview:-1"},"canonical":"https:\/\/psoecanarias.com\/web\/canarias-apuesta-por-la-unidad-de-accion-con-la-firma-del-pacto-para-la-reactivacion\/","og_locale":"es_ES","og_type":"article","og_title":"El consenso pol\u00edtico se abre camino en Canarias | PSOE Canarias","og_description":"\u00c1ngel V\u00edctor Torres cierra un gran acuerdo encaminado a lograr la recuperaci\u00f3n social y econ\u00f3mica del Archipi\u00e9lago","og_url":"https:\/\/psoecanarias.com\/web\/canarias-apuesta-por-la-unidad-de-accion-con-la-firma-del-pacto-para-la-reactivacion\/","og_site_name":"PSOE Canarias","article_published_time":"2020-05-30T14:01:41+00:00","article_modified_time":"2021-06-16T10:14:31+00:00","og_image":[{"width":2280,"height":1366,"url":"https:\/\/psoecanarias.com\/web\/wp-content\/uploads\/2020\/05\/200530_tfe_pactoreactivacion_23.jpg","type":"image\/jpeg"}],"author":"PSOE Canarias","twitter_card":"summary_large_image","schema":{"@context":"https:\/\/schema.org","@graph":[{"@type":"Article","@id":"https:\/\/psoecanarias.com\/web\/canarias-apuesta-por-la-unidad-de-accion-con-la-firma-del-pacto-para-la-reactivacion\/#article","isPartOf":{"@id":"https:\/\/psoecanarias.com\/web\/canarias-apuesta-por-la-unidad-de-accion-con-la-firma-del-pacto-para-la-reactivacion\/"},"author":{"name":"PSOE Canarias","@id":"https:\/\/psoecanarias.com\/web\/#\/schema\/person\/1ae43f9659d2fc599ca69c11e1dbf26f"},"headline":"El consenso pol\u00edtico se abre camino en Canarias","datePublished":"2020-05-30T14:01:41+00:00","dateModified":"2021-06-16T10:14:31+00:00","mainEntityOfPage":{"@id":"https:\/\/psoecanarias.com\/web\/canarias-apuesta-por-la-unidad-de-accion-con-la-firma-del-pacto-para-la-reactivacion\/"},"wordCount":708,"commentCount":0,"image":{"@id":"https:\/\/psoecanarias.com\/web\/canarias-apuesta-por-la-unidad-de-accion-con-la-firma-del-pacto-para-la-reactivacion\/#primaryimage"},"thumbnailUrl":"https:\/\/psoecanarias.com\/web\/wp-content\/uploads\/2020\/05\/200530_tfe_pactoreactivacion_23.jpg","keywords":["\u00c1ngel V\u00edctor Torres","D\u00eda de Canarias","Pacto para la Reactivaci\u00f3n de Canarias"],"articleSection":["Grupo Parlamentario","Noticias","Pol\u00edtica"],"inLanguage":"es","potentialAction":[{"@type":"CommentAction","name":"Comment","target":["https:\/\/psoecanarias.com\/web\/canarias-apuesta-por-la-unidad-de-accion-con-la-firma-del-pacto-para-la-reactivacion\/#respond"]}]},{"@type":"WebPage","@id":"https:\/\/psoecanarias.com\/web\/canarias-apuesta-por-la-unidad-de-accion-con-la-firma-del-pacto-para-la-reactivacion\/","url":"https:\/\/psoecanarias.com\/web\/canarias-apuesta-por-la-unidad-de-accion-con-la-firma-del-pacto-para-la-reactivacion\/","name":"El consenso pol\u00edtico se abre camino en Canarias | PSOE Canarias","isPartOf":{"@id":"https:\/\/psoecanarias.com\/web\/#website"},"primaryImageOfPage":{"@id":"https:\/\/psoecanarias.com\/web\/canarias-apuesta-por-la-unidad-de-accion-con-la-firma-del-pacto-para-la-reactivacion\/#primaryimage"},"image":{"@id":"https:\/\/psoecanarias.com\/web\/canarias-apuesta-por-la-unidad-de-accion-con-la-firma-del-pacto-para-la-reactivacion\/#primaryimage"},"thumbnailUrl":"https:\/\/psoecanarias.com\/web\/wp-content\/uploads\/2020\/05\/200530_tfe_pactoreactivacion_23.jpg","datePublished":"2020-05-30T14:01:41+00:00","dateModified":"2021-06-16T10:14:31+00:00","author":{"@id":"https:\/\/psoecanarias.com\/web\/#\/schema\/person\/1ae43f9659d2fc599ca69c11e1dbf26f"},"breadcrumb":{"@id":"https:\/\/psoecanarias.com\/web\/canarias-apuesta-por-la-unidad-de-accion-con-la-firma-del-pacto-para-la-reactivacion\/#breadcrumb"},"inLanguage":"es","potentialAction":[{"@type":"ReadAction","target":["https:\/\/psoecanarias.com\/web\/canarias-apuesta-por-la-unidad-de-accion-con-la-firma-del-pacto-para-la-reactivacion\/"]}]},{"@type":"ImageObject","inLanguage":"es","@id":"https:\/\/psoecanarias.com\/web\/canarias-apuesta-por-la-unidad-de-accion-con-la-firma-del-pacto-para-la-reactivacion\/#primaryimage","url":"https:\/\/psoecanarias.com\/web\/wp-content\/uploads\/2020\/05\/200530_tfe_pactoreactivacion_23.jpg","contentUrl":"https:\/\/psoecanarias.com\/web\/wp-content\/uploads\/2020\/05\/200530_tfe_pactoreactivacion_23.jpg","width":2280,"height":1366},{"@type":"BreadcrumbList","@id":"https:\/\/psoecanarias.com\/web\/canarias-apuesta-por-la-unidad-de-accion-con-la-firma-del-pacto-para-la-reactivacion\/#breadcrumb","itemListElement":[{"@type":"ListItem","position":1,"name":"Portada","item":"https:\/\/psoecanarias.com\/web\/"},{"@type":"ListItem","position":2,"name":"El consenso pol\u00edtico se abre camino en Canarias"}]},{"@type":"WebSite","@id":"https:\/\/psoecanarias.com\/web\/#website","url":"https:\/\/psoecanarias.com\/web\/","name":"PSOE Canarias","description":"Partido Socialista Obrero Espa\u00f1ol Canarias","potentialAction":[{"@type":"SearchAction","target":{"@type":"EntryPoint","urlTemplate":"https:\/\/psoecanarias.com\/web\/?s={search_term_string}"},"query-input":{"@type":"PropertyValueSpecification","valueRequired":true,"valueName":"search_term_string"}}],"inLanguage":"es"},{"@type":"Person","@id":"https:\/\/psoecanarias.com\/web\/#\/schema\/person\/1ae43f9659d2fc599ca69c11e1dbf26f","name":"PSOE Canarias","image":{"@type":"ImageObject","inLanguage":"es","@id":"https:\/\/secure.gravatar.com\/avatar\/4364d37f6f6f9cdb7af199b46151565f37d8a8c3c0e04c1d78c04e857a15e3a8?s=96&d=mm&r=g","url":"https:\/\/secure.gravatar.com\/avatar\/4364d37f6f6f9cdb7af199b46151565f37d8a8c3c0e04c1d78c04e857a15e3a8?s=96&d=mm&r=g","contentUrl":"https:\/\/secure.gravatar.com\/avatar\/4364d37f6f6f9cdb7af199b46151565f37d8a8c3c0e04c1d78c04e857a15e3a8?s=96&d=mm&r=g","caption":"PSOE Canarias"},"url":"https:\/\/psoecanarias.com\/web\/author\/admin\/"}]}},"_links":{"self":[{"href":"https:\/\/psoecanarias.com\/web\/wp-json\/wp\/v2\/posts\/10090","targetHints":{"allow":["GET"]}}],"collection":[{"href":"https:\/\/psoecanarias.com\/web\/wp-json\/wp\/v2\/posts"}],"about":[{"href":"https:\/\/psoecanarias.com\/web\/wp-json\/wp\/v2\/types\/post"}],"author":[{"embeddable":true,"href":"https:\/\/psoecanarias.com\/web\/wp-json\/wp\/v2\/users\/1"}],"replies":[{"embeddable":true,"href":"https:\/\/psoecanarias.com\/web\/wp-json\/wp\/v2\/comments?post=10090"}],"version-history":[{"count":15,"href":"https:\/\/psoecanarias.com\/web\/wp-json\/wp\/v2\/posts\/10090\/revisions"}],"predecessor-version":[{"id":10543,"href":"https:\/\/psoecanarias.com\/web\/wp-json\/wp\/v2\/posts\/10090\/revisions\/10543"}],"wp:featuredmedia":[{"embeddable":true,"href":"https:\/\/psoecanarias.com\/web\/wp-json\/wp\/v2\/media\/10091"}],"wp:attachment":[{"href":"https:\/\/psoecanarias.com\/web\/wp-json\/wp\/v2\/media?parent=10090"}],"wp:term":[{"taxonomy":"category","embeddable":true,"href":"https:\/\/psoecanarias.com\/web\/wp-json\/wp\/v2\/categories?post=10090"},{"taxonomy":"post_tag","embeddable":true,"href":"https:\/\/psoecanarias.com\/web\/wp-json\/wp\/v2\/tags?post=10090"}],"curies":[{"name":"wp","href":"https:\/\/api.w.org\/{rel}","templated":true}]}}