{"id":10192,"date":"2020-06-03T18:50:17","date_gmt":"2020-06-03T17:50:17","guid":{"rendered":"http:\/\/psoecanarias.com\/web\/?p=10192"},"modified":"2020-06-21T00:05:21","modified_gmt":"2020-06-20T23:05:21","slug":"ramon-morales-destaca-la-planificacion-del-ministerio-de-transportes-en-politicas-de-movilidad","status":"publish","type":"post","link":"https:\/\/psoecanarias.com\/web\/ramon-morales-destaca-la-planificacion-del-ministerio-de-transportes-en-politicas-de-movilidad\/","title":{"rendered":"Ram\u00f3n Morales destaca la planificaci\u00f3n del Ministerio de Transportes en pol\u00edticas de movilidad"},"content":{"rendered":"<p><strong>Canarias, 03 de junio de 2020.-<\/strong> El senador por Gran Canaria y portavoz de la Comisi\u00f3n de Transportes, Movilidad y Agenda Urbana, Ram\u00f3n Morales, resalt\u00f3 este mi\u00e9rcoles durante su intervenci\u00f3n en la C\u00e1mara Alta la eficaz gesti\u00f3n del departamento que dirige Jos\u00e9 Luis \u00c1balos \u201cpara garantizar una movilidad imprescindible, a la vez que se cumpl\u00eda con los estrictos protocolos sanitarios establecidos tras el decreto de estado de alarma\u201d.<\/p>\n<p>Ram\u00f3n Morales destac\u00f3, tras la ponencia del ministro, la importante labor que su departamento ha desarrollado durante estos meses, de forma coordinada con cada uno de los territorios, para \u201casegurar el abastecimiento y el mantenimiento de bienes y servicios esenciales en las diferentes comunidades aut\u00f3nomas, a la vez que se conten\u00eda la propagaci\u00f3n del virus\u201d.<\/p>\n<blockquote class=\"twitter-tweet\">\n<p dir=\"ltr\" lang=\"es\">\ud83c\udf39 El compa\u00f1ero <a href=\"https:\/\/twitter.com\/RamonMoralesQ?ref_src=twsrc%5Etfw\">@RamonMoralesQ<\/a> se estrena como portavoz de Transportes del <a href=\"https:\/\/twitter.com\/gpssenado?ref_src=twsrc%5Etfw\">@gpssenado<\/a><\/p>\n<p>\u27a1\ufe0f Reconoce el trabajo del ministro <a href=\"https:\/\/twitter.com\/abalosmeco?ref_src=twsrc%5Etfw\">@abalosmeco<\/a> y recuerda el &#8220;desaguisado de recortes&#8221; que dej\u00f3 el <a href=\"https:\/\/twitter.com\/hashtag\/PP?src=hash&amp;ref_src=twsrc%5Etfw\">#PP<\/a> <a href=\"https:\/\/twitter.com\/hashtag\/NadieSeQuedaAtr%C3%A1s?src=hash&amp;ref_src=twsrc%5Etfw\">#NadieSeQuedaAtr\u00e1s<\/a> <a href=\"https:\/\/t.co\/0dAgX3juzW\">pic.twitter.com\/0dAgX3juzW<\/a><\/p>\n<p>\u2014 PSOE Canarias (@PSOECanarias) <a href=\"https:\/\/twitter.com\/PSOECanarias\/status\/1268187127097032704?ref_src=twsrc%5Etfw\">June 3, 2020<\/a><\/p><\/blockquote>\n<p><script async src=\"https:\/\/platform.twitter.com\/widgets.js\" charset=\"utf-8\"><\/script><\/p>\n<p>El senador ha puesto en valor la ardua tarea del Ministerio \u201cespecialmente complicada en territorios insulares como Canarias y Baleares, donde se garantiz\u00f3 en todo momento la movilidad, con todas las garant\u00edas, a la vez que se aseguraba el abastecimiento de mercanc\u00edas\u201d.<\/p>\n<p><strong>Control a las aerol\u00edneas<\/strong><\/p>\n<p>Por otro lado, el senador grancanario tambi\u00e9n aludi\u00f3 al firme compromiso del Ministerio para estudiar y controlar, dentro de la legalidad vigente, la actividad de las compa\u00f1\u00edas a\u00e9reas sobre el precio de los billetes, ya que \u201cno puede salir m\u00e1s barato viajar desde Madrid a cualquier destino internacional que hacerlo a Canarias\u201d.<\/p>\n<p>Morales, que resalt\u00f3 las gestiones del departamento de Transportes sobre este asunto, tambi\u00e9n se refiri\u00f3 a un nutrido grupo de ciudadanos del Archipi\u00e9lago, \u201cque reside en la Pen\u00ednsula y que les gustar\u00eda visitar con mayor frecuencia su tierra y disfrutar de su familia y no les es posible por el coste abusivo de los billetes a\u00e9reos\u201d.<\/p>\n<blockquote class=\"twitter-tweet\">\n<p dir=\"ltr\" lang=\"es\">El precio de los billetes desde pen\u00ednsula a Canarias y Baleares uno de los asuntos tratados en mi intervenci\u00f3n en la comisi\u00f3n de <a href=\"https:\/\/twitter.com\/mitmagob?ref_src=twsrc%5Etfw\">@mitmagob<\/a> en el <a href=\"https:\/\/twitter.com\/Senadoesp?ref_src=twsrc%5Etfw\">@Senadoesp<\/a> <a href=\"https:\/\/twitter.com\/gpssenado?ref_src=twsrc%5Etfw\">@gpssenado<\/a> <a href=\"https:\/\/twitter.com\/CanariosSinAlas?ref_src=twsrc%5Etfw\">@CanariosSinAlas<\/a> <a href=\"https:\/\/twitter.com\/AMovilidad?ref_src=twsrc%5Etfw\">@AMovilidad<\/a> <a href=\"https:\/\/t.co\/T52zILDdFT\">pic.twitter.com\/T52zILDdFT<\/a><\/p>\n<p>\u2014 Ram\u00f3n Morales \/\u2764\ufe0f (@RamonMoralesQ) <a href=\"https:\/\/twitter.com\/RamonMoralesQ\/status\/1268228393016930305?ref_src=twsrc%5Etfw\">June 3, 2020<\/a><\/p><\/blockquote>\n<p><script async src=\"https:\/\/platform.twitter.com\/widgets.js\" charset=\"utf-8\"><\/script><\/p>\n<p>En este sentido, el ministro Jos\u00e9 Luis \u00c1balos destac\u00f3 el inter\u00e9s del Ejecutivo por ahondar en la rebaja del precio de los billetes a\u00e9reos y afirm\u00f3 con rotundidad que el descuento del 75% para residentes \u201cno se tocar\u00e1\u201d.<\/p>\n<p>Asimismo, Morales hizo hincapi\u00e9 en la importancia de reactivar el turismo nacional y articular mecanismos para que Canarias pueda ser una opci\u00f3n de viaje para aquellos ciudadanos que no viajan con paquetes tur\u00edsticos, para que tambi\u00e9n puedan disfrutar de precios m\u00e1s competitivos.<\/p>\n<p>Para concluir su intervenci\u00f3n, agradeci\u00f3 y reconoci\u00f3 la gran labor y el sacrificio demostrado por todo el personal sanitario y por todos los profesionales de los servicios esenciales durante el estado de alarma.<\/p>\n","protected":false},"excerpt":{"rendered":"<p>El senador por Gran Canaria se estrena como portavoz socialista en la Comisi\u00f3n de Transportes, Movilidad y Agenda Urbana<\/p>\n","protected":false},"author":1,"featured_media":10193,"comment_status":"open","ping_status":"open","sticky":false,"template":"","format":"standard","meta":{"footnotes":""},"categories":[1197,1184,7],"tags":[1188,1192,38],"class_list":["post-10192","post","type-post","status-publish","format-standard","has-post-thumbnail","hentry","category-cortes-generales","category-noticias","category-politica","tag-cortes-generales","tag-ramon-morales","tag-senado"],"featured_image_src":"https:\/\/psoecanarias.com\/web\/wp-content\/uploads\/2020\/06\/ramooon.jpg","author_info":{"display_name":"PSOE Canarias","author_link":"https:\/\/psoecanarias.com\/web\/author\/admin\/"},"yoast_head":"<!-- This site is optimized with the Yoast SEO plugin v27.2 - https:\/\/yoast.com\/product\/yoast-seo-wordpress\/ -->\n<title>Ram\u00f3n Morales destaca la planificaci\u00f3n del Ministerio de Transportes en pol\u00edticas de movilidad | PSOE Canarias<\/title>\n<meta name=\"robots\" content=\"index, follow, max-snippet:-1, max-image-preview:large, max-video-preview:-1\" \/>\n<link rel=\"canonical\" href=\"https:\/\/psoecanarias.com\/web\/ramon-morales-destaca-la-planificacion-del-ministerio-de-transportes-en-politicas-de-movilidad\/\" \/>\n<meta property=\"og:locale\" content=\"es_ES\" \/>\n<meta property=\"og:type\" content=\"article\" \/>\n<meta property=\"og:title\" content=\"Ram\u00f3n Morales destaca la planificaci\u00f3n del Ministerio de Transportes en pol\u00edticas de movilidad | PSOE Canarias\" \/>\n<meta property=\"og:description\" content=\"El senador por Gran Canaria se estrena como portavoz socialista en la Comisi\u00f3n de Transportes, Movilidad y Agenda Urbana\" \/>\n<meta property=\"og:url\" content=\"https:\/\/psoecanarias.com\/web\/ramon-morales-destaca-la-planificacion-del-ministerio-de-transportes-en-politicas-de-movilidad\/\" \/>\n<meta property=\"og:site_name\" content=\"PSOE Canarias\" \/>\n<meta property=\"article:published_time\" content=\"2020-06-03T17:50:17+00:00\" \/>\n<meta property=\"article:modified_time\" content=\"2020-06-20T23:05:21+00:00\" \/>\n<meta property=\"og:image\" content=\"https:\/\/psoecanarias.com\/web\/wp-content\/uploads\/2020\/06\/ramooon.jpg\" \/>\n\t<meta property=\"og:image:width\" content=\"1728\" \/>\n\t<meta property=\"og:image:height\" content=\"1152\" \/>\n\t<meta property=\"og:image:type\" content=\"image\/jpeg\" \/>\n<meta name=\"author\" content=\"PSOE Canarias\" \/>\n<meta name=\"twitter:card\" content=\"summary_large_image\" \/>\n<script type=\"application\/ld+json\" class=\"yoast-schema-graph\">{\"@context\":\"https:\/\/schema.org\",\"@graph\":[{\"@type\":\"Article\",\"@id\":\"https:\/\/psoecanarias.com\/web\/ramon-morales-destaca-la-planificacion-del-ministerio-de-transportes-en-politicas-de-movilidad\/#article\",\"isPartOf\":{\"@id\":\"https:\/\/psoecanarias.com\/web\/ramon-morales-destaca-la-planificacion-del-ministerio-de-transportes-en-politicas-de-movilidad\/\"},\"author\":{\"name\":\"PSOE Canarias\",\"@id\":\"https:\/\/psoecanarias.com\/web\/#\/schema\/person\/1ae43f9659d2fc599ca69c11e1dbf26f\"},\"headline\":\"Ram\u00f3n Morales destaca la planificaci\u00f3n del Ministerio de Transportes en pol\u00edticas de movilidad\",\"datePublished\":\"2020-06-03T17:50:17+00:00\",\"dateModified\":\"2020-06-20T23:05:21+00:00\",\"mainEntityOfPage\":{\"@id\":\"https:\/\/psoecanarias.com\/web\/ramon-morales-destaca-la-planificacion-del-ministerio-de-transportes-en-politicas-de-movilidad\/\"},\"wordCount\":516,\"commentCount\":0,\"image\":{\"@id\":\"https:\/\/psoecanarias.com\/web\/ramon-morales-destaca-la-planificacion-del-ministerio-de-transportes-en-politicas-de-movilidad\/#primaryimage\"},\"thumbnailUrl\":\"https:\/\/psoecanarias.com\/web\/wp-content\/uploads\/2020\/06\/ramooon.jpg\",\"keywords\":[\"Cortes Generales\",\"Ram\u00f3n Morales\",\"Senado\"],\"articleSection\":[\"Cortes Generales\",\"Noticias\",\"Pol\u00edtica\"],\"inLanguage\":\"es\",\"potentialAction\":[{\"@type\":\"CommentAction\",\"name\":\"Comment\",\"target\":[\"https:\/\/psoecanarias.com\/web\/ramon-morales-destaca-la-planificacion-del-ministerio-de-transportes-en-politicas-de-movilidad\/#respond\"]}]},{\"@type\":\"WebPage\",\"@id\":\"https:\/\/psoecanarias.com\/web\/ramon-morales-destaca-la-planificacion-del-ministerio-de-transportes-en-politicas-de-movilidad\/\",\"url\":\"https:\/\/psoecanarias.com\/web\/ramon-morales-destaca-la-planificacion-del-ministerio-de-transportes-en-politicas-de-movilidad\/\",\"name\":\"Ram\u00f3n Morales destaca la planificaci\u00f3n del Ministerio de Transportes en pol\u00edticas de movilidad | PSOE Canarias\",\"isPartOf\":{\"@id\":\"https:\/\/psoecanarias.com\/web\/#website\"},\"primaryImageOfPage\":{\"@id\":\"https:\/\/psoecanarias.com\/web\/ramon-morales-destaca-la-planificacion-del-ministerio-de-transportes-en-politicas-de-movilidad\/#primaryimage\"},\"image\":{\"@id\":\"https:\/\/psoecanarias.com\/web\/ramon-morales-destaca-la-planificacion-del-ministerio-de-transportes-en-politicas-de-movilidad\/#primaryimage\"},\"thumbnailUrl\":\"https:\/\/psoecanarias.com\/web\/wp-content\/uploads\/2020\/06\/ramooon.jpg\",\"datePublished\":\"2020-06-03T17:50:17+00:00\",\"dateModified\":\"2020-06-20T23:05:21+00:00\",\"author\":{\"@id\":\"https:\/\/psoecanarias.com\/web\/#\/schema\/person\/1ae43f9659d2fc599ca69c11e1dbf26f\"},\"breadcrumb\":{\"@id\":\"https:\/\/psoecanarias.com\/web\/ramon-morales-destaca-la-planificacion-del-ministerio-de-transportes-en-politicas-de-movilidad\/#breadcrumb\"},\"inLanguage\":\"es\",\"potentialAction\":[{\"@type\":\"ReadAction\",\"target\":[\"https:\/\/psoecanarias.com\/web\/ramon-morales-destaca-la-planificacion-del-ministerio-de-transportes-en-politicas-de-movilidad\/\"]}]},{\"@type\":\"ImageObject\",\"inLanguage\":\"es\",\"@id\":\"https:\/\/psoecanarias.com\/web\/ramon-morales-destaca-la-planificacion-del-ministerio-de-transportes-en-politicas-de-movilidad\/#primaryimage\",\"url\":\"https:\/\/psoecanarias.com\/web\/wp-content\/uploads\/2020\/06\/ramooon.jpg\",\"contentUrl\":\"https:\/\/psoecanarias.com\/web\/wp-content\/uploads\/2020\/06\/ramooon.jpg\",\"width\":1728,\"height\":1152},{\"@type\":\"BreadcrumbList\",\"@id\":\"https:\/\/psoecanarias.com\/web\/ramon-morales-destaca-la-planificacion-del-ministerio-de-transportes-en-politicas-de-movilidad\/#breadcrumb\",\"itemListElement\":[{\"@type\":\"ListItem\",\"position\":1,\"name\":\"Portada\",\"item\":\"https:\/\/psoecanarias.com\/web\/\"},{\"@type\":\"ListItem\",\"position\":2,\"name\":\"Ram\u00f3n Morales destaca la planificaci\u00f3n del Ministerio de Transportes en pol\u00edticas de movilidad\"}]},{\"@type\":\"WebSite\",\"@id\":\"https:\/\/psoecanarias.com\/web\/#website\",\"url\":\"https:\/\/psoecanarias.com\/web\/\",\"name\":\"PSOE Canarias\",\"description\":\"Partido Socialista Obrero Espa\u00f1ol Canarias\",\"potentialAction\":[{\"@type\":\"SearchAction\",\"target\":{\"@type\":\"EntryPoint\",\"urlTemplate\":\"https:\/\/psoecanarias.com\/web\/?s={search_term_string}\"},\"query-input\":{\"@type\":\"PropertyValueSpecification\",\"valueRequired\":true,\"valueName\":\"search_term_string\"}}],\"inLanguage\":\"es\"},{\"@type\":\"Person\",\"@id\":\"https:\/\/psoecanarias.com\/web\/#\/schema\/person\/1ae43f9659d2fc599ca69c11e1dbf26f\",\"name\":\"PSOE Canarias\",\"image\":{\"@type\":\"ImageObject\",\"inLanguage\":\"es\",\"@id\":\"https:\/\/secure.gravatar.com\/avatar\/4364d37f6f6f9cdb7af199b46151565f37d8a8c3c0e04c1d78c04e857a15e3a8?s=96&d=mm&r=g\",\"url\":\"https:\/\/secure.gravatar.com\/avatar\/4364d37f6f6f9cdb7af199b46151565f37d8a8c3c0e04c1d78c04e857a15e3a8?s=96&d=mm&r=g\",\"contentUrl\":\"https:\/\/secure.gravatar.com\/avatar\/4364d37f6f6f9cdb7af199b46151565f37d8a8c3c0e04c1d78c04e857a15e3a8?s=96&d=mm&r=g\",\"caption\":\"PSOE Canarias\"},\"url\":\"https:\/\/psoecanarias.com\/web\/author\/admin\/\"}]}<\/script>\n<!-- \/ Yoast SEO plugin. -->","yoast_head_json":{"title":"Ram\u00f3n Morales destaca la planificaci\u00f3n del Ministerio de Transportes en pol\u00edticas de movilidad | PSOE Canarias","robots":{"index":"index","follow":"follow","max-snippet":"max-snippet:-1","max-image-preview":"max-image-preview:large","max-video-preview":"max-video-preview:-1"},"canonical":"https:\/\/psoecanarias.com\/web\/ramon-morales-destaca-la-planificacion-del-ministerio-de-transportes-en-politicas-de-movilidad\/","og_locale":"es_ES","og_type":"article","og_title":"Ram\u00f3n Morales destaca la planificaci\u00f3n del Ministerio de Transportes en pol\u00edticas de movilidad | PSOE Canarias","og_description":"El senador por Gran Canaria se estrena como portavoz socialista en la Comisi\u00f3n de Transportes, Movilidad y Agenda Urbana","og_url":"https:\/\/psoecanarias.com\/web\/ramon-morales-destaca-la-planificacion-del-ministerio-de-transportes-en-politicas-de-movilidad\/","og_site_name":"PSOE Canarias","article_published_time":"2020-06-03T17:50:17+00:00","article_modified_time":"2020-06-20T23:05:21+00:00","og_image":[{"width":1728,"height":1152,"url":"https:\/\/psoecanarias.com\/web\/wp-content\/uploads\/2020\/06\/ramooon.jpg","type":"image\/jpeg"}],"author":"PSOE Canarias","twitter_card":"summary_large_image","schema":{"@context":"https:\/\/schema.org","@graph":[{"@type":"Article","@id":"https:\/\/psoecanarias.com\/web\/ramon-morales-destaca-la-planificacion-del-ministerio-de-transportes-en-politicas-de-movilidad\/#article","isPartOf":{"@id":"https:\/\/psoecanarias.com\/web\/ramon-morales-destaca-la-planificacion-del-ministerio-de-transportes-en-politicas-de-movilidad\/"},"author":{"name":"PSOE Canarias","@id":"https:\/\/psoecanarias.com\/web\/#\/schema\/person\/1ae43f9659d2fc599ca69c11e1dbf26f"},"headline":"Ram\u00f3n Morales destaca la planificaci\u00f3n del Ministerio de Transportes en pol\u00edticas de movilidad","datePublished":"2020-06-03T17:50:17+00:00","dateModified":"2020-06-20T23:05:21+00:00","mainEntityOfPage":{"@id":"https:\/\/psoecanarias.com\/web\/ramon-morales-destaca-la-planificacion-del-ministerio-de-transportes-en-politicas-de-movilidad\/"},"wordCount":516,"commentCount":0,"image":{"@id":"https:\/\/psoecanarias.com\/web\/ramon-morales-destaca-la-planificacion-del-ministerio-de-transportes-en-politicas-de-movilidad\/#primaryimage"},"thumbnailUrl":"https:\/\/psoecanarias.com\/web\/wp-content\/uploads\/2020\/06\/ramooon.jpg","keywords":["Cortes Generales","Ram\u00f3n Morales","Senado"],"articleSection":["Cortes Generales","Noticias","Pol\u00edtica"],"inLanguage":"es","potentialAction":[{"@type":"CommentAction","name":"Comment","target":["https:\/\/psoecanarias.com\/web\/ramon-morales-destaca-la-planificacion-del-ministerio-de-transportes-en-politicas-de-movilidad\/#respond"]}]},{"@type":"WebPage","@id":"https:\/\/psoecanarias.com\/web\/ramon-morales-destaca-la-planificacion-del-ministerio-de-transportes-en-politicas-de-movilidad\/","url":"https:\/\/psoecanarias.com\/web\/ramon-morales-destaca-la-planificacion-del-ministerio-de-transportes-en-politicas-de-movilidad\/","name":"Ram\u00f3n Morales destaca la planificaci\u00f3n del Ministerio de Transportes en pol\u00edticas de movilidad | PSOE Canarias","isPartOf":{"@id":"https:\/\/psoecanarias.com\/web\/#website"},"primaryImageOfPage":{"@id":"https:\/\/psoecanarias.com\/web\/ramon-morales-destaca-la-planificacion-del-ministerio-de-transportes-en-politicas-de-movilidad\/#primaryimage"},"image":{"@id":"https:\/\/psoecanarias.com\/web\/ramon-morales-destaca-la-planificacion-del-ministerio-de-transportes-en-politicas-de-movilidad\/#primaryimage"},"thumbnailUrl":"https:\/\/psoecanarias.com\/web\/wp-content\/uploads\/2020\/06\/ramooon.jpg","datePublished":"2020-06-03T17:50:17+00:00","dateModified":"2020-06-20T23:05:21+00:00","author":{"@id":"https:\/\/psoecanarias.com\/web\/#\/schema\/person\/1ae43f9659d2fc599ca69c11e1dbf26f"},"breadcrumb":{"@id":"https:\/\/psoecanarias.com\/web\/ramon-morales-destaca-la-planificacion-del-ministerio-de-transportes-en-politicas-de-movilidad\/#breadcrumb"},"inLanguage":"es","potentialAction":[{"@type":"ReadAction","target":["https:\/\/psoecanarias.com\/web\/ramon-morales-destaca-la-planificacion-del-ministerio-de-transportes-en-politicas-de-movilidad\/"]}]},{"@type":"ImageObject","inLanguage":"es","@id":"https:\/\/psoecanarias.com\/web\/ramon-morales-destaca-la-planificacion-del-ministerio-de-transportes-en-politicas-de-movilidad\/#primaryimage","url":"https:\/\/psoecanarias.com\/web\/wp-content\/uploads\/2020\/06\/ramooon.jpg","contentUrl":"https:\/\/psoecanarias.com\/web\/wp-content\/uploads\/2020\/06\/ramooon.jpg","width":1728,"height":1152},{"@type":"BreadcrumbList","@id":"https:\/\/psoecanarias.com\/web\/ramon-morales-destaca-la-planificacion-del-ministerio-de-transportes-en-politicas-de-movilidad\/#breadcrumb","itemListElement":[{"@type":"ListItem","position":1,"name":"Portada","item":"https:\/\/psoecanarias.com\/web\/"},{"@type":"ListItem","position":2,"name":"Ram\u00f3n Morales destaca la planificaci\u00f3n del Ministerio de Transportes en pol\u00edticas de movilidad"}]},{"@type":"WebSite","@id":"https:\/\/psoecanarias.com\/web\/#website","url":"https:\/\/psoecanarias.com\/web\/","name":"PSOE Canarias","description":"Partido Socialista Obrero Espa\u00f1ol Canarias","potentialAction":[{"@type":"SearchAction","target":{"@type":"EntryPoint","urlTemplate":"https:\/\/psoecanarias.com\/web\/?s={search_term_string}"},"query-input":{"@type":"PropertyValueSpecification","valueRequired":true,"valueName":"search_term_string"}}],"inLanguage":"es"},{"@type":"Person","@id":"https:\/\/psoecanarias.com\/web\/#\/schema\/person\/1ae43f9659d2fc599ca69c11e1dbf26f","name":"PSOE Canarias","image":{"@type":"ImageObject","inLanguage":"es","@id":"https:\/\/secure.gravatar.com\/avatar\/4364d37f6f6f9cdb7af199b46151565f37d8a8c3c0e04c1d78c04e857a15e3a8?s=96&d=mm&r=g","url":"https:\/\/secure.gravatar.com\/avatar\/4364d37f6f6f9cdb7af199b46151565f37d8a8c3c0e04c1d78c04e857a15e3a8?s=96&d=mm&r=g","contentUrl":"https:\/\/secure.gravatar.com\/avatar\/4364d37f6f6f9cdb7af199b46151565f37d8a8c3c0e04c1d78c04e857a15e3a8?s=96&d=mm&r=g","caption":"PSOE Canarias"},"url":"https:\/\/psoecanarias.com\/web\/author\/admin\/"}]}},"_links":{"self":[{"href":"https:\/\/psoecanarias.com\/web\/wp-json\/wp\/v2\/posts\/10192","targetHints":{"allow":["GET"]}}],"collection":[{"href":"https:\/\/psoecanarias.com\/web\/wp-json\/wp\/v2\/posts"}],"about":[{"href":"https:\/\/psoecanarias.com\/web\/wp-json\/wp\/v2\/types\/post"}],"author":[{"embeddable":true,"href":"https:\/\/psoecanarias.com\/web\/wp-json\/wp\/v2\/users\/1"}],"replies":[{"embeddable":true,"href":"https:\/\/psoecanarias.com\/web\/wp-json\/wp\/v2\/comments?post=10192"}],"version-history":[{"count":3,"href":"https:\/\/psoecanarias.com\/web\/wp-json\/wp\/v2\/posts\/10192\/revisions"}],"predecessor-version":[{"id":10537,"href":"https:\/\/psoecanarias.com\/web\/wp-json\/wp\/v2\/posts\/10192\/revisions\/10537"}],"wp:featuredmedia":[{"embeddable":true,"href":"https:\/\/psoecanarias.com\/web\/wp-json\/wp\/v2\/media\/10193"}],"wp:attachment":[{"href":"https:\/\/psoecanarias.com\/web\/wp-json\/wp\/v2\/media?parent=10192"}],"wp:term":[{"taxonomy":"category","embeddable":true,"href":"https:\/\/psoecanarias.com\/web\/wp-json\/wp\/v2\/categories?post=10192"},{"taxonomy":"post_tag","embeddable":true,"href":"https:\/\/psoecanarias.com\/web\/wp-json\/wp\/v2\/tags?post=10192"}],"curies":[{"name":"wp","href":"https:\/\/api.w.org\/{rel}","templated":true}]}}