{"id":11255,"date":"2020-07-27T21:11:12","date_gmt":"2020-07-27T20:11:12","guid":{"rendered":"http:\/\/psoecanarias.com\/web\/?p=11255"},"modified":"2021-06-16T11:17:37","modified_gmt":"2021-06-16T10:17:37","slug":"el-psoe-reconoce-el-trabajo-y-el-liderazgo-de-angel-victor-torres","status":"publish","type":"post","link":"https:\/\/psoecanarias.com\/web\/el-psoe-reconoce-el-trabajo-y-el-liderazgo-de-angel-victor-torres\/","title":{"rendered":"El PSOE reconoce el trabajo y el liderazgo de \u00c1ngel V\u00edctor Torres"},"content":{"rendered":"<p><strong>Canarias, 27 de julio.<\/strong>\u00a0La <strong>Comisi\u00f3n Ejecutiva Regional<\/strong> (CER) cerr\u00f3 filas este lunes con su secretario general y presidente del Gobierno de Canarias, <strong>\u00c1ngel V\u00edctor Torres<\/strong>, en se\u00f1al de reconocimiento al trabajo que viene desarrollando en defensa de los intereses del Archipi\u00e9lago y la solvencia con la que ha ido superado los sucesivos contratiempos con los que se ha ido encontrando.<\/p>\n<p>Los socialistas canarios aprovecharon su \u00faltima reuni\u00f3n extraordinaria antes de las vacaciones de agosto para reivindicar la labor que viene desarrollando el Ejecutivo de Torres y hacer balance de los <strong>\u00e9xitos en la gesti\u00f3n<\/strong> cosechados en este primer a\u00f1o de legislatura, muchos de ellos de la mano de un Gobierno central que, al contrario que ocurr\u00eda en la etapa del PP, s\u00ed se est\u00e1 mostrando sensible con las necesidades y demandas de Canarias.<\/p>\n<p>En este sentido, el propio Torres destac\u00f3 la autorizaci\u00f3n por parte del Ministerio de Hacienda para que los ayuntamientos de las islas puedan hacer uso de sus ahorros, as\u00ed como la pr\u00f3rroga de los ERTE m\u00e1s all\u00e1 de septiembre comprometida por la ministra de Trabajo, Yolanda D\u00edaz. <strong>&#8220;En apenas 80 d\u00edas el PSOE ha hecho m\u00e1s por el municipalismo que el PP en los \u00faltimos 8 a\u00f1os&#8221;<\/strong>, resumi\u00f3.<\/p>\n<blockquote class=\"instagram-media\" style=\"background: #FFF; border: 0; border-radius: 3px; box-shadow: 0 0 1px 0 rgba(0,0,0,0.5),0 1px 10px 0 rgba(0,0,0,0.15); margin: 1px; max-width: 540px; min-width: 326px; padding: 0; width: calc(100% - 2px);\" data-instgrm-permalink=\"https:\/\/www.instagram.com\/p\/CDKIYI-IVhd\/?utm_source=ig_embed&amp;utm_campaign=loading\" data-instgrm-version=\"12\">\n<div style=\"padding: 16px;\">\n<p>&nbsp;<\/p>\n<div style=\"display: flex; flex-direction: row; align-items: center;\">\n<div style=\"background-color: #f4f4f4; border-radius: 50%; flex-grow: 0; height: 40px; margin-right: 14px; width: 40px;\"><\/div>\n<div style=\"display: flex; flex-direction: column; flex-grow: 1; justify-content: center;\">\n<div style=\"background-color: #f4f4f4; border-radius: 4px; flex-grow: 0; height: 14px; margin-bottom: 6px; width: 100px;\"><\/div>\n<div style=\"background-color: #f4f4f4; border-radius: 4px; flex-grow: 0; height: 14px; width: 60px;\"><\/div>\n<\/div>\n<\/div>\n<div style=\"padding: 19% 0;\"><\/div>\n<div style=\"display: block; height: 50px; margin: 0 auto 12px; width: 50px;\"><\/div>\n<div style=\"padding-top: 8px;\">\n<div style=\"color: #3897f0; font-family: Arial,sans-serif; font-size: 14px; font-style: normal; font-weight: 550; line-height: 18px;\">Ver esta publicaci\u00f3n en Instagram<\/div>\n<\/div>\n<div style=\"padding: 12.5% 0;\"><\/div>\n<div style=\"display: flex; flex-direction: row; margin-bottom: 14px; align-items: center;\">\n<div>\n<div style=\"background-color: #f4f4f4; border-radius: 50%; height: 12.5px; width: 12.5px; transform: translateX(0px) translateY(7px);\"><\/div>\n<div style=\"background-color: #f4f4f4; height: 12.5px; transform: rotate(-45deg) translateX(3px) translateY(1px); width: 12.5px; flex-grow: 0; margin-right: 14px; margin-left: 2px;\"><\/div>\n<div style=\"background-color: #f4f4f4; border-radius: 50%; height: 12.5px; width: 12.5px; transform: translateX(9px) translateY(-18px);\"><\/div>\n<\/div>\n<div style=\"margin-left: 8px;\">\n<div style=\"background-color: #f4f4f4; border-radius: 50%; flex-grow: 0; height: 20px; width: 20px;\"><\/div>\n<div style=\"width: 0; height: 0; border-top: 2px solid transparent; border-left: 6px solid #f4f4f4; border-bottom: 2px solid transparent; transform: translateX(16px) translateY(-4px) rotate(30deg);\"><\/div>\n<\/div>\n<div style=\"margin-left: auto;\">\n<div style=\"width: 0px; border-top: 8px solid #F4F4F4; border-right: 8px solid transparent; transform: translateY(16px);\"><\/div>\n<div style=\"background-color: #f4f4f4; flex-grow: 0; height: 12px; width: 16px; transform: translateY(-4px);\"><\/div>\n<div style=\"width: 0; height: 0; border-top: 8px solid #F4F4F4; border-left: 8px solid transparent; transform: translateY(-4px) translateX(8px);\"><\/div>\n<\/div>\n<\/div>\n<div style=\"display: flex; flex-direction: column; flex-grow: 1; justify-content: center; margin-bottom: 24px;\">\n<div style=\"background-color: #f4f4f4; border-radius: 4px; flex-grow: 0; height: 14px; margin-bottom: 6px; width: 224px;\"><\/div>\n<div style=\"background-color: #f4f4f4; border-radius: 4px; flex-grow: 0; height: 14px; width: 144px;\"><\/div>\n<\/div>\n<p>&nbsp;<\/p>\n<p style=\"color: #c9c8cd; font-family: Arial,sans-serif; font-size: 14px; line-height: 17px; margin-bottom: 0; margin-top: 8px; overflow: hidden; padding: 8px 0 7px; text-align: center; text-overflow: ellipsis; white-space: nowrap;\"><a style=\"color: #c9c8cd; font-family: Arial,sans-serif; font-size: 14px; font-style: normal; font-weight: normal; line-height: 17px; text-decoration: none;\" href=\"https:\/\/www.instagram.com\/p\/CDKIYI-IVhd\/?utm_source=ig_embed&amp;utm_campaign=loading\" target=\"_blank\" rel=\"noopener noreferrer\">Una publicaci\u00f3n compartida de PSOE Canarias \/ \u2764\ufe0f (@psoe_canarias)<\/a> el <time style=\"font-family: Arial,sans-serif; font-size: 14px; line-height: 17px;\" datetime=\"2020-07-27T20:05:15+00:00\">27 Jul, 2020 a las 1:05 PDT<\/time><\/p>\n<\/div>\n<\/blockquote>\n<p><script async src=\"\/\/www.instagram.com\/embed.js\"><\/script><\/p>\n<p>Los distintos compa\u00f1eros que tomaron la palabra durante la reuni\u00f3n lo hicieron para poner en valor el trabajo realizado por este Gobierno de Canarias y, en particular, por su presidente, cuyo<strong> liderazgo<\/strong>, coincidieron todos, &#8220;<strong>no admite dudas<\/strong> entre los ciudadanos&#8221; e incluso es reconocido por &#8220;una parte importante de la oposici\u00f3n&#8221;.<\/p>\n<p>Asimismo, la direcci\u00f3n regional se\u00f1al\u00f3 que todav\u00eda son muchos los frentes en los que es necesario avanzar e inst\u00f3 al conjunto de los socialistas canarios a seguir haciendo de la <strong>defensa de los servicios b\u00e1sicos<\/strong> y la protecci\u00f3n de los que m\u00e1s lo necesitan su m\u00e1xima prioridad.<\/p>\n<p>&nbsp;<\/p>\n<p>&nbsp;<\/p>\n<p>&nbsp;<\/p>\n<p>&nbsp;<\/p>\n","protected":false},"excerpt":{"rendered":"<p>La Comisi\u00f3n Ejecutiva hace balance de un a\u00f1o cargado de contratiempos, pero sobresaliente en la labor del Gobierno  <\/p>\n","protected":false},"author":1,"featured_media":11258,"comment_status":"open","ping_status":"open","sticky":false,"template":"","format":"standard","meta":{"footnotes":""},"categories":[1184,7],"tags":[207],"class_list":["post-11255","post","type-post","status-publish","format-standard","has-post-thumbnail","hentry","category-noticias","category-politica","tag-comision-ejecutiva-regional"],"featured_image_src":"https:\/\/psoecanarias.com\/web\/wp-content\/uploads\/2020\/07\/Ejecutiva-Regional-PSOE-37.jpg","author_info":{"display_name":"PSOE Canarias","author_link":"https:\/\/psoecanarias.com\/web\/author\/admin\/"},"yoast_head":"<!-- This site is optimized with the Yoast SEO plugin v27.2 - https:\/\/yoast.com\/product\/yoast-seo-wordpress\/ -->\n<title>El PSOE reconoce el trabajo y el liderazgo de \u00c1ngel V\u00edctor Torres | PSOE Canarias<\/title>\n<meta name=\"robots\" content=\"index, follow, max-snippet:-1, max-image-preview:large, max-video-preview:-1\" \/>\n<link rel=\"canonical\" href=\"https:\/\/psoecanarias.com\/web\/el-psoe-reconoce-el-trabajo-y-el-liderazgo-de-angel-victor-torres\/\" \/>\n<meta property=\"og:locale\" content=\"es_ES\" \/>\n<meta property=\"og:type\" content=\"article\" \/>\n<meta property=\"og:title\" content=\"El PSOE reconoce el trabajo y el liderazgo de \u00c1ngel V\u00edctor Torres | PSOE Canarias\" \/>\n<meta property=\"og:description\" content=\"La Comisi\u00f3n Ejecutiva hace balance de un a\u00f1o cargado de contratiempos, pero sobresaliente en la labor del Gobierno\" \/>\n<meta property=\"og:url\" content=\"https:\/\/psoecanarias.com\/web\/el-psoe-reconoce-el-trabajo-y-el-liderazgo-de-angel-victor-torres\/\" \/>\n<meta property=\"og:site_name\" content=\"PSOE Canarias\" \/>\n<meta property=\"article:published_time\" content=\"2020-07-27T20:11:12+00:00\" \/>\n<meta property=\"article:modified_time\" content=\"2021-06-16T10:17:37+00:00\" \/>\n<meta property=\"og:image\" content=\"https:\/\/psoecanarias.com\/web\/wp-content\/uploads\/2020\/07\/Ejecutiva-Regional-PSOE-37.jpg\" \/>\n\t<meta property=\"og:image:width\" content=\"1800\" \/>\n\t<meta property=\"og:image:height\" content=\"1200\" \/>\n\t<meta property=\"og:image:type\" content=\"image\/jpeg\" \/>\n<meta name=\"author\" content=\"PSOE Canarias\" \/>\n<meta name=\"twitter:card\" content=\"summary_large_image\" \/>\n<script type=\"application\/ld+json\" class=\"yoast-schema-graph\">{\"@context\":\"https:\/\/schema.org\",\"@graph\":[{\"@type\":\"Article\",\"@id\":\"https:\/\/psoecanarias.com\/web\/el-psoe-reconoce-el-trabajo-y-el-liderazgo-de-angel-victor-torres\/#article\",\"isPartOf\":{\"@id\":\"https:\/\/psoecanarias.com\/web\/el-psoe-reconoce-el-trabajo-y-el-liderazgo-de-angel-victor-torres\/\"},\"author\":{\"name\":\"PSOE Canarias\",\"@id\":\"https:\/\/psoecanarias.com\/web\/#\/schema\/person\/1ae43f9659d2fc599ca69c11e1dbf26f\"},\"headline\":\"El PSOE reconoce el trabajo y el liderazgo de \u00c1ngel V\u00edctor Torres\",\"datePublished\":\"2020-07-27T20:11:12+00:00\",\"dateModified\":\"2021-06-16T10:17:37+00:00\",\"mainEntityOfPage\":{\"@id\":\"https:\/\/psoecanarias.com\/web\/el-psoe-reconoce-el-trabajo-y-el-liderazgo-de-angel-victor-torres\/\"},\"wordCount\":361,\"commentCount\":0,\"image\":{\"@id\":\"https:\/\/psoecanarias.com\/web\/el-psoe-reconoce-el-trabajo-y-el-liderazgo-de-angel-victor-torres\/#primaryimage\"},\"thumbnailUrl\":\"https:\/\/psoecanarias.com\/web\/wp-content\/uploads\/2020\/07\/Ejecutiva-Regional-PSOE-37.jpg\",\"keywords\":[\"Comisi\u00f3n Ejecutiva Regional\"],\"articleSection\":[\"Noticias\",\"Pol\u00edtica\"],\"inLanguage\":\"es\",\"potentialAction\":[{\"@type\":\"CommentAction\",\"name\":\"Comment\",\"target\":[\"https:\/\/psoecanarias.com\/web\/el-psoe-reconoce-el-trabajo-y-el-liderazgo-de-angel-victor-torres\/#respond\"]}]},{\"@type\":\"WebPage\",\"@id\":\"https:\/\/psoecanarias.com\/web\/el-psoe-reconoce-el-trabajo-y-el-liderazgo-de-angel-victor-torres\/\",\"url\":\"https:\/\/psoecanarias.com\/web\/el-psoe-reconoce-el-trabajo-y-el-liderazgo-de-angel-victor-torres\/\",\"name\":\"El PSOE reconoce el trabajo y el liderazgo de \u00c1ngel V\u00edctor Torres | PSOE Canarias\",\"isPartOf\":{\"@id\":\"https:\/\/psoecanarias.com\/web\/#website\"},\"primaryImageOfPage\":{\"@id\":\"https:\/\/psoecanarias.com\/web\/el-psoe-reconoce-el-trabajo-y-el-liderazgo-de-angel-victor-torres\/#primaryimage\"},\"image\":{\"@id\":\"https:\/\/psoecanarias.com\/web\/el-psoe-reconoce-el-trabajo-y-el-liderazgo-de-angel-victor-torres\/#primaryimage\"},\"thumbnailUrl\":\"https:\/\/psoecanarias.com\/web\/wp-content\/uploads\/2020\/07\/Ejecutiva-Regional-PSOE-37.jpg\",\"datePublished\":\"2020-07-27T20:11:12+00:00\",\"dateModified\":\"2021-06-16T10:17:37+00:00\",\"author\":{\"@id\":\"https:\/\/psoecanarias.com\/web\/#\/schema\/person\/1ae43f9659d2fc599ca69c11e1dbf26f\"},\"breadcrumb\":{\"@id\":\"https:\/\/psoecanarias.com\/web\/el-psoe-reconoce-el-trabajo-y-el-liderazgo-de-angel-victor-torres\/#breadcrumb\"},\"inLanguage\":\"es\",\"potentialAction\":[{\"@type\":\"ReadAction\",\"target\":[\"https:\/\/psoecanarias.com\/web\/el-psoe-reconoce-el-trabajo-y-el-liderazgo-de-angel-victor-torres\/\"]}]},{\"@type\":\"ImageObject\",\"inLanguage\":\"es\",\"@id\":\"https:\/\/psoecanarias.com\/web\/el-psoe-reconoce-el-trabajo-y-el-liderazgo-de-angel-victor-torres\/#primaryimage\",\"url\":\"https:\/\/psoecanarias.com\/web\/wp-content\/uploads\/2020\/07\/Ejecutiva-Regional-PSOE-37.jpg\",\"contentUrl\":\"https:\/\/psoecanarias.com\/web\/wp-content\/uploads\/2020\/07\/Ejecutiva-Regional-PSOE-37.jpg\",\"width\":1800,\"height\":1200},{\"@type\":\"BreadcrumbList\",\"@id\":\"https:\/\/psoecanarias.com\/web\/el-psoe-reconoce-el-trabajo-y-el-liderazgo-de-angel-victor-torres\/#breadcrumb\",\"itemListElement\":[{\"@type\":\"ListItem\",\"position\":1,\"name\":\"Portada\",\"item\":\"https:\/\/psoecanarias.com\/web\/\"},{\"@type\":\"ListItem\",\"position\":2,\"name\":\"El PSOE reconoce el trabajo y el liderazgo de \u00c1ngel V\u00edctor Torres\"}]},{\"@type\":\"WebSite\",\"@id\":\"https:\/\/psoecanarias.com\/web\/#website\",\"url\":\"https:\/\/psoecanarias.com\/web\/\",\"name\":\"PSOE Canarias\",\"description\":\"Partido Socialista Obrero Espa\u00f1ol Canarias\",\"potentialAction\":[{\"@type\":\"SearchAction\",\"target\":{\"@type\":\"EntryPoint\",\"urlTemplate\":\"https:\/\/psoecanarias.com\/web\/?s={search_term_string}\"},\"query-input\":{\"@type\":\"PropertyValueSpecification\",\"valueRequired\":true,\"valueName\":\"search_term_string\"}}],\"inLanguage\":\"es\"},{\"@type\":\"Person\",\"@id\":\"https:\/\/psoecanarias.com\/web\/#\/schema\/person\/1ae43f9659d2fc599ca69c11e1dbf26f\",\"name\":\"PSOE Canarias\",\"image\":{\"@type\":\"ImageObject\",\"inLanguage\":\"es\",\"@id\":\"https:\/\/secure.gravatar.com\/avatar\/4364d37f6f6f9cdb7af199b46151565f37d8a8c3c0e04c1d78c04e857a15e3a8?s=96&d=mm&r=g\",\"url\":\"https:\/\/secure.gravatar.com\/avatar\/4364d37f6f6f9cdb7af199b46151565f37d8a8c3c0e04c1d78c04e857a15e3a8?s=96&d=mm&r=g\",\"contentUrl\":\"https:\/\/secure.gravatar.com\/avatar\/4364d37f6f6f9cdb7af199b46151565f37d8a8c3c0e04c1d78c04e857a15e3a8?s=96&d=mm&r=g\",\"caption\":\"PSOE Canarias\"},\"url\":\"https:\/\/psoecanarias.com\/web\/author\/admin\/\"}]}<\/script>\n<!-- \/ Yoast SEO plugin. -->","yoast_head_json":{"title":"El PSOE reconoce el trabajo y el liderazgo de \u00c1ngel V\u00edctor Torres | PSOE Canarias","robots":{"index":"index","follow":"follow","max-snippet":"max-snippet:-1","max-image-preview":"max-image-preview:large","max-video-preview":"max-video-preview:-1"},"canonical":"https:\/\/psoecanarias.com\/web\/el-psoe-reconoce-el-trabajo-y-el-liderazgo-de-angel-victor-torres\/","og_locale":"es_ES","og_type":"article","og_title":"El PSOE reconoce el trabajo y el liderazgo de \u00c1ngel V\u00edctor Torres | PSOE Canarias","og_description":"La Comisi\u00f3n Ejecutiva hace balance de un a\u00f1o cargado de contratiempos, pero sobresaliente en la labor del Gobierno","og_url":"https:\/\/psoecanarias.com\/web\/el-psoe-reconoce-el-trabajo-y-el-liderazgo-de-angel-victor-torres\/","og_site_name":"PSOE Canarias","article_published_time":"2020-07-27T20:11:12+00:00","article_modified_time":"2021-06-16T10:17:37+00:00","og_image":[{"width":1800,"height":1200,"url":"https:\/\/psoecanarias.com\/web\/wp-content\/uploads\/2020\/07\/Ejecutiva-Regional-PSOE-37.jpg","type":"image\/jpeg"}],"author":"PSOE Canarias","twitter_card":"summary_large_image","schema":{"@context":"https:\/\/schema.org","@graph":[{"@type":"Article","@id":"https:\/\/psoecanarias.com\/web\/el-psoe-reconoce-el-trabajo-y-el-liderazgo-de-angel-victor-torres\/#article","isPartOf":{"@id":"https:\/\/psoecanarias.com\/web\/el-psoe-reconoce-el-trabajo-y-el-liderazgo-de-angel-victor-torres\/"},"author":{"name":"PSOE Canarias","@id":"https:\/\/psoecanarias.com\/web\/#\/schema\/person\/1ae43f9659d2fc599ca69c11e1dbf26f"},"headline":"El PSOE reconoce el trabajo y el liderazgo de \u00c1ngel V\u00edctor Torres","datePublished":"2020-07-27T20:11:12+00:00","dateModified":"2021-06-16T10:17:37+00:00","mainEntityOfPage":{"@id":"https:\/\/psoecanarias.com\/web\/el-psoe-reconoce-el-trabajo-y-el-liderazgo-de-angel-victor-torres\/"},"wordCount":361,"commentCount":0,"image":{"@id":"https:\/\/psoecanarias.com\/web\/el-psoe-reconoce-el-trabajo-y-el-liderazgo-de-angel-victor-torres\/#primaryimage"},"thumbnailUrl":"https:\/\/psoecanarias.com\/web\/wp-content\/uploads\/2020\/07\/Ejecutiva-Regional-PSOE-37.jpg","keywords":["Comisi\u00f3n Ejecutiva Regional"],"articleSection":["Noticias","Pol\u00edtica"],"inLanguage":"es","potentialAction":[{"@type":"CommentAction","name":"Comment","target":["https:\/\/psoecanarias.com\/web\/el-psoe-reconoce-el-trabajo-y-el-liderazgo-de-angel-victor-torres\/#respond"]}]},{"@type":"WebPage","@id":"https:\/\/psoecanarias.com\/web\/el-psoe-reconoce-el-trabajo-y-el-liderazgo-de-angel-victor-torres\/","url":"https:\/\/psoecanarias.com\/web\/el-psoe-reconoce-el-trabajo-y-el-liderazgo-de-angel-victor-torres\/","name":"El PSOE reconoce el trabajo y el liderazgo de \u00c1ngel V\u00edctor Torres | PSOE Canarias","isPartOf":{"@id":"https:\/\/psoecanarias.com\/web\/#website"},"primaryImageOfPage":{"@id":"https:\/\/psoecanarias.com\/web\/el-psoe-reconoce-el-trabajo-y-el-liderazgo-de-angel-victor-torres\/#primaryimage"},"image":{"@id":"https:\/\/psoecanarias.com\/web\/el-psoe-reconoce-el-trabajo-y-el-liderazgo-de-angel-victor-torres\/#primaryimage"},"thumbnailUrl":"https:\/\/psoecanarias.com\/web\/wp-content\/uploads\/2020\/07\/Ejecutiva-Regional-PSOE-37.jpg","datePublished":"2020-07-27T20:11:12+00:00","dateModified":"2021-06-16T10:17:37+00:00","author":{"@id":"https:\/\/psoecanarias.com\/web\/#\/schema\/person\/1ae43f9659d2fc599ca69c11e1dbf26f"},"breadcrumb":{"@id":"https:\/\/psoecanarias.com\/web\/el-psoe-reconoce-el-trabajo-y-el-liderazgo-de-angel-victor-torres\/#breadcrumb"},"inLanguage":"es","potentialAction":[{"@type":"ReadAction","target":["https:\/\/psoecanarias.com\/web\/el-psoe-reconoce-el-trabajo-y-el-liderazgo-de-angel-victor-torres\/"]}]},{"@type":"ImageObject","inLanguage":"es","@id":"https:\/\/psoecanarias.com\/web\/el-psoe-reconoce-el-trabajo-y-el-liderazgo-de-angel-victor-torres\/#primaryimage","url":"https:\/\/psoecanarias.com\/web\/wp-content\/uploads\/2020\/07\/Ejecutiva-Regional-PSOE-37.jpg","contentUrl":"https:\/\/psoecanarias.com\/web\/wp-content\/uploads\/2020\/07\/Ejecutiva-Regional-PSOE-37.jpg","width":1800,"height":1200},{"@type":"BreadcrumbList","@id":"https:\/\/psoecanarias.com\/web\/el-psoe-reconoce-el-trabajo-y-el-liderazgo-de-angel-victor-torres\/#breadcrumb","itemListElement":[{"@type":"ListItem","position":1,"name":"Portada","item":"https:\/\/psoecanarias.com\/web\/"},{"@type":"ListItem","position":2,"name":"El PSOE reconoce el trabajo y el liderazgo de \u00c1ngel V\u00edctor Torres"}]},{"@type":"WebSite","@id":"https:\/\/psoecanarias.com\/web\/#website","url":"https:\/\/psoecanarias.com\/web\/","name":"PSOE Canarias","description":"Partido Socialista Obrero Espa\u00f1ol Canarias","potentialAction":[{"@type":"SearchAction","target":{"@type":"EntryPoint","urlTemplate":"https:\/\/psoecanarias.com\/web\/?s={search_term_string}"},"query-input":{"@type":"PropertyValueSpecification","valueRequired":true,"valueName":"search_term_string"}}],"inLanguage":"es"},{"@type":"Person","@id":"https:\/\/psoecanarias.com\/web\/#\/schema\/person\/1ae43f9659d2fc599ca69c11e1dbf26f","name":"PSOE Canarias","image":{"@type":"ImageObject","inLanguage":"es","@id":"https:\/\/secure.gravatar.com\/avatar\/4364d37f6f6f9cdb7af199b46151565f37d8a8c3c0e04c1d78c04e857a15e3a8?s=96&d=mm&r=g","url":"https:\/\/secure.gravatar.com\/avatar\/4364d37f6f6f9cdb7af199b46151565f37d8a8c3c0e04c1d78c04e857a15e3a8?s=96&d=mm&r=g","contentUrl":"https:\/\/secure.gravatar.com\/avatar\/4364d37f6f6f9cdb7af199b46151565f37d8a8c3c0e04c1d78c04e857a15e3a8?s=96&d=mm&r=g","caption":"PSOE Canarias"},"url":"https:\/\/psoecanarias.com\/web\/author\/admin\/"}]}},"_links":{"self":[{"href":"https:\/\/psoecanarias.com\/web\/wp-json\/wp\/v2\/posts\/11255","targetHints":{"allow":["GET"]}}],"collection":[{"href":"https:\/\/psoecanarias.com\/web\/wp-json\/wp\/v2\/posts"}],"about":[{"href":"https:\/\/psoecanarias.com\/web\/wp-json\/wp\/v2\/types\/post"}],"author":[{"embeddable":true,"href":"https:\/\/psoecanarias.com\/web\/wp-json\/wp\/v2\/users\/1"}],"replies":[{"embeddable":true,"href":"https:\/\/psoecanarias.com\/web\/wp-json\/wp\/v2\/comments?post=11255"}],"version-history":[{"count":2,"href":"https:\/\/psoecanarias.com\/web\/wp-json\/wp\/v2\/posts\/11255\/revisions"}],"predecessor-version":[{"id":11262,"href":"https:\/\/psoecanarias.com\/web\/wp-json\/wp\/v2\/posts\/11255\/revisions\/11262"}],"wp:featuredmedia":[{"embeddable":true,"href":"https:\/\/psoecanarias.com\/web\/wp-json\/wp\/v2\/media\/11258"}],"wp:attachment":[{"href":"https:\/\/psoecanarias.com\/web\/wp-json\/wp\/v2\/media?parent=11255"}],"wp:term":[{"taxonomy":"category","embeddable":true,"href":"https:\/\/psoecanarias.com\/web\/wp-json\/wp\/v2\/categories?post=11255"},{"taxonomy":"post_tag","embeddable":true,"href":"https:\/\/psoecanarias.com\/web\/wp-json\/wp\/v2\/tags?post=11255"}],"curies":[{"name":"wp","href":"https:\/\/api.w.org\/{rel}","templated":true}]}}