{"id":11421,"date":"2020-08-04T19:58:22","date_gmt":"2020-08-04T18:58:22","guid":{"rendered":"http:\/\/psoecanarias.com\/web\/?p=11421"},"modified":"2020-08-04T20:12:31","modified_gmt":"2020-08-04T19:12:31","slug":"el-psoe-canarias-valora-el-fin-del-austericidio-impuesto-por-el-pp-a-cabildos-y-ayuntamientos","status":"publish","type":"post","link":"https:\/\/psoecanarias.com\/web\/el-psoe-canarias-valora-el-fin-del-austericidio-impuesto-por-el-pp-a-cabildos-y-ayuntamientos\/","title":{"rendered":"El PSOE Canarias valora el fin del austericidio impuesto por el PP a cabildos y ayuntamientos"},"content":{"rendered":"<p style=\"font-weight: 400;\"><strong>Canarias, 4 de julio.-<\/strong>\u00a0El <strong>PSOE Canarias<\/strong> ha valorado como una \u201cbuena noticia\u201d la disposici\u00f3n adicional aprobada este martes por el Consejo de Ministros que permite a los cabildos hacer uso de su super\u00e1vit, una medida que se une a la autorizaci\u00f3n recibida en el mismo sentido por los ayuntamientos y que contribuir\u00e1 a <strong>acabar &#8220;con el austericidio impuesto por el Partido Popular&#8221;<\/strong> e &#8220;impulsar la reactivaci\u00f3n econ\u00f3mica y social de nuestras administraciones&#8221;.<\/p>\n<p style=\"font-weight: 400;\">El secretario de Pol\u00edtica Municipal de la direcci\u00f3n regional socialista, <strong>Francisco Paz<\/strong>, ha destacado el acuerdo alcanzado el pasado lunes entre el ministerio de Hacienda y la FEMP, as\u00ed como la disposici\u00f3n adicional aprobada este martes por el Consejo de Ministros, autorizando a los cabildos a recurrir a las transferencias que sean precisas para cubrir la merma de recursos del bloque del REF, \u201ctal y como se comprometi\u00f3 la ministra Mar\u00eda Jes\u00fas Montero con el Gobierno de Canarias el pasado mes de mayo\u201d, ha dicho.<\/p>\n<p>El secretario general y presidente de Canarias, <strong>\u00c1ngel V\u00edctor Torres<\/strong>, tambi\u00e9n expresaba este martes en Twitter su satisfacci\u00f3n:<\/p>\n<blockquote class=\"twitter-tweet\">\n<p dir=\"ltr\" lang=\"es\">El Consejo de Ministros\/as aprueba, previo paso al Congreso, el RDL que permite a los ayuntamientos usar super\u00e1vit y remanentes.El RDL incluye disposici\u00f3n adicional primera que permite tal uso a los cabildos para merma recursos REF,compromiso de la ministra con gobierno canario.<\/p>\n<p>\u2014 \u00c1ngel V\u00edctor Torres (@avtorresp) <a href=\"https:\/\/twitter.com\/avtorresp\/status\/1290658618233298947?ref_src=twsrc%5Etfw\">August 4, 2020<\/a><\/p><\/blockquote>\n<p><script async src=\"https:\/\/platform.twitter.com\/widgets.js\" charset=\"utf-8\"><\/script><\/p>\n<p style=\"font-weight: 400;\">\u201cEstamos ante una <strong>gran noticia para Canarias<\/strong>, que da respuesta a las necesidades de las administraciones m\u00e1s cercanas a los ciudadanos, define las l\u00edneas prioritarias para materializar esas ayudas y despeja la inc\u00f3gnita de la condicionalidad&#8221;, ha celebrado Paz.<\/p>\n<p style=\"font-weight: 400;\">Con todo ello, ha a\u00f1adido, se reconoce tambi\u00e9n el \u201cbuen trabajo\u201d del Gobierno de Canarias de <strong>\u00c1ngel V\u00edctor Torres<\/strong>, al tratarse de \u201cla primera instituci\u00f3n que se posicion\u00f3 a favor de que estos recursos fueran gestionados directamente por los cabildos y ayuntamientos\u201d.<\/p>\n<p style=\"font-weight: 400;\">Francisco Paz ha afirmado que el acuerdo ha sido complicado, ya que en el caso de los ayuntamientos ha implicado un periodo largo de negociaci\u00f3n con la\u00a0<strong>Federaci\u00f3n Espa\u00f1ola de Municipios y Provincias (FEMP)<\/strong>, pero ha destacado que al final se ha cerrado &#8220;el mejor acuerdo posible&#8221;, poniendo de manifiesto con ello \u201cel firme compromiso de los socialistas con la pol\u00edtica de proximidad y el impulso al desarrollo local&#8221;.<\/p>\n<p style=\"font-weight: 400;\">Enfrente ha estado siempre el PP, como &#8220;responsable&#8221; de la <strong>Ley de Estabilidad Presupuestaria<\/strong> que desde 2012 ha condicionado que los municipios y cabildos puedan recurrir a sus propios recursos y \u201cmostr\u00e1ndose ahora incomprensiblemente disconforme con el escenario de reactivaci\u00f3n econ\u00f3mica y social que este acuerdo abre para Canarias y para el conjunto del pa\u00eds&#8221;.<\/p>\n<p>El presidente del Gobierno <strong>Pedro S\u00e1nchez<\/strong> tambi\u00e9n ha valorado este martes el acuerdo con los ayuntamientos, tras la firma del mismo con la FEMP.<\/p>\n<blockquote class=\"twitter-tweet\">\n<p dir=\"ltr\" lang=\"es\">Hoy hemos cerrado un acuerdo con <a href=\"https:\/\/twitter.com\/fempcomunica?ref_src=twsrc%5Etfw\">@fempcomunica<\/a> para movilizar 5.000 M de euros para las entidades locales <a href=\"https:\/\/twitter.com\/hashtag\/EELL?src=hash&amp;ref_src=twsrc%5Etfw\">#EELL<\/a> que impulsar\u00e1n la recuperaci\u00f3n de las arcas municipales.<\/p>\n<p>Un acuerdo NECESARIO para los ayuntamientos.<\/p>\n<p>\u25b6\ufe0f <a href=\"https:\/\/twitter.com\/sanchezcastejon?ref_src=twsrc%5Etfw\">@sanchezcastejon<\/a><br \/>\n<a href=\"https:\/\/twitter.com\/hashtag\/BalanceGobierno?src=hash&amp;ref_src=twsrc%5Etfw\">#BalanceGobierno<\/a><a href=\"https:\/\/twitter.com\/hashtag\/EnMarchaTodosUnidos?src=hash&amp;ref_src=twsrc%5Etfw\">#EnMarchaTodosUnidos<\/a> <a href=\"https:\/\/t.co\/YiYlTeMHpn\">pic.twitter.com\/YiYlTeMHpn<\/a><\/p>\n<p>\u2014 PSOE (@PSOE) <a href=\"https:\/\/twitter.com\/PSOE\/status\/1290676367470690306?ref_src=twsrc%5Etfw\">August 4, 2020<\/a><\/p><\/blockquote>\n<p><script async src=\"https:\/\/platform.twitter.com\/widgets.js\" charset=\"utf-8\"><\/script><\/p>\n<p style=\"font-weight: 400;\">El dirigente socialista, miembro de la FECAM y <strong>alcalde del municipio palmero de San Andr\u00e9s y Sauces<\/strong> ha subrayado la importancia que tendr\u00e1 el uso de este fondo de 5.000 millones de cara a la transformaci\u00f3n de nuestras islas y municipios y la mejora de la vida de las personas en el proceso de reconstrucci\u00f3n tras la pandemia del Covid-19.<\/p>\n<p style=\"font-weight: 400;\">\u201cEl acuerdo permite tambi\u00e9n la utilizaci\u00f3n del <strong>super\u00e1vit de 2019<\/strong>, m\u00e1s de 3.000 millones de euros, y hace compatible usar remanentes y super\u00e1vit \u00edntegramente, sin que computen en regla de gasto ni d\u00e9ficit; cosa que ahora no era posible debido a la ley del PP del a\u00f1o 2012 (Ley de Estabilidad Presupuestaria)\u201d.<\/p>\n<p style=\"font-weight: 400;\">Contiene, adem\u00e1s, un fondo de hasta 400 millones de euros para el <strong>transporte p\u00fablico municipal<\/strong>, y garantizar\u00e1 la llegada de los fondos europeos a las Entidades Locales, ya que se participar\u00e1 en la planificaci\u00f3n de los mismos como sujetos activos respecto a la cantidad y a su utilizaci\u00f3n.<\/p>\n<p style=\"font-weight: 400;\">\u201cA esto se a\u00f1ade que nadie quedar\u00e1 atr\u00e1s\u201d, pues el acuerdo alcanza tambi\u00e9n a los ayuntamientos <strong>sin remanentes y en situaci\u00f3n de riesgo<\/strong> financiero, para los que este acuerdo recoge medidas concretas.<\/p>\n<blockquote class=\"twitter-tweet\">\n<p dir=\"ltr\" lang=\"es\">Firmamos un acuerdo con <a href=\"https:\/\/twitter.com\/fempcomunica?ref_src=twsrc%5Etfw\">@fempcomunica<\/a> para impulsar, tambi\u00e9n desde los ayuntamientos, la recuperaci\u00f3n del pa\u00eds. Es clave dotar a los pueblos y ciudades de los recursos necesarios para que puedan paliar los efectos del <a href=\"https:\/\/twitter.com\/hashtag\/COVID19?src=hash&amp;ref_src=twsrc%5Etfw\">#COVID19<\/a> y contribuir a la reconstrucci\u00f3n econ\u00f3mica y social. <a href=\"https:\/\/t.co\/3nAHHqHrpt\">pic.twitter.com\/3nAHHqHrpt<\/a><\/p>\n<p>\u2014 Pedro S\u00e1nchez (@sanchezcastejon) <a href=\"https:\/\/twitter.com\/sanchezcastejon\/status\/1290553646132924416?ref_src=twsrc%5Etfw\">August 4, 2020<\/a><\/p><\/blockquote>\n<p><script async src=\"https:\/\/platform.twitter.com\/widgets.js\" charset=\"utf-8\"><\/script><\/p>\n<p style=\"font-weight: 400;\">Las <strong>inversiones podr\u00e1n destinarse<\/strong>, entre otras, a mejorar la oferta de alquileres asequibles, rehabilitaci\u00f3n de viviendas, peatonalizaciones, carriles-bici, aparcamientos disuasorios, movilidad sostenible. Limpieza y mantenimiento de r\u00edos y playas, paseos verdes o abastecimiento de agua. Programas para prevenir la violencia de g\u00e9nero o para afrontar la exclusi\u00f3n social en colectivos vulnerables. Mejoras en los centros de d\u00eda para mayores y servicios de teleasistencia, construcci\u00f3n de centros educativos 0-3 a\u00f1os, apoyo a la promoci\u00f3n cultural, o infraestructuras culturales y de Patrimonio Hist\u00f3rico.<\/p>\n","protected":false},"excerpt":{"rendered":"<p>\u201cEs una buena noticia para Canarias, que da respuesta a las necesidades de las administraciones&#8221;, celebra Francisco Paz<\/p>\n","protected":false},"author":1,"featured_media":11422,"comment_status":"open","ping_status":"open","sticky":false,"template":"","format":"standard","meta":{"footnotes":""},"categories":[1184,7],"tags":[1203,821],"class_list":["post-11421","post","type-post","status-publish","format-standard","has-post-thumbnail","hentry","category-noticias","category-politica","tag-francisco-paz","tag-politica-municipal"],"featured_image_src":"https:\/\/psoecanarias.com\/web\/wp-content\/uploads\/2020\/08\/Francisco-Paz.jpg","author_info":{"display_name":"PSOE Canarias","author_link":"https:\/\/psoecanarias.com\/web\/author\/admin\/"},"yoast_head":"<!-- This site is optimized with the Yoast SEO plugin v27.2 - https:\/\/yoast.com\/product\/yoast-seo-wordpress\/ -->\n<title>El PSOE Canarias valora el fin del austericidio impuesto por el PP a cabildos y ayuntamientos | PSOE Canarias<\/title>\n<meta name=\"robots\" content=\"index, follow, max-snippet:-1, max-image-preview:large, max-video-preview:-1\" \/>\n<link rel=\"canonical\" href=\"https:\/\/psoecanarias.com\/web\/el-psoe-canarias-valora-el-fin-del-austericidio-impuesto-por-el-pp-a-cabildos-y-ayuntamientos\/\" \/>\n<meta property=\"og:locale\" content=\"es_ES\" \/>\n<meta property=\"og:type\" content=\"article\" \/>\n<meta property=\"og:title\" content=\"El PSOE Canarias valora el fin del austericidio impuesto por el PP a cabildos y ayuntamientos | PSOE Canarias\" \/>\n<meta property=\"og:description\" content=\"\u201cEs una buena noticia para Canarias, que da respuesta a las necesidades de las administraciones&quot;, celebra Francisco Paz\" \/>\n<meta property=\"og:url\" content=\"https:\/\/psoecanarias.com\/web\/el-psoe-canarias-valora-el-fin-del-austericidio-impuesto-por-el-pp-a-cabildos-y-ayuntamientos\/\" \/>\n<meta property=\"og:site_name\" content=\"PSOE Canarias\" \/>\n<meta property=\"article:published_time\" content=\"2020-08-04T18:58:22+00:00\" \/>\n<meta property=\"article:modified_time\" content=\"2020-08-04T19:12:31+00:00\" \/>\n<meta property=\"og:image\" content=\"https:\/\/psoecanarias.com\/web\/wp-content\/uploads\/2020\/08\/Francisco-Paz.jpg\" \/>\n\t<meta property=\"og:image:width\" content=\"763\" \/>\n\t<meta property=\"og:image:height\" content=\"534\" \/>\n\t<meta property=\"og:image:type\" content=\"image\/jpeg\" \/>\n<meta name=\"author\" content=\"PSOE Canarias\" \/>\n<meta name=\"twitter:card\" content=\"summary_large_image\" \/>\n<script type=\"application\/ld+json\" class=\"yoast-schema-graph\">{\"@context\":\"https:\/\/schema.org\",\"@graph\":[{\"@type\":\"Article\",\"@id\":\"https:\/\/psoecanarias.com\/web\/el-psoe-canarias-valora-el-fin-del-austericidio-impuesto-por-el-pp-a-cabildos-y-ayuntamientos\/#article\",\"isPartOf\":{\"@id\":\"https:\/\/psoecanarias.com\/web\/el-psoe-canarias-valora-el-fin-del-austericidio-impuesto-por-el-pp-a-cabildos-y-ayuntamientos\/\"},\"author\":{\"name\":\"PSOE Canarias\",\"@id\":\"https:\/\/psoecanarias.com\/web\/#\/schema\/person\/1ae43f9659d2fc599ca69c11e1dbf26f\"},\"headline\":\"El PSOE Canarias valora el fin del austericidio impuesto por el PP a cabildos y ayuntamientos\",\"datePublished\":\"2020-08-04T18:58:22+00:00\",\"dateModified\":\"2020-08-04T19:12:31+00:00\",\"mainEntityOfPage\":{\"@id\":\"https:\/\/psoecanarias.com\/web\/el-psoe-canarias-valora-el-fin-del-austericidio-impuesto-por-el-pp-a-cabildos-y-ayuntamientos\/\"},\"wordCount\":899,\"commentCount\":0,\"image\":{\"@id\":\"https:\/\/psoecanarias.com\/web\/el-psoe-canarias-valora-el-fin-del-austericidio-impuesto-por-el-pp-a-cabildos-y-ayuntamientos\/#primaryimage\"},\"thumbnailUrl\":\"https:\/\/psoecanarias.com\/web\/wp-content\/uploads\/2020\/08\/Francisco-Paz.jpg\",\"keywords\":[\"Francisco Paz\",\"Pol\u00edtica Municipal\"],\"articleSection\":[\"Noticias\",\"Pol\u00edtica\"],\"inLanguage\":\"es\",\"potentialAction\":[{\"@type\":\"CommentAction\",\"name\":\"Comment\",\"target\":[\"https:\/\/psoecanarias.com\/web\/el-psoe-canarias-valora-el-fin-del-austericidio-impuesto-por-el-pp-a-cabildos-y-ayuntamientos\/#respond\"]}]},{\"@type\":\"WebPage\",\"@id\":\"https:\/\/psoecanarias.com\/web\/el-psoe-canarias-valora-el-fin-del-austericidio-impuesto-por-el-pp-a-cabildos-y-ayuntamientos\/\",\"url\":\"https:\/\/psoecanarias.com\/web\/el-psoe-canarias-valora-el-fin-del-austericidio-impuesto-por-el-pp-a-cabildos-y-ayuntamientos\/\",\"name\":\"El PSOE Canarias valora el fin del austericidio impuesto por el PP a cabildos y ayuntamientos | PSOE Canarias\",\"isPartOf\":{\"@id\":\"https:\/\/psoecanarias.com\/web\/#website\"},\"primaryImageOfPage\":{\"@id\":\"https:\/\/psoecanarias.com\/web\/el-psoe-canarias-valora-el-fin-del-austericidio-impuesto-por-el-pp-a-cabildos-y-ayuntamientos\/#primaryimage\"},\"image\":{\"@id\":\"https:\/\/psoecanarias.com\/web\/el-psoe-canarias-valora-el-fin-del-austericidio-impuesto-por-el-pp-a-cabildos-y-ayuntamientos\/#primaryimage\"},\"thumbnailUrl\":\"https:\/\/psoecanarias.com\/web\/wp-content\/uploads\/2020\/08\/Francisco-Paz.jpg\",\"datePublished\":\"2020-08-04T18:58:22+00:00\",\"dateModified\":\"2020-08-04T19:12:31+00:00\",\"author\":{\"@id\":\"https:\/\/psoecanarias.com\/web\/#\/schema\/person\/1ae43f9659d2fc599ca69c11e1dbf26f\"},\"breadcrumb\":{\"@id\":\"https:\/\/psoecanarias.com\/web\/el-psoe-canarias-valora-el-fin-del-austericidio-impuesto-por-el-pp-a-cabildos-y-ayuntamientos\/#breadcrumb\"},\"inLanguage\":\"es\",\"potentialAction\":[{\"@type\":\"ReadAction\",\"target\":[\"https:\/\/psoecanarias.com\/web\/el-psoe-canarias-valora-el-fin-del-austericidio-impuesto-por-el-pp-a-cabildos-y-ayuntamientos\/\"]}]},{\"@type\":\"ImageObject\",\"inLanguage\":\"es\",\"@id\":\"https:\/\/psoecanarias.com\/web\/el-psoe-canarias-valora-el-fin-del-austericidio-impuesto-por-el-pp-a-cabildos-y-ayuntamientos\/#primaryimage\",\"url\":\"https:\/\/psoecanarias.com\/web\/wp-content\/uploads\/2020\/08\/Francisco-Paz.jpg\",\"contentUrl\":\"https:\/\/psoecanarias.com\/web\/wp-content\/uploads\/2020\/08\/Francisco-Paz.jpg\",\"width\":763,\"height\":534},{\"@type\":\"BreadcrumbList\",\"@id\":\"https:\/\/psoecanarias.com\/web\/el-psoe-canarias-valora-el-fin-del-austericidio-impuesto-por-el-pp-a-cabildos-y-ayuntamientos\/#breadcrumb\",\"itemListElement\":[{\"@type\":\"ListItem\",\"position\":1,\"name\":\"Portada\",\"item\":\"https:\/\/psoecanarias.com\/web\/\"},{\"@type\":\"ListItem\",\"position\":2,\"name\":\"El PSOE Canarias valora el fin del austericidio impuesto por el PP a cabildos y ayuntamientos\"}]},{\"@type\":\"WebSite\",\"@id\":\"https:\/\/psoecanarias.com\/web\/#website\",\"url\":\"https:\/\/psoecanarias.com\/web\/\",\"name\":\"PSOE Canarias\",\"description\":\"Partido Socialista Obrero Espa\u00f1ol Canarias\",\"potentialAction\":[{\"@type\":\"SearchAction\",\"target\":{\"@type\":\"EntryPoint\",\"urlTemplate\":\"https:\/\/psoecanarias.com\/web\/?s={search_term_string}\"},\"query-input\":{\"@type\":\"PropertyValueSpecification\",\"valueRequired\":true,\"valueName\":\"search_term_string\"}}],\"inLanguage\":\"es\"},{\"@type\":\"Person\",\"@id\":\"https:\/\/psoecanarias.com\/web\/#\/schema\/person\/1ae43f9659d2fc599ca69c11e1dbf26f\",\"name\":\"PSOE Canarias\",\"image\":{\"@type\":\"ImageObject\",\"inLanguage\":\"es\",\"@id\":\"https:\/\/secure.gravatar.com\/avatar\/4364d37f6f6f9cdb7af199b46151565f37d8a8c3c0e04c1d78c04e857a15e3a8?s=96&d=mm&r=g\",\"url\":\"https:\/\/secure.gravatar.com\/avatar\/4364d37f6f6f9cdb7af199b46151565f37d8a8c3c0e04c1d78c04e857a15e3a8?s=96&d=mm&r=g\",\"contentUrl\":\"https:\/\/secure.gravatar.com\/avatar\/4364d37f6f6f9cdb7af199b46151565f37d8a8c3c0e04c1d78c04e857a15e3a8?s=96&d=mm&r=g\",\"caption\":\"PSOE Canarias\"},\"url\":\"https:\/\/psoecanarias.com\/web\/author\/admin\/\"}]}<\/script>\n<!-- \/ Yoast SEO plugin. -->","yoast_head_json":{"title":"El PSOE Canarias valora el fin del austericidio impuesto por el PP a cabildos y ayuntamientos | PSOE Canarias","robots":{"index":"index","follow":"follow","max-snippet":"max-snippet:-1","max-image-preview":"max-image-preview:large","max-video-preview":"max-video-preview:-1"},"canonical":"https:\/\/psoecanarias.com\/web\/el-psoe-canarias-valora-el-fin-del-austericidio-impuesto-por-el-pp-a-cabildos-y-ayuntamientos\/","og_locale":"es_ES","og_type":"article","og_title":"El PSOE Canarias valora el fin del austericidio impuesto por el PP a cabildos y ayuntamientos | PSOE Canarias","og_description":"\u201cEs una buena noticia para Canarias, que da respuesta a las necesidades de las administraciones\", celebra Francisco Paz","og_url":"https:\/\/psoecanarias.com\/web\/el-psoe-canarias-valora-el-fin-del-austericidio-impuesto-por-el-pp-a-cabildos-y-ayuntamientos\/","og_site_name":"PSOE Canarias","article_published_time":"2020-08-04T18:58:22+00:00","article_modified_time":"2020-08-04T19:12:31+00:00","og_image":[{"width":763,"height":534,"url":"https:\/\/psoecanarias.com\/web\/wp-content\/uploads\/2020\/08\/Francisco-Paz.jpg","type":"image\/jpeg"}],"author":"PSOE Canarias","twitter_card":"summary_large_image","schema":{"@context":"https:\/\/schema.org","@graph":[{"@type":"Article","@id":"https:\/\/psoecanarias.com\/web\/el-psoe-canarias-valora-el-fin-del-austericidio-impuesto-por-el-pp-a-cabildos-y-ayuntamientos\/#article","isPartOf":{"@id":"https:\/\/psoecanarias.com\/web\/el-psoe-canarias-valora-el-fin-del-austericidio-impuesto-por-el-pp-a-cabildos-y-ayuntamientos\/"},"author":{"name":"PSOE Canarias","@id":"https:\/\/psoecanarias.com\/web\/#\/schema\/person\/1ae43f9659d2fc599ca69c11e1dbf26f"},"headline":"El PSOE Canarias valora el fin del austericidio impuesto por el PP a cabildos y ayuntamientos","datePublished":"2020-08-04T18:58:22+00:00","dateModified":"2020-08-04T19:12:31+00:00","mainEntityOfPage":{"@id":"https:\/\/psoecanarias.com\/web\/el-psoe-canarias-valora-el-fin-del-austericidio-impuesto-por-el-pp-a-cabildos-y-ayuntamientos\/"},"wordCount":899,"commentCount":0,"image":{"@id":"https:\/\/psoecanarias.com\/web\/el-psoe-canarias-valora-el-fin-del-austericidio-impuesto-por-el-pp-a-cabildos-y-ayuntamientos\/#primaryimage"},"thumbnailUrl":"https:\/\/psoecanarias.com\/web\/wp-content\/uploads\/2020\/08\/Francisco-Paz.jpg","keywords":["Francisco Paz","Pol\u00edtica Municipal"],"articleSection":["Noticias","Pol\u00edtica"],"inLanguage":"es","potentialAction":[{"@type":"CommentAction","name":"Comment","target":["https:\/\/psoecanarias.com\/web\/el-psoe-canarias-valora-el-fin-del-austericidio-impuesto-por-el-pp-a-cabildos-y-ayuntamientos\/#respond"]}]},{"@type":"WebPage","@id":"https:\/\/psoecanarias.com\/web\/el-psoe-canarias-valora-el-fin-del-austericidio-impuesto-por-el-pp-a-cabildos-y-ayuntamientos\/","url":"https:\/\/psoecanarias.com\/web\/el-psoe-canarias-valora-el-fin-del-austericidio-impuesto-por-el-pp-a-cabildos-y-ayuntamientos\/","name":"El PSOE Canarias valora el fin del austericidio impuesto por el PP a cabildos y ayuntamientos | PSOE Canarias","isPartOf":{"@id":"https:\/\/psoecanarias.com\/web\/#website"},"primaryImageOfPage":{"@id":"https:\/\/psoecanarias.com\/web\/el-psoe-canarias-valora-el-fin-del-austericidio-impuesto-por-el-pp-a-cabildos-y-ayuntamientos\/#primaryimage"},"image":{"@id":"https:\/\/psoecanarias.com\/web\/el-psoe-canarias-valora-el-fin-del-austericidio-impuesto-por-el-pp-a-cabildos-y-ayuntamientos\/#primaryimage"},"thumbnailUrl":"https:\/\/psoecanarias.com\/web\/wp-content\/uploads\/2020\/08\/Francisco-Paz.jpg","datePublished":"2020-08-04T18:58:22+00:00","dateModified":"2020-08-04T19:12:31+00:00","author":{"@id":"https:\/\/psoecanarias.com\/web\/#\/schema\/person\/1ae43f9659d2fc599ca69c11e1dbf26f"},"breadcrumb":{"@id":"https:\/\/psoecanarias.com\/web\/el-psoe-canarias-valora-el-fin-del-austericidio-impuesto-por-el-pp-a-cabildos-y-ayuntamientos\/#breadcrumb"},"inLanguage":"es","potentialAction":[{"@type":"ReadAction","target":["https:\/\/psoecanarias.com\/web\/el-psoe-canarias-valora-el-fin-del-austericidio-impuesto-por-el-pp-a-cabildos-y-ayuntamientos\/"]}]},{"@type":"ImageObject","inLanguage":"es","@id":"https:\/\/psoecanarias.com\/web\/el-psoe-canarias-valora-el-fin-del-austericidio-impuesto-por-el-pp-a-cabildos-y-ayuntamientos\/#primaryimage","url":"https:\/\/psoecanarias.com\/web\/wp-content\/uploads\/2020\/08\/Francisco-Paz.jpg","contentUrl":"https:\/\/psoecanarias.com\/web\/wp-content\/uploads\/2020\/08\/Francisco-Paz.jpg","width":763,"height":534},{"@type":"BreadcrumbList","@id":"https:\/\/psoecanarias.com\/web\/el-psoe-canarias-valora-el-fin-del-austericidio-impuesto-por-el-pp-a-cabildos-y-ayuntamientos\/#breadcrumb","itemListElement":[{"@type":"ListItem","position":1,"name":"Portada","item":"https:\/\/psoecanarias.com\/web\/"},{"@type":"ListItem","position":2,"name":"El PSOE Canarias valora el fin del austericidio impuesto por el PP a cabildos y ayuntamientos"}]},{"@type":"WebSite","@id":"https:\/\/psoecanarias.com\/web\/#website","url":"https:\/\/psoecanarias.com\/web\/","name":"PSOE Canarias","description":"Partido Socialista Obrero Espa\u00f1ol Canarias","potentialAction":[{"@type":"SearchAction","target":{"@type":"EntryPoint","urlTemplate":"https:\/\/psoecanarias.com\/web\/?s={search_term_string}"},"query-input":{"@type":"PropertyValueSpecification","valueRequired":true,"valueName":"search_term_string"}}],"inLanguage":"es"},{"@type":"Person","@id":"https:\/\/psoecanarias.com\/web\/#\/schema\/person\/1ae43f9659d2fc599ca69c11e1dbf26f","name":"PSOE Canarias","image":{"@type":"ImageObject","inLanguage":"es","@id":"https:\/\/secure.gravatar.com\/avatar\/4364d37f6f6f9cdb7af199b46151565f37d8a8c3c0e04c1d78c04e857a15e3a8?s=96&d=mm&r=g","url":"https:\/\/secure.gravatar.com\/avatar\/4364d37f6f6f9cdb7af199b46151565f37d8a8c3c0e04c1d78c04e857a15e3a8?s=96&d=mm&r=g","contentUrl":"https:\/\/secure.gravatar.com\/avatar\/4364d37f6f6f9cdb7af199b46151565f37d8a8c3c0e04c1d78c04e857a15e3a8?s=96&d=mm&r=g","caption":"PSOE Canarias"},"url":"https:\/\/psoecanarias.com\/web\/author\/admin\/"}]}},"_links":{"self":[{"href":"https:\/\/psoecanarias.com\/web\/wp-json\/wp\/v2\/posts\/11421","targetHints":{"allow":["GET"]}}],"collection":[{"href":"https:\/\/psoecanarias.com\/web\/wp-json\/wp\/v2\/posts"}],"about":[{"href":"https:\/\/psoecanarias.com\/web\/wp-json\/wp\/v2\/types\/post"}],"author":[{"embeddable":true,"href":"https:\/\/psoecanarias.com\/web\/wp-json\/wp\/v2\/users\/1"}],"replies":[{"embeddable":true,"href":"https:\/\/psoecanarias.com\/web\/wp-json\/wp\/v2\/comments?post=11421"}],"version-history":[{"count":6,"href":"https:\/\/psoecanarias.com\/web\/wp-json\/wp\/v2\/posts\/11421\/revisions"}],"predecessor-version":[{"id":11430,"href":"https:\/\/psoecanarias.com\/web\/wp-json\/wp\/v2\/posts\/11421\/revisions\/11430"}],"wp:featuredmedia":[{"embeddable":true,"href":"https:\/\/psoecanarias.com\/web\/wp-json\/wp\/v2\/media\/11422"}],"wp:attachment":[{"href":"https:\/\/psoecanarias.com\/web\/wp-json\/wp\/v2\/media?parent=11421"}],"wp:term":[{"taxonomy":"category","embeddable":true,"href":"https:\/\/psoecanarias.com\/web\/wp-json\/wp\/v2\/categories?post=11421"},{"taxonomy":"post_tag","embeddable":true,"href":"https:\/\/psoecanarias.com\/web\/wp-json\/wp\/v2\/tags?post=11421"}],"curies":[{"name":"wp","href":"https:\/\/api.w.org\/{rel}","templated":true}]}}