{"id":1208,"date":"2015-05-18T16:04:41","date_gmt":"2015-05-18T15:04:41","guid":{"rendered":"http:\/\/psoecanarias.com\/web\/?p=1208"},"modified":"2015-05-19T16:09:03","modified_gmt":"2015-05-19T15:09:03","slug":"acabaremos-con-los-desahucios-de-quienes-menos-tienen-por-las-buenas-o-por-las-leyes","status":"publish","type":"post","link":"https:\/\/psoecanarias.com\/web\/acabaremos-con-los-desahucios-de-quienes-menos-tienen-por-las-buenas-o-por-las-leyes\/","title":{"rendered":"\u201cAcabaremos con los desahucios de quienes menos tienen, por las buenas o por las leyes\u201d"},"content":{"rendered":"<h5><strong>La candidata socialista a la Presidencia del Gobierno de Canarias afirma que no le \u201ctemblar\u00e1 la mano\u201d a la hora de sancionar a los bancos que aplican cl\u00e1usulas hipotecarias abusivas<\/strong><\/h5>\n<p>La candidata socialista a la Presidencia del Gobierno de Canarias, Patricia Hern\u00e1ndez, afirm\u00f3 esta ma\u00f1ana que el PSOE \u201cno va a consentir la sensaci\u00f3n de desamparo entre aquellos que han sufrido la crisis econ\u00f3mica\u201d y defendi\u00f3 la firmeza de su futuro ejecutivo, que \u201cactuar\u00e1 con responsabilidad defendiendo a quienes no tienen quien les defienda\u201d. \u201cAcabaremos con los desahucios de los que menos tienen, por las buenas o por las leyes\u201d, asever\u00f3.<\/p>\n<p>Durante un recorrido por el Barrio de La Salud, en Santa Cruz de Tenerife, la candidata record\u00f3 que pondr\u00e1 en marcha desde el pr\u00f3ximo Gobierno auton\u00f3mico un convenio con la Sociedad de Gesti\u00f3n de Activos Procedentes de la Reestructuraci\u00f3n Bancaria (Sareb) para la cesi\u00f3n cada a\u00f1o del 90% las viviendas del &#8216;banco malo&#8217; al parque de alquileres sociales.<\/p>\n<p>Patricia Hern\u00e1ndez record\u00f3 que entre las medidas que aplicar\u00e1 justo tras su llegada al Gobierno regional tambi\u00e9n est\u00e1 la imposici\u00f3n de sanciones a las entidades financieras que apliquen cl\u00e1usulas hipotecarias abusivas. \u201cQuienes est\u00e1n cobrando de m\u00e1s por las cl\u00e1usulas suelo, sepan que no me temblar\u00e1 la mano: sancionaremos a los bancos y ese dinero lo recibir\u00e1n directamente en sus bolsillos aquellas personas a las que se ha cobrado de m\u00e1s\u201d, a\u00f1adi\u00f3. A su juicio, \u201csobran los motivos legales y jur\u00eddicos para perseguir y acabar con las cl\u00e1usulas suelo abusivas, pero sobre todo sobran los motivos sociales\u201d.<\/p>\n<blockquote><p><em><strong><span style=\"line-height: 1.5;\">\u201cSobran los motivos legales y jur\u00eddicos para perseguir y acabar con las cl\u00e1usulas suelo abusivas, pero sobre todo sobran los motivos sociales\u201d<\/span><\/strong><\/em><\/p><\/blockquote>\n<p><span style=\"line-height: 1.5;\">En esta l\u00ednea, la candidata tiene prevista tambi\u00e9n la creaci\u00f3n de una oficina de intermediaci\u00f3n para responder a los procesos de lanzamiento iniciados por los bancos, \u201cya sea con una quita de deuda, una paralizaci\u00f3n del desahucio o una daci\u00f3n en pago con alquiler social\u201d.<\/span><\/p>\n<p>Como explic\u00f3, esta oficina \u201cse convertir\u00e1 en mediadora en los procesos de ejecuci\u00f3n hipotecaria para evitar los desahucios y negociar con las entidades financieras un alquiler social\u201d, por lo que actuar\u00eda como \u201cun enlace entre los afectados por las hipotecas y las entidades financieras, con el fin de buscar alternativas y soluciones de consenso entre las partes\u201d.<\/p>\n<p>Patricia Hern\u00e1ndez se comprometi\u00f3 tambi\u00e9n a poner en marcha desde el Ejecutivo auton\u00f3mico un plan de rehabilitaci\u00f3n sostenible de viviendas y eficiencia energ\u00e9tica \u201cque implique a las personas desempleadas de la burbuja inmobiliaria\u201d. Este plan, que pretende incentivar la rehabilitaci\u00f3n mediante inversiones en medidas de eficiencia y uso de energ\u00edas renovables en la edificaci\u00f3n, est\u00e1 orientado a un doble objetivo: crear empleo y reducir la factura energ\u00e9tica en hogares y empresas.<\/p>\n<p>\u201cNo ser\u00e1 solo un plan de rehabilitaci\u00f3n, sino tambi\u00e9n un plan de empleo que permitir\u00e1 a los j\u00f3venes desempleados de la burbuja inmobiliaria reciclar conocimientos y enfocarlos a la eficiencia energ\u00e9tica de las viviendas, al nuevo modelo econ\u00f3mico que queremos, basado en las energ\u00edas renovables\u201d, detall\u00f3.<\/p>\n","protected":false},"excerpt":{"rendered":"<p>La candidata socialista a la Presidencia del Gobierno de Canarias afirma que no le \u201ctemblar\u00e1 la mano\u201d a la hora de sancionar a los bancos que aplican cl\u00e1usulas hipotecarias abusivas.<\/p>\n","protected":false},"author":1,"featured_media":1210,"comment_status":"open","ping_status":"open","sticky":false,"template":"","format":"standard","meta":{"footnotes":""},"categories":[7],"tags":[201,11,199,198,44,200,9,10,202,25],"class_list":["post-1208","post","type-post","status-publish","format-standard","has-post-thumbnail","hentry","category-politica","tag-banco-malo","tag-canarias","tag-clausula-suelo","tag-clausulas-abusivas","tag-gobierno-de-canarias","tag-oficina-de-intermediacion","tag-patricia-hernandez","tag-psoe","tag-sareb","tag-socialistas"],"featured_image_src":"https:\/\/psoecanarias.com\/web\/wp-content\/uploads\/2015\/05\/Patricia-Hern--ndez-habla-sobre-vivienda.jpg","author_info":{"display_name":"PSOE Canarias","author_link":"https:\/\/psoecanarias.com\/web\/author\/admin\/"},"yoast_head":"<!-- This site is optimized with the Yoast SEO plugin v27.2 - https:\/\/yoast.com\/product\/yoast-seo-wordpress\/ -->\n<title>Patricia Hern\u00e1ndez acabar\u00e1 con los desahucios de quienes menos tienen<\/title>\n<meta name=\"description\" content=\"Patricia Hern\u00e1ndez acabar\u00e1 con los desahucios de quienes menos tienen y sancionar\u00e1 a los bancos que apliquen cl\u00e1usulas abusivas\" \/>\n<meta name=\"robots\" content=\"index, follow, max-snippet:-1, max-image-preview:large, max-video-preview:-1\" \/>\n<link rel=\"canonical\" href=\"https:\/\/psoecanarias.com\/web\/acabaremos-con-los-desahucios-de-quienes-menos-tienen-por-las-buenas-o-por-las-leyes\/\" \/>\n<meta property=\"og:locale\" content=\"es_ES\" \/>\n<meta property=\"og:type\" content=\"article\" \/>\n<meta property=\"og:title\" content=\"Patricia Hern\u00e1ndez acabar\u00e1 con los desahucios de quienes menos tienen\" \/>\n<meta property=\"og:description\" content=\"Patricia Hern\u00e1ndez acabar\u00e1 con los desahucios de quienes menos tienen y sancionar\u00e1 a los bancos que apliquen cl\u00e1usulas abusivas\" \/>\n<meta property=\"og:url\" content=\"https:\/\/psoecanarias.com\/web\/acabaremos-con-los-desahucios-de-quienes-menos-tienen-por-las-buenas-o-por-las-leyes\/\" \/>\n<meta property=\"og:site_name\" content=\"PSOE Canarias\" \/>\n<meta property=\"article:published_time\" content=\"2015-05-18T15:04:41+00:00\" \/>\n<meta property=\"article:modified_time\" content=\"2015-05-19T15:09:03+00:00\" \/>\n<meta property=\"og:image\" content=\"https:\/\/psoecanarias.com\/web\/wp-content\/uploads\/2015\/05\/Patricia-Hern--ndez-habla-sobre-vivienda.jpg\" \/>\n\t<meta property=\"og:image:width\" content=\"1250\" \/>\n\t<meta property=\"og:image:height\" content=\"828\" \/>\n\t<meta property=\"og:image:type\" content=\"image\/jpeg\" \/>\n<meta name=\"author\" content=\"PSOE Canarias\" \/>\n<meta name=\"twitter:card\" content=\"summary_large_image\" \/>\n<script type=\"application\/ld+json\" class=\"yoast-schema-graph\">{\"@context\":\"https:\/\/schema.org\",\"@graph\":[{\"@type\":\"Article\",\"@id\":\"https:\/\/psoecanarias.com\/web\/acabaremos-con-los-desahucios-de-quienes-menos-tienen-por-las-buenas-o-por-las-leyes\/#article\",\"isPartOf\":{\"@id\":\"https:\/\/psoecanarias.com\/web\/acabaremos-con-los-desahucios-de-quienes-menos-tienen-por-las-buenas-o-por-las-leyes\/\"},\"author\":{\"name\":\"PSOE Canarias\",\"@id\":\"https:\/\/psoecanarias.com\/web\/#\/schema\/person\/1ae43f9659d2fc599ca69c11e1dbf26f\"},\"headline\":\"\u201cAcabaremos con los desahucios de quienes menos tienen, por las buenas o por las leyes\u201d\",\"datePublished\":\"2015-05-18T15:04:41+00:00\",\"dateModified\":\"2015-05-19T15:09:03+00:00\",\"mainEntityOfPage\":{\"@id\":\"https:\/\/psoecanarias.com\/web\/acabaremos-con-los-desahucios-de-quienes-menos-tienen-por-las-buenas-o-por-las-leyes\/\"},\"wordCount\":558,\"commentCount\":0,\"image\":{\"@id\":\"https:\/\/psoecanarias.com\/web\/acabaremos-con-los-desahucios-de-quienes-menos-tienen-por-las-buenas-o-por-las-leyes\/#primaryimage\"},\"thumbnailUrl\":\"https:\/\/psoecanarias.com\/web\/wp-content\/uploads\/2015\/05\/Patricia-Hern--ndez-habla-sobre-vivienda.jpg\",\"keywords\":[\"banco malo\",\"Canarias\",\"cl\u00e1usula suelo\",\"cl\u00e1usulas abusivas\",\"Gobierno de Canarias\",\"oficina de intermediaci\u00f3n\",\"Patricia Hern\u00e1ndez\",\"PSOE\",\"Sareb\",\"socialistas\"],\"articleSection\":[\"Pol\u00edtica\"],\"inLanguage\":\"es\",\"potentialAction\":[{\"@type\":\"CommentAction\",\"name\":\"Comment\",\"target\":[\"https:\/\/psoecanarias.com\/web\/acabaremos-con-los-desahucios-de-quienes-menos-tienen-por-las-buenas-o-por-las-leyes\/#respond\"]}]},{\"@type\":\"WebPage\",\"@id\":\"https:\/\/psoecanarias.com\/web\/acabaremos-con-los-desahucios-de-quienes-menos-tienen-por-las-buenas-o-por-las-leyes\/\",\"url\":\"https:\/\/psoecanarias.com\/web\/acabaremos-con-los-desahucios-de-quienes-menos-tienen-por-las-buenas-o-por-las-leyes\/\",\"name\":\"Patricia Hern\u00e1ndez acabar\u00e1 con los desahucios de quienes menos tienen\",\"isPartOf\":{\"@id\":\"https:\/\/psoecanarias.com\/web\/#website\"},\"primaryImageOfPage\":{\"@id\":\"https:\/\/psoecanarias.com\/web\/acabaremos-con-los-desahucios-de-quienes-menos-tienen-por-las-buenas-o-por-las-leyes\/#primaryimage\"},\"image\":{\"@id\":\"https:\/\/psoecanarias.com\/web\/acabaremos-con-los-desahucios-de-quienes-menos-tienen-por-las-buenas-o-por-las-leyes\/#primaryimage\"},\"thumbnailUrl\":\"https:\/\/psoecanarias.com\/web\/wp-content\/uploads\/2015\/05\/Patricia-Hern--ndez-habla-sobre-vivienda.jpg\",\"datePublished\":\"2015-05-18T15:04:41+00:00\",\"dateModified\":\"2015-05-19T15:09:03+00:00\",\"author\":{\"@id\":\"https:\/\/psoecanarias.com\/web\/#\/schema\/person\/1ae43f9659d2fc599ca69c11e1dbf26f\"},\"description\":\"Patricia Hern\u00e1ndez acabar\u00e1 con los desahucios de quienes menos tienen y sancionar\u00e1 a los bancos que apliquen cl\u00e1usulas abusivas\",\"breadcrumb\":{\"@id\":\"https:\/\/psoecanarias.com\/web\/acabaremos-con-los-desahucios-de-quienes-menos-tienen-por-las-buenas-o-por-las-leyes\/#breadcrumb\"},\"inLanguage\":\"es\",\"potentialAction\":[{\"@type\":\"ReadAction\",\"target\":[\"https:\/\/psoecanarias.com\/web\/acabaremos-con-los-desahucios-de-quienes-menos-tienen-por-las-buenas-o-por-las-leyes\/\"]}]},{\"@type\":\"ImageObject\",\"inLanguage\":\"es\",\"@id\":\"https:\/\/psoecanarias.com\/web\/acabaremos-con-los-desahucios-de-quienes-menos-tienen-por-las-buenas-o-por-las-leyes\/#primaryimage\",\"url\":\"https:\/\/psoecanarias.com\/web\/wp-content\/uploads\/2015\/05\/Patricia-Hern--ndez-habla-sobre-vivienda.jpg\",\"contentUrl\":\"https:\/\/psoecanarias.com\/web\/wp-content\/uploads\/2015\/05\/Patricia-Hern--ndez-habla-sobre-vivienda.jpg\",\"width\":1250,\"height\":828,\"caption\":\"Patricia Hern\u00e1ndez habla sobre vivienda\"},{\"@type\":\"BreadcrumbList\",\"@id\":\"https:\/\/psoecanarias.com\/web\/acabaremos-con-los-desahucios-de-quienes-menos-tienen-por-las-buenas-o-por-las-leyes\/#breadcrumb\",\"itemListElement\":[{\"@type\":\"ListItem\",\"position\":1,\"name\":\"Portada\",\"item\":\"https:\/\/psoecanarias.com\/web\/\"},{\"@type\":\"ListItem\",\"position\":2,\"name\":\"\u201cAcabaremos con los desahucios de quienes menos tienen, por las buenas o por las leyes\u201d\"}]},{\"@type\":\"WebSite\",\"@id\":\"https:\/\/psoecanarias.com\/web\/#website\",\"url\":\"https:\/\/psoecanarias.com\/web\/\",\"name\":\"PSOE Canarias\",\"description\":\"Partido Socialista Obrero Espa\u00f1ol Canarias\",\"potentialAction\":[{\"@type\":\"SearchAction\",\"target\":{\"@type\":\"EntryPoint\",\"urlTemplate\":\"https:\/\/psoecanarias.com\/web\/?s={search_term_string}\"},\"query-input\":{\"@type\":\"PropertyValueSpecification\",\"valueRequired\":true,\"valueName\":\"search_term_string\"}}],\"inLanguage\":\"es\"},{\"@type\":\"Person\",\"@id\":\"https:\/\/psoecanarias.com\/web\/#\/schema\/person\/1ae43f9659d2fc599ca69c11e1dbf26f\",\"name\":\"PSOE Canarias\",\"image\":{\"@type\":\"ImageObject\",\"inLanguage\":\"es\",\"@id\":\"https:\/\/secure.gravatar.com\/avatar\/4364d37f6f6f9cdb7af199b46151565f37d8a8c3c0e04c1d78c04e857a15e3a8?s=96&d=mm&r=g\",\"url\":\"https:\/\/secure.gravatar.com\/avatar\/4364d37f6f6f9cdb7af199b46151565f37d8a8c3c0e04c1d78c04e857a15e3a8?s=96&d=mm&r=g\",\"contentUrl\":\"https:\/\/secure.gravatar.com\/avatar\/4364d37f6f6f9cdb7af199b46151565f37d8a8c3c0e04c1d78c04e857a15e3a8?s=96&d=mm&r=g\",\"caption\":\"PSOE Canarias\"},\"url\":\"https:\/\/psoecanarias.com\/web\/author\/admin\/\"}]}<\/script>\n<!-- \/ Yoast SEO plugin. -->","yoast_head_json":{"title":"Patricia Hern\u00e1ndez acabar\u00e1 con los desahucios de quienes menos tienen","description":"Patricia Hern\u00e1ndez acabar\u00e1 con los desahucios de quienes menos tienen y sancionar\u00e1 a los bancos que apliquen cl\u00e1usulas abusivas","robots":{"index":"index","follow":"follow","max-snippet":"max-snippet:-1","max-image-preview":"max-image-preview:large","max-video-preview":"max-video-preview:-1"},"canonical":"https:\/\/psoecanarias.com\/web\/acabaremos-con-los-desahucios-de-quienes-menos-tienen-por-las-buenas-o-por-las-leyes\/","og_locale":"es_ES","og_type":"article","og_title":"Patricia Hern\u00e1ndez acabar\u00e1 con los desahucios de quienes menos tienen","og_description":"Patricia Hern\u00e1ndez acabar\u00e1 con los desahucios de quienes menos tienen y sancionar\u00e1 a los bancos que apliquen cl\u00e1usulas abusivas","og_url":"https:\/\/psoecanarias.com\/web\/acabaremos-con-los-desahucios-de-quienes-menos-tienen-por-las-buenas-o-por-las-leyes\/","og_site_name":"PSOE Canarias","article_published_time":"2015-05-18T15:04:41+00:00","article_modified_time":"2015-05-19T15:09:03+00:00","og_image":[{"width":1250,"height":828,"url":"https:\/\/psoecanarias.com\/web\/wp-content\/uploads\/2015\/05\/Patricia-Hern--ndez-habla-sobre-vivienda.jpg","type":"image\/jpeg"}],"author":"PSOE Canarias","twitter_card":"summary_large_image","schema":{"@context":"https:\/\/schema.org","@graph":[{"@type":"Article","@id":"https:\/\/psoecanarias.com\/web\/acabaremos-con-los-desahucios-de-quienes-menos-tienen-por-las-buenas-o-por-las-leyes\/#article","isPartOf":{"@id":"https:\/\/psoecanarias.com\/web\/acabaremos-con-los-desahucios-de-quienes-menos-tienen-por-las-buenas-o-por-las-leyes\/"},"author":{"name":"PSOE Canarias","@id":"https:\/\/psoecanarias.com\/web\/#\/schema\/person\/1ae43f9659d2fc599ca69c11e1dbf26f"},"headline":"\u201cAcabaremos con los desahucios de quienes menos tienen, por las buenas o por las leyes\u201d","datePublished":"2015-05-18T15:04:41+00:00","dateModified":"2015-05-19T15:09:03+00:00","mainEntityOfPage":{"@id":"https:\/\/psoecanarias.com\/web\/acabaremos-con-los-desahucios-de-quienes-menos-tienen-por-las-buenas-o-por-las-leyes\/"},"wordCount":558,"commentCount":0,"image":{"@id":"https:\/\/psoecanarias.com\/web\/acabaremos-con-los-desahucios-de-quienes-menos-tienen-por-las-buenas-o-por-las-leyes\/#primaryimage"},"thumbnailUrl":"https:\/\/psoecanarias.com\/web\/wp-content\/uploads\/2015\/05\/Patricia-Hern--ndez-habla-sobre-vivienda.jpg","keywords":["banco malo","Canarias","cl\u00e1usula suelo","cl\u00e1usulas abusivas","Gobierno de Canarias","oficina de intermediaci\u00f3n","Patricia Hern\u00e1ndez","PSOE","Sareb","socialistas"],"articleSection":["Pol\u00edtica"],"inLanguage":"es","potentialAction":[{"@type":"CommentAction","name":"Comment","target":["https:\/\/psoecanarias.com\/web\/acabaremos-con-los-desahucios-de-quienes-menos-tienen-por-las-buenas-o-por-las-leyes\/#respond"]}]},{"@type":"WebPage","@id":"https:\/\/psoecanarias.com\/web\/acabaremos-con-los-desahucios-de-quienes-menos-tienen-por-las-buenas-o-por-las-leyes\/","url":"https:\/\/psoecanarias.com\/web\/acabaremos-con-los-desahucios-de-quienes-menos-tienen-por-las-buenas-o-por-las-leyes\/","name":"Patricia Hern\u00e1ndez acabar\u00e1 con los desahucios de quienes menos tienen","isPartOf":{"@id":"https:\/\/psoecanarias.com\/web\/#website"},"primaryImageOfPage":{"@id":"https:\/\/psoecanarias.com\/web\/acabaremos-con-los-desahucios-de-quienes-menos-tienen-por-las-buenas-o-por-las-leyes\/#primaryimage"},"image":{"@id":"https:\/\/psoecanarias.com\/web\/acabaremos-con-los-desahucios-de-quienes-menos-tienen-por-las-buenas-o-por-las-leyes\/#primaryimage"},"thumbnailUrl":"https:\/\/psoecanarias.com\/web\/wp-content\/uploads\/2015\/05\/Patricia-Hern--ndez-habla-sobre-vivienda.jpg","datePublished":"2015-05-18T15:04:41+00:00","dateModified":"2015-05-19T15:09:03+00:00","author":{"@id":"https:\/\/psoecanarias.com\/web\/#\/schema\/person\/1ae43f9659d2fc599ca69c11e1dbf26f"},"description":"Patricia Hern\u00e1ndez acabar\u00e1 con los desahucios de quienes menos tienen y sancionar\u00e1 a los bancos que apliquen cl\u00e1usulas abusivas","breadcrumb":{"@id":"https:\/\/psoecanarias.com\/web\/acabaremos-con-los-desahucios-de-quienes-menos-tienen-por-las-buenas-o-por-las-leyes\/#breadcrumb"},"inLanguage":"es","potentialAction":[{"@type":"ReadAction","target":["https:\/\/psoecanarias.com\/web\/acabaremos-con-los-desahucios-de-quienes-menos-tienen-por-las-buenas-o-por-las-leyes\/"]}]},{"@type":"ImageObject","inLanguage":"es","@id":"https:\/\/psoecanarias.com\/web\/acabaremos-con-los-desahucios-de-quienes-menos-tienen-por-las-buenas-o-por-las-leyes\/#primaryimage","url":"https:\/\/psoecanarias.com\/web\/wp-content\/uploads\/2015\/05\/Patricia-Hern--ndez-habla-sobre-vivienda.jpg","contentUrl":"https:\/\/psoecanarias.com\/web\/wp-content\/uploads\/2015\/05\/Patricia-Hern--ndez-habla-sobre-vivienda.jpg","width":1250,"height":828,"caption":"Patricia Hern\u00e1ndez habla sobre vivienda"},{"@type":"BreadcrumbList","@id":"https:\/\/psoecanarias.com\/web\/acabaremos-con-los-desahucios-de-quienes-menos-tienen-por-las-buenas-o-por-las-leyes\/#breadcrumb","itemListElement":[{"@type":"ListItem","position":1,"name":"Portada","item":"https:\/\/psoecanarias.com\/web\/"},{"@type":"ListItem","position":2,"name":"\u201cAcabaremos con los desahucios de quienes menos tienen, por las buenas o por las leyes\u201d"}]},{"@type":"WebSite","@id":"https:\/\/psoecanarias.com\/web\/#website","url":"https:\/\/psoecanarias.com\/web\/","name":"PSOE Canarias","description":"Partido Socialista Obrero Espa\u00f1ol Canarias","potentialAction":[{"@type":"SearchAction","target":{"@type":"EntryPoint","urlTemplate":"https:\/\/psoecanarias.com\/web\/?s={search_term_string}"},"query-input":{"@type":"PropertyValueSpecification","valueRequired":true,"valueName":"search_term_string"}}],"inLanguage":"es"},{"@type":"Person","@id":"https:\/\/psoecanarias.com\/web\/#\/schema\/person\/1ae43f9659d2fc599ca69c11e1dbf26f","name":"PSOE Canarias","image":{"@type":"ImageObject","inLanguage":"es","@id":"https:\/\/secure.gravatar.com\/avatar\/4364d37f6f6f9cdb7af199b46151565f37d8a8c3c0e04c1d78c04e857a15e3a8?s=96&d=mm&r=g","url":"https:\/\/secure.gravatar.com\/avatar\/4364d37f6f6f9cdb7af199b46151565f37d8a8c3c0e04c1d78c04e857a15e3a8?s=96&d=mm&r=g","contentUrl":"https:\/\/secure.gravatar.com\/avatar\/4364d37f6f6f9cdb7af199b46151565f37d8a8c3c0e04c1d78c04e857a15e3a8?s=96&d=mm&r=g","caption":"PSOE Canarias"},"url":"https:\/\/psoecanarias.com\/web\/author\/admin\/"}]}},"_links":{"self":[{"href":"https:\/\/psoecanarias.com\/web\/wp-json\/wp\/v2\/posts\/1208","targetHints":{"allow":["GET"]}}],"collection":[{"href":"https:\/\/psoecanarias.com\/web\/wp-json\/wp\/v2\/posts"}],"about":[{"href":"https:\/\/psoecanarias.com\/web\/wp-json\/wp\/v2\/types\/post"}],"author":[{"embeddable":true,"href":"https:\/\/psoecanarias.com\/web\/wp-json\/wp\/v2\/users\/1"}],"replies":[{"embeddable":true,"href":"https:\/\/psoecanarias.com\/web\/wp-json\/wp\/v2\/comments?post=1208"}],"version-history":[{"count":2,"href":"https:\/\/psoecanarias.com\/web\/wp-json\/wp\/v2\/posts\/1208\/revisions"}],"predecessor-version":[{"id":1211,"href":"https:\/\/psoecanarias.com\/web\/wp-json\/wp\/v2\/posts\/1208\/revisions\/1211"}],"wp:featuredmedia":[{"embeddable":true,"href":"https:\/\/psoecanarias.com\/web\/wp-json\/wp\/v2\/media\/1210"}],"wp:attachment":[{"href":"https:\/\/psoecanarias.com\/web\/wp-json\/wp\/v2\/media?parent=1208"}],"wp:term":[{"taxonomy":"category","embeddable":true,"href":"https:\/\/psoecanarias.com\/web\/wp-json\/wp\/v2\/categories?post=1208"},{"taxonomy":"post_tag","embeddable":true,"href":"https:\/\/psoecanarias.com\/web\/wp-json\/wp\/v2\/tags?post=1208"}],"curies":[{"name":"wp","href":"https:\/\/api.w.org\/{rel}","templated":true}]}}