{"id":1213,"date":"2015-05-26T12:23:38","date_gmt":"2015-05-26T11:23:38","guid":{"rendered":"http:\/\/psoecanarias.com\/web\/?p=1213"},"modified":"2015-05-26T12:23:38","modified_gmt":"2015-05-26T11:23:38","slug":"vamos-a-hacer-lo-que-nos-ha-mandado-la-ciudadania-dialogar-para-seguir-gobernando-en-canarias","status":"publish","type":"post","link":"https:\/\/psoecanarias.com\/web\/vamos-a-hacer-lo-que-nos-ha-mandado-la-ciudadania-dialogar-para-seguir-gobernando-en-canarias\/","title":{"rendered":"&#8220;Vamos a hacer lo que nos ha mandado la ciudadan\u00eda: dialogar para seguir gobernando en Canarias\u201d"},"content":{"rendered":"<h5><strong>Jos\u00e9 Miguel P\u00e9rez asegura que se actuar\u00e1 \u201cen sinton\u00eda\u201d con lo que han expresado las urnas y se abrir\u00e1 el di\u00e1logo \u201cpara gobernar en las Islas y en la inmensa mayor\u00eda de ayuntamientos y cabildos\u201d<\/strong><\/h5>\n<p>La candidata socialista a la Presidencia del Gobierno regional, Patricia Hern\u00e1ndez, afirm\u00f3\u00a0que tras las elecciones del 24M\u00a0el PSOE \u201char\u00e1 lo que nos ha dicho la ciudadan\u00eda: dialogar, pero cambiando la forma de hacer las cosas y poniendo siempre el foco en una salida justa de la crisis\u201d.<\/p>\n<p>Hern\u00e1ndez hizo estas declaraciones durante un receso de la reuni\u00f3n de la Comisi\u00f3n Ejecutiva Regional celebrada\u00a0en Santa Cruz de Tenerife para analizar los resultados electorales, encuentro en el que estuvo acompa\u00f1ada por el secretario general del partido, Jos\u00e9 Miguel P\u00e9rez. Para la candidata, los beneficios de la recuperaci\u00f3n econ\u00f3mica \u201ctienen que llegar a cada rinc\u00f3n de esta tierra\u201d y garantiz\u00f3 que \u201clos canarios y canarias estar\u00e1n satisfechos de c\u00f3mo actuar\u00e1 el PSOE en este proceso\u201d. \u201cHemos ganado las elecciones y ahora vamos a hacer lo que nos ha mandado la ciudadan\u00eda: dialogar para seguir gobernando en Canarias\u201d, a\u00f1adi\u00f3.<\/p>\n<p>Patricia Hern\u00e1ndez expres\u00f3 su satisfacci\u00f3n por la confianza depositada en el PSOE por la ciudadan\u00eda y record\u00f3 que gracias a ese apoyo ciudadano \u201csomos la \u00fanica fuerza con representaci\u00f3n en todas las islas al Parlamento de Canarias\u201d. \u201cSomos un partido que no solo quiere a Canarias, sino que la entiende\u201d, dijo.<\/p>\n<blockquote><p><em><strong>\u201cHemos ganado las elecciones y ahora vamos a hacer lo que nos ha mandado la ciudadan\u00eda: dialogar para seguir gobernando en Canarias\u201d<\/strong><\/em><\/p><\/blockquote>\n<p>Por su parte, Jos\u00e9 Miguel P\u00e9rez insisti\u00f3 tambi\u00e9n en que el partido \u201cactuar\u00e1 en sinton\u00eda con los que han expresado las urnas\u201d tras las elecciones, por lo que \u201cse abrir\u00e1n conversaciones\u201d que permitan \u201cseguir gobernando en las Islas y en la inmensa mayor\u00eda de cabildos y ayuntamientos\u201d. \u201cSomos un partido que gobierna con responsabilidad y vamos a tener la posibilidad de seguir haci\u00e9ndolo siendo una fuerza de centralidad pol\u00edtica y de principios\u201d, apunt\u00f3.<\/p>\n<p>\u201cLa candidata y yo estamos muy orgullosos del PSOE y muy orgullosos de nuestros candidatos y candidatas, pero sobre todo damos las gracias a los ciudadanos y ciudadanas que han dado su confianza al PSOE\u201d, dijo. As\u00ed, a\u00f1adi\u00f3 que \u201cen los pr\u00f3ximos d\u00edas\u201d se iniciar\u00e1n las conversaciones con \u201cel resto de fuerzas pol\u00edticas\u201d para abrir un di\u00e1logo \u201csin oscuridad\u201d.<\/p>\n","protected":false},"excerpt":{"rendered":"<p>La candidata socialista a la Presidencia del Gobierno regional, Patricia Hern\u00e1ndez, afirma que tras el 24M el PSOE \u201char\u00e1 lo que nos ha dicho la ciudadan\u00eda: dialogar, pero cambiando la forma de hacer las cosas y poniendo siempre el foco en una salida justa de la crisis\u201d.<\/p>\n","protected":false},"author":1,"featured_media":1214,"comment_status":"open","ping_status":"open","sticky":false,"template":"","format":"standard","meta":{"footnotes":""},"categories":[7],"tags":[55,204,203,11,163,164,207,206,54,210,23,208,209,9,211,24,205,25],"class_list":["post-1213","post","type-post","status-publish","format-standard","has-post-thumbnail","hentry","category-politica","tag-24-de-mayo","tag-24-m","tag-24m","tag-canarias","tag-cc","tag-coalicion-canaria","tag-comision-ejecutiva-regional","tag-ejecutiva-regional","tag-elecciones","tag-electorales","tag-jose-miguel-perez","tag-pacto","tag-pactos","tag-patricia-hernandez","tag-psc-psoe","tag-psoe-de-canarias","tag-resultados","tag-socialistas"],"featured_image_src":"https:\/\/psoecanarias.com\/web\/wp-content\/uploads\/2015\/05\/Ejecutiva-PSOE.jpg","author_info":{"display_name":"PSOE Canarias","author_link":"https:\/\/psoecanarias.com\/web\/author\/admin\/"},"yoast_head":"<!-- This site is optimized with the Yoast SEO plugin v27.2 - https:\/\/yoast.com\/product\/yoast-seo-wordpress\/ -->\n<title>El PSOE dialogar\u00e1 para seguir gobernando en Canarias despu\u00e9s de las elecciones 2015<\/title>\n<meta name=\"description\" content=\"El PSOE dialogar\u00e1 para seguir gobernando en Canarias despu\u00e9s de las elecciones 2015\" \/>\n<meta name=\"robots\" content=\"index, follow, max-snippet:-1, max-image-preview:large, max-video-preview:-1\" \/>\n<link rel=\"canonical\" href=\"https:\/\/psoecanarias.com\/web\/vamos-a-hacer-lo-que-nos-ha-mandado-la-ciudadania-dialogar-para-seguir-gobernando-en-canarias\/\" \/>\n<meta property=\"og:locale\" content=\"es_ES\" \/>\n<meta property=\"og:type\" content=\"article\" \/>\n<meta property=\"og:title\" content=\"El PSOE dialogar\u00e1 para seguir gobernando en Canarias despu\u00e9s de las elecciones 2015\" \/>\n<meta property=\"og:description\" content=\"El PSOE dialogar\u00e1 para seguir gobernando en Canarias despu\u00e9s de las elecciones 2015\" \/>\n<meta property=\"og:url\" content=\"https:\/\/psoecanarias.com\/web\/vamos-a-hacer-lo-que-nos-ha-mandado-la-ciudadania-dialogar-para-seguir-gobernando-en-canarias\/\" \/>\n<meta property=\"og:site_name\" content=\"PSOE Canarias\" \/>\n<meta property=\"article:published_time\" content=\"2015-05-26T11:23:38+00:00\" \/>\n<meta property=\"og:image\" content=\"https:\/\/psoecanarias.com\/web\/wp-content\/uploads\/2015\/05\/Ejecutiva-PSOE.jpg\" \/>\n\t<meta property=\"og:image:width\" content=\"1350\" \/>\n\t<meta property=\"og:image:height\" content=\"901\" \/>\n\t<meta property=\"og:image:type\" content=\"image\/jpeg\" \/>\n<meta name=\"author\" content=\"PSOE Canarias\" \/>\n<meta name=\"twitter:card\" content=\"summary_large_image\" \/>\n<script type=\"application\/ld+json\" class=\"yoast-schema-graph\">{\"@context\":\"https:\/\/schema.org\",\"@graph\":[{\"@type\":\"Article\",\"@id\":\"https:\/\/psoecanarias.com\/web\/vamos-a-hacer-lo-que-nos-ha-mandado-la-ciudadania-dialogar-para-seguir-gobernando-en-canarias\/#article\",\"isPartOf\":{\"@id\":\"https:\/\/psoecanarias.com\/web\/vamos-a-hacer-lo-que-nos-ha-mandado-la-ciudadania-dialogar-para-seguir-gobernando-en-canarias\/\"},\"author\":{\"name\":\"PSOE Canarias\",\"@id\":\"https:\/\/psoecanarias.com\/web\/#\/schema\/person\/1ae43f9659d2fc599ca69c11e1dbf26f\"},\"headline\":\"&#8220;Vamos a hacer lo que nos ha mandado la ciudadan\u00eda: dialogar para seguir gobernando en Canarias\u201d\",\"datePublished\":\"2015-05-26T11:23:38+00:00\",\"mainEntityOfPage\":{\"@id\":\"https:\/\/psoecanarias.com\/web\/vamos-a-hacer-lo-que-nos-ha-mandado-la-ciudadania-dialogar-para-seguir-gobernando-en-canarias\/\"},\"wordCount\":441,\"commentCount\":0,\"image\":{\"@id\":\"https:\/\/psoecanarias.com\/web\/vamos-a-hacer-lo-que-nos-ha-mandado-la-ciudadania-dialogar-para-seguir-gobernando-en-canarias\/#primaryimage\"},\"thumbnailUrl\":\"https:\/\/psoecanarias.com\/web\/wp-content\/uploads\/2015\/05\/Ejecutiva-PSOE.jpg\",\"keywords\":[\"24 de mayo\",\"24-M\",\"24M\",\"Canarias\",\"CC\",\"Coalici\u00f3n Canaria\",\"Comisi\u00f3n Ejecutiva Regional\",\"Ejecutiva Regional\",\"elecciones\",\"electorales\",\"Jos\u00e9 Miguel P\u00e9rez\",\"pacto\",\"pactos\",\"Patricia Hern\u00e1ndez\",\"PSC-PSOE\",\"PSOE de Canarias\",\"resultados\",\"socialistas\"],\"articleSection\":[\"Pol\u00edtica\"],\"inLanguage\":\"es\",\"potentialAction\":[{\"@type\":\"CommentAction\",\"name\":\"Comment\",\"target\":[\"https:\/\/psoecanarias.com\/web\/vamos-a-hacer-lo-que-nos-ha-mandado-la-ciudadania-dialogar-para-seguir-gobernando-en-canarias\/#respond\"]}]},{\"@type\":\"WebPage\",\"@id\":\"https:\/\/psoecanarias.com\/web\/vamos-a-hacer-lo-que-nos-ha-mandado-la-ciudadania-dialogar-para-seguir-gobernando-en-canarias\/\",\"url\":\"https:\/\/psoecanarias.com\/web\/vamos-a-hacer-lo-que-nos-ha-mandado-la-ciudadania-dialogar-para-seguir-gobernando-en-canarias\/\",\"name\":\"El PSOE dialogar\u00e1 para seguir gobernando en Canarias despu\u00e9s de las elecciones 2015\",\"isPartOf\":{\"@id\":\"https:\/\/psoecanarias.com\/web\/#website\"},\"primaryImageOfPage\":{\"@id\":\"https:\/\/psoecanarias.com\/web\/vamos-a-hacer-lo-que-nos-ha-mandado-la-ciudadania-dialogar-para-seguir-gobernando-en-canarias\/#primaryimage\"},\"image\":{\"@id\":\"https:\/\/psoecanarias.com\/web\/vamos-a-hacer-lo-que-nos-ha-mandado-la-ciudadania-dialogar-para-seguir-gobernando-en-canarias\/#primaryimage\"},\"thumbnailUrl\":\"https:\/\/psoecanarias.com\/web\/wp-content\/uploads\/2015\/05\/Ejecutiva-PSOE.jpg\",\"datePublished\":\"2015-05-26T11:23:38+00:00\",\"author\":{\"@id\":\"https:\/\/psoecanarias.com\/web\/#\/schema\/person\/1ae43f9659d2fc599ca69c11e1dbf26f\"},\"description\":\"El PSOE dialogar\u00e1 para seguir gobernando en Canarias despu\u00e9s de las elecciones 2015\",\"breadcrumb\":{\"@id\":\"https:\/\/psoecanarias.com\/web\/vamos-a-hacer-lo-que-nos-ha-mandado-la-ciudadania-dialogar-para-seguir-gobernando-en-canarias\/#breadcrumb\"},\"inLanguage\":\"es\",\"potentialAction\":[{\"@type\":\"ReadAction\",\"target\":[\"https:\/\/psoecanarias.com\/web\/vamos-a-hacer-lo-que-nos-ha-mandado-la-ciudadania-dialogar-para-seguir-gobernando-en-canarias\/\"]}]},{\"@type\":\"ImageObject\",\"inLanguage\":\"es\",\"@id\":\"https:\/\/psoecanarias.com\/web\/vamos-a-hacer-lo-que-nos-ha-mandado-la-ciudadania-dialogar-para-seguir-gobernando-en-canarias\/#primaryimage\",\"url\":\"https:\/\/psoecanarias.com\/web\/wp-content\/uploads\/2015\/05\/Ejecutiva-PSOE.jpg\",\"contentUrl\":\"https:\/\/psoecanarias.com\/web\/wp-content\/uploads\/2015\/05\/Ejecutiva-PSOE.jpg\",\"width\":1350,\"height\":901,\"caption\":\"Reuni\u00f3n de la Ejecutiva Regional\"},{\"@type\":\"BreadcrumbList\",\"@id\":\"https:\/\/psoecanarias.com\/web\/vamos-a-hacer-lo-que-nos-ha-mandado-la-ciudadania-dialogar-para-seguir-gobernando-en-canarias\/#breadcrumb\",\"itemListElement\":[{\"@type\":\"ListItem\",\"position\":1,\"name\":\"Portada\",\"item\":\"https:\/\/psoecanarias.com\/web\/\"},{\"@type\":\"ListItem\",\"position\":2,\"name\":\"\\\"Vamos a hacer lo que nos ha mandado la ciudadan\u00eda: dialogar para seguir gobernando en Canarias\u201d\"}]},{\"@type\":\"WebSite\",\"@id\":\"https:\/\/psoecanarias.com\/web\/#website\",\"url\":\"https:\/\/psoecanarias.com\/web\/\",\"name\":\"PSOE Canarias\",\"description\":\"Partido Socialista Obrero Espa\u00f1ol Canarias\",\"potentialAction\":[{\"@type\":\"SearchAction\",\"target\":{\"@type\":\"EntryPoint\",\"urlTemplate\":\"https:\/\/psoecanarias.com\/web\/?s={search_term_string}\"},\"query-input\":{\"@type\":\"PropertyValueSpecification\",\"valueRequired\":true,\"valueName\":\"search_term_string\"}}],\"inLanguage\":\"es\"},{\"@type\":\"Person\",\"@id\":\"https:\/\/psoecanarias.com\/web\/#\/schema\/person\/1ae43f9659d2fc599ca69c11e1dbf26f\",\"name\":\"PSOE Canarias\",\"image\":{\"@type\":\"ImageObject\",\"inLanguage\":\"es\",\"@id\":\"https:\/\/secure.gravatar.com\/avatar\/4364d37f6f6f9cdb7af199b46151565f37d8a8c3c0e04c1d78c04e857a15e3a8?s=96&d=mm&r=g\",\"url\":\"https:\/\/secure.gravatar.com\/avatar\/4364d37f6f6f9cdb7af199b46151565f37d8a8c3c0e04c1d78c04e857a15e3a8?s=96&d=mm&r=g\",\"contentUrl\":\"https:\/\/secure.gravatar.com\/avatar\/4364d37f6f6f9cdb7af199b46151565f37d8a8c3c0e04c1d78c04e857a15e3a8?s=96&d=mm&r=g\",\"caption\":\"PSOE Canarias\"},\"url\":\"https:\/\/psoecanarias.com\/web\/author\/admin\/\"}]}<\/script>\n<!-- \/ Yoast SEO plugin. -->","yoast_head_json":{"title":"El PSOE dialogar\u00e1 para seguir gobernando en Canarias despu\u00e9s de las elecciones 2015","description":"El PSOE dialogar\u00e1 para seguir gobernando en Canarias despu\u00e9s de las elecciones 2015","robots":{"index":"index","follow":"follow","max-snippet":"max-snippet:-1","max-image-preview":"max-image-preview:large","max-video-preview":"max-video-preview:-1"},"canonical":"https:\/\/psoecanarias.com\/web\/vamos-a-hacer-lo-que-nos-ha-mandado-la-ciudadania-dialogar-para-seguir-gobernando-en-canarias\/","og_locale":"es_ES","og_type":"article","og_title":"El PSOE dialogar\u00e1 para seguir gobernando en Canarias despu\u00e9s de las elecciones 2015","og_description":"El PSOE dialogar\u00e1 para seguir gobernando en Canarias despu\u00e9s de las elecciones 2015","og_url":"https:\/\/psoecanarias.com\/web\/vamos-a-hacer-lo-que-nos-ha-mandado-la-ciudadania-dialogar-para-seguir-gobernando-en-canarias\/","og_site_name":"PSOE Canarias","article_published_time":"2015-05-26T11:23:38+00:00","og_image":[{"width":1350,"height":901,"url":"https:\/\/psoecanarias.com\/web\/wp-content\/uploads\/2015\/05\/Ejecutiva-PSOE.jpg","type":"image\/jpeg"}],"author":"PSOE Canarias","twitter_card":"summary_large_image","schema":{"@context":"https:\/\/schema.org","@graph":[{"@type":"Article","@id":"https:\/\/psoecanarias.com\/web\/vamos-a-hacer-lo-que-nos-ha-mandado-la-ciudadania-dialogar-para-seguir-gobernando-en-canarias\/#article","isPartOf":{"@id":"https:\/\/psoecanarias.com\/web\/vamos-a-hacer-lo-que-nos-ha-mandado-la-ciudadania-dialogar-para-seguir-gobernando-en-canarias\/"},"author":{"name":"PSOE Canarias","@id":"https:\/\/psoecanarias.com\/web\/#\/schema\/person\/1ae43f9659d2fc599ca69c11e1dbf26f"},"headline":"&#8220;Vamos a hacer lo que nos ha mandado la ciudadan\u00eda: dialogar para seguir gobernando en Canarias\u201d","datePublished":"2015-05-26T11:23:38+00:00","mainEntityOfPage":{"@id":"https:\/\/psoecanarias.com\/web\/vamos-a-hacer-lo-que-nos-ha-mandado-la-ciudadania-dialogar-para-seguir-gobernando-en-canarias\/"},"wordCount":441,"commentCount":0,"image":{"@id":"https:\/\/psoecanarias.com\/web\/vamos-a-hacer-lo-que-nos-ha-mandado-la-ciudadania-dialogar-para-seguir-gobernando-en-canarias\/#primaryimage"},"thumbnailUrl":"https:\/\/psoecanarias.com\/web\/wp-content\/uploads\/2015\/05\/Ejecutiva-PSOE.jpg","keywords":["24 de mayo","24-M","24M","Canarias","CC","Coalici\u00f3n Canaria","Comisi\u00f3n Ejecutiva Regional","Ejecutiva Regional","elecciones","electorales","Jos\u00e9 Miguel P\u00e9rez","pacto","pactos","Patricia Hern\u00e1ndez","PSC-PSOE","PSOE de Canarias","resultados","socialistas"],"articleSection":["Pol\u00edtica"],"inLanguage":"es","potentialAction":[{"@type":"CommentAction","name":"Comment","target":["https:\/\/psoecanarias.com\/web\/vamos-a-hacer-lo-que-nos-ha-mandado-la-ciudadania-dialogar-para-seguir-gobernando-en-canarias\/#respond"]}]},{"@type":"WebPage","@id":"https:\/\/psoecanarias.com\/web\/vamos-a-hacer-lo-que-nos-ha-mandado-la-ciudadania-dialogar-para-seguir-gobernando-en-canarias\/","url":"https:\/\/psoecanarias.com\/web\/vamos-a-hacer-lo-que-nos-ha-mandado-la-ciudadania-dialogar-para-seguir-gobernando-en-canarias\/","name":"El PSOE dialogar\u00e1 para seguir gobernando en Canarias despu\u00e9s de las elecciones 2015","isPartOf":{"@id":"https:\/\/psoecanarias.com\/web\/#website"},"primaryImageOfPage":{"@id":"https:\/\/psoecanarias.com\/web\/vamos-a-hacer-lo-que-nos-ha-mandado-la-ciudadania-dialogar-para-seguir-gobernando-en-canarias\/#primaryimage"},"image":{"@id":"https:\/\/psoecanarias.com\/web\/vamos-a-hacer-lo-que-nos-ha-mandado-la-ciudadania-dialogar-para-seguir-gobernando-en-canarias\/#primaryimage"},"thumbnailUrl":"https:\/\/psoecanarias.com\/web\/wp-content\/uploads\/2015\/05\/Ejecutiva-PSOE.jpg","datePublished":"2015-05-26T11:23:38+00:00","author":{"@id":"https:\/\/psoecanarias.com\/web\/#\/schema\/person\/1ae43f9659d2fc599ca69c11e1dbf26f"},"description":"El PSOE dialogar\u00e1 para seguir gobernando en Canarias despu\u00e9s de las elecciones 2015","breadcrumb":{"@id":"https:\/\/psoecanarias.com\/web\/vamos-a-hacer-lo-que-nos-ha-mandado-la-ciudadania-dialogar-para-seguir-gobernando-en-canarias\/#breadcrumb"},"inLanguage":"es","potentialAction":[{"@type":"ReadAction","target":["https:\/\/psoecanarias.com\/web\/vamos-a-hacer-lo-que-nos-ha-mandado-la-ciudadania-dialogar-para-seguir-gobernando-en-canarias\/"]}]},{"@type":"ImageObject","inLanguage":"es","@id":"https:\/\/psoecanarias.com\/web\/vamos-a-hacer-lo-que-nos-ha-mandado-la-ciudadania-dialogar-para-seguir-gobernando-en-canarias\/#primaryimage","url":"https:\/\/psoecanarias.com\/web\/wp-content\/uploads\/2015\/05\/Ejecutiva-PSOE.jpg","contentUrl":"https:\/\/psoecanarias.com\/web\/wp-content\/uploads\/2015\/05\/Ejecutiva-PSOE.jpg","width":1350,"height":901,"caption":"Reuni\u00f3n de la Ejecutiva Regional"},{"@type":"BreadcrumbList","@id":"https:\/\/psoecanarias.com\/web\/vamos-a-hacer-lo-que-nos-ha-mandado-la-ciudadania-dialogar-para-seguir-gobernando-en-canarias\/#breadcrumb","itemListElement":[{"@type":"ListItem","position":1,"name":"Portada","item":"https:\/\/psoecanarias.com\/web\/"},{"@type":"ListItem","position":2,"name":"\"Vamos a hacer lo que nos ha mandado la ciudadan\u00eda: dialogar para seguir gobernando en Canarias\u201d"}]},{"@type":"WebSite","@id":"https:\/\/psoecanarias.com\/web\/#website","url":"https:\/\/psoecanarias.com\/web\/","name":"PSOE Canarias","description":"Partido Socialista Obrero Espa\u00f1ol Canarias","potentialAction":[{"@type":"SearchAction","target":{"@type":"EntryPoint","urlTemplate":"https:\/\/psoecanarias.com\/web\/?s={search_term_string}"},"query-input":{"@type":"PropertyValueSpecification","valueRequired":true,"valueName":"search_term_string"}}],"inLanguage":"es"},{"@type":"Person","@id":"https:\/\/psoecanarias.com\/web\/#\/schema\/person\/1ae43f9659d2fc599ca69c11e1dbf26f","name":"PSOE Canarias","image":{"@type":"ImageObject","inLanguage":"es","@id":"https:\/\/secure.gravatar.com\/avatar\/4364d37f6f6f9cdb7af199b46151565f37d8a8c3c0e04c1d78c04e857a15e3a8?s=96&d=mm&r=g","url":"https:\/\/secure.gravatar.com\/avatar\/4364d37f6f6f9cdb7af199b46151565f37d8a8c3c0e04c1d78c04e857a15e3a8?s=96&d=mm&r=g","contentUrl":"https:\/\/secure.gravatar.com\/avatar\/4364d37f6f6f9cdb7af199b46151565f37d8a8c3c0e04c1d78c04e857a15e3a8?s=96&d=mm&r=g","caption":"PSOE Canarias"},"url":"https:\/\/psoecanarias.com\/web\/author\/admin\/"}]}},"_links":{"self":[{"href":"https:\/\/psoecanarias.com\/web\/wp-json\/wp\/v2\/posts\/1213","targetHints":{"allow":["GET"]}}],"collection":[{"href":"https:\/\/psoecanarias.com\/web\/wp-json\/wp\/v2\/posts"}],"about":[{"href":"https:\/\/psoecanarias.com\/web\/wp-json\/wp\/v2\/types\/post"}],"author":[{"embeddable":true,"href":"https:\/\/psoecanarias.com\/web\/wp-json\/wp\/v2\/users\/1"}],"replies":[{"embeddable":true,"href":"https:\/\/psoecanarias.com\/web\/wp-json\/wp\/v2\/comments?post=1213"}],"version-history":[{"count":1,"href":"https:\/\/psoecanarias.com\/web\/wp-json\/wp\/v2\/posts\/1213\/revisions"}],"predecessor-version":[{"id":1215,"href":"https:\/\/psoecanarias.com\/web\/wp-json\/wp\/v2\/posts\/1213\/revisions\/1215"}],"wp:featuredmedia":[{"embeddable":true,"href":"https:\/\/psoecanarias.com\/web\/wp-json\/wp\/v2\/media\/1214"}],"wp:attachment":[{"href":"https:\/\/psoecanarias.com\/web\/wp-json\/wp\/v2\/media?parent=1213"}],"wp:term":[{"taxonomy":"category","embeddable":true,"href":"https:\/\/psoecanarias.com\/web\/wp-json\/wp\/v2\/categories?post=1213"},{"taxonomy":"post_tag","embeddable":true,"href":"https:\/\/psoecanarias.com\/web\/wp-json\/wp\/v2\/tags?post=1213"}],"curies":[{"name":"wp","href":"https:\/\/api.w.org\/{rel}","templated":true}]}}