{"id":12580,"date":"2020-09-09T17:34:42","date_gmt":"2020-09-09T16:34:42","guid":{"rendered":"http:\/\/psoecanarias.com\/web\/?p=12580"},"modified":"2020-09-09T17:34:42","modified_gmt":"2020-09-09T16:34:42","slug":"olivia-delgado-asegura-que-el-gobierno-de-espana-continuara-reforzando-los-servicios-publicos-y-las-politicas-sociales","status":"publish","type":"post","link":"https:\/\/psoecanarias.com\/web\/olivia-delgado-asegura-que-el-gobierno-de-espana-continuara-reforzando-los-servicios-publicos-y-las-politicas-sociales\/","title":{"rendered":"Olivia Delgado asegura que el Gobierno de Espa\u00f1a continuar\u00e1 reforzando los servicios p\u00fablicos y las pol\u00edticas sociales"},"content":{"rendered":"<p dir=\"ltr\"><span style=\"color: #000000;\">Canarias, 9 de septiembre de 2020.-<\/span> <span style=\"color: #000000;\">La senadora por Tenerife y miembro de la Comisi\u00f3n de Asuntos Econ\u00f3micos y Transformaci\u00f3n Digital en la C\u00e1mara Alta, Olivia Delgado, asegur\u00f3 este mi\u00e9rcoles durante su intervenci\u00f3n en el Pleno que el Gobierno de Pedro S\u00e1nchez no va a subir los impuestos a las clases medias ni trabajadoras, y tampoco va a recortar los servicios p\u00fablicos. \u201cLa situaci\u00f3n sanitaria actual nos est\u00e1 dando una clara lecci\u00f3n, la importancia de lo p\u00fablico y de la inversi\u00f3n en servicios esenciales para poder hacer frente a cualquier eventualidad\u201d.\u00a0\u00a0<\/span><\/p>\n<p dir=\"ltr\"><span style=\"color: #000000;\">Olivia Delgado, que intervino en el debate sobre la moci\u00f3n presentada por el Partido Popular para revisar la pol\u00edtica fiscal a la baja y disminuir el gasto p\u00fablico, apunt\u00f3 que \u201cel PP es especialista en subir impuestos y en meter la tijera a los servicios p\u00fablicos, algo que ahora nos ha conducido, en plena pandemia, a contar con menos camas hospitalarias y menos personal sanitario\u201d.\u00a0<\/span><\/p>\n<p dir=\"ltr\"><span style=\"color: #000000;\">En este sentido, la senadora recrimin\u00f3 al PP que, ante una crisis sin precedentes, solo se centren en bloquear y obstaculizar la labor del Estado, sin aportar ninguna soluci\u00f3n. \u201cPodemos comprobar que hay dos formas diferentes de gestionar una crisis: la estrategia del PP, que durante sus a\u00f1os de gobierno se centr\u00f3 en recortar los servicios p\u00fablicos, dejando a su suerte a las familias, mientras rescataba a los bancos; y la forma de hacer las cosas bien del Partido Socialista, que desde el primer momento ha desplegado un importante programa de pol\u00edticas p\u00fablicas\u201d, destac\u00f3.\u00a0<\/span><\/p>\n<p dir=\"ltr\"><span style=\"color: #000000;\">La senadora tinerfe\u00f1a apunt\u00f3 que el Gobierno de Pedro S\u00e1nchez ha movilizado el 5% del PIB para recursos p\u00fablicos directos al tejido productivo; ha tomado diferentes medidas en el \u00e1mbito tur\u00edstico y econ\u00f3mico, como la pr\u00f3rroga de los ERTE, la prestaci\u00f3n por cese de actividad para aut\u00f3nomos o los programas ICO, as\u00ed como otras otras pol\u00edticas p\u00fablicas como el impulso al bono social, las moratorias en el pago de alquileres o las hipotecas. \u201cEstas medidas han salvado millones de puestos de trabajo y a miles de empresas. En Canarias, por ejemplo, y debido a la dependencia del sector del turismo, m\u00e1s de 80.000 personas siguen protegidas a\u00fan por los ERTE\u201d, explic\u00f3.\u00a0<\/span><\/p>\n<p dir=\"ltr\"><span style=\"color: #000000;\">Para concluir, Delgado critic\u00f3 que el Grupo del PP en el Senado haya propuesto una bajada generalizada de impuestos y una disminuci\u00f3n del gasto p\u00fablico, rechazando la enmienda del Grupo Socialista que solicitaba di\u00e1logo y la unidad para sacar adelante unos Presupuestos Generales para 2021.<\/span><\/p>\n<p dir=\"ltr\"><span style=\"color: #000000;\">La senadora destac\u00f3 que las cuentas deben avanzar en la idea de la progresividad del sistema tributario, con una fiscalidad justa, que tenga en cuenta las perspectivas econ\u00f3micas reales tras la pandemia, y record\u00f3 al PP que la fiscalidad no puede defender los intereses minoritarios de unos pocos y estar en contra de las clases medias y trabajadoras.<\/span><\/p>\n","protected":false},"excerpt":{"rendered":"<p>La senadora por Tenerife recrimin\u00f3 en el Pleno del Senado al PP que su pol\u00edtica de recortes redujo el n\u00famero de camas hospitalarias y el personal sanitario en los centros p\u00fablicos<\/p>\n","protected":false},"author":1,"featured_media":12581,"comment_status":"open","ping_status":"open","sticky":false,"template":"","format":"standard","meta":{"footnotes":""},"categories":[1197,1184],"tags":[],"class_list":["post-12580","post","type-post","status-publish","format-standard","has-post-thumbnail","hentry","category-cortes-generales","category-noticias"],"featured_image_src":"https:\/\/psoecanarias.com\/web\/wp-content\/uploads\/2020\/09\/Olivia-Delgado.jpg","author_info":{"display_name":"PSOE Canarias","author_link":"https:\/\/psoecanarias.com\/web\/author\/admin\/"},"yoast_head":"<!-- This site is optimized with the Yoast SEO plugin v27.2 - https:\/\/yoast.com\/product\/yoast-seo-wordpress\/ -->\n<title>Olivia Delgado asegura que el Gobierno de Espa\u00f1a continuar\u00e1 reforzando los servicios p\u00fablicos y las pol\u00edticas sociales | PSOE Canarias<\/title>\n<meta name=\"robots\" content=\"index, follow, max-snippet:-1, max-image-preview:large, max-video-preview:-1\" \/>\n<link rel=\"canonical\" href=\"https:\/\/psoecanarias.com\/web\/olivia-delgado-asegura-que-el-gobierno-de-espana-continuara-reforzando-los-servicios-publicos-y-las-politicas-sociales\/\" \/>\n<meta property=\"og:locale\" content=\"es_ES\" \/>\n<meta property=\"og:type\" content=\"article\" \/>\n<meta property=\"og:title\" content=\"Olivia Delgado asegura que el Gobierno de Espa\u00f1a continuar\u00e1 reforzando los servicios p\u00fablicos y las pol\u00edticas sociales | PSOE Canarias\" \/>\n<meta property=\"og:description\" content=\"La senadora por Tenerife recrimin\u00f3 en el Pleno del Senado al PP que su pol\u00edtica de recortes redujo el n\u00famero de camas hospitalarias y el personal sanitario en los centros p\u00fablicos\" \/>\n<meta property=\"og:url\" content=\"https:\/\/psoecanarias.com\/web\/olivia-delgado-asegura-que-el-gobierno-de-espana-continuara-reforzando-los-servicios-publicos-y-las-politicas-sociales\/\" \/>\n<meta property=\"og:site_name\" content=\"PSOE Canarias\" \/>\n<meta property=\"article:published_time\" content=\"2020-09-09T16:34:42+00:00\" \/>\n<meta property=\"og:image\" content=\"https:\/\/psoecanarias.com\/web\/wp-content\/uploads\/2020\/09\/Olivia-Delgado.jpg\" \/>\n\t<meta property=\"og:image:width\" content=\"900\" \/>\n\t<meta property=\"og:image:height\" content=\"506\" \/>\n\t<meta property=\"og:image:type\" content=\"image\/jpeg\" \/>\n<meta name=\"author\" content=\"PSOE Canarias\" \/>\n<meta name=\"twitter:card\" content=\"summary_large_image\" \/>\n<script type=\"application\/ld+json\" class=\"yoast-schema-graph\">{\"@context\":\"https:\/\/schema.org\",\"@graph\":[{\"@type\":\"Article\",\"@id\":\"https:\/\/psoecanarias.com\/web\/olivia-delgado-asegura-que-el-gobierno-de-espana-continuara-reforzando-los-servicios-publicos-y-las-politicas-sociales\/#article\",\"isPartOf\":{\"@id\":\"https:\/\/psoecanarias.com\/web\/olivia-delgado-asegura-que-el-gobierno-de-espana-continuara-reforzando-los-servicios-publicos-y-las-politicas-sociales\/\"},\"author\":{\"name\":\"PSOE Canarias\",\"@id\":\"https:\/\/psoecanarias.com\/web\/#\/schema\/person\/1ae43f9659d2fc599ca69c11e1dbf26f\"},\"headline\":\"Olivia Delgado asegura que el Gobierno de Espa\u00f1a continuar\u00e1 reforzando los servicios p\u00fablicos y las pol\u00edticas sociales\",\"datePublished\":\"2020-09-09T16:34:42+00:00\",\"mainEntityOfPage\":{\"@id\":\"https:\/\/psoecanarias.com\/web\/olivia-delgado-asegura-que-el-gobierno-de-espana-continuara-reforzando-los-servicios-publicos-y-las-politicas-sociales\/\"},\"wordCount\":517,\"commentCount\":0,\"image\":{\"@id\":\"https:\/\/psoecanarias.com\/web\/olivia-delgado-asegura-que-el-gobierno-de-espana-continuara-reforzando-los-servicios-publicos-y-las-politicas-sociales\/#primaryimage\"},\"thumbnailUrl\":\"https:\/\/psoecanarias.com\/web\/wp-content\/uploads\/2020\/09\/Olivia-Delgado.jpg\",\"articleSection\":[\"Cortes Generales\",\"Noticias\"],\"inLanguage\":\"es\",\"potentialAction\":[{\"@type\":\"CommentAction\",\"name\":\"Comment\",\"target\":[\"https:\/\/psoecanarias.com\/web\/olivia-delgado-asegura-que-el-gobierno-de-espana-continuara-reforzando-los-servicios-publicos-y-las-politicas-sociales\/#respond\"]}]},{\"@type\":\"WebPage\",\"@id\":\"https:\/\/psoecanarias.com\/web\/olivia-delgado-asegura-que-el-gobierno-de-espana-continuara-reforzando-los-servicios-publicos-y-las-politicas-sociales\/\",\"url\":\"https:\/\/psoecanarias.com\/web\/olivia-delgado-asegura-que-el-gobierno-de-espana-continuara-reforzando-los-servicios-publicos-y-las-politicas-sociales\/\",\"name\":\"Olivia Delgado asegura que el Gobierno de Espa\u00f1a continuar\u00e1 reforzando los servicios p\u00fablicos y las pol\u00edticas sociales | PSOE Canarias\",\"isPartOf\":{\"@id\":\"https:\/\/psoecanarias.com\/web\/#website\"},\"primaryImageOfPage\":{\"@id\":\"https:\/\/psoecanarias.com\/web\/olivia-delgado-asegura-que-el-gobierno-de-espana-continuara-reforzando-los-servicios-publicos-y-las-politicas-sociales\/#primaryimage\"},\"image\":{\"@id\":\"https:\/\/psoecanarias.com\/web\/olivia-delgado-asegura-que-el-gobierno-de-espana-continuara-reforzando-los-servicios-publicos-y-las-politicas-sociales\/#primaryimage\"},\"thumbnailUrl\":\"https:\/\/psoecanarias.com\/web\/wp-content\/uploads\/2020\/09\/Olivia-Delgado.jpg\",\"datePublished\":\"2020-09-09T16:34:42+00:00\",\"author\":{\"@id\":\"https:\/\/psoecanarias.com\/web\/#\/schema\/person\/1ae43f9659d2fc599ca69c11e1dbf26f\"},\"breadcrumb\":{\"@id\":\"https:\/\/psoecanarias.com\/web\/olivia-delgado-asegura-que-el-gobierno-de-espana-continuara-reforzando-los-servicios-publicos-y-las-politicas-sociales\/#breadcrumb\"},\"inLanguage\":\"es\",\"potentialAction\":[{\"@type\":\"ReadAction\",\"target\":[\"https:\/\/psoecanarias.com\/web\/olivia-delgado-asegura-que-el-gobierno-de-espana-continuara-reforzando-los-servicios-publicos-y-las-politicas-sociales\/\"]}]},{\"@type\":\"ImageObject\",\"inLanguage\":\"es\",\"@id\":\"https:\/\/psoecanarias.com\/web\/olivia-delgado-asegura-que-el-gobierno-de-espana-continuara-reforzando-los-servicios-publicos-y-las-politicas-sociales\/#primaryimage\",\"url\":\"https:\/\/psoecanarias.com\/web\/wp-content\/uploads\/2020\/09\/Olivia-Delgado.jpg\",\"contentUrl\":\"https:\/\/psoecanarias.com\/web\/wp-content\/uploads\/2020\/09\/Olivia-Delgado.jpg\",\"width\":900,\"height\":506},{\"@type\":\"BreadcrumbList\",\"@id\":\"https:\/\/psoecanarias.com\/web\/olivia-delgado-asegura-que-el-gobierno-de-espana-continuara-reforzando-los-servicios-publicos-y-las-politicas-sociales\/#breadcrumb\",\"itemListElement\":[{\"@type\":\"ListItem\",\"position\":1,\"name\":\"Portada\",\"item\":\"https:\/\/psoecanarias.com\/web\/\"},{\"@type\":\"ListItem\",\"position\":2,\"name\":\"Olivia Delgado asegura que el Gobierno de Espa\u00f1a continuar\u00e1 reforzando los servicios p\u00fablicos y las pol\u00edticas sociales\"}]},{\"@type\":\"WebSite\",\"@id\":\"https:\/\/psoecanarias.com\/web\/#website\",\"url\":\"https:\/\/psoecanarias.com\/web\/\",\"name\":\"PSOE Canarias\",\"description\":\"Partido Socialista Obrero Espa\u00f1ol Canarias\",\"potentialAction\":[{\"@type\":\"SearchAction\",\"target\":{\"@type\":\"EntryPoint\",\"urlTemplate\":\"https:\/\/psoecanarias.com\/web\/?s={search_term_string}\"},\"query-input\":{\"@type\":\"PropertyValueSpecification\",\"valueRequired\":true,\"valueName\":\"search_term_string\"}}],\"inLanguage\":\"es\"},{\"@type\":\"Person\",\"@id\":\"https:\/\/psoecanarias.com\/web\/#\/schema\/person\/1ae43f9659d2fc599ca69c11e1dbf26f\",\"name\":\"PSOE Canarias\",\"image\":{\"@type\":\"ImageObject\",\"inLanguage\":\"es\",\"@id\":\"https:\/\/secure.gravatar.com\/avatar\/4364d37f6f6f9cdb7af199b46151565f37d8a8c3c0e04c1d78c04e857a15e3a8?s=96&d=mm&r=g\",\"url\":\"https:\/\/secure.gravatar.com\/avatar\/4364d37f6f6f9cdb7af199b46151565f37d8a8c3c0e04c1d78c04e857a15e3a8?s=96&d=mm&r=g\",\"contentUrl\":\"https:\/\/secure.gravatar.com\/avatar\/4364d37f6f6f9cdb7af199b46151565f37d8a8c3c0e04c1d78c04e857a15e3a8?s=96&d=mm&r=g\",\"caption\":\"PSOE Canarias\"},\"url\":\"https:\/\/psoecanarias.com\/web\/author\/admin\/\"}]}<\/script>\n<!-- \/ Yoast SEO plugin. -->","yoast_head_json":{"title":"Olivia Delgado asegura que el Gobierno de Espa\u00f1a continuar\u00e1 reforzando los servicios p\u00fablicos y las pol\u00edticas sociales | PSOE Canarias","robots":{"index":"index","follow":"follow","max-snippet":"max-snippet:-1","max-image-preview":"max-image-preview:large","max-video-preview":"max-video-preview:-1"},"canonical":"https:\/\/psoecanarias.com\/web\/olivia-delgado-asegura-que-el-gobierno-de-espana-continuara-reforzando-los-servicios-publicos-y-las-politicas-sociales\/","og_locale":"es_ES","og_type":"article","og_title":"Olivia Delgado asegura que el Gobierno de Espa\u00f1a continuar\u00e1 reforzando los servicios p\u00fablicos y las pol\u00edticas sociales | PSOE Canarias","og_description":"La senadora por Tenerife recrimin\u00f3 en el Pleno del Senado al PP que su pol\u00edtica de recortes redujo el n\u00famero de camas hospitalarias y el personal sanitario en los centros p\u00fablicos","og_url":"https:\/\/psoecanarias.com\/web\/olivia-delgado-asegura-que-el-gobierno-de-espana-continuara-reforzando-los-servicios-publicos-y-las-politicas-sociales\/","og_site_name":"PSOE Canarias","article_published_time":"2020-09-09T16:34:42+00:00","og_image":[{"width":900,"height":506,"url":"https:\/\/psoecanarias.com\/web\/wp-content\/uploads\/2020\/09\/Olivia-Delgado.jpg","type":"image\/jpeg"}],"author":"PSOE Canarias","twitter_card":"summary_large_image","schema":{"@context":"https:\/\/schema.org","@graph":[{"@type":"Article","@id":"https:\/\/psoecanarias.com\/web\/olivia-delgado-asegura-que-el-gobierno-de-espana-continuara-reforzando-los-servicios-publicos-y-las-politicas-sociales\/#article","isPartOf":{"@id":"https:\/\/psoecanarias.com\/web\/olivia-delgado-asegura-que-el-gobierno-de-espana-continuara-reforzando-los-servicios-publicos-y-las-politicas-sociales\/"},"author":{"name":"PSOE Canarias","@id":"https:\/\/psoecanarias.com\/web\/#\/schema\/person\/1ae43f9659d2fc599ca69c11e1dbf26f"},"headline":"Olivia Delgado asegura que el Gobierno de Espa\u00f1a continuar\u00e1 reforzando los servicios p\u00fablicos y las pol\u00edticas sociales","datePublished":"2020-09-09T16:34:42+00:00","mainEntityOfPage":{"@id":"https:\/\/psoecanarias.com\/web\/olivia-delgado-asegura-que-el-gobierno-de-espana-continuara-reforzando-los-servicios-publicos-y-las-politicas-sociales\/"},"wordCount":517,"commentCount":0,"image":{"@id":"https:\/\/psoecanarias.com\/web\/olivia-delgado-asegura-que-el-gobierno-de-espana-continuara-reforzando-los-servicios-publicos-y-las-politicas-sociales\/#primaryimage"},"thumbnailUrl":"https:\/\/psoecanarias.com\/web\/wp-content\/uploads\/2020\/09\/Olivia-Delgado.jpg","articleSection":["Cortes Generales","Noticias"],"inLanguage":"es","potentialAction":[{"@type":"CommentAction","name":"Comment","target":["https:\/\/psoecanarias.com\/web\/olivia-delgado-asegura-que-el-gobierno-de-espana-continuara-reforzando-los-servicios-publicos-y-las-politicas-sociales\/#respond"]}]},{"@type":"WebPage","@id":"https:\/\/psoecanarias.com\/web\/olivia-delgado-asegura-que-el-gobierno-de-espana-continuara-reforzando-los-servicios-publicos-y-las-politicas-sociales\/","url":"https:\/\/psoecanarias.com\/web\/olivia-delgado-asegura-que-el-gobierno-de-espana-continuara-reforzando-los-servicios-publicos-y-las-politicas-sociales\/","name":"Olivia Delgado asegura que el Gobierno de Espa\u00f1a continuar\u00e1 reforzando los servicios p\u00fablicos y las pol\u00edticas sociales | PSOE Canarias","isPartOf":{"@id":"https:\/\/psoecanarias.com\/web\/#website"},"primaryImageOfPage":{"@id":"https:\/\/psoecanarias.com\/web\/olivia-delgado-asegura-que-el-gobierno-de-espana-continuara-reforzando-los-servicios-publicos-y-las-politicas-sociales\/#primaryimage"},"image":{"@id":"https:\/\/psoecanarias.com\/web\/olivia-delgado-asegura-que-el-gobierno-de-espana-continuara-reforzando-los-servicios-publicos-y-las-politicas-sociales\/#primaryimage"},"thumbnailUrl":"https:\/\/psoecanarias.com\/web\/wp-content\/uploads\/2020\/09\/Olivia-Delgado.jpg","datePublished":"2020-09-09T16:34:42+00:00","author":{"@id":"https:\/\/psoecanarias.com\/web\/#\/schema\/person\/1ae43f9659d2fc599ca69c11e1dbf26f"},"breadcrumb":{"@id":"https:\/\/psoecanarias.com\/web\/olivia-delgado-asegura-que-el-gobierno-de-espana-continuara-reforzando-los-servicios-publicos-y-las-politicas-sociales\/#breadcrumb"},"inLanguage":"es","potentialAction":[{"@type":"ReadAction","target":["https:\/\/psoecanarias.com\/web\/olivia-delgado-asegura-que-el-gobierno-de-espana-continuara-reforzando-los-servicios-publicos-y-las-politicas-sociales\/"]}]},{"@type":"ImageObject","inLanguage":"es","@id":"https:\/\/psoecanarias.com\/web\/olivia-delgado-asegura-que-el-gobierno-de-espana-continuara-reforzando-los-servicios-publicos-y-las-politicas-sociales\/#primaryimage","url":"https:\/\/psoecanarias.com\/web\/wp-content\/uploads\/2020\/09\/Olivia-Delgado.jpg","contentUrl":"https:\/\/psoecanarias.com\/web\/wp-content\/uploads\/2020\/09\/Olivia-Delgado.jpg","width":900,"height":506},{"@type":"BreadcrumbList","@id":"https:\/\/psoecanarias.com\/web\/olivia-delgado-asegura-que-el-gobierno-de-espana-continuara-reforzando-los-servicios-publicos-y-las-politicas-sociales\/#breadcrumb","itemListElement":[{"@type":"ListItem","position":1,"name":"Portada","item":"https:\/\/psoecanarias.com\/web\/"},{"@type":"ListItem","position":2,"name":"Olivia Delgado asegura que el Gobierno de Espa\u00f1a continuar\u00e1 reforzando los servicios p\u00fablicos y las pol\u00edticas sociales"}]},{"@type":"WebSite","@id":"https:\/\/psoecanarias.com\/web\/#website","url":"https:\/\/psoecanarias.com\/web\/","name":"PSOE Canarias","description":"Partido Socialista Obrero Espa\u00f1ol Canarias","potentialAction":[{"@type":"SearchAction","target":{"@type":"EntryPoint","urlTemplate":"https:\/\/psoecanarias.com\/web\/?s={search_term_string}"},"query-input":{"@type":"PropertyValueSpecification","valueRequired":true,"valueName":"search_term_string"}}],"inLanguage":"es"},{"@type":"Person","@id":"https:\/\/psoecanarias.com\/web\/#\/schema\/person\/1ae43f9659d2fc599ca69c11e1dbf26f","name":"PSOE Canarias","image":{"@type":"ImageObject","inLanguage":"es","@id":"https:\/\/secure.gravatar.com\/avatar\/4364d37f6f6f9cdb7af199b46151565f37d8a8c3c0e04c1d78c04e857a15e3a8?s=96&d=mm&r=g","url":"https:\/\/secure.gravatar.com\/avatar\/4364d37f6f6f9cdb7af199b46151565f37d8a8c3c0e04c1d78c04e857a15e3a8?s=96&d=mm&r=g","contentUrl":"https:\/\/secure.gravatar.com\/avatar\/4364d37f6f6f9cdb7af199b46151565f37d8a8c3c0e04c1d78c04e857a15e3a8?s=96&d=mm&r=g","caption":"PSOE Canarias"},"url":"https:\/\/psoecanarias.com\/web\/author\/admin\/"}]}},"_links":{"self":[{"href":"https:\/\/psoecanarias.com\/web\/wp-json\/wp\/v2\/posts\/12580","targetHints":{"allow":["GET"]}}],"collection":[{"href":"https:\/\/psoecanarias.com\/web\/wp-json\/wp\/v2\/posts"}],"about":[{"href":"https:\/\/psoecanarias.com\/web\/wp-json\/wp\/v2\/types\/post"}],"author":[{"embeddable":true,"href":"https:\/\/psoecanarias.com\/web\/wp-json\/wp\/v2\/users\/1"}],"replies":[{"embeddable":true,"href":"https:\/\/psoecanarias.com\/web\/wp-json\/wp\/v2\/comments?post=12580"}],"version-history":[{"count":1,"href":"https:\/\/psoecanarias.com\/web\/wp-json\/wp\/v2\/posts\/12580\/revisions"}],"predecessor-version":[{"id":12582,"href":"https:\/\/psoecanarias.com\/web\/wp-json\/wp\/v2\/posts\/12580\/revisions\/12582"}],"wp:featuredmedia":[{"embeddable":true,"href":"https:\/\/psoecanarias.com\/web\/wp-json\/wp\/v2\/media\/12581"}],"wp:attachment":[{"href":"https:\/\/psoecanarias.com\/web\/wp-json\/wp\/v2\/media?parent=12580"}],"wp:term":[{"taxonomy":"category","embeddable":true,"href":"https:\/\/psoecanarias.com\/web\/wp-json\/wp\/v2\/categories?post=12580"},{"taxonomy":"post_tag","embeddable":true,"href":"https:\/\/psoecanarias.com\/web\/wp-json\/wp\/v2\/tags?post=12580"}],"curies":[{"name":"wp","href":"https:\/\/api.w.org\/{rel}","templated":true}]}}