{"id":1263,"date":"2015-10-30T13:46:00","date_gmt":"2015-10-30T13:46:00","guid":{"rendered":"http:\/\/psoecanarias.com\/web\/?p=1263"},"modified":"2015-11-02T13:50:47","modified_gmt":"2015-11-02T13:50:47","slug":"el-psoe-quiere-blindar-un-modelo-social-mas-justo-y-un-proyecto-comun-de-espana","status":"publish","type":"post","link":"https:\/\/psoecanarias.com\/web\/el-psoe-quiere-blindar-un-modelo-social-mas-justo-y-un-proyecto-comun-de-espana\/","title":{"rendered":"El PSOE quiere blindar un modelo social m\u00e1s justo y un proyecto com\u00fan de Espa\u00f1a"},"content":{"rendered":"<p class=\"p1\"><span class=\"s1\">El secretario general de los socialistas canarios, Jos\u00e9 Miguel P\u00e9rez, y la vicepresidenta del Gobierno regional, Patricia Hern\u00e1ndez, presentaron las l\u00edneas fundamentales de la propuesta de reforma constitucional del PSOE, \u201cuna apuesta por blindar un modelo social m\u00e1s justo y un proyecto com\u00fan de Espa\u00f1a\u201d. As\u00ed lo subrayaron en una rueda de prensa ofrecida en Santa Cruz de Tenerife antes de la celebraci\u00f3n del comit\u00e9 regional extraordinario en el que se decidieron los nombres de los representantes del PSOE de Canarias en el foro que aprobar\u00e1 el programa electoral definitivo con que la formaci\u00f3n pol\u00edtica concurre a las generales de diciembre.<\/span><\/p>\n<p class=\"p1\"><span class=\"s1\">En su intervenci\u00f3n, Jos\u00e9 Miguel P\u00e9rez explic\u00f3 que la propuesta del PSOE contiene, como elemento fundamental, la actualizaci\u00f3n y preservaci\u00f3n de los derechos humanos, \u201cque se han visto sacudidos en estos a\u00f1os\u201d. En segundo lugar, continu\u00f3, se contempla que este hecho se garantice mediante una econom\u00eda productiva que corrija las consecuencias que ha tenido, sobre todo en forma de desigualdad, el modelo en vigor y la pol\u00edtica econ\u00f3mica practicada por la derecha\u201d, y por \u00faltimo recoge un tercer bloque sobre la actividad pol\u00edtica, las instituciones, la participaci\u00f3n, los reg\u00edmenes electorales\u2026 \u201cTodo requiere de una profunda revisi\u00f3n en nuestro pa\u00eds para recuperar la confianza de todos los que se sienten alejados de la pol\u00edtica\u201d, se\u00f1al\u00f3.<\/span><\/p>\n<blockquote>\n<p class=\"p1\">Jos\u00e9 Miguel P\u00e9rez: \u201cDebe darse un nuevo pacto en el Estado que conduzca a un estado federal\u201d<\/p>\n<\/blockquote>\n<p class=\"p1\"><span class=\"s1\">P\u00e9rez destac\u00f3 que la propuesta del PSOE de reforma constitucional, incluida en el programa electoral, se basa en el refuerzo de las libertades, la justicia social, la garant\u00eda de un estado de bienestar \u201creconstruyendo lo que se ha derrumbado en estos a\u00f1os\u201d y un nuevo modelo de Estado que incorpore el estado federal como alternativa. \u201cDebe darse un nuevo pacto en el Estado que conduzca a un estado federal\u201d, insisti\u00f3, y precis\u00f3 que la propuesta contiene adem\u00e1s elementos que se refieren a la legislaci\u00f3n europea \u201cy que hay que garantizar que sean cumplidos\u201d. <\/span><\/p>\n<p class=\"p1\">Respecto a Canarias, hizo hincapi\u00e9 en que desde la Declaraci\u00f3n de Granada, el archipi\u00e9lago cuenta con el compromiso del PSOE en el respeto a las condiciones de insularidad y en la incorporaci\u00f3n novedosa de la ultraperificidad, adem\u00e1s de que se preservar\u00e1 el papel del Parlamento de Canarias en cualquier reforma que se quiera hacer del REF, de tal forma que ser\u00e1 preceptivo contar con su pronunciamiento.<\/p>\n<p class=\"p1\"><span class=\"s1\">Por su parte, Patricia Hern\u00e1ndez recalc\u00f3 que esta propuesta de reforma constitucional habla de derechos y libertades, sobre todo de igualdad entre hombres y mujeres, como tambi\u00e9n de calidad democr\u00e1tica. \u201cQueremos una sociedad m\u00e1s justa, m\u00e1s igualitaria, incorporar mecanismos para garantizar el estado de bienestar, porque con el PP se han devaluado derechos que hasta ahora pens\u00e1bamos que eran para siempre\u201d. Afirm\u00f3 que ese pacto \u201chay que renovarlo e incluirlo en la Constituci\u00f3n\u201d, y destac\u00f3 tambi\u00e9n la defensa que supone del derecho a la salud, incluyendo una renta m\u00ednima vital para el mantenimiento de una vida digna.<\/span><\/p>\n<blockquote>\n<p class=\"p1\">Patricia Hern\u00e1ndez: \u201cQueremos una sociedad m\u00e1s justa, m\u00e1s igualitaria, incorporar mecanismos para garantizar el estado de bienestar, porque con el PP se han devaluado derechos que hasta ahora pens\u00e1bamos que eran para siempre\u201d<\/p>\n<\/blockquote>\n<p class=\"p1\"><span class=\"s1\">El reconocimiento del derecho al trabajo, el derecho a la seguridad y dignidad en el trabajo, la mejora de la protecci\u00f3n a las familias con especial menci\u00f3n a la conciliaci\u00f3n de la vida familiar y laboral o \u201cdotar de contenido las palabras derecho a una vivienda\u201d, remarc\u00f3 Hern\u00e1ndez, son otras de las cuestiones que el PSOE quiere \u201cponer en hora\u201d con su propuesta.\u00a0<\/span><\/p>\n<p class=\"p1\"><span class=\"s1\">La vicepresidenta aclar\u00f3 que la unidad de Espa\u00f1a \u201cno est\u00e1 en cuesti\u00f3n, no es un callej\u00f3n sin salida\u201d y expres\u00f3 que la cohesi\u00f3n social \u201cno es una galer\u00eda de banderas, h\u00e9roes e himnos que canalicen lo que debe ser el Estado espa\u00f1ol\u201d. Seg\u00fan dijo, esa unidad que defienden los socialistas \u201cdebe ser emocional, debe ser de proyecto com\u00fan y no hay nada que rompa m\u00e1s el proyecto com\u00fan que la desigualdad\u201d.\u00a0<\/span><\/p>\n<p class=\"p1\"><span class=\"s1\"><b>Conferencia de programa.<\/b><\/span><\/p>\n<p class=\"p1\"><span class=\"s1\">El Comit\u00e9 Regional del PSOE debati\u00f3 y vot\u00f3, en su reuni\u00f3n extraordinaria de hoy, las distintas enmiendas que las agrupaciones locales han presentado para ser remitidas a la conferencia de programa, que ascienden a un total de 110 y abordan distintas materias. Adem\u00e1s eligi\u00f3 a las doce personas que las defender\u00e1n el 8, 14 y 15 de noviembre en Madrid. La delegaci\u00f3n canaria la integran ocho militantes y cuatro representantes de la sociedad civil.<\/span><\/p>\n<p class=\"p1\"><span class=\"s1\">Tanto antes del acto informativo como en el comienzo del comit\u00e9, el PSOE quiso trasladar su pesar y profundo dolor por el fallecimiento de los tripulantes del helic\u00f3ptero a sus familiares, amigos y a los responsables de las Fuerzas Armadas. Tambi\u00e9n hubo un recuerdo especial a Jos\u00e9 Luis Reina, fallecido este viernes, y a las mujeres v\u00edctimas de violencia de g\u00e9nero.<\/span><\/p>\n","protected":false},"excerpt":{"rendered":"<p>Jos\u00e9 Miguel P\u00e9rez y Patricia Hern\u00e1ndez han presentado las l\u00edneas fundamentales de la propuesta de reforma constitucional del PSOE.<\/p>\n","protected":false},"author":1,"featured_media":1264,"comment_status":"open","ping_status":"open","sticky":false,"template":"","format":"standard","meta":{"footnotes":""},"categories":[7],"tags":[26,223,54,23,70,9,28,224,24,40],"class_list":["post-1263","post","type-post","status-publish","format-standard","has-post-thumbnail","hentry","category-politica","tag-comite-regional","tag-conferencia-de-programa","tag-elecciones","tag-jose-miguel-perez","tag-parlamento-de-canarias","tag-patricia-hernandez","tag-pp","tag-programa","tag-psoe-de-canarias","tag-ref"],"featured_image_src":"https:\/\/psoecanarias.com\/web\/wp-content\/uploads\/2015\/11\/DSC3570.jpg","author_info":{"display_name":"PSOE Canarias","author_link":"https:\/\/psoecanarias.com\/web\/author\/admin\/"},"yoast_head":"<!-- This site is optimized with the Yoast SEO plugin v27.2 - https:\/\/yoast.com\/product\/yoast-seo-wordpress\/ -->\n<title>El PSOE quiere blindar un modelo social m\u00e1s justo<\/title>\n<meta name=\"description\" content=\"Jos\u00e9 Miguel P\u00e9rez y Patricia Hern\u00e1ndez presentan las l\u00edneas b\u00e1sicas de la propuesta de reforma constitucional del PSOE\" \/>\n<meta name=\"robots\" content=\"index, follow, max-snippet:-1, max-image-preview:large, max-video-preview:-1\" \/>\n<link rel=\"canonical\" href=\"https:\/\/psoecanarias.com\/web\/el-psoe-quiere-blindar-un-modelo-social-mas-justo-y-un-proyecto-comun-de-espana\/\" \/>\n<meta property=\"og:locale\" content=\"es_ES\" \/>\n<meta property=\"og:type\" content=\"article\" \/>\n<meta property=\"og:title\" content=\"El PSOE quiere blindar un modelo social m\u00e1s justo\" \/>\n<meta property=\"og:description\" content=\"Jos\u00e9 Miguel P\u00e9rez y Patricia Hern\u00e1ndez presentan las l\u00edneas b\u00e1sicas de la propuesta de reforma constitucional del PSOE\" \/>\n<meta property=\"og:url\" content=\"https:\/\/psoecanarias.com\/web\/el-psoe-quiere-blindar-un-modelo-social-mas-justo-y-un-proyecto-comun-de-espana\/\" \/>\n<meta property=\"og:site_name\" content=\"PSOE Canarias\" \/>\n<meta property=\"article:published_time\" content=\"2015-10-30T13:46:00+00:00\" \/>\n<meta property=\"article:modified_time\" content=\"2015-11-02T13:50:47+00:00\" \/>\n<meta property=\"og:image\" content=\"https:\/\/psoecanarias.com\/web\/wp-content\/uploads\/2015\/11\/DSC3570.jpg\" \/>\n\t<meta property=\"og:image:width\" content=\"1250\" \/>\n\t<meta property=\"og:image:height\" content=\"616\" \/>\n\t<meta property=\"og:image:type\" content=\"image\/jpeg\" \/>\n<meta name=\"author\" content=\"PSOE Canarias\" \/>\n<meta name=\"twitter:card\" content=\"summary_large_image\" \/>\n<script type=\"application\/ld+json\" class=\"yoast-schema-graph\">{\"@context\":\"https:\/\/schema.org\",\"@graph\":[{\"@type\":\"Article\",\"@id\":\"https:\/\/psoecanarias.com\/web\/el-psoe-quiere-blindar-un-modelo-social-mas-justo-y-un-proyecto-comun-de-espana\/#article\",\"isPartOf\":{\"@id\":\"https:\/\/psoecanarias.com\/web\/el-psoe-quiere-blindar-un-modelo-social-mas-justo-y-un-proyecto-comun-de-espana\/\"},\"author\":{\"name\":\"PSOE Canarias\",\"@id\":\"https:\/\/psoecanarias.com\/web\/#\/schema\/person\/1ae43f9659d2fc599ca69c11e1dbf26f\"},\"headline\":\"El PSOE quiere blindar un modelo social m\u00e1s justo y un proyecto com\u00fan de Espa\u00f1a\",\"datePublished\":\"2015-10-30T13:46:00+00:00\",\"dateModified\":\"2015-11-02T13:50:47+00:00\",\"mainEntityOfPage\":{\"@id\":\"https:\/\/psoecanarias.com\/web\/el-psoe-quiere-blindar-un-modelo-social-mas-justo-y-un-proyecto-comun-de-espana\/\"},\"wordCount\":877,\"commentCount\":0,\"image\":{\"@id\":\"https:\/\/psoecanarias.com\/web\/el-psoe-quiere-blindar-un-modelo-social-mas-justo-y-un-proyecto-comun-de-espana\/#primaryimage\"},\"thumbnailUrl\":\"https:\/\/psoecanarias.com\/web\/wp-content\/uploads\/2015\/11\/DSC3570.jpg\",\"keywords\":[\"Comit\u00e9 Regional\",\"conferencia de programa\",\"elecciones\",\"Jos\u00e9 Miguel P\u00e9rez\",\"Parlamento de Canarias\",\"Patricia Hern\u00e1ndez\",\"PP\",\"programa\",\"PSOE de Canarias\",\"REF\"],\"articleSection\":[\"Pol\u00edtica\"],\"inLanguage\":\"es\",\"potentialAction\":[{\"@type\":\"CommentAction\",\"name\":\"Comment\",\"target\":[\"https:\/\/psoecanarias.com\/web\/el-psoe-quiere-blindar-un-modelo-social-mas-justo-y-un-proyecto-comun-de-espana\/#respond\"]}]},{\"@type\":\"WebPage\",\"@id\":\"https:\/\/psoecanarias.com\/web\/el-psoe-quiere-blindar-un-modelo-social-mas-justo-y-un-proyecto-comun-de-espana\/\",\"url\":\"https:\/\/psoecanarias.com\/web\/el-psoe-quiere-blindar-un-modelo-social-mas-justo-y-un-proyecto-comun-de-espana\/\",\"name\":\"El PSOE quiere blindar un modelo social m\u00e1s justo\",\"isPartOf\":{\"@id\":\"https:\/\/psoecanarias.com\/web\/#website\"},\"primaryImageOfPage\":{\"@id\":\"https:\/\/psoecanarias.com\/web\/el-psoe-quiere-blindar-un-modelo-social-mas-justo-y-un-proyecto-comun-de-espana\/#primaryimage\"},\"image\":{\"@id\":\"https:\/\/psoecanarias.com\/web\/el-psoe-quiere-blindar-un-modelo-social-mas-justo-y-un-proyecto-comun-de-espana\/#primaryimage\"},\"thumbnailUrl\":\"https:\/\/psoecanarias.com\/web\/wp-content\/uploads\/2015\/11\/DSC3570.jpg\",\"datePublished\":\"2015-10-30T13:46:00+00:00\",\"dateModified\":\"2015-11-02T13:50:47+00:00\",\"author\":{\"@id\":\"https:\/\/psoecanarias.com\/web\/#\/schema\/person\/1ae43f9659d2fc599ca69c11e1dbf26f\"},\"description\":\"Jos\u00e9 Miguel P\u00e9rez y Patricia Hern\u00e1ndez presentan las l\u00edneas b\u00e1sicas de la propuesta de reforma constitucional del PSOE\",\"breadcrumb\":{\"@id\":\"https:\/\/psoecanarias.com\/web\/el-psoe-quiere-blindar-un-modelo-social-mas-justo-y-un-proyecto-comun-de-espana\/#breadcrumb\"},\"inLanguage\":\"es\",\"potentialAction\":[{\"@type\":\"ReadAction\",\"target\":[\"https:\/\/psoecanarias.com\/web\/el-psoe-quiere-blindar-un-modelo-social-mas-justo-y-un-proyecto-comun-de-espana\/\"]}]},{\"@type\":\"ImageObject\",\"inLanguage\":\"es\",\"@id\":\"https:\/\/psoecanarias.com\/web\/el-psoe-quiere-blindar-un-modelo-social-mas-justo-y-un-proyecto-comun-de-espana\/#primaryimage\",\"url\":\"https:\/\/psoecanarias.com\/web\/wp-content\/uploads\/2015\/11\/DSC3570.jpg\",\"contentUrl\":\"https:\/\/psoecanarias.com\/web\/wp-content\/uploads\/2015\/11\/DSC3570.jpg\",\"width\":1250,\"height\":616,\"caption\":\"Patricia Hern\u00e1ndez y Jos\u00e9 Miguel P\u00e9rez, durante la rueda de prensa.\"},{\"@type\":\"BreadcrumbList\",\"@id\":\"https:\/\/psoecanarias.com\/web\/el-psoe-quiere-blindar-un-modelo-social-mas-justo-y-un-proyecto-comun-de-espana\/#breadcrumb\",\"itemListElement\":[{\"@type\":\"ListItem\",\"position\":1,\"name\":\"Portada\",\"item\":\"https:\/\/psoecanarias.com\/web\/\"},{\"@type\":\"ListItem\",\"position\":2,\"name\":\"El PSOE quiere blindar un modelo social m\u00e1s justo y un proyecto com\u00fan de Espa\u00f1a\"}]},{\"@type\":\"WebSite\",\"@id\":\"https:\/\/psoecanarias.com\/web\/#website\",\"url\":\"https:\/\/psoecanarias.com\/web\/\",\"name\":\"PSOE Canarias\",\"description\":\"Partido Socialista Obrero Espa\u00f1ol Canarias\",\"potentialAction\":[{\"@type\":\"SearchAction\",\"target\":{\"@type\":\"EntryPoint\",\"urlTemplate\":\"https:\/\/psoecanarias.com\/web\/?s={search_term_string}\"},\"query-input\":{\"@type\":\"PropertyValueSpecification\",\"valueRequired\":true,\"valueName\":\"search_term_string\"}}],\"inLanguage\":\"es\"},{\"@type\":\"Person\",\"@id\":\"https:\/\/psoecanarias.com\/web\/#\/schema\/person\/1ae43f9659d2fc599ca69c11e1dbf26f\",\"name\":\"PSOE Canarias\",\"image\":{\"@type\":\"ImageObject\",\"inLanguage\":\"es\",\"@id\":\"https:\/\/secure.gravatar.com\/avatar\/4364d37f6f6f9cdb7af199b46151565f37d8a8c3c0e04c1d78c04e857a15e3a8?s=96&d=mm&r=g\",\"url\":\"https:\/\/secure.gravatar.com\/avatar\/4364d37f6f6f9cdb7af199b46151565f37d8a8c3c0e04c1d78c04e857a15e3a8?s=96&d=mm&r=g\",\"contentUrl\":\"https:\/\/secure.gravatar.com\/avatar\/4364d37f6f6f9cdb7af199b46151565f37d8a8c3c0e04c1d78c04e857a15e3a8?s=96&d=mm&r=g\",\"caption\":\"PSOE Canarias\"},\"url\":\"https:\/\/psoecanarias.com\/web\/author\/admin\/\"}]}<\/script>\n<!-- \/ Yoast SEO plugin. -->","yoast_head_json":{"title":"El PSOE quiere blindar un modelo social m\u00e1s justo","description":"Jos\u00e9 Miguel P\u00e9rez y Patricia Hern\u00e1ndez presentan las l\u00edneas b\u00e1sicas de la propuesta de reforma constitucional del PSOE","robots":{"index":"index","follow":"follow","max-snippet":"max-snippet:-1","max-image-preview":"max-image-preview:large","max-video-preview":"max-video-preview:-1"},"canonical":"https:\/\/psoecanarias.com\/web\/el-psoe-quiere-blindar-un-modelo-social-mas-justo-y-un-proyecto-comun-de-espana\/","og_locale":"es_ES","og_type":"article","og_title":"El PSOE quiere blindar un modelo social m\u00e1s justo","og_description":"Jos\u00e9 Miguel P\u00e9rez y Patricia Hern\u00e1ndez presentan las l\u00edneas b\u00e1sicas de la propuesta de reforma constitucional del PSOE","og_url":"https:\/\/psoecanarias.com\/web\/el-psoe-quiere-blindar-un-modelo-social-mas-justo-y-un-proyecto-comun-de-espana\/","og_site_name":"PSOE Canarias","article_published_time":"2015-10-30T13:46:00+00:00","article_modified_time":"2015-11-02T13:50:47+00:00","og_image":[{"width":1250,"height":616,"url":"https:\/\/psoecanarias.com\/web\/wp-content\/uploads\/2015\/11\/DSC3570.jpg","type":"image\/jpeg"}],"author":"PSOE Canarias","twitter_card":"summary_large_image","schema":{"@context":"https:\/\/schema.org","@graph":[{"@type":"Article","@id":"https:\/\/psoecanarias.com\/web\/el-psoe-quiere-blindar-un-modelo-social-mas-justo-y-un-proyecto-comun-de-espana\/#article","isPartOf":{"@id":"https:\/\/psoecanarias.com\/web\/el-psoe-quiere-blindar-un-modelo-social-mas-justo-y-un-proyecto-comun-de-espana\/"},"author":{"name":"PSOE Canarias","@id":"https:\/\/psoecanarias.com\/web\/#\/schema\/person\/1ae43f9659d2fc599ca69c11e1dbf26f"},"headline":"El PSOE quiere blindar un modelo social m\u00e1s justo y un proyecto com\u00fan de Espa\u00f1a","datePublished":"2015-10-30T13:46:00+00:00","dateModified":"2015-11-02T13:50:47+00:00","mainEntityOfPage":{"@id":"https:\/\/psoecanarias.com\/web\/el-psoe-quiere-blindar-un-modelo-social-mas-justo-y-un-proyecto-comun-de-espana\/"},"wordCount":877,"commentCount":0,"image":{"@id":"https:\/\/psoecanarias.com\/web\/el-psoe-quiere-blindar-un-modelo-social-mas-justo-y-un-proyecto-comun-de-espana\/#primaryimage"},"thumbnailUrl":"https:\/\/psoecanarias.com\/web\/wp-content\/uploads\/2015\/11\/DSC3570.jpg","keywords":["Comit\u00e9 Regional","conferencia de programa","elecciones","Jos\u00e9 Miguel P\u00e9rez","Parlamento de Canarias","Patricia Hern\u00e1ndez","PP","programa","PSOE de Canarias","REF"],"articleSection":["Pol\u00edtica"],"inLanguage":"es","potentialAction":[{"@type":"CommentAction","name":"Comment","target":["https:\/\/psoecanarias.com\/web\/el-psoe-quiere-blindar-un-modelo-social-mas-justo-y-un-proyecto-comun-de-espana\/#respond"]}]},{"@type":"WebPage","@id":"https:\/\/psoecanarias.com\/web\/el-psoe-quiere-blindar-un-modelo-social-mas-justo-y-un-proyecto-comun-de-espana\/","url":"https:\/\/psoecanarias.com\/web\/el-psoe-quiere-blindar-un-modelo-social-mas-justo-y-un-proyecto-comun-de-espana\/","name":"El PSOE quiere blindar un modelo social m\u00e1s justo","isPartOf":{"@id":"https:\/\/psoecanarias.com\/web\/#website"},"primaryImageOfPage":{"@id":"https:\/\/psoecanarias.com\/web\/el-psoe-quiere-blindar-un-modelo-social-mas-justo-y-un-proyecto-comun-de-espana\/#primaryimage"},"image":{"@id":"https:\/\/psoecanarias.com\/web\/el-psoe-quiere-blindar-un-modelo-social-mas-justo-y-un-proyecto-comun-de-espana\/#primaryimage"},"thumbnailUrl":"https:\/\/psoecanarias.com\/web\/wp-content\/uploads\/2015\/11\/DSC3570.jpg","datePublished":"2015-10-30T13:46:00+00:00","dateModified":"2015-11-02T13:50:47+00:00","author":{"@id":"https:\/\/psoecanarias.com\/web\/#\/schema\/person\/1ae43f9659d2fc599ca69c11e1dbf26f"},"description":"Jos\u00e9 Miguel P\u00e9rez y Patricia Hern\u00e1ndez presentan las l\u00edneas b\u00e1sicas de la propuesta de reforma constitucional del PSOE","breadcrumb":{"@id":"https:\/\/psoecanarias.com\/web\/el-psoe-quiere-blindar-un-modelo-social-mas-justo-y-un-proyecto-comun-de-espana\/#breadcrumb"},"inLanguage":"es","potentialAction":[{"@type":"ReadAction","target":["https:\/\/psoecanarias.com\/web\/el-psoe-quiere-blindar-un-modelo-social-mas-justo-y-un-proyecto-comun-de-espana\/"]}]},{"@type":"ImageObject","inLanguage":"es","@id":"https:\/\/psoecanarias.com\/web\/el-psoe-quiere-blindar-un-modelo-social-mas-justo-y-un-proyecto-comun-de-espana\/#primaryimage","url":"https:\/\/psoecanarias.com\/web\/wp-content\/uploads\/2015\/11\/DSC3570.jpg","contentUrl":"https:\/\/psoecanarias.com\/web\/wp-content\/uploads\/2015\/11\/DSC3570.jpg","width":1250,"height":616,"caption":"Patricia Hern\u00e1ndez y Jos\u00e9 Miguel P\u00e9rez, durante la rueda de prensa."},{"@type":"BreadcrumbList","@id":"https:\/\/psoecanarias.com\/web\/el-psoe-quiere-blindar-un-modelo-social-mas-justo-y-un-proyecto-comun-de-espana\/#breadcrumb","itemListElement":[{"@type":"ListItem","position":1,"name":"Portada","item":"https:\/\/psoecanarias.com\/web\/"},{"@type":"ListItem","position":2,"name":"El PSOE quiere blindar un modelo social m\u00e1s justo y un proyecto com\u00fan de Espa\u00f1a"}]},{"@type":"WebSite","@id":"https:\/\/psoecanarias.com\/web\/#website","url":"https:\/\/psoecanarias.com\/web\/","name":"PSOE Canarias","description":"Partido Socialista Obrero Espa\u00f1ol Canarias","potentialAction":[{"@type":"SearchAction","target":{"@type":"EntryPoint","urlTemplate":"https:\/\/psoecanarias.com\/web\/?s={search_term_string}"},"query-input":{"@type":"PropertyValueSpecification","valueRequired":true,"valueName":"search_term_string"}}],"inLanguage":"es"},{"@type":"Person","@id":"https:\/\/psoecanarias.com\/web\/#\/schema\/person\/1ae43f9659d2fc599ca69c11e1dbf26f","name":"PSOE Canarias","image":{"@type":"ImageObject","inLanguage":"es","@id":"https:\/\/secure.gravatar.com\/avatar\/4364d37f6f6f9cdb7af199b46151565f37d8a8c3c0e04c1d78c04e857a15e3a8?s=96&d=mm&r=g","url":"https:\/\/secure.gravatar.com\/avatar\/4364d37f6f6f9cdb7af199b46151565f37d8a8c3c0e04c1d78c04e857a15e3a8?s=96&d=mm&r=g","contentUrl":"https:\/\/secure.gravatar.com\/avatar\/4364d37f6f6f9cdb7af199b46151565f37d8a8c3c0e04c1d78c04e857a15e3a8?s=96&d=mm&r=g","caption":"PSOE Canarias"},"url":"https:\/\/psoecanarias.com\/web\/author\/admin\/"}]}},"_links":{"self":[{"href":"https:\/\/psoecanarias.com\/web\/wp-json\/wp\/v2\/posts\/1263","targetHints":{"allow":["GET"]}}],"collection":[{"href":"https:\/\/psoecanarias.com\/web\/wp-json\/wp\/v2\/posts"}],"about":[{"href":"https:\/\/psoecanarias.com\/web\/wp-json\/wp\/v2\/types\/post"}],"author":[{"embeddable":true,"href":"https:\/\/psoecanarias.com\/web\/wp-json\/wp\/v2\/users\/1"}],"replies":[{"embeddable":true,"href":"https:\/\/psoecanarias.com\/web\/wp-json\/wp\/v2\/comments?post=1263"}],"version-history":[{"count":3,"href":"https:\/\/psoecanarias.com\/web\/wp-json\/wp\/v2\/posts\/1263\/revisions"}],"predecessor-version":[{"id":1267,"href":"https:\/\/psoecanarias.com\/web\/wp-json\/wp\/v2\/posts\/1263\/revisions\/1267"}],"wp:featuredmedia":[{"embeddable":true,"href":"https:\/\/psoecanarias.com\/web\/wp-json\/wp\/v2\/media\/1264"}],"wp:attachment":[{"href":"https:\/\/psoecanarias.com\/web\/wp-json\/wp\/v2\/media?parent=1263"}],"wp:term":[{"taxonomy":"category","embeddable":true,"href":"https:\/\/psoecanarias.com\/web\/wp-json\/wp\/v2\/categories?post=1263"},{"taxonomy":"post_tag","embeddable":true,"href":"https:\/\/psoecanarias.com\/web\/wp-json\/wp\/v2\/tags?post=1263"}],"curies":[{"name":"wp","href":"https:\/\/api.w.org\/{rel}","templated":true}]}}