{"id":1275,"date":"2015-10-27T21:17:02","date_gmt":"2015-10-27T21:17:02","guid":{"rendered":"http:\/\/psoecanarias.com\/web\/?p=1275"},"modified":"2015-11-02T21:17:25","modified_gmt":"2015-11-02T21:17:25","slug":"inaki-lavandera-el-techo-de-gasto-impuesto-por-el-pp-nos-mete-a-todos-en-el-mismo-saco","status":"publish","type":"post","link":"https:\/\/psoecanarias.com\/web\/inaki-lavandera-el-techo-de-gasto-impuesto-por-el-pp-nos-mete-a-todos-en-el-mismo-saco\/","title":{"rendered":"I\u00f1aki Lavandera: &#8220;El techo de gasto impuesto por el PP nos mete a todos en el mismo saco&#8221;"},"content":{"rendered":"<h5><strong>El portavoz del Grupo Parlamentario Socialista acusa al PP de\u00a0crear un nuevo problema con\u00a0una regla absurda de gasto que vuelve a medir a todas las comunidades por el mismo rasero<\/strong><\/h5>\n<p>El portavoz del Grupo Parlamentario Socialista, I\u00f1aki Lavandera, rechaz\u00f3 el techo de gasto impuesto por el Gobierno de Rajoy desde la mayor\u00eda \u2018absolutista\u2019 del PP, \u201cporque lleva cuatro a\u00f1os metiendo a todas las comunidades aut\u00f3nomas y entidades locales en el mismo saco sin diferenciar entre cumplidoras e incumplidoras, entre peor y mejor financiadas\u201d.<\/p>\n<p>En el pleno de la C\u00e1mara, se\u00f1al\u00f3 que el techo de gasto obliga a recortes en sanidad, educaci\u00f3n y pol\u00edticas sociales. \u201cLos socialistas creemos en la estabilidad presupuestaria, pero rechazamos radicalmente el reparto de objetivos entre administraciones\u201d, dijo, y asegur\u00f3 que en materia de financiaci\u00f3n, de objetivo del d\u00e9ficit, de racionalizaci\u00f3n de las haciendas locales, en fijaci\u00f3n del techo de gasto, \u201ces decir, en cualquier materia, para el Gobierno del PP s\u00f3lo existe el negro o el blanco\u201d.<\/p>\n<blockquote><p>&#8220;La pol\u00edtica con may\u00fasculas es aquella que sabe ver que, adem\u00e1s del negro y el blanco, hay una amplia gama de grises&#8221;<\/p><\/blockquote>\n<p>El portavoz del PSOE sostuvo que el PP \u201cha olvidado que la pol\u00edtica con may\u00fasculas es aquella que sabe ver que, adem\u00e1s del negro y el blanco, hay una amplia gama de grises donde, por lo general, se encuentra la soluci\u00f3n que da respuesta a todas las necesidades\u201d.<\/p>\n<p>Explic\u00f3 que por eso, \u201chasta cuando plantean un parche, como el del IGTE, crean un nuevo problema motivado por una absurda regla de gasto que vuelve a medir a todas las comunidades por el mismo rasero: paguen o no a sus proveedores, tengan o no capacidad de recaudaci\u00f3n o sean una de las nueve regiones gobernadas por el PP que han sido sancionadas por la Uni\u00f3n Europea por incumplir y falsear el d\u00e9ficit\u201d.<\/p>\n","protected":false},"excerpt":{"rendered":"<p>El portavoz del Grupo Parlamentario Socialista acusa al PP de crear un nuevo problema con una regla absurda de gasto que vuelve a medir a todas las comunidades por el mismo rasero.<\/p>\n","protected":false},"author":1,"featured_media":1276,"comment_status":"open","ping_status":"open","sticky":false,"template":"","format":"standard","meta":{"footnotes":""},"categories":[7],"tags":[120,234,233,236,32,232,237,28,24,235],"class_list":["post-1275","post","type-post","status-publish","format-standard","has-post-thumbnail","hentry","category-politica","tag-economia","tag-financiacion","tag-gasto","tag-igte","tag-inaki-lavandera","tag-jose-ignacio-alvaro-lavandera","tag-politica","tag-pp","tag-psoe-de-canarias","tag-techo-de-gasto"],"featured_image_src":"https:\/\/psoecanarias.com\/web\/wp-content\/uploads\/2015\/11\/DSC2502.jpg","author_info":{"display_name":"PSOE Canarias","author_link":"https:\/\/psoecanarias.com\/web\/author\/admin\/"},"yoast_head":"<!-- This site is optimized with the Yoast SEO plugin v27.2 - https:\/\/yoast.com\/product\/yoast-seo-wordpress\/ -->\n<title>I\u00f1aki Lavandera: &quot;El techo de gasto impuesto por el PP nos mete a todos en el mismo saco&quot; | PSOE Canarias<\/title>\n<meta name=\"description\" content=\"El portavoz parlamentario socialista acusa al PP de crear un nuevo problema con una regla de gasto que mide a todas las comunidades por el mismo rasero\" \/>\n<meta name=\"robots\" content=\"index, follow, max-snippet:-1, max-image-preview:large, max-video-preview:-1\" \/>\n<link rel=\"canonical\" href=\"https:\/\/psoecanarias.com\/web\/inaki-lavandera-el-techo-de-gasto-impuesto-por-el-pp-nos-mete-a-todos-en-el-mismo-saco\/\" \/>\n<meta property=\"og:locale\" content=\"es_ES\" \/>\n<meta property=\"og:type\" content=\"article\" \/>\n<meta property=\"og:title\" content=\"I\u00f1aki Lavandera: &quot;El techo de gasto impuesto por el PP nos mete a todos en el mismo saco&quot; | PSOE Canarias\" \/>\n<meta property=\"og:description\" content=\"El portavoz parlamentario socialista acusa al PP de crear un nuevo problema con una regla de gasto que mide a todas las comunidades por el mismo rasero\" \/>\n<meta property=\"og:url\" content=\"https:\/\/psoecanarias.com\/web\/inaki-lavandera-el-techo-de-gasto-impuesto-por-el-pp-nos-mete-a-todos-en-el-mismo-saco\/\" \/>\n<meta property=\"og:site_name\" content=\"PSOE Canarias\" \/>\n<meta property=\"article:published_time\" content=\"2015-10-27T21:17:02+00:00\" \/>\n<meta property=\"article:modified_time\" content=\"2015-11-02T21:17:25+00:00\" \/>\n<meta property=\"og:image\" content=\"https:\/\/psoecanarias.com\/web\/wp-content\/uploads\/2015\/11\/DSC2502.jpg\" \/>\n\t<meta property=\"og:image:width\" content=\"1550\" \/>\n\t<meta property=\"og:image:height\" content=\"807\" \/>\n\t<meta property=\"og:image:type\" content=\"image\/jpeg\" \/>\n<meta name=\"author\" content=\"PSOE Canarias\" \/>\n<meta name=\"twitter:card\" content=\"summary_large_image\" \/>\n<script type=\"application\/ld+json\" class=\"yoast-schema-graph\">{\"@context\":\"https:\/\/schema.org\",\"@graph\":[{\"@type\":\"Article\",\"@id\":\"https:\/\/psoecanarias.com\/web\/inaki-lavandera-el-techo-de-gasto-impuesto-por-el-pp-nos-mete-a-todos-en-el-mismo-saco\/#article\",\"isPartOf\":{\"@id\":\"https:\/\/psoecanarias.com\/web\/inaki-lavandera-el-techo-de-gasto-impuesto-por-el-pp-nos-mete-a-todos-en-el-mismo-saco\/\"},\"author\":{\"name\":\"PSOE Canarias\",\"@id\":\"https:\/\/psoecanarias.com\/web\/#\/schema\/person\/1ae43f9659d2fc599ca69c11e1dbf26f\"},\"headline\":\"I\u00f1aki Lavandera: &#8220;El techo de gasto impuesto por el PP nos mete a todos en el mismo saco&#8221;\",\"datePublished\":\"2015-10-27T21:17:02+00:00\",\"dateModified\":\"2015-11-02T21:17:25+00:00\",\"mainEntityOfPage\":{\"@id\":\"https:\/\/psoecanarias.com\/web\/inaki-lavandera-el-techo-de-gasto-impuesto-por-el-pp-nos-mete-a-todos-en-el-mismo-saco\/\"},\"wordCount\":348,\"commentCount\":0,\"image\":{\"@id\":\"https:\/\/psoecanarias.com\/web\/inaki-lavandera-el-techo-de-gasto-impuesto-por-el-pp-nos-mete-a-todos-en-el-mismo-saco\/#primaryimage\"},\"thumbnailUrl\":\"https:\/\/psoecanarias.com\/web\/wp-content\/uploads\/2015\/11\/DSC2502.jpg\",\"keywords\":[\"econom\u00eda\",\"financiaci\u00f3n\",\"gasto\",\"IGTE\",\"I\u00f1aki Lavandera\",\"Jos\u00e9 Ignacio \u00c1lvaro Lavandera\",\"pol\u00edtica\",\"PP\",\"PSOE de Canarias\",\"techo de gasto\"],\"articleSection\":[\"Pol\u00edtica\"],\"inLanguage\":\"es\",\"potentialAction\":[{\"@type\":\"CommentAction\",\"name\":\"Comment\",\"target\":[\"https:\/\/psoecanarias.com\/web\/inaki-lavandera-el-techo-de-gasto-impuesto-por-el-pp-nos-mete-a-todos-en-el-mismo-saco\/#respond\"]}]},{\"@type\":\"WebPage\",\"@id\":\"https:\/\/psoecanarias.com\/web\/inaki-lavandera-el-techo-de-gasto-impuesto-por-el-pp-nos-mete-a-todos-en-el-mismo-saco\/\",\"url\":\"https:\/\/psoecanarias.com\/web\/inaki-lavandera-el-techo-de-gasto-impuesto-por-el-pp-nos-mete-a-todos-en-el-mismo-saco\/\",\"name\":\"I\u00f1aki Lavandera: \\\"El techo de gasto impuesto por el PP nos mete a todos en el mismo saco\\\" | PSOE Canarias\",\"isPartOf\":{\"@id\":\"https:\/\/psoecanarias.com\/web\/#website\"},\"primaryImageOfPage\":{\"@id\":\"https:\/\/psoecanarias.com\/web\/inaki-lavandera-el-techo-de-gasto-impuesto-por-el-pp-nos-mete-a-todos-en-el-mismo-saco\/#primaryimage\"},\"image\":{\"@id\":\"https:\/\/psoecanarias.com\/web\/inaki-lavandera-el-techo-de-gasto-impuesto-por-el-pp-nos-mete-a-todos-en-el-mismo-saco\/#primaryimage\"},\"thumbnailUrl\":\"https:\/\/psoecanarias.com\/web\/wp-content\/uploads\/2015\/11\/DSC2502.jpg\",\"datePublished\":\"2015-10-27T21:17:02+00:00\",\"dateModified\":\"2015-11-02T21:17:25+00:00\",\"author\":{\"@id\":\"https:\/\/psoecanarias.com\/web\/#\/schema\/person\/1ae43f9659d2fc599ca69c11e1dbf26f\"},\"description\":\"El portavoz parlamentario socialista acusa al PP de crear un nuevo problema con una regla de gasto que mide a todas las comunidades por el mismo rasero\",\"breadcrumb\":{\"@id\":\"https:\/\/psoecanarias.com\/web\/inaki-lavandera-el-techo-de-gasto-impuesto-por-el-pp-nos-mete-a-todos-en-el-mismo-saco\/#breadcrumb\"},\"inLanguage\":\"es\",\"potentialAction\":[{\"@type\":\"ReadAction\",\"target\":[\"https:\/\/psoecanarias.com\/web\/inaki-lavandera-el-techo-de-gasto-impuesto-por-el-pp-nos-mete-a-todos-en-el-mismo-saco\/\"]}]},{\"@type\":\"ImageObject\",\"inLanguage\":\"es\",\"@id\":\"https:\/\/psoecanarias.com\/web\/inaki-lavandera-el-techo-de-gasto-impuesto-por-el-pp-nos-mete-a-todos-en-el-mismo-saco\/#primaryimage\",\"url\":\"https:\/\/psoecanarias.com\/web\/wp-content\/uploads\/2015\/11\/DSC2502.jpg\",\"contentUrl\":\"https:\/\/psoecanarias.com\/web\/wp-content\/uploads\/2015\/11\/DSC2502.jpg\",\"width\":1550,\"height\":807,\"caption\":\"I\u00f1aki Lavandera en el pleno del Parlamento.\"},{\"@type\":\"BreadcrumbList\",\"@id\":\"https:\/\/psoecanarias.com\/web\/inaki-lavandera-el-techo-de-gasto-impuesto-por-el-pp-nos-mete-a-todos-en-el-mismo-saco\/#breadcrumb\",\"itemListElement\":[{\"@type\":\"ListItem\",\"position\":1,\"name\":\"Portada\",\"item\":\"https:\/\/psoecanarias.com\/web\/\"},{\"@type\":\"ListItem\",\"position\":2,\"name\":\"I\u00f1aki Lavandera: \\\"El techo de gasto impuesto por el PP nos mete a todos en el mismo saco\\\"\"}]},{\"@type\":\"WebSite\",\"@id\":\"https:\/\/psoecanarias.com\/web\/#website\",\"url\":\"https:\/\/psoecanarias.com\/web\/\",\"name\":\"PSOE Canarias\",\"description\":\"Partido Socialista Obrero Espa\u00f1ol Canarias\",\"potentialAction\":[{\"@type\":\"SearchAction\",\"target\":{\"@type\":\"EntryPoint\",\"urlTemplate\":\"https:\/\/psoecanarias.com\/web\/?s={search_term_string}\"},\"query-input\":{\"@type\":\"PropertyValueSpecification\",\"valueRequired\":true,\"valueName\":\"search_term_string\"}}],\"inLanguage\":\"es\"},{\"@type\":\"Person\",\"@id\":\"https:\/\/psoecanarias.com\/web\/#\/schema\/person\/1ae43f9659d2fc599ca69c11e1dbf26f\",\"name\":\"PSOE Canarias\",\"image\":{\"@type\":\"ImageObject\",\"inLanguage\":\"es\",\"@id\":\"https:\/\/secure.gravatar.com\/avatar\/4364d37f6f6f9cdb7af199b46151565f37d8a8c3c0e04c1d78c04e857a15e3a8?s=96&d=mm&r=g\",\"url\":\"https:\/\/secure.gravatar.com\/avatar\/4364d37f6f6f9cdb7af199b46151565f37d8a8c3c0e04c1d78c04e857a15e3a8?s=96&d=mm&r=g\",\"contentUrl\":\"https:\/\/secure.gravatar.com\/avatar\/4364d37f6f6f9cdb7af199b46151565f37d8a8c3c0e04c1d78c04e857a15e3a8?s=96&d=mm&r=g\",\"caption\":\"PSOE Canarias\"},\"url\":\"https:\/\/psoecanarias.com\/web\/author\/admin\/\"}]}<\/script>\n<!-- \/ Yoast SEO plugin. -->","yoast_head_json":{"title":"I\u00f1aki Lavandera: \"El techo de gasto impuesto por el PP nos mete a todos en el mismo saco\" | PSOE Canarias","description":"El portavoz parlamentario socialista acusa al PP de crear un nuevo problema con una regla de gasto que mide a todas las comunidades por el mismo rasero","robots":{"index":"index","follow":"follow","max-snippet":"max-snippet:-1","max-image-preview":"max-image-preview:large","max-video-preview":"max-video-preview:-1"},"canonical":"https:\/\/psoecanarias.com\/web\/inaki-lavandera-el-techo-de-gasto-impuesto-por-el-pp-nos-mete-a-todos-en-el-mismo-saco\/","og_locale":"es_ES","og_type":"article","og_title":"I\u00f1aki Lavandera: \"El techo de gasto impuesto por el PP nos mete a todos en el mismo saco\" | PSOE Canarias","og_description":"El portavoz parlamentario socialista acusa al PP de crear un nuevo problema con una regla de gasto que mide a todas las comunidades por el mismo rasero","og_url":"https:\/\/psoecanarias.com\/web\/inaki-lavandera-el-techo-de-gasto-impuesto-por-el-pp-nos-mete-a-todos-en-el-mismo-saco\/","og_site_name":"PSOE Canarias","article_published_time":"2015-10-27T21:17:02+00:00","article_modified_time":"2015-11-02T21:17:25+00:00","og_image":[{"width":1550,"height":807,"url":"https:\/\/psoecanarias.com\/web\/wp-content\/uploads\/2015\/11\/DSC2502.jpg","type":"image\/jpeg"}],"author":"PSOE Canarias","twitter_card":"summary_large_image","schema":{"@context":"https:\/\/schema.org","@graph":[{"@type":"Article","@id":"https:\/\/psoecanarias.com\/web\/inaki-lavandera-el-techo-de-gasto-impuesto-por-el-pp-nos-mete-a-todos-en-el-mismo-saco\/#article","isPartOf":{"@id":"https:\/\/psoecanarias.com\/web\/inaki-lavandera-el-techo-de-gasto-impuesto-por-el-pp-nos-mete-a-todos-en-el-mismo-saco\/"},"author":{"name":"PSOE Canarias","@id":"https:\/\/psoecanarias.com\/web\/#\/schema\/person\/1ae43f9659d2fc599ca69c11e1dbf26f"},"headline":"I\u00f1aki Lavandera: &#8220;El techo de gasto impuesto por el PP nos mete a todos en el mismo saco&#8221;","datePublished":"2015-10-27T21:17:02+00:00","dateModified":"2015-11-02T21:17:25+00:00","mainEntityOfPage":{"@id":"https:\/\/psoecanarias.com\/web\/inaki-lavandera-el-techo-de-gasto-impuesto-por-el-pp-nos-mete-a-todos-en-el-mismo-saco\/"},"wordCount":348,"commentCount":0,"image":{"@id":"https:\/\/psoecanarias.com\/web\/inaki-lavandera-el-techo-de-gasto-impuesto-por-el-pp-nos-mete-a-todos-en-el-mismo-saco\/#primaryimage"},"thumbnailUrl":"https:\/\/psoecanarias.com\/web\/wp-content\/uploads\/2015\/11\/DSC2502.jpg","keywords":["econom\u00eda","financiaci\u00f3n","gasto","IGTE","I\u00f1aki Lavandera","Jos\u00e9 Ignacio \u00c1lvaro Lavandera","pol\u00edtica","PP","PSOE de Canarias","techo de gasto"],"articleSection":["Pol\u00edtica"],"inLanguage":"es","potentialAction":[{"@type":"CommentAction","name":"Comment","target":["https:\/\/psoecanarias.com\/web\/inaki-lavandera-el-techo-de-gasto-impuesto-por-el-pp-nos-mete-a-todos-en-el-mismo-saco\/#respond"]}]},{"@type":"WebPage","@id":"https:\/\/psoecanarias.com\/web\/inaki-lavandera-el-techo-de-gasto-impuesto-por-el-pp-nos-mete-a-todos-en-el-mismo-saco\/","url":"https:\/\/psoecanarias.com\/web\/inaki-lavandera-el-techo-de-gasto-impuesto-por-el-pp-nos-mete-a-todos-en-el-mismo-saco\/","name":"I\u00f1aki Lavandera: \"El techo de gasto impuesto por el PP nos mete a todos en el mismo saco\" | PSOE Canarias","isPartOf":{"@id":"https:\/\/psoecanarias.com\/web\/#website"},"primaryImageOfPage":{"@id":"https:\/\/psoecanarias.com\/web\/inaki-lavandera-el-techo-de-gasto-impuesto-por-el-pp-nos-mete-a-todos-en-el-mismo-saco\/#primaryimage"},"image":{"@id":"https:\/\/psoecanarias.com\/web\/inaki-lavandera-el-techo-de-gasto-impuesto-por-el-pp-nos-mete-a-todos-en-el-mismo-saco\/#primaryimage"},"thumbnailUrl":"https:\/\/psoecanarias.com\/web\/wp-content\/uploads\/2015\/11\/DSC2502.jpg","datePublished":"2015-10-27T21:17:02+00:00","dateModified":"2015-11-02T21:17:25+00:00","author":{"@id":"https:\/\/psoecanarias.com\/web\/#\/schema\/person\/1ae43f9659d2fc599ca69c11e1dbf26f"},"description":"El portavoz parlamentario socialista acusa al PP de crear un nuevo problema con una regla de gasto que mide a todas las comunidades por el mismo rasero","breadcrumb":{"@id":"https:\/\/psoecanarias.com\/web\/inaki-lavandera-el-techo-de-gasto-impuesto-por-el-pp-nos-mete-a-todos-en-el-mismo-saco\/#breadcrumb"},"inLanguage":"es","potentialAction":[{"@type":"ReadAction","target":["https:\/\/psoecanarias.com\/web\/inaki-lavandera-el-techo-de-gasto-impuesto-por-el-pp-nos-mete-a-todos-en-el-mismo-saco\/"]}]},{"@type":"ImageObject","inLanguage":"es","@id":"https:\/\/psoecanarias.com\/web\/inaki-lavandera-el-techo-de-gasto-impuesto-por-el-pp-nos-mete-a-todos-en-el-mismo-saco\/#primaryimage","url":"https:\/\/psoecanarias.com\/web\/wp-content\/uploads\/2015\/11\/DSC2502.jpg","contentUrl":"https:\/\/psoecanarias.com\/web\/wp-content\/uploads\/2015\/11\/DSC2502.jpg","width":1550,"height":807,"caption":"I\u00f1aki Lavandera en el pleno del Parlamento."},{"@type":"BreadcrumbList","@id":"https:\/\/psoecanarias.com\/web\/inaki-lavandera-el-techo-de-gasto-impuesto-por-el-pp-nos-mete-a-todos-en-el-mismo-saco\/#breadcrumb","itemListElement":[{"@type":"ListItem","position":1,"name":"Portada","item":"https:\/\/psoecanarias.com\/web\/"},{"@type":"ListItem","position":2,"name":"I\u00f1aki Lavandera: \"El techo de gasto impuesto por el PP nos mete a todos en el mismo saco\""}]},{"@type":"WebSite","@id":"https:\/\/psoecanarias.com\/web\/#website","url":"https:\/\/psoecanarias.com\/web\/","name":"PSOE Canarias","description":"Partido Socialista Obrero Espa\u00f1ol Canarias","potentialAction":[{"@type":"SearchAction","target":{"@type":"EntryPoint","urlTemplate":"https:\/\/psoecanarias.com\/web\/?s={search_term_string}"},"query-input":{"@type":"PropertyValueSpecification","valueRequired":true,"valueName":"search_term_string"}}],"inLanguage":"es"},{"@type":"Person","@id":"https:\/\/psoecanarias.com\/web\/#\/schema\/person\/1ae43f9659d2fc599ca69c11e1dbf26f","name":"PSOE Canarias","image":{"@type":"ImageObject","inLanguage":"es","@id":"https:\/\/secure.gravatar.com\/avatar\/4364d37f6f6f9cdb7af199b46151565f37d8a8c3c0e04c1d78c04e857a15e3a8?s=96&d=mm&r=g","url":"https:\/\/secure.gravatar.com\/avatar\/4364d37f6f6f9cdb7af199b46151565f37d8a8c3c0e04c1d78c04e857a15e3a8?s=96&d=mm&r=g","contentUrl":"https:\/\/secure.gravatar.com\/avatar\/4364d37f6f6f9cdb7af199b46151565f37d8a8c3c0e04c1d78c04e857a15e3a8?s=96&d=mm&r=g","caption":"PSOE Canarias"},"url":"https:\/\/psoecanarias.com\/web\/author\/admin\/"}]}},"_links":{"self":[{"href":"https:\/\/psoecanarias.com\/web\/wp-json\/wp\/v2\/posts\/1275","targetHints":{"allow":["GET"]}}],"collection":[{"href":"https:\/\/psoecanarias.com\/web\/wp-json\/wp\/v2\/posts"}],"about":[{"href":"https:\/\/psoecanarias.com\/web\/wp-json\/wp\/v2\/types\/post"}],"author":[{"embeddable":true,"href":"https:\/\/psoecanarias.com\/web\/wp-json\/wp\/v2\/users\/1"}],"replies":[{"embeddable":true,"href":"https:\/\/psoecanarias.com\/web\/wp-json\/wp\/v2\/comments?post=1275"}],"version-history":[{"count":1,"href":"https:\/\/psoecanarias.com\/web\/wp-json\/wp\/v2\/posts\/1275\/revisions"}],"predecessor-version":[{"id":1277,"href":"https:\/\/psoecanarias.com\/web\/wp-json\/wp\/v2\/posts\/1275\/revisions\/1277"}],"wp:featuredmedia":[{"embeddable":true,"href":"https:\/\/psoecanarias.com\/web\/wp-json\/wp\/v2\/media\/1276"}],"wp:attachment":[{"href":"https:\/\/psoecanarias.com\/web\/wp-json\/wp\/v2\/media?parent=1275"}],"wp:term":[{"taxonomy":"category","embeddable":true,"href":"https:\/\/psoecanarias.com\/web\/wp-json\/wp\/v2\/categories?post=1275"},{"taxonomy":"post_tag","embeddable":true,"href":"https:\/\/psoecanarias.com\/web\/wp-json\/wp\/v2\/tags?post=1275"}],"curies":[{"name":"wp","href":"https:\/\/api.w.org\/{rel}","templated":true}]}}