{"id":1316,"date":"2016-01-18T18:15:51","date_gmt":"2016-01-18T18:15:51","guid":{"rendered":"http:\/\/psoecanarias.com\/web\/?p=1316"},"modified":"2016-02-01T13:14:09","modified_gmt":"2016-02-01T13:14:09","slug":"el-grupo-socialista-acerca-a-fuerteventura-el-parlamento-de-canarias","status":"publish","type":"post","link":"https:\/\/psoecanarias.com\/web\/el-grupo-socialista-acerca-a-fuerteventura-el-parlamento-de-canarias\/","title":{"rendered":"El Grupo Socialista acerca a Fuerteventura el Parlamento de Canarias"},"content":{"rendered":"<div style=\"text-align: justify;\"><span style=\"font-family: Arial; font-size: medium;\"><em>XH\/<\/em> El Grupo Socialista celebr\u00f3 este lunes en Fuerteventura la cuarta jornada parlamentaria de esta novena legislatura con el objetivo de conocer de primer mano las demandas que plantean los sectores econ\u00f3micos y sociales de la isla, as\u00ed como acercar la labor que realiza el PSOE en la C\u00e1mara regional.\u00a0<\/span><\/div>\n<div style=\"text-align: justify;\"><span style=\"font-family: Arial; font-size: medium;\"><br \/>\n<\/span><\/div>\n<div style=\"text-align: justify;\"><span style=\"font-family: Arial; font-size: medium;\">El programa se inici\u00f3 a las 9:00 horas con una visita a una granja ganadera en Los Llanos de La Concepci\u00f3n, cuyo propietario traslad\u00f3 a los diputados y diputadas la realidad que atraviesa el sector. Record\u00f3 que en la actualidad la isla cuenta con unas 70.000 cabezas de ganado ciprino, actividad que genera 4.000 empleos directos e indirectos.<\/span><\/div>\n<div style=\"text-align: justify;\"><span style=\"font-family: Arial; font-size: medium;\"><br \/>\n<\/span><\/div>\n<div style=\"text-align: justify;\"><span style=\"font-family: Arial; font-size: medium;\">Las demandas del colectivo pasan por la revisi\u00f3n del POSEI en cuanto a las ayudas REA y el apoyo econ\u00f3mico directo al subsector ganadero. En el encuentro, ambas partes abordaron tambi\u00e9n la necesidad de mejorar procedimientos administrativos como la identificaci\u00f3n del ganado, su vacunaci\u00f3n o la legalizaci\u00f3n de instalaciones ganaderas.<\/span><\/div>\n<div style=\"text-align: justify;\"><span style=\"font-family: Arial; font-size: medium;\"><br \/>\n<\/span><\/div>\n<div style=\"text-align: justify;\"><span style=\"font-family: Arial; font-size: medium;\">El portavoz del Grupo, I\u00f1aki Lavandera, abog\u00f3 por que la Administraci\u00f3n \u201cse acerque al campo para conocer sobre el terreno la realidad del sector\u201d, al tiempo que consider\u00f3 \u201cmuy positiva\u201d la visita, la primera que realiza en la isla un grupo parlamentario a unas instalaciones de estas caracter\u00edsticas.<\/span><\/div>\n<div style=\"text-align: justify;\"><span style=\"font-family: Arial; font-size: medium;\"><br \/>\n<\/span><\/div>\n<div style=\"text-align: justify;\"><span style=\"font-family: Arial; font-size: medium;\">A continuaci\u00f3n, los parlamentarios y parlamentarias visitaron una granja de aloe, cultivo que est\u00e1 llamado a convertirse en una fuente de riqueza en la diversificaci\u00f3n del sector primario y econ\u00f3mico en general. \u201cContamos con la mejor materia prima del mundo y es necesario ponerla en valor estableciendo medidas de protecci\u00f3n ante la importaci\u00f3n de aloe que no es de Canarias ni tiene sus magn\u00edficas propiedades\u201d, remarc\u00f3 Lavandera.<\/span><\/div>\n<div style=\"text-align: justify;\"><span style=\"font-family: Arial; font-size: medium;\"><br \/>\n<\/span><\/div>\n<div style=\"text-align: justify;\"><span style=\"font-family: Arial; font-size: medium;\">Para el portavoz del PSOE, los productos derivados de ambas explotaciones \u201cson ejemplos claros de que el binomio sector primario-turismo van de la mano, porque ponen a disposici\u00f3n del turista un producto de calidad genuino, con alto valor a\u00f1adido\u201d.<\/span><\/div>\n<div style=\"text-align: justify;\"><span style=\"font-family: Arial; font-size: medium;\"><br \/>\n<\/span><\/div>\n<div style=\"text-align: justify;\"><span style=\"font-family: Arial; font-size: medium;\">La jornada de la ma\u00f1ana concluy\u00f3 con una visita a las instalaciones de la escuela infantil p\u00fablica del casco de P\u00e1jara. La diputada Rosa Bella Cabrera inform\u00f3 de que en la actualidad, son cuatro los centros de cero a tres a\u00f1os puestos en marcha por el Ayuntamiento, el primero de ellos en 1991 y que ofertan, de manera conjunta, un total de 200 plazas.<\/span><\/div>\n<div><span style=\"font-family: Arial; font-size: medium;\"><br \/>\n<\/span><\/div>\n<div><span style=\"font-family: Arial; font-size: medium;\">Cabrera hizo hincapi\u00e9 en la apuesta del PSOE por el mantenimiento de este servicio, \u201cnecesario para la conciliaci\u00f3n de la vida familiar y laboral de un municipio cuyos vecinos trabajan fundamentalmente en el sector del turismo y, en el marco de este, en la hosteler\u00eda\u201d.<\/span><\/div>\n<div><span style=\"font-family: Arial; font-size: medium;\"><br \/>\n<\/span><\/div>\n<div><span style=\"font-family: Arial; font-size: medium;\">La cuarta jornada parlamentaria del PSOE contin\u00faa esta tarde con una visita al Parque Tecnol\u00f3gico de Fuerteventura y, por \u00faltimo, una reuni\u00f3n con cargos p\u00fablicos y org\u00e1nicos del Partido.\u00a0<\/span><\/div>\n<p>&nbsp;<\/p>\n","protected":false},"excerpt":{"rendered":"<p>El Grupo Socialista celebr\u00f3 este lunes en Fuerteventura la cuarta jornada parlamentaria de esta novena legislatura con el objetivo de conocer de primer mano las demandas que plantean los sectores econ\u00f3micos y sociales de la isla, as\u00ed como acercar la labor que realiza el PSOE en la C\u00e1mara regional. <\/p>\n","protected":false},"author":1,"featured_media":1317,"comment_status":"open","ping_status":"open","sticky":false,"template":"","format":"standard","meta":{"footnotes":""},"categories":[7],"tags":[81,319,31,82,293,309,37,333,83,64,312],"class_list":["post-1316","post","type-post","status-publish","format-standard","has-post-thumbnail","hentry","category-politica","tag-agricultura","tag-aloe-vera","tag-fuerteventura","tag-ganaderia","tag-grupo-parlamentario-socialista-canario","tag-jornadas-parlamentarias","tag-parlamento","tag-parque-tecnologico","tag-sector-primario","tag-turismo","tag-visita"],"featured_image_src":"https:\/\/psoecanarias.com\/web\/wp-content\/uploads\/2016\/01\/aloe1.jpg","author_info":{"display_name":"PSOE Canarias","author_link":"https:\/\/psoecanarias.com\/web\/author\/admin\/"},"yoast_head":"<!-- This site is optimized with the Yoast SEO plugin v27.2 - https:\/\/yoast.com\/product\/yoast-seo-wordpress\/ -->\n<title>El Grupo Socialista acerca a Fuerteventura el Parlamento de Canarias<\/title>\n<meta name=\"description\" content=\"El Grupo Socialista celebr\u00f3 este lunes en Fuerteventura la cuarta jornada parlamentaria de esta novena legislatura con el objetivo de conocer de primer mano las demandas que plantean los sectores econ\u00f3micos y sociales de la isla, as\u00ed como acercar la labor que realiza el PSOE en la C\u00e1mara regional.\" \/>\n<meta name=\"robots\" content=\"index, follow, max-snippet:-1, max-image-preview:large, max-video-preview:-1\" \/>\n<link rel=\"canonical\" href=\"https:\/\/psoecanarias.com\/web\/el-grupo-socialista-acerca-a-fuerteventura-el-parlamento-de-canarias\/\" \/>\n<meta property=\"og:locale\" content=\"es_ES\" \/>\n<meta property=\"og:type\" content=\"article\" \/>\n<meta property=\"og:title\" content=\"El Grupo Socialista acerca a Fuerteventura el Parlamento de Canarias\" \/>\n<meta property=\"og:description\" content=\"El Grupo Socialista celebr\u00f3 este lunes en Fuerteventura la cuarta jornada parlamentaria de esta novena legislatura con el objetivo de conocer de primer mano las demandas que plantean los sectores econ\u00f3micos y sociales de la isla, as\u00ed como acercar la labor que realiza el PSOE en la C\u00e1mara regional.\" \/>\n<meta property=\"og:url\" content=\"https:\/\/psoecanarias.com\/web\/el-grupo-socialista-acerca-a-fuerteventura-el-parlamento-de-canarias\/\" \/>\n<meta property=\"og:site_name\" content=\"PSOE Canarias\" \/>\n<meta property=\"article:published_time\" content=\"2016-01-18T18:15:51+00:00\" \/>\n<meta property=\"article:modified_time\" content=\"2016-02-01T13:14:09+00:00\" \/>\n<meta property=\"og:image\" content=\"https:\/\/psoecanarias.com\/web\/wp-content\/uploads\/2016\/01\/aloe1.jpg\" \/>\n\t<meta property=\"og:image:width\" content=\"811\" \/>\n\t<meta property=\"og:image:height\" content=\"917\" \/>\n\t<meta property=\"og:image:type\" content=\"image\/jpeg\" \/>\n<meta name=\"author\" content=\"PSOE Canarias\" \/>\n<meta name=\"twitter:card\" content=\"summary_large_image\" \/>\n<script type=\"application\/ld+json\" class=\"yoast-schema-graph\">{\"@context\":\"https:\/\/schema.org\",\"@graph\":[{\"@type\":\"Article\",\"@id\":\"https:\/\/psoecanarias.com\/web\/el-grupo-socialista-acerca-a-fuerteventura-el-parlamento-de-canarias\/#article\",\"isPartOf\":{\"@id\":\"https:\/\/psoecanarias.com\/web\/el-grupo-socialista-acerca-a-fuerteventura-el-parlamento-de-canarias\/\"},\"author\":{\"name\":\"PSOE Canarias\",\"@id\":\"https:\/\/psoecanarias.com\/web\/#\/schema\/person\/1ae43f9659d2fc599ca69c11e1dbf26f\"},\"headline\":\"El Grupo Socialista acerca a Fuerteventura el Parlamento de Canarias\",\"datePublished\":\"2016-01-18T18:15:51+00:00\",\"dateModified\":\"2016-02-01T13:14:09+00:00\",\"mainEntityOfPage\":{\"@id\":\"https:\/\/psoecanarias.com\/web\/el-grupo-socialista-acerca-a-fuerteventura-el-parlamento-de-canarias\/\"},\"wordCount\":487,\"commentCount\":0,\"image\":{\"@id\":\"https:\/\/psoecanarias.com\/web\/el-grupo-socialista-acerca-a-fuerteventura-el-parlamento-de-canarias\/#primaryimage\"},\"thumbnailUrl\":\"https:\/\/psoecanarias.com\/web\/wp-content\/uploads\/2016\/01\/aloe1.jpg\",\"keywords\":[\"agricultura\",\"Aloe Vera\",\"Fuerteventura\",\"ganader\u00eda\",\"Grupo Parlamentario Socialista Canario\",\"Jornadas Parlamentarias\",\"Parlamento\",\"Parque Tecnol\u00f3gico\",\"sector primario\",\"turismo\",\"Visita\"],\"articleSection\":[\"Pol\u00edtica\"],\"inLanguage\":\"es\",\"potentialAction\":[{\"@type\":\"CommentAction\",\"name\":\"Comment\",\"target\":[\"https:\/\/psoecanarias.com\/web\/el-grupo-socialista-acerca-a-fuerteventura-el-parlamento-de-canarias\/#respond\"]}]},{\"@type\":\"WebPage\",\"@id\":\"https:\/\/psoecanarias.com\/web\/el-grupo-socialista-acerca-a-fuerteventura-el-parlamento-de-canarias\/\",\"url\":\"https:\/\/psoecanarias.com\/web\/el-grupo-socialista-acerca-a-fuerteventura-el-parlamento-de-canarias\/\",\"name\":\"El Grupo Socialista acerca a Fuerteventura el Parlamento de Canarias\",\"isPartOf\":{\"@id\":\"https:\/\/psoecanarias.com\/web\/#website\"},\"primaryImageOfPage\":{\"@id\":\"https:\/\/psoecanarias.com\/web\/el-grupo-socialista-acerca-a-fuerteventura-el-parlamento-de-canarias\/#primaryimage\"},\"image\":{\"@id\":\"https:\/\/psoecanarias.com\/web\/el-grupo-socialista-acerca-a-fuerteventura-el-parlamento-de-canarias\/#primaryimage\"},\"thumbnailUrl\":\"https:\/\/psoecanarias.com\/web\/wp-content\/uploads\/2016\/01\/aloe1.jpg\",\"datePublished\":\"2016-01-18T18:15:51+00:00\",\"dateModified\":\"2016-02-01T13:14:09+00:00\",\"author\":{\"@id\":\"https:\/\/psoecanarias.com\/web\/#\/schema\/person\/1ae43f9659d2fc599ca69c11e1dbf26f\"},\"description\":\"El Grupo Socialista celebr\u00f3 este lunes en Fuerteventura la cuarta jornada parlamentaria de esta novena legislatura con el objetivo de conocer de primer mano las demandas que plantean los sectores econ\u00f3micos y sociales de la isla, as\u00ed como acercar la labor que realiza el PSOE en la C\u00e1mara regional.\",\"breadcrumb\":{\"@id\":\"https:\/\/psoecanarias.com\/web\/el-grupo-socialista-acerca-a-fuerteventura-el-parlamento-de-canarias\/#breadcrumb\"},\"inLanguage\":\"es\",\"potentialAction\":[{\"@type\":\"ReadAction\",\"target\":[\"https:\/\/psoecanarias.com\/web\/el-grupo-socialista-acerca-a-fuerteventura-el-parlamento-de-canarias\/\"]}]},{\"@type\":\"ImageObject\",\"inLanguage\":\"es\",\"@id\":\"https:\/\/psoecanarias.com\/web\/el-grupo-socialista-acerca-a-fuerteventura-el-parlamento-de-canarias\/#primaryimage\",\"url\":\"https:\/\/psoecanarias.com\/web\/wp-content\/uploads\/2016\/01\/aloe1.jpg\",\"contentUrl\":\"https:\/\/psoecanarias.com\/web\/wp-content\/uploads\/2016\/01\/aloe1.jpg\",\"width\":811,\"height\":917},{\"@type\":\"BreadcrumbList\",\"@id\":\"https:\/\/psoecanarias.com\/web\/el-grupo-socialista-acerca-a-fuerteventura-el-parlamento-de-canarias\/#breadcrumb\",\"itemListElement\":[{\"@type\":\"ListItem\",\"position\":1,\"name\":\"Portada\",\"item\":\"https:\/\/psoecanarias.com\/web\/\"},{\"@type\":\"ListItem\",\"position\":2,\"name\":\"El Grupo Socialista acerca a Fuerteventura el Parlamento de Canarias\"}]},{\"@type\":\"WebSite\",\"@id\":\"https:\/\/psoecanarias.com\/web\/#website\",\"url\":\"https:\/\/psoecanarias.com\/web\/\",\"name\":\"PSOE Canarias\",\"description\":\"Partido Socialista Obrero Espa\u00f1ol Canarias\",\"potentialAction\":[{\"@type\":\"SearchAction\",\"target\":{\"@type\":\"EntryPoint\",\"urlTemplate\":\"https:\/\/psoecanarias.com\/web\/?s={search_term_string}\"},\"query-input\":{\"@type\":\"PropertyValueSpecification\",\"valueRequired\":true,\"valueName\":\"search_term_string\"}}],\"inLanguage\":\"es\"},{\"@type\":\"Person\",\"@id\":\"https:\/\/psoecanarias.com\/web\/#\/schema\/person\/1ae43f9659d2fc599ca69c11e1dbf26f\",\"name\":\"PSOE Canarias\",\"image\":{\"@type\":\"ImageObject\",\"inLanguage\":\"es\",\"@id\":\"https:\/\/secure.gravatar.com\/avatar\/4364d37f6f6f9cdb7af199b46151565f37d8a8c3c0e04c1d78c04e857a15e3a8?s=96&d=mm&r=g\",\"url\":\"https:\/\/secure.gravatar.com\/avatar\/4364d37f6f6f9cdb7af199b46151565f37d8a8c3c0e04c1d78c04e857a15e3a8?s=96&d=mm&r=g\",\"contentUrl\":\"https:\/\/secure.gravatar.com\/avatar\/4364d37f6f6f9cdb7af199b46151565f37d8a8c3c0e04c1d78c04e857a15e3a8?s=96&d=mm&r=g\",\"caption\":\"PSOE Canarias\"},\"url\":\"https:\/\/psoecanarias.com\/web\/author\/admin\/\"}]}<\/script>\n<!-- \/ Yoast SEO plugin. -->","yoast_head_json":{"title":"El Grupo Socialista acerca a Fuerteventura el Parlamento de Canarias","description":"El Grupo Socialista celebr\u00f3 este lunes en Fuerteventura la cuarta jornada parlamentaria de esta novena legislatura con el objetivo de conocer de primer mano las demandas que plantean los sectores econ\u00f3micos y sociales de la isla, as\u00ed como acercar la labor que realiza el PSOE en la C\u00e1mara regional.","robots":{"index":"index","follow":"follow","max-snippet":"max-snippet:-1","max-image-preview":"max-image-preview:large","max-video-preview":"max-video-preview:-1"},"canonical":"https:\/\/psoecanarias.com\/web\/el-grupo-socialista-acerca-a-fuerteventura-el-parlamento-de-canarias\/","og_locale":"es_ES","og_type":"article","og_title":"El Grupo Socialista acerca a Fuerteventura el Parlamento de Canarias","og_description":"El Grupo Socialista celebr\u00f3 este lunes en Fuerteventura la cuarta jornada parlamentaria de esta novena legislatura con el objetivo de conocer de primer mano las demandas que plantean los sectores econ\u00f3micos y sociales de la isla, as\u00ed como acercar la labor que realiza el PSOE en la C\u00e1mara regional.","og_url":"https:\/\/psoecanarias.com\/web\/el-grupo-socialista-acerca-a-fuerteventura-el-parlamento-de-canarias\/","og_site_name":"PSOE Canarias","article_published_time":"2016-01-18T18:15:51+00:00","article_modified_time":"2016-02-01T13:14:09+00:00","og_image":[{"width":811,"height":917,"url":"https:\/\/psoecanarias.com\/web\/wp-content\/uploads\/2016\/01\/aloe1.jpg","type":"image\/jpeg"}],"author":"PSOE Canarias","twitter_card":"summary_large_image","schema":{"@context":"https:\/\/schema.org","@graph":[{"@type":"Article","@id":"https:\/\/psoecanarias.com\/web\/el-grupo-socialista-acerca-a-fuerteventura-el-parlamento-de-canarias\/#article","isPartOf":{"@id":"https:\/\/psoecanarias.com\/web\/el-grupo-socialista-acerca-a-fuerteventura-el-parlamento-de-canarias\/"},"author":{"name":"PSOE Canarias","@id":"https:\/\/psoecanarias.com\/web\/#\/schema\/person\/1ae43f9659d2fc599ca69c11e1dbf26f"},"headline":"El Grupo Socialista acerca a Fuerteventura el Parlamento de Canarias","datePublished":"2016-01-18T18:15:51+00:00","dateModified":"2016-02-01T13:14:09+00:00","mainEntityOfPage":{"@id":"https:\/\/psoecanarias.com\/web\/el-grupo-socialista-acerca-a-fuerteventura-el-parlamento-de-canarias\/"},"wordCount":487,"commentCount":0,"image":{"@id":"https:\/\/psoecanarias.com\/web\/el-grupo-socialista-acerca-a-fuerteventura-el-parlamento-de-canarias\/#primaryimage"},"thumbnailUrl":"https:\/\/psoecanarias.com\/web\/wp-content\/uploads\/2016\/01\/aloe1.jpg","keywords":["agricultura","Aloe Vera","Fuerteventura","ganader\u00eda","Grupo Parlamentario Socialista Canario","Jornadas Parlamentarias","Parlamento","Parque Tecnol\u00f3gico","sector primario","turismo","Visita"],"articleSection":["Pol\u00edtica"],"inLanguage":"es","potentialAction":[{"@type":"CommentAction","name":"Comment","target":["https:\/\/psoecanarias.com\/web\/el-grupo-socialista-acerca-a-fuerteventura-el-parlamento-de-canarias\/#respond"]}]},{"@type":"WebPage","@id":"https:\/\/psoecanarias.com\/web\/el-grupo-socialista-acerca-a-fuerteventura-el-parlamento-de-canarias\/","url":"https:\/\/psoecanarias.com\/web\/el-grupo-socialista-acerca-a-fuerteventura-el-parlamento-de-canarias\/","name":"El Grupo Socialista acerca a Fuerteventura el Parlamento de Canarias","isPartOf":{"@id":"https:\/\/psoecanarias.com\/web\/#website"},"primaryImageOfPage":{"@id":"https:\/\/psoecanarias.com\/web\/el-grupo-socialista-acerca-a-fuerteventura-el-parlamento-de-canarias\/#primaryimage"},"image":{"@id":"https:\/\/psoecanarias.com\/web\/el-grupo-socialista-acerca-a-fuerteventura-el-parlamento-de-canarias\/#primaryimage"},"thumbnailUrl":"https:\/\/psoecanarias.com\/web\/wp-content\/uploads\/2016\/01\/aloe1.jpg","datePublished":"2016-01-18T18:15:51+00:00","dateModified":"2016-02-01T13:14:09+00:00","author":{"@id":"https:\/\/psoecanarias.com\/web\/#\/schema\/person\/1ae43f9659d2fc599ca69c11e1dbf26f"},"description":"El Grupo Socialista celebr\u00f3 este lunes en Fuerteventura la cuarta jornada parlamentaria de esta novena legislatura con el objetivo de conocer de primer mano las demandas que plantean los sectores econ\u00f3micos y sociales de la isla, as\u00ed como acercar la labor que realiza el PSOE en la C\u00e1mara regional.","breadcrumb":{"@id":"https:\/\/psoecanarias.com\/web\/el-grupo-socialista-acerca-a-fuerteventura-el-parlamento-de-canarias\/#breadcrumb"},"inLanguage":"es","potentialAction":[{"@type":"ReadAction","target":["https:\/\/psoecanarias.com\/web\/el-grupo-socialista-acerca-a-fuerteventura-el-parlamento-de-canarias\/"]}]},{"@type":"ImageObject","inLanguage":"es","@id":"https:\/\/psoecanarias.com\/web\/el-grupo-socialista-acerca-a-fuerteventura-el-parlamento-de-canarias\/#primaryimage","url":"https:\/\/psoecanarias.com\/web\/wp-content\/uploads\/2016\/01\/aloe1.jpg","contentUrl":"https:\/\/psoecanarias.com\/web\/wp-content\/uploads\/2016\/01\/aloe1.jpg","width":811,"height":917},{"@type":"BreadcrumbList","@id":"https:\/\/psoecanarias.com\/web\/el-grupo-socialista-acerca-a-fuerteventura-el-parlamento-de-canarias\/#breadcrumb","itemListElement":[{"@type":"ListItem","position":1,"name":"Portada","item":"https:\/\/psoecanarias.com\/web\/"},{"@type":"ListItem","position":2,"name":"El Grupo Socialista acerca a Fuerteventura el Parlamento de Canarias"}]},{"@type":"WebSite","@id":"https:\/\/psoecanarias.com\/web\/#website","url":"https:\/\/psoecanarias.com\/web\/","name":"PSOE Canarias","description":"Partido Socialista Obrero Espa\u00f1ol Canarias","potentialAction":[{"@type":"SearchAction","target":{"@type":"EntryPoint","urlTemplate":"https:\/\/psoecanarias.com\/web\/?s={search_term_string}"},"query-input":{"@type":"PropertyValueSpecification","valueRequired":true,"valueName":"search_term_string"}}],"inLanguage":"es"},{"@type":"Person","@id":"https:\/\/psoecanarias.com\/web\/#\/schema\/person\/1ae43f9659d2fc599ca69c11e1dbf26f","name":"PSOE Canarias","image":{"@type":"ImageObject","inLanguage":"es","@id":"https:\/\/secure.gravatar.com\/avatar\/4364d37f6f6f9cdb7af199b46151565f37d8a8c3c0e04c1d78c04e857a15e3a8?s=96&d=mm&r=g","url":"https:\/\/secure.gravatar.com\/avatar\/4364d37f6f6f9cdb7af199b46151565f37d8a8c3c0e04c1d78c04e857a15e3a8?s=96&d=mm&r=g","contentUrl":"https:\/\/secure.gravatar.com\/avatar\/4364d37f6f6f9cdb7af199b46151565f37d8a8c3c0e04c1d78c04e857a15e3a8?s=96&d=mm&r=g","caption":"PSOE Canarias"},"url":"https:\/\/psoecanarias.com\/web\/author\/admin\/"}]}},"_links":{"self":[{"href":"https:\/\/psoecanarias.com\/web\/wp-json\/wp\/v2\/posts\/1316","targetHints":{"allow":["GET"]}}],"collection":[{"href":"https:\/\/psoecanarias.com\/web\/wp-json\/wp\/v2\/posts"}],"about":[{"href":"https:\/\/psoecanarias.com\/web\/wp-json\/wp\/v2\/types\/post"}],"author":[{"embeddable":true,"href":"https:\/\/psoecanarias.com\/web\/wp-json\/wp\/v2\/users\/1"}],"replies":[{"embeddable":true,"href":"https:\/\/psoecanarias.com\/web\/wp-json\/wp\/v2\/comments?post=1316"}],"version-history":[{"count":4,"href":"https:\/\/psoecanarias.com\/web\/wp-json\/wp\/v2\/posts\/1316\/revisions"}],"predecessor-version":[{"id":1403,"href":"https:\/\/psoecanarias.com\/web\/wp-json\/wp\/v2\/posts\/1316\/revisions\/1403"}],"wp:featuredmedia":[{"embeddable":true,"href":"https:\/\/psoecanarias.com\/web\/wp-json\/wp\/v2\/media\/1317"}],"wp:attachment":[{"href":"https:\/\/psoecanarias.com\/web\/wp-json\/wp\/v2\/media?parent=1316"}],"wp:term":[{"taxonomy":"category","embeddable":true,"href":"https:\/\/psoecanarias.com\/web\/wp-json\/wp\/v2\/categories?post=1316"},{"taxonomy":"post_tag","embeddable":true,"href":"https:\/\/psoecanarias.com\/web\/wp-json\/wp\/v2\/tags?post=1316"}],"curies":[{"name":"wp","href":"https:\/\/api.w.org\/{rel}","templated":true}]}}