{"id":1319,"date":"2016-01-19T17:54:42","date_gmt":"2016-01-19T17:54:42","guid":{"rendered":"http:\/\/psoecanarias.com\/web\/?p=1319"},"modified":"2016-02-01T13:08:21","modified_gmt":"2016-02-01T13:08:21","slug":"el-grupo-parlamentario-y-los-militantes-del-psoe-de-fuerteventura-abordan-las-demandas-de-la-isla","status":"publish","type":"post","link":"https:\/\/psoecanarias.com\/web\/el-grupo-parlamentario-y-los-militantes-del-psoe-de-fuerteventura-abordan-las-demandas-de-la-isla\/","title":{"rendered":"El Grupo Parlamentario y los militantes del PSOE de Fuerteventura abordan las demandas de la isla"},"content":{"rendered":"<p style=\"text-align: justify;\"><em>XH\/ <\/em>Los diputados y diputadas del Grupo Parlamentario Socialista se reunieron este lunes con militantes y cargos p\u00fablicos y org\u00e1nicos del PSOE de Fuerteventura, con quienes abordaron las principales demandas que se plantean desde la isla en materia sanitaria, de empleo, educaci\u00f3n, infraestructuras o transportes, entre otras.<\/p>\n<p style=\"text-align: justify;\">Los parlamentarios, encabezados por su portavoz y secretario general de la Agrupaci\u00f3n Local del PSOE de Puerto del Rosario, I\u00f1aki Lavandera, recordaron que permanecen constantemente a disposici\u00f3n de la militancia de cada isla y de la ciudadan\u00eda en general, y subrayaron que de encuentros de estas caracter\u00edsticas se obtienen eficaces resultados que se traducen posteriormente en iniciativas parlamentarias.<\/p>\n<p style=\"text-align: justify;\">En la reuni\u00f3n, los diputados destacaron que ocho de cada diez euros de los presupuestos de la Comunidad Aut\u00f3noma para este a\u00f1o se destinan a pol\u00edticas sociales, materias en las que est\u00e1 el peso espec\u00edfico de la acci\u00f3n del Gobierno. As\u00ed, apostaron por continuar impulsando la sanidad en la isla, especialmente en lo que respecta a aquellas cuestiones que centran las demandas y quejas de la ciudadan\u00eda.<\/p>\n<p style=\"text-align: justify;\">En este punto, hicieron hincapi\u00e9 en que la finalizaci\u00f3n del Hospital General de Fuerteventura es una prioridad irrenunciable para el PSOE, asunto sobre el que el Grupo Parlamentario ha presentado innumerables iniciativas en la C\u00e1mara regional. Las dificultades con que tropiezan los majoreros para desplazarse a otra isla fue otro de los temas que se pusieron sobre la mesa. En este sentido, Lavandera record\u00f3 que el PSOE ha solicitado la puesta en marcha en el Parlamento de una comisi\u00f3n de estudio que sirva para hacer un diagn\u00f3stico y dar respuesta a los problemas de movilidad entre islas y entre Canarias y el exterior.<\/p>\n<p style=\"text-align: justify;\">El sistema electoral fue otro de los puntos tratados en la reuni\u00f3n, cuesti\u00f3n sobre la que tambi\u00e9n se ha solicitado la creaci\u00f3n de una comisi\u00f3n de estudio. El portavoz indic\u00f3 que la reforma que defiende el PSOE consiste en la habilitaci\u00f3n de una circunscripci\u00f3n regional y por que ninguna isla con mayor poblaci\u00f3n tenga menos diputados que las de menor poblaci\u00f3n, entre otros aspectos.<\/p>\n<p style=\"text-align: justify;\">El proyecto del palacio de justicia de Puerto del Rosario, sobre el que el PSOE present\u00f3 una enmienda a los presupuestos de 2016, o las leyes pendientes en materia de cultura tambi\u00e9n se trataron en el encuentro de este lunes.<\/p>\n<p style=\"text-align: justify;\">\n","protected":false},"excerpt":{"rendered":"<p>Los diputados y diputadas del Grupo Parlamentario Socialista se reunieron este lunes con militantes y cargos p\u00fablicos y org\u00e1nicos del PSOE de Fuerteventura, con quienes abordaron las principales demandas que se plantean desde la isla en materia sanitaria, de empleo, educaci\u00f3n, infraestructuras o transportes, entre otras.<\/p>\n","protected":false},"author":1,"featured_media":1320,"comment_status":"open","ping_status":"open","sticky":false,"template":"","format":"standard","meta":{"footnotes":""},"categories":[7],"tags":[330,332,331,327,311,31,293,309,329,37,328],"class_list":["post-1319","post","type-post","status-publish","format-standard","has-post-thumbnail","hentry","category-politica","tag-agrupacion-local-de-puerto-del-rosario","tag-cargos-organicos","tag-cargos-publicos","tag-diputadas","tag-diputados","tag-fuerteventura","tag-grupo-parlamentario-socialista-canario","tag-jornadas-parlamentarias","tag-militantes","tag-parlamento","tag-reunion"],"featured_image_src":"https:\/\/psoecanarias.com\/web\/wp-content\/uploads\/2016\/01\/PSOE-Fvtra.jpg","author_info":{"display_name":"PSOE Canarias","author_link":"https:\/\/psoecanarias.com\/web\/author\/admin\/"},"yoast_head":"<!-- This site is optimized with the Yoast SEO plugin v27.2 - https:\/\/yoast.com\/product\/yoast-seo-wordpress\/ -->\n<title>El Grupo Parlamentario y los militantes del PSOE de Fuerteventura abordan las demandas de la isla<\/title>\n<meta name=\"description\" content=\"Los diputados y diputadas del Grupo Parlamentario Socialista se reunieron este lunes con militantes y cargos p\u00fablicos y org\u00e1nicos del PSOE de Fuerteventura, con quienes abordaron las principales demandas que se plantean desde la isla en materia sanitaria, de empleo, educaci\u00f3n, infraestructuras o transportes, entre otras.\" \/>\n<meta name=\"robots\" content=\"index, follow, max-snippet:-1, max-image-preview:large, max-video-preview:-1\" \/>\n<link rel=\"canonical\" href=\"https:\/\/psoecanarias.com\/web\/el-grupo-parlamentario-y-los-militantes-del-psoe-de-fuerteventura-abordan-las-demandas-de-la-isla\/\" \/>\n<meta property=\"og:locale\" content=\"es_ES\" \/>\n<meta property=\"og:type\" content=\"article\" \/>\n<meta property=\"og:title\" content=\"El Grupo Parlamentario y los militantes del PSOE de Fuerteventura abordan las demandas de la isla\" \/>\n<meta property=\"og:description\" content=\"Los diputados y diputadas del Grupo Parlamentario Socialista se reunieron este lunes con militantes y cargos p\u00fablicos y org\u00e1nicos del PSOE de Fuerteventura, con quienes abordaron las principales demandas que se plantean desde la isla en materia sanitaria, de empleo, educaci\u00f3n, infraestructuras o transportes, entre otras.\" \/>\n<meta property=\"og:url\" content=\"https:\/\/psoecanarias.com\/web\/el-grupo-parlamentario-y-los-militantes-del-psoe-de-fuerteventura-abordan-las-demandas-de-la-isla\/\" \/>\n<meta property=\"og:site_name\" content=\"PSOE Canarias\" \/>\n<meta property=\"article:published_time\" content=\"2016-01-19T17:54:42+00:00\" \/>\n<meta property=\"article:modified_time\" content=\"2016-02-01T13:08:21+00:00\" \/>\n<meta property=\"og:image\" content=\"https:\/\/psoecanarias.com\/web\/wp-content\/uploads\/2016\/01\/PSOE-Fvtra.jpg\" \/>\n\t<meta property=\"og:image:width\" content=\"1170\" \/>\n\t<meta property=\"og:image:height\" content=\"851\" \/>\n\t<meta property=\"og:image:type\" content=\"image\/jpeg\" \/>\n<meta name=\"author\" content=\"PSOE Canarias\" \/>\n<meta name=\"twitter:card\" content=\"summary_large_image\" \/>\n<script type=\"application\/ld+json\" class=\"yoast-schema-graph\">{\"@context\":\"https:\/\/schema.org\",\"@graph\":[{\"@type\":\"Article\",\"@id\":\"https:\/\/psoecanarias.com\/web\/el-grupo-parlamentario-y-los-militantes-del-psoe-de-fuerteventura-abordan-las-demandas-de-la-isla\/#article\",\"isPartOf\":{\"@id\":\"https:\/\/psoecanarias.com\/web\/el-grupo-parlamentario-y-los-militantes-del-psoe-de-fuerteventura-abordan-las-demandas-de-la-isla\/\"},\"author\":{\"name\":\"PSOE Canarias\",\"@id\":\"https:\/\/psoecanarias.com\/web\/#\/schema\/person\/1ae43f9659d2fc599ca69c11e1dbf26f\"},\"headline\":\"El Grupo Parlamentario y los militantes del PSOE de Fuerteventura abordan las demandas de la isla\",\"datePublished\":\"2016-01-19T17:54:42+00:00\",\"dateModified\":\"2016-02-01T13:08:21+00:00\",\"mainEntityOfPage\":{\"@id\":\"https:\/\/psoecanarias.com\/web\/el-grupo-parlamentario-y-los-militantes-del-psoe-de-fuerteventura-abordan-las-demandas-de-la-isla\/\"},\"wordCount\":423,\"commentCount\":0,\"image\":{\"@id\":\"https:\/\/psoecanarias.com\/web\/el-grupo-parlamentario-y-los-militantes-del-psoe-de-fuerteventura-abordan-las-demandas-de-la-isla\/#primaryimage\"},\"thumbnailUrl\":\"https:\/\/psoecanarias.com\/web\/wp-content\/uploads\/2016\/01\/PSOE-Fvtra.jpg\",\"keywords\":[\"Agrupaci\u00f3n Local de Puerto del Rosario\",\"Cargos org\u00e1nicos\",\"Cargos p\u00fablicos\",\"Diputadas\",\"Diputados\",\"Fuerteventura\",\"Grupo Parlamentario Socialista Canario\",\"Jornadas Parlamentarias\",\"Militantes\",\"Parlamento\",\"Reuni\u00f3n\"],\"articleSection\":[\"Pol\u00edtica\"],\"inLanguage\":\"es\",\"potentialAction\":[{\"@type\":\"CommentAction\",\"name\":\"Comment\",\"target\":[\"https:\/\/psoecanarias.com\/web\/el-grupo-parlamentario-y-los-militantes-del-psoe-de-fuerteventura-abordan-las-demandas-de-la-isla\/#respond\"]}]},{\"@type\":\"WebPage\",\"@id\":\"https:\/\/psoecanarias.com\/web\/el-grupo-parlamentario-y-los-militantes-del-psoe-de-fuerteventura-abordan-las-demandas-de-la-isla\/\",\"url\":\"https:\/\/psoecanarias.com\/web\/el-grupo-parlamentario-y-los-militantes-del-psoe-de-fuerteventura-abordan-las-demandas-de-la-isla\/\",\"name\":\"El Grupo Parlamentario y los militantes del PSOE de Fuerteventura abordan las demandas de la isla\",\"isPartOf\":{\"@id\":\"https:\/\/psoecanarias.com\/web\/#website\"},\"primaryImageOfPage\":{\"@id\":\"https:\/\/psoecanarias.com\/web\/el-grupo-parlamentario-y-los-militantes-del-psoe-de-fuerteventura-abordan-las-demandas-de-la-isla\/#primaryimage\"},\"image\":{\"@id\":\"https:\/\/psoecanarias.com\/web\/el-grupo-parlamentario-y-los-militantes-del-psoe-de-fuerteventura-abordan-las-demandas-de-la-isla\/#primaryimage\"},\"thumbnailUrl\":\"https:\/\/psoecanarias.com\/web\/wp-content\/uploads\/2016\/01\/PSOE-Fvtra.jpg\",\"datePublished\":\"2016-01-19T17:54:42+00:00\",\"dateModified\":\"2016-02-01T13:08:21+00:00\",\"author\":{\"@id\":\"https:\/\/psoecanarias.com\/web\/#\/schema\/person\/1ae43f9659d2fc599ca69c11e1dbf26f\"},\"description\":\"Los diputados y diputadas del Grupo Parlamentario Socialista se reunieron este lunes con militantes y cargos p\u00fablicos y org\u00e1nicos del PSOE de Fuerteventura, con quienes abordaron las principales demandas que se plantean desde la isla en materia sanitaria, de empleo, educaci\u00f3n, infraestructuras o transportes, entre otras.\",\"breadcrumb\":{\"@id\":\"https:\/\/psoecanarias.com\/web\/el-grupo-parlamentario-y-los-militantes-del-psoe-de-fuerteventura-abordan-las-demandas-de-la-isla\/#breadcrumb\"},\"inLanguage\":\"es\",\"potentialAction\":[{\"@type\":\"ReadAction\",\"target\":[\"https:\/\/psoecanarias.com\/web\/el-grupo-parlamentario-y-los-militantes-del-psoe-de-fuerteventura-abordan-las-demandas-de-la-isla\/\"]}]},{\"@type\":\"ImageObject\",\"inLanguage\":\"es\",\"@id\":\"https:\/\/psoecanarias.com\/web\/el-grupo-parlamentario-y-los-militantes-del-psoe-de-fuerteventura-abordan-las-demandas-de-la-isla\/#primaryimage\",\"url\":\"https:\/\/psoecanarias.com\/web\/wp-content\/uploads\/2016\/01\/PSOE-Fvtra.jpg\",\"contentUrl\":\"https:\/\/psoecanarias.com\/web\/wp-content\/uploads\/2016\/01\/PSOE-Fvtra.jpg\",\"width\":1170,\"height\":851},{\"@type\":\"BreadcrumbList\",\"@id\":\"https:\/\/psoecanarias.com\/web\/el-grupo-parlamentario-y-los-militantes-del-psoe-de-fuerteventura-abordan-las-demandas-de-la-isla\/#breadcrumb\",\"itemListElement\":[{\"@type\":\"ListItem\",\"position\":1,\"name\":\"Portada\",\"item\":\"https:\/\/psoecanarias.com\/web\/\"},{\"@type\":\"ListItem\",\"position\":2,\"name\":\"El Grupo Parlamentario y los militantes del PSOE de Fuerteventura abordan las demandas de la isla\"}]},{\"@type\":\"WebSite\",\"@id\":\"https:\/\/psoecanarias.com\/web\/#website\",\"url\":\"https:\/\/psoecanarias.com\/web\/\",\"name\":\"PSOE Canarias\",\"description\":\"Partido Socialista Obrero Espa\u00f1ol Canarias\",\"potentialAction\":[{\"@type\":\"SearchAction\",\"target\":{\"@type\":\"EntryPoint\",\"urlTemplate\":\"https:\/\/psoecanarias.com\/web\/?s={search_term_string}\"},\"query-input\":{\"@type\":\"PropertyValueSpecification\",\"valueRequired\":true,\"valueName\":\"search_term_string\"}}],\"inLanguage\":\"es\"},{\"@type\":\"Person\",\"@id\":\"https:\/\/psoecanarias.com\/web\/#\/schema\/person\/1ae43f9659d2fc599ca69c11e1dbf26f\",\"name\":\"PSOE Canarias\",\"image\":{\"@type\":\"ImageObject\",\"inLanguage\":\"es\",\"@id\":\"https:\/\/secure.gravatar.com\/avatar\/4364d37f6f6f9cdb7af199b46151565f37d8a8c3c0e04c1d78c04e857a15e3a8?s=96&d=mm&r=g\",\"url\":\"https:\/\/secure.gravatar.com\/avatar\/4364d37f6f6f9cdb7af199b46151565f37d8a8c3c0e04c1d78c04e857a15e3a8?s=96&d=mm&r=g\",\"contentUrl\":\"https:\/\/secure.gravatar.com\/avatar\/4364d37f6f6f9cdb7af199b46151565f37d8a8c3c0e04c1d78c04e857a15e3a8?s=96&d=mm&r=g\",\"caption\":\"PSOE Canarias\"},\"url\":\"https:\/\/psoecanarias.com\/web\/author\/admin\/\"}]}<\/script>\n<!-- \/ Yoast SEO plugin. -->","yoast_head_json":{"title":"El Grupo Parlamentario y los militantes del PSOE de Fuerteventura abordan las demandas de la isla","description":"Los diputados y diputadas del Grupo Parlamentario Socialista se reunieron este lunes con militantes y cargos p\u00fablicos y org\u00e1nicos del PSOE de Fuerteventura, con quienes abordaron las principales demandas que se plantean desde la isla en materia sanitaria, de empleo, educaci\u00f3n, infraestructuras o transportes, entre otras.","robots":{"index":"index","follow":"follow","max-snippet":"max-snippet:-1","max-image-preview":"max-image-preview:large","max-video-preview":"max-video-preview:-1"},"canonical":"https:\/\/psoecanarias.com\/web\/el-grupo-parlamentario-y-los-militantes-del-psoe-de-fuerteventura-abordan-las-demandas-de-la-isla\/","og_locale":"es_ES","og_type":"article","og_title":"El Grupo Parlamentario y los militantes del PSOE de Fuerteventura abordan las demandas de la isla","og_description":"Los diputados y diputadas del Grupo Parlamentario Socialista se reunieron este lunes con militantes y cargos p\u00fablicos y org\u00e1nicos del PSOE de Fuerteventura, con quienes abordaron las principales demandas que se plantean desde la isla en materia sanitaria, de empleo, educaci\u00f3n, infraestructuras o transportes, entre otras.","og_url":"https:\/\/psoecanarias.com\/web\/el-grupo-parlamentario-y-los-militantes-del-psoe-de-fuerteventura-abordan-las-demandas-de-la-isla\/","og_site_name":"PSOE Canarias","article_published_time":"2016-01-19T17:54:42+00:00","article_modified_time":"2016-02-01T13:08:21+00:00","og_image":[{"width":1170,"height":851,"url":"https:\/\/psoecanarias.com\/web\/wp-content\/uploads\/2016\/01\/PSOE-Fvtra.jpg","type":"image\/jpeg"}],"author":"PSOE Canarias","twitter_card":"summary_large_image","schema":{"@context":"https:\/\/schema.org","@graph":[{"@type":"Article","@id":"https:\/\/psoecanarias.com\/web\/el-grupo-parlamentario-y-los-militantes-del-psoe-de-fuerteventura-abordan-las-demandas-de-la-isla\/#article","isPartOf":{"@id":"https:\/\/psoecanarias.com\/web\/el-grupo-parlamentario-y-los-militantes-del-psoe-de-fuerteventura-abordan-las-demandas-de-la-isla\/"},"author":{"name":"PSOE Canarias","@id":"https:\/\/psoecanarias.com\/web\/#\/schema\/person\/1ae43f9659d2fc599ca69c11e1dbf26f"},"headline":"El Grupo Parlamentario y los militantes del PSOE de Fuerteventura abordan las demandas de la isla","datePublished":"2016-01-19T17:54:42+00:00","dateModified":"2016-02-01T13:08:21+00:00","mainEntityOfPage":{"@id":"https:\/\/psoecanarias.com\/web\/el-grupo-parlamentario-y-los-militantes-del-psoe-de-fuerteventura-abordan-las-demandas-de-la-isla\/"},"wordCount":423,"commentCount":0,"image":{"@id":"https:\/\/psoecanarias.com\/web\/el-grupo-parlamentario-y-los-militantes-del-psoe-de-fuerteventura-abordan-las-demandas-de-la-isla\/#primaryimage"},"thumbnailUrl":"https:\/\/psoecanarias.com\/web\/wp-content\/uploads\/2016\/01\/PSOE-Fvtra.jpg","keywords":["Agrupaci\u00f3n Local de Puerto del Rosario","Cargos org\u00e1nicos","Cargos p\u00fablicos","Diputadas","Diputados","Fuerteventura","Grupo Parlamentario Socialista Canario","Jornadas Parlamentarias","Militantes","Parlamento","Reuni\u00f3n"],"articleSection":["Pol\u00edtica"],"inLanguage":"es","potentialAction":[{"@type":"CommentAction","name":"Comment","target":["https:\/\/psoecanarias.com\/web\/el-grupo-parlamentario-y-los-militantes-del-psoe-de-fuerteventura-abordan-las-demandas-de-la-isla\/#respond"]}]},{"@type":"WebPage","@id":"https:\/\/psoecanarias.com\/web\/el-grupo-parlamentario-y-los-militantes-del-psoe-de-fuerteventura-abordan-las-demandas-de-la-isla\/","url":"https:\/\/psoecanarias.com\/web\/el-grupo-parlamentario-y-los-militantes-del-psoe-de-fuerteventura-abordan-las-demandas-de-la-isla\/","name":"El Grupo Parlamentario y los militantes del PSOE de Fuerteventura abordan las demandas de la isla","isPartOf":{"@id":"https:\/\/psoecanarias.com\/web\/#website"},"primaryImageOfPage":{"@id":"https:\/\/psoecanarias.com\/web\/el-grupo-parlamentario-y-los-militantes-del-psoe-de-fuerteventura-abordan-las-demandas-de-la-isla\/#primaryimage"},"image":{"@id":"https:\/\/psoecanarias.com\/web\/el-grupo-parlamentario-y-los-militantes-del-psoe-de-fuerteventura-abordan-las-demandas-de-la-isla\/#primaryimage"},"thumbnailUrl":"https:\/\/psoecanarias.com\/web\/wp-content\/uploads\/2016\/01\/PSOE-Fvtra.jpg","datePublished":"2016-01-19T17:54:42+00:00","dateModified":"2016-02-01T13:08:21+00:00","author":{"@id":"https:\/\/psoecanarias.com\/web\/#\/schema\/person\/1ae43f9659d2fc599ca69c11e1dbf26f"},"description":"Los diputados y diputadas del Grupo Parlamentario Socialista se reunieron este lunes con militantes y cargos p\u00fablicos y org\u00e1nicos del PSOE de Fuerteventura, con quienes abordaron las principales demandas que se plantean desde la isla en materia sanitaria, de empleo, educaci\u00f3n, infraestructuras o transportes, entre otras.","breadcrumb":{"@id":"https:\/\/psoecanarias.com\/web\/el-grupo-parlamentario-y-los-militantes-del-psoe-de-fuerteventura-abordan-las-demandas-de-la-isla\/#breadcrumb"},"inLanguage":"es","potentialAction":[{"@type":"ReadAction","target":["https:\/\/psoecanarias.com\/web\/el-grupo-parlamentario-y-los-militantes-del-psoe-de-fuerteventura-abordan-las-demandas-de-la-isla\/"]}]},{"@type":"ImageObject","inLanguage":"es","@id":"https:\/\/psoecanarias.com\/web\/el-grupo-parlamentario-y-los-militantes-del-psoe-de-fuerteventura-abordan-las-demandas-de-la-isla\/#primaryimage","url":"https:\/\/psoecanarias.com\/web\/wp-content\/uploads\/2016\/01\/PSOE-Fvtra.jpg","contentUrl":"https:\/\/psoecanarias.com\/web\/wp-content\/uploads\/2016\/01\/PSOE-Fvtra.jpg","width":1170,"height":851},{"@type":"BreadcrumbList","@id":"https:\/\/psoecanarias.com\/web\/el-grupo-parlamentario-y-los-militantes-del-psoe-de-fuerteventura-abordan-las-demandas-de-la-isla\/#breadcrumb","itemListElement":[{"@type":"ListItem","position":1,"name":"Portada","item":"https:\/\/psoecanarias.com\/web\/"},{"@type":"ListItem","position":2,"name":"El Grupo Parlamentario y los militantes del PSOE de Fuerteventura abordan las demandas de la isla"}]},{"@type":"WebSite","@id":"https:\/\/psoecanarias.com\/web\/#website","url":"https:\/\/psoecanarias.com\/web\/","name":"PSOE Canarias","description":"Partido Socialista Obrero Espa\u00f1ol Canarias","potentialAction":[{"@type":"SearchAction","target":{"@type":"EntryPoint","urlTemplate":"https:\/\/psoecanarias.com\/web\/?s={search_term_string}"},"query-input":{"@type":"PropertyValueSpecification","valueRequired":true,"valueName":"search_term_string"}}],"inLanguage":"es"},{"@type":"Person","@id":"https:\/\/psoecanarias.com\/web\/#\/schema\/person\/1ae43f9659d2fc599ca69c11e1dbf26f","name":"PSOE Canarias","image":{"@type":"ImageObject","inLanguage":"es","@id":"https:\/\/secure.gravatar.com\/avatar\/4364d37f6f6f9cdb7af199b46151565f37d8a8c3c0e04c1d78c04e857a15e3a8?s=96&d=mm&r=g","url":"https:\/\/secure.gravatar.com\/avatar\/4364d37f6f6f9cdb7af199b46151565f37d8a8c3c0e04c1d78c04e857a15e3a8?s=96&d=mm&r=g","contentUrl":"https:\/\/secure.gravatar.com\/avatar\/4364d37f6f6f9cdb7af199b46151565f37d8a8c3c0e04c1d78c04e857a15e3a8?s=96&d=mm&r=g","caption":"PSOE Canarias"},"url":"https:\/\/psoecanarias.com\/web\/author\/admin\/"}]}},"_links":{"self":[{"href":"https:\/\/psoecanarias.com\/web\/wp-json\/wp\/v2\/posts\/1319","targetHints":{"allow":["GET"]}}],"collection":[{"href":"https:\/\/psoecanarias.com\/web\/wp-json\/wp\/v2\/posts"}],"about":[{"href":"https:\/\/psoecanarias.com\/web\/wp-json\/wp\/v2\/types\/post"}],"author":[{"embeddable":true,"href":"https:\/\/psoecanarias.com\/web\/wp-json\/wp\/v2\/users\/1"}],"replies":[{"embeddable":true,"href":"https:\/\/psoecanarias.com\/web\/wp-json\/wp\/v2\/comments?post=1319"}],"version-history":[{"count":3,"href":"https:\/\/psoecanarias.com\/web\/wp-json\/wp\/v2\/posts\/1319\/revisions"}],"predecessor-version":[{"id":1402,"href":"https:\/\/psoecanarias.com\/web\/wp-json\/wp\/v2\/posts\/1319\/revisions\/1402"}],"wp:featuredmedia":[{"embeddable":true,"href":"https:\/\/psoecanarias.com\/web\/wp-json\/wp\/v2\/media\/1320"}],"wp:attachment":[{"href":"https:\/\/psoecanarias.com\/web\/wp-json\/wp\/v2\/media?parent=1319"}],"wp:term":[{"taxonomy":"category","embeddable":true,"href":"https:\/\/psoecanarias.com\/web\/wp-json\/wp\/v2\/categories?post=1319"},{"taxonomy":"post_tag","embeddable":true,"href":"https:\/\/psoecanarias.com\/web\/wp-json\/wp\/v2\/tags?post=1319"}],"curies":[{"name":"wp","href":"https:\/\/api.w.org\/{rel}","templated":true}]}}