{"id":1322,"date":"2016-01-19T18:02:32","date_gmt":"2016-01-19T18:02:32","guid":{"rendered":"http:\/\/psoecanarias.com\/web\/?p=1322"},"modified":"2016-02-01T13:05:01","modified_gmt":"2016-02-01T13:05:01","slug":"el-psoe-exigira-en-la-camara-que-el-aumento-de-cuota-del-atun-rojo-corresponda-a-canarias","status":"publish","type":"post","link":"https:\/\/psoecanarias.com\/web\/el-psoe-exigira-en-la-camara-que-el-aumento-de-cuota-del-atun-rojo-corresponda-a-canarias\/","title":{"rendered":"El PSOE exigir\u00e1 en la C\u00e1mara que el aumento de cuota del at\u00fan rojo corresponda a Canarias"},"content":{"rendered":"<p style=\"text-align: justify;\">La portavoz de Pesca del Grupo Parlamentario Socialista, Ventura del Carmen Rodr\u00edguez Herrera, anunci\u00f3 este martes que el PSOE presentar\u00e1 iniciativas en la C\u00e1mara regional encaminadas a exigir que la ampliaci\u00f3n de cuota de at\u00fan rojo asignada este a\u00f1o a Espa\u00f1a y cuantificada en 574 toneladas corresponda a Canarias.<\/p>\n<p style=\"text-align: justify;\">Acompa\u00f1ada por la diputada tinerfe\u00f1a Teresa Cruz Oval, Rodr\u00edguez Herrera se reuni\u00f3 hoy con representantes de las cofrad\u00edas de pescadores de La Gomera, El Hierro, La Graciosa, Gran Tarajal, Los Cristianos, Candelaria, El Pris, Playa San Juan, Tajao y San Andr\u00e9s, entre otras, con quienes abordaron la \u201curgencia de que el Gobierno de Espa\u00f1a comprenda que ese incremento se destine a Canarias\u201d.<\/p>\n<p style=\"text-align: justify;\">En el encuentro, los profesionales tambi\u00e9n urgieron al Gobierno canario a que replantee una nueva ley de pesca que contemple la realidad actualizada del sector, pues la norma vigente data del a\u00f1o 2003. Otra de sus demandas es que se vigile de manera severa el furtivismo y se apliquen medidas ejemplares.<\/p>\n<p style=\"text-align: justify;\">Asimismo, subrayaron la necesidad de que se mejore el apoyo a la gesti\u00f3n de las cofrad\u00edas y recordaron que son m\u00e1s de 1.000 los profesionales de la pesca artesanal en las islas, quienes a su vez generan unos 2.000 empleos m\u00e1s. \u201cEl mantenimiento de esta actividad y de todos estos puestos de trabajo est\u00e1 en juego si no se produce un apoyo real y efectivo al sector\u201d, dijo Ventura del Carmen Rodr\u00edguez.<\/p>\n","protected":false},"excerpt":{"rendered":"<p>La portavoz de Pesca del Grupo Parlamentario Socialista, Ventura del Carmen Rodr\u00edguez Herrera, anunci\u00f3 este martes que el PSOE presentar\u00e1 iniciativas en la C\u00e1mara regional encaminadas a exigir que la ampliaci\u00f3n de cuota de at\u00fan rojo asignada este a\u00f1o a Espa\u00f1a y cuantificada en 574 toneladas corresponda a Canarias.<\/p>\n","protected":false},"author":1,"featured_media":1323,"comment_status":"open","ping_status":"open","sticky":false,"template":"","format":"standard","meta":{"footnotes":""},"categories":[7],"tags":[304,302,293,37,303,301],"class_list":["post-1322","post","type-post","status-publish","format-standard","has-post-thumbnail","hentry","category-politica","tag-atun-rojo","tag-diputada","tag-grupo-parlamentario-socialista-canario","tag-parlamento","tag-pesca","tag-ventura-del-carmen-rodriguez-herrera"],"featured_image_src":"https:\/\/psoecanarias.com\/web\/wp-content\/uploads\/2016\/01\/GRUPO-PARLAMENTARIO-PESCADORES.jpg","author_info":{"display_name":"PSOE Canarias","author_link":"https:\/\/psoecanarias.com\/web\/author\/admin\/"},"yoast_head":"<!-- This site is optimized with the Yoast SEO plugin v27.2 - https:\/\/yoast.com\/product\/yoast-seo-wordpress\/ -->\n<title>El PSOE exigir\u00e1 en la C\u00e1mara que el aumento de cuota del at\u00fan rojo corresponda a Canarias<\/title>\n<meta name=\"description\" content=\"La portavoz de Pesca del Grupo Parlamentario Socialista, Ventura del Carmen Rodr\u00edguez Herrera, anunci\u00f3 este martes que el PSOE presentar\u00e1 iniciativas en la C\u00e1mara regional encaminadas a exigir que la ampliaci\u00f3n de cuota de at\u00fan rojo asignada este a\u00f1o a Espa\u00f1a y cuantificada en 574 toneladas corresponda a Canarias.\" \/>\n<meta name=\"robots\" content=\"index, follow, max-snippet:-1, max-image-preview:large, max-video-preview:-1\" \/>\n<link rel=\"canonical\" href=\"https:\/\/psoecanarias.com\/web\/el-psoe-exigira-en-la-camara-que-el-aumento-de-cuota-del-atun-rojo-corresponda-a-canarias\/\" \/>\n<meta property=\"og:locale\" content=\"es_ES\" \/>\n<meta property=\"og:type\" content=\"article\" \/>\n<meta property=\"og:title\" content=\"El PSOE exigir\u00e1 en la C\u00e1mara que el aumento de cuota del at\u00fan rojo corresponda a Canarias\" \/>\n<meta property=\"og:description\" content=\"La portavoz de Pesca del Grupo Parlamentario Socialista, Ventura del Carmen Rodr\u00edguez Herrera, anunci\u00f3 este martes que el PSOE presentar\u00e1 iniciativas en la C\u00e1mara regional encaminadas a exigir que la ampliaci\u00f3n de cuota de at\u00fan rojo asignada este a\u00f1o a Espa\u00f1a y cuantificada en 574 toneladas corresponda a Canarias.\" \/>\n<meta property=\"og:url\" content=\"https:\/\/psoecanarias.com\/web\/el-psoe-exigira-en-la-camara-que-el-aumento-de-cuota-del-atun-rojo-corresponda-a-canarias\/\" \/>\n<meta property=\"og:site_name\" content=\"PSOE Canarias\" \/>\n<meta property=\"article:published_time\" content=\"2016-01-19T18:02:32+00:00\" \/>\n<meta property=\"article:modified_time\" content=\"2016-02-01T13:05:01+00:00\" \/>\n<meta property=\"og:image\" content=\"https:\/\/psoecanarias.com\/web\/wp-content\/uploads\/2016\/01\/GRUPO-PARLAMENTARIO-PESCADORES.jpg\" \/>\n\t<meta property=\"og:image:width\" content=\"1920\" \/>\n\t<meta property=\"og:image:height\" content=\"543\" \/>\n\t<meta property=\"og:image:type\" content=\"image\/jpeg\" \/>\n<meta name=\"author\" content=\"PSOE Canarias\" \/>\n<meta name=\"twitter:card\" content=\"summary_large_image\" \/>\n<script type=\"application\/ld+json\" class=\"yoast-schema-graph\">{\"@context\":\"https:\/\/schema.org\",\"@graph\":[{\"@type\":\"Article\",\"@id\":\"https:\/\/psoecanarias.com\/web\/el-psoe-exigira-en-la-camara-que-el-aumento-de-cuota-del-atun-rojo-corresponda-a-canarias\/#article\",\"isPartOf\":{\"@id\":\"https:\/\/psoecanarias.com\/web\/el-psoe-exigira-en-la-camara-que-el-aumento-de-cuota-del-atun-rojo-corresponda-a-canarias\/\"},\"author\":{\"name\":\"PSOE Canarias\",\"@id\":\"https:\/\/psoecanarias.com\/web\/#\/schema\/person\/1ae43f9659d2fc599ca69c11e1dbf26f\"},\"headline\":\"El PSOE exigir\u00e1 en la C\u00e1mara que el aumento de cuota del at\u00fan rojo corresponda a Canarias\",\"datePublished\":\"2016-01-19T18:02:32+00:00\",\"dateModified\":\"2016-02-01T13:05:01+00:00\",\"mainEntityOfPage\":{\"@id\":\"https:\/\/psoecanarias.com\/web\/el-psoe-exigira-en-la-camara-que-el-aumento-de-cuota-del-atun-rojo-corresponda-a-canarias\/\"},\"wordCount\":268,\"commentCount\":0,\"image\":{\"@id\":\"https:\/\/psoecanarias.com\/web\/el-psoe-exigira-en-la-camara-que-el-aumento-de-cuota-del-atun-rojo-corresponda-a-canarias\/#primaryimage\"},\"thumbnailUrl\":\"https:\/\/psoecanarias.com\/web\/wp-content\/uploads\/2016\/01\/GRUPO-PARLAMENTARIO-PESCADORES.jpg\",\"keywords\":[\"At\u00fan rojo\",\"Diputada\",\"Grupo Parlamentario Socialista Canario\",\"Parlamento\",\"Pesca\",\"Ventura del Carmen Rodr\u00edguez Herrera\"],\"articleSection\":[\"Pol\u00edtica\"],\"inLanguage\":\"es\",\"potentialAction\":[{\"@type\":\"CommentAction\",\"name\":\"Comment\",\"target\":[\"https:\/\/psoecanarias.com\/web\/el-psoe-exigira-en-la-camara-que-el-aumento-de-cuota-del-atun-rojo-corresponda-a-canarias\/#respond\"]}]},{\"@type\":\"WebPage\",\"@id\":\"https:\/\/psoecanarias.com\/web\/el-psoe-exigira-en-la-camara-que-el-aumento-de-cuota-del-atun-rojo-corresponda-a-canarias\/\",\"url\":\"https:\/\/psoecanarias.com\/web\/el-psoe-exigira-en-la-camara-que-el-aumento-de-cuota-del-atun-rojo-corresponda-a-canarias\/\",\"name\":\"El PSOE exigir\u00e1 en la C\u00e1mara que el aumento de cuota del at\u00fan rojo corresponda a Canarias\",\"isPartOf\":{\"@id\":\"https:\/\/psoecanarias.com\/web\/#website\"},\"primaryImageOfPage\":{\"@id\":\"https:\/\/psoecanarias.com\/web\/el-psoe-exigira-en-la-camara-que-el-aumento-de-cuota-del-atun-rojo-corresponda-a-canarias\/#primaryimage\"},\"image\":{\"@id\":\"https:\/\/psoecanarias.com\/web\/el-psoe-exigira-en-la-camara-que-el-aumento-de-cuota-del-atun-rojo-corresponda-a-canarias\/#primaryimage\"},\"thumbnailUrl\":\"https:\/\/psoecanarias.com\/web\/wp-content\/uploads\/2016\/01\/GRUPO-PARLAMENTARIO-PESCADORES.jpg\",\"datePublished\":\"2016-01-19T18:02:32+00:00\",\"dateModified\":\"2016-02-01T13:05:01+00:00\",\"author\":{\"@id\":\"https:\/\/psoecanarias.com\/web\/#\/schema\/person\/1ae43f9659d2fc599ca69c11e1dbf26f\"},\"description\":\"La portavoz de Pesca del Grupo Parlamentario Socialista, Ventura del Carmen Rodr\u00edguez Herrera, anunci\u00f3 este martes que el PSOE presentar\u00e1 iniciativas en la C\u00e1mara regional encaminadas a exigir que la ampliaci\u00f3n de cuota de at\u00fan rojo asignada este a\u00f1o a Espa\u00f1a y cuantificada en 574 toneladas corresponda a Canarias.\",\"breadcrumb\":{\"@id\":\"https:\/\/psoecanarias.com\/web\/el-psoe-exigira-en-la-camara-que-el-aumento-de-cuota-del-atun-rojo-corresponda-a-canarias\/#breadcrumb\"},\"inLanguage\":\"es\",\"potentialAction\":[{\"@type\":\"ReadAction\",\"target\":[\"https:\/\/psoecanarias.com\/web\/el-psoe-exigira-en-la-camara-que-el-aumento-de-cuota-del-atun-rojo-corresponda-a-canarias\/\"]}]},{\"@type\":\"ImageObject\",\"inLanguage\":\"es\",\"@id\":\"https:\/\/psoecanarias.com\/web\/el-psoe-exigira-en-la-camara-que-el-aumento-de-cuota-del-atun-rojo-corresponda-a-canarias\/#primaryimage\",\"url\":\"https:\/\/psoecanarias.com\/web\/wp-content\/uploads\/2016\/01\/GRUPO-PARLAMENTARIO-PESCADORES.jpg\",\"contentUrl\":\"https:\/\/psoecanarias.com\/web\/wp-content\/uploads\/2016\/01\/GRUPO-PARLAMENTARIO-PESCADORES.jpg\",\"width\":1920,\"height\":543},{\"@type\":\"BreadcrumbList\",\"@id\":\"https:\/\/psoecanarias.com\/web\/el-psoe-exigira-en-la-camara-que-el-aumento-de-cuota-del-atun-rojo-corresponda-a-canarias\/#breadcrumb\",\"itemListElement\":[{\"@type\":\"ListItem\",\"position\":1,\"name\":\"Portada\",\"item\":\"https:\/\/psoecanarias.com\/web\/\"},{\"@type\":\"ListItem\",\"position\":2,\"name\":\"El PSOE exigir\u00e1 en la C\u00e1mara que el aumento de cuota del at\u00fan rojo corresponda a Canarias\"}]},{\"@type\":\"WebSite\",\"@id\":\"https:\/\/psoecanarias.com\/web\/#website\",\"url\":\"https:\/\/psoecanarias.com\/web\/\",\"name\":\"PSOE Canarias\",\"description\":\"Partido Socialista Obrero Espa\u00f1ol Canarias\",\"potentialAction\":[{\"@type\":\"SearchAction\",\"target\":{\"@type\":\"EntryPoint\",\"urlTemplate\":\"https:\/\/psoecanarias.com\/web\/?s={search_term_string}\"},\"query-input\":{\"@type\":\"PropertyValueSpecification\",\"valueRequired\":true,\"valueName\":\"search_term_string\"}}],\"inLanguage\":\"es\"},{\"@type\":\"Person\",\"@id\":\"https:\/\/psoecanarias.com\/web\/#\/schema\/person\/1ae43f9659d2fc599ca69c11e1dbf26f\",\"name\":\"PSOE Canarias\",\"image\":{\"@type\":\"ImageObject\",\"inLanguage\":\"es\",\"@id\":\"https:\/\/secure.gravatar.com\/avatar\/4364d37f6f6f9cdb7af199b46151565f37d8a8c3c0e04c1d78c04e857a15e3a8?s=96&d=mm&r=g\",\"url\":\"https:\/\/secure.gravatar.com\/avatar\/4364d37f6f6f9cdb7af199b46151565f37d8a8c3c0e04c1d78c04e857a15e3a8?s=96&d=mm&r=g\",\"contentUrl\":\"https:\/\/secure.gravatar.com\/avatar\/4364d37f6f6f9cdb7af199b46151565f37d8a8c3c0e04c1d78c04e857a15e3a8?s=96&d=mm&r=g\",\"caption\":\"PSOE Canarias\"},\"url\":\"https:\/\/psoecanarias.com\/web\/author\/admin\/\"}]}<\/script>\n<!-- \/ Yoast SEO plugin. -->","yoast_head_json":{"title":"El PSOE exigir\u00e1 en la C\u00e1mara que el aumento de cuota del at\u00fan rojo corresponda a Canarias","description":"La portavoz de Pesca del Grupo Parlamentario Socialista, Ventura del Carmen Rodr\u00edguez Herrera, anunci\u00f3 este martes que el PSOE presentar\u00e1 iniciativas en la C\u00e1mara regional encaminadas a exigir que la ampliaci\u00f3n de cuota de at\u00fan rojo asignada este a\u00f1o a Espa\u00f1a y cuantificada en 574 toneladas corresponda a Canarias.","robots":{"index":"index","follow":"follow","max-snippet":"max-snippet:-1","max-image-preview":"max-image-preview:large","max-video-preview":"max-video-preview:-1"},"canonical":"https:\/\/psoecanarias.com\/web\/el-psoe-exigira-en-la-camara-que-el-aumento-de-cuota-del-atun-rojo-corresponda-a-canarias\/","og_locale":"es_ES","og_type":"article","og_title":"El PSOE exigir\u00e1 en la C\u00e1mara que el aumento de cuota del at\u00fan rojo corresponda a Canarias","og_description":"La portavoz de Pesca del Grupo Parlamentario Socialista, Ventura del Carmen Rodr\u00edguez Herrera, anunci\u00f3 este martes que el PSOE presentar\u00e1 iniciativas en la C\u00e1mara regional encaminadas a exigir que la ampliaci\u00f3n de cuota de at\u00fan rojo asignada este a\u00f1o a Espa\u00f1a y cuantificada en 574 toneladas corresponda a Canarias.","og_url":"https:\/\/psoecanarias.com\/web\/el-psoe-exigira-en-la-camara-que-el-aumento-de-cuota-del-atun-rojo-corresponda-a-canarias\/","og_site_name":"PSOE Canarias","article_published_time":"2016-01-19T18:02:32+00:00","article_modified_time":"2016-02-01T13:05:01+00:00","og_image":[{"width":1920,"height":543,"url":"https:\/\/psoecanarias.com\/web\/wp-content\/uploads\/2016\/01\/GRUPO-PARLAMENTARIO-PESCADORES.jpg","type":"image\/jpeg"}],"author":"PSOE Canarias","twitter_card":"summary_large_image","schema":{"@context":"https:\/\/schema.org","@graph":[{"@type":"Article","@id":"https:\/\/psoecanarias.com\/web\/el-psoe-exigira-en-la-camara-que-el-aumento-de-cuota-del-atun-rojo-corresponda-a-canarias\/#article","isPartOf":{"@id":"https:\/\/psoecanarias.com\/web\/el-psoe-exigira-en-la-camara-que-el-aumento-de-cuota-del-atun-rojo-corresponda-a-canarias\/"},"author":{"name":"PSOE Canarias","@id":"https:\/\/psoecanarias.com\/web\/#\/schema\/person\/1ae43f9659d2fc599ca69c11e1dbf26f"},"headline":"El PSOE exigir\u00e1 en la C\u00e1mara que el aumento de cuota del at\u00fan rojo corresponda a Canarias","datePublished":"2016-01-19T18:02:32+00:00","dateModified":"2016-02-01T13:05:01+00:00","mainEntityOfPage":{"@id":"https:\/\/psoecanarias.com\/web\/el-psoe-exigira-en-la-camara-que-el-aumento-de-cuota-del-atun-rojo-corresponda-a-canarias\/"},"wordCount":268,"commentCount":0,"image":{"@id":"https:\/\/psoecanarias.com\/web\/el-psoe-exigira-en-la-camara-que-el-aumento-de-cuota-del-atun-rojo-corresponda-a-canarias\/#primaryimage"},"thumbnailUrl":"https:\/\/psoecanarias.com\/web\/wp-content\/uploads\/2016\/01\/GRUPO-PARLAMENTARIO-PESCADORES.jpg","keywords":["At\u00fan rojo","Diputada","Grupo Parlamentario Socialista Canario","Parlamento","Pesca","Ventura del Carmen Rodr\u00edguez Herrera"],"articleSection":["Pol\u00edtica"],"inLanguage":"es","potentialAction":[{"@type":"CommentAction","name":"Comment","target":["https:\/\/psoecanarias.com\/web\/el-psoe-exigira-en-la-camara-que-el-aumento-de-cuota-del-atun-rojo-corresponda-a-canarias\/#respond"]}]},{"@type":"WebPage","@id":"https:\/\/psoecanarias.com\/web\/el-psoe-exigira-en-la-camara-que-el-aumento-de-cuota-del-atun-rojo-corresponda-a-canarias\/","url":"https:\/\/psoecanarias.com\/web\/el-psoe-exigira-en-la-camara-que-el-aumento-de-cuota-del-atun-rojo-corresponda-a-canarias\/","name":"El PSOE exigir\u00e1 en la C\u00e1mara que el aumento de cuota del at\u00fan rojo corresponda a Canarias","isPartOf":{"@id":"https:\/\/psoecanarias.com\/web\/#website"},"primaryImageOfPage":{"@id":"https:\/\/psoecanarias.com\/web\/el-psoe-exigira-en-la-camara-que-el-aumento-de-cuota-del-atun-rojo-corresponda-a-canarias\/#primaryimage"},"image":{"@id":"https:\/\/psoecanarias.com\/web\/el-psoe-exigira-en-la-camara-que-el-aumento-de-cuota-del-atun-rojo-corresponda-a-canarias\/#primaryimage"},"thumbnailUrl":"https:\/\/psoecanarias.com\/web\/wp-content\/uploads\/2016\/01\/GRUPO-PARLAMENTARIO-PESCADORES.jpg","datePublished":"2016-01-19T18:02:32+00:00","dateModified":"2016-02-01T13:05:01+00:00","author":{"@id":"https:\/\/psoecanarias.com\/web\/#\/schema\/person\/1ae43f9659d2fc599ca69c11e1dbf26f"},"description":"La portavoz de Pesca del Grupo Parlamentario Socialista, Ventura del Carmen Rodr\u00edguez Herrera, anunci\u00f3 este martes que el PSOE presentar\u00e1 iniciativas en la C\u00e1mara regional encaminadas a exigir que la ampliaci\u00f3n de cuota de at\u00fan rojo asignada este a\u00f1o a Espa\u00f1a y cuantificada en 574 toneladas corresponda a Canarias.","breadcrumb":{"@id":"https:\/\/psoecanarias.com\/web\/el-psoe-exigira-en-la-camara-que-el-aumento-de-cuota-del-atun-rojo-corresponda-a-canarias\/#breadcrumb"},"inLanguage":"es","potentialAction":[{"@type":"ReadAction","target":["https:\/\/psoecanarias.com\/web\/el-psoe-exigira-en-la-camara-que-el-aumento-de-cuota-del-atun-rojo-corresponda-a-canarias\/"]}]},{"@type":"ImageObject","inLanguage":"es","@id":"https:\/\/psoecanarias.com\/web\/el-psoe-exigira-en-la-camara-que-el-aumento-de-cuota-del-atun-rojo-corresponda-a-canarias\/#primaryimage","url":"https:\/\/psoecanarias.com\/web\/wp-content\/uploads\/2016\/01\/GRUPO-PARLAMENTARIO-PESCADORES.jpg","contentUrl":"https:\/\/psoecanarias.com\/web\/wp-content\/uploads\/2016\/01\/GRUPO-PARLAMENTARIO-PESCADORES.jpg","width":1920,"height":543},{"@type":"BreadcrumbList","@id":"https:\/\/psoecanarias.com\/web\/el-psoe-exigira-en-la-camara-que-el-aumento-de-cuota-del-atun-rojo-corresponda-a-canarias\/#breadcrumb","itemListElement":[{"@type":"ListItem","position":1,"name":"Portada","item":"https:\/\/psoecanarias.com\/web\/"},{"@type":"ListItem","position":2,"name":"El PSOE exigir\u00e1 en la C\u00e1mara que el aumento de cuota del at\u00fan rojo corresponda a Canarias"}]},{"@type":"WebSite","@id":"https:\/\/psoecanarias.com\/web\/#website","url":"https:\/\/psoecanarias.com\/web\/","name":"PSOE Canarias","description":"Partido Socialista Obrero Espa\u00f1ol Canarias","potentialAction":[{"@type":"SearchAction","target":{"@type":"EntryPoint","urlTemplate":"https:\/\/psoecanarias.com\/web\/?s={search_term_string}"},"query-input":{"@type":"PropertyValueSpecification","valueRequired":true,"valueName":"search_term_string"}}],"inLanguage":"es"},{"@type":"Person","@id":"https:\/\/psoecanarias.com\/web\/#\/schema\/person\/1ae43f9659d2fc599ca69c11e1dbf26f","name":"PSOE Canarias","image":{"@type":"ImageObject","inLanguage":"es","@id":"https:\/\/secure.gravatar.com\/avatar\/4364d37f6f6f9cdb7af199b46151565f37d8a8c3c0e04c1d78c04e857a15e3a8?s=96&d=mm&r=g","url":"https:\/\/secure.gravatar.com\/avatar\/4364d37f6f6f9cdb7af199b46151565f37d8a8c3c0e04c1d78c04e857a15e3a8?s=96&d=mm&r=g","contentUrl":"https:\/\/secure.gravatar.com\/avatar\/4364d37f6f6f9cdb7af199b46151565f37d8a8c3c0e04c1d78c04e857a15e3a8?s=96&d=mm&r=g","caption":"PSOE Canarias"},"url":"https:\/\/psoecanarias.com\/web\/author\/admin\/"}]}},"_links":{"self":[{"href":"https:\/\/psoecanarias.com\/web\/wp-json\/wp\/v2\/posts\/1322","targetHints":{"allow":["GET"]}}],"collection":[{"href":"https:\/\/psoecanarias.com\/web\/wp-json\/wp\/v2\/posts"}],"about":[{"href":"https:\/\/psoecanarias.com\/web\/wp-json\/wp\/v2\/types\/post"}],"author":[{"embeddable":true,"href":"https:\/\/psoecanarias.com\/web\/wp-json\/wp\/v2\/users\/1"}],"replies":[{"embeddable":true,"href":"https:\/\/psoecanarias.com\/web\/wp-json\/wp\/v2\/comments?post=1322"}],"version-history":[{"count":3,"href":"https:\/\/psoecanarias.com\/web\/wp-json\/wp\/v2\/posts\/1322\/revisions"}],"predecessor-version":[{"id":1400,"href":"https:\/\/psoecanarias.com\/web\/wp-json\/wp\/v2\/posts\/1322\/revisions\/1400"}],"wp:featuredmedia":[{"embeddable":true,"href":"https:\/\/psoecanarias.com\/web\/wp-json\/wp\/v2\/media\/1323"}],"wp:attachment":[{"href":"https:\/\/psoecanarias.com\/web\/wp-json\/wp\/v2\/media?parent=1322"}],"wp:term":[{"taxonomy":"category","embeddable":true,"href":"https:\/\/psoecanarias.com\/web\/wp-json\/wp\/v2\/categories?post=1322"},{"taxonomy":"post_tag","embeddable":true,"href":"https:\/\/psoecanarias.com\/web\/wp-json\/wp\/v2\/tags?post=1322"}],"curies":[{"name":"wp","href":"https:\/\/api.w.org\/{rel}","templated":true}]}}