{"id":1349,"date":"2016-01-26T17:48:52","date_gmt":"2016-01-26T17:48:52","guid":{"rendered":"http:\/\/psoecanarias.com\/web\/?p=1349"},"modified":"2016-01-27T17:53:43","modified_gmt":"2016-01-27T17:53:43","slug":"el-grupo-socialista-ha-registrado-ya-30-iniciativas-parlamentarias-una-semana-despues-de-que-se-haya-constituido-el-congreso","status":"publish","type":"post","link":"https:\/\/psoecanarias.com\/web\/el-grupo-socialista-ha-registrado-ya-30-iniciativas-parlamentarias-una-semana-despues-de-que-se-haya-constituido-el-congreso\/","title":{"rendered":"El Grupo Socialista ha registrado ya 30 iniciativas parlamentarias, una semana despu\u00e9s de que se haya constituido el Congreso"},"content":{"rendered":"<p class=\"p1\" style=\"text-align: justify;\"><span class=\"s1\">El diputado nacional socialista por la provincia de Las Palmas, Sebasti\u00e1n Franquis, explic\u00f3 esta ma\u00f1ana las nuevas iniciativas parlamentarias que el Grupo Socialista ha presentado en el Congreso de los Diputados. Con estas iniciativas el Partido Socialista ya lleva registradas 30, una semana despu\u00e9s de que se haya constituido el Congreso de Los Diputados.<\/span><\/p>\n<p class=\"p1\" style=\"text-align: justify;\"><span class=\"s1\">&#8220;El Gobierno de Rajoy es el \u00fanico que est\u00e1 en funciones, el Congreso de los Diputados no&#8221;, as\u00ed de contundente se mostr\u00f3 el diputado nacional, que desgran\u00f3 las nuevas iniciativas entre las que se encuentran la derogaci\u00f3n de la ley mordaza, la eliminaci\u00f3n del art\u00edculo 315 que incluye penas de c\u00e1rcel para aquellos sindicalistas que participen en manifestaciones, la reforma del sistema de financiaci\u00f3n de las Comunidades Aut\u00f3nomas, que ha hecho que Canarias haya perdido en estos \u00faltimos cuatro a\u00f1os 800 millones de euros. Adem\u00e1s Franquis destac\u00f3 dos iniciativas <\/span><span class=\"s2\">sobre igualdad salarial y derechos de las mujeres para la conciliaci\u00f3n de la vida familiar y laboral y corresponsabilidad entre hombres y mujeres. <\/span><\/p>\n<p class=\"p3\" style=\"text-align: justify;\"><span class=\"s1\">&#8220;El PSOE no ha perdido ni un minuto desde que se constituyeron las Cortes y que ya hemos registrado un grueso conjunto de iniciativas parlamentarias que ponen sobre la mesa la hoja de ruta de lo que entendemos como gobierno del cambio para mejorar la vida de los ciudadanos y para revertir las agresiones y recortes de derechos que han padecido tras 4 a\u00f1os de gobierno de Mariano Rajoy&#8221;, subray\u00f3 Sebasti\u00e1n Franquis.<\/span><\/p>\n<p class=\"p1\" style=\"text-align: justify;\"><span class=\"s1\">Para el diputado socialista, \u201cdespu\u00e9s de cuatro a\u00f1os de destrozos y fracturas de la mayor\u00eda absoluta del PP empieza un nuevo tiempo que se materializa en estas iniciativas que tienen que ver con la recuperaci\u00f3n econ\u00f3mica justa para la clase media y trabajadora, con la reconstrucci\u00f3n del Estado del Bienestar y con la regeneraci\u00f3n democr\u00e1tica en nuestro pa\u00eds\u201d.<\/span><\/p>\n<p class=\"p5\" style=\"text-align: justify;\"><span class=\"s3\">En lo que se refiere a la formaci\u00f3n del Gobierno, Franquis asegur\u00f3 <\/span><span class=\"s1\">que los socialistas han querido ser muy respetuosos con los tiempos y con los procedimientos democr\u00e1ticos y que \u201clo normal y lo que tendr\u00eda que suceder\u201d es que \u201cRajoy no se esconda, y como fuerza m\u00e1s votada, sea el primero en venir al Congreso y defender por qu\u00e9 quiere ser presidente del gobierno. Hay que respetar los tiempos y primero le toca al PP intentar formar gobierno. En ese mismo momento, si Rajoy no lo consigue, iniciaremos nuestra ronda para hacer un gobierno del cambio. El Partido Socialista hablar\u00e1 entonces para formar gobierno con todas las fuerzas pol\u00edticas que quieran sumarse al cambio.&#8221;<\/span><\/p>\n","protected":false},"excerpt":{"rendered":"<p>El diputado nacional socialista por la provincia de Las Palmas, Sebasti\u00e1n Franquis, explic\u00f3 esta ma\u00f1ana las nuevas iniciativas parlamentarias que el Grupo Socialista ha presentado en el Congreso de los Diputados. Con estas iniciativas el Partido Socialista ya lleva registradas 30, una semana despu\u00e9s de que se haya constituido el Congreso de Los Diputados. &#8220;El [&hellip;]<\/p>\n","protected":false},"author":1,"featured_media":1350,"comment_status":"open","ping_status":"open","sticky":false,"template":"","format":"standard","meta":{"footnotes":""},"categories":[7],"tags":[84,300,297,263,299],"class_list":["post-1349","post","type-post","status-publish","format-standard","has-post-thumbnail","hentry","category-politica","tag-congreso","tag-diputado-socialista","tag-grupo-parlamentario-socialista-congreso","tag-iniciativas","tag-sebastian-franquis"],"featured_image_src":"https:\/\/psoecanarias.com\/web\/wp-content\/uploads\/2016\/01\/foto2-e1453831470565.png","author_info":{"display_name":"PSOE Canarias","author_link":"https:\/\/psoecanarias.com\/web\/author\/admin\/"},"yoast_head":"<!-- This site is optimized with the Yoast SEO plugin v27.2 - https:\/\/yoast.com\/product\/yoast-seo-wordpress\/ -->\n<title>El Grupo Socialista ha registrado ya 30 iniciativas parlamentarias, una semana despu\u00e9s de que se haya constituido el Congreso<\/title>\n<meta name=\"description\" content=\"El Grupo Socialista ha registrado ya 30 iniciativas parlamentarias, una semana despu\u00e9s de que se haya constituido el Congreso\" \/>\n<meta name=\"robots\" content=\"index, follow, max-snippet:-1, max-image-preview:large, max-video-preview:-1\" \/>\n<link rel=\"canonical\" href=\"https:\/\/psoecanarias.com\/web\/el-grupo-socialista-ha-registrado-ya-30-iniciativas-parlamentarias-una-semana-despues-de-que-se-haya-constituido-el-congreso\/\" \/>\n<meta property=\"og:locale\" content=\"es_ES\" \/>\n<meta property=\"og:type\" content=\"article\" \/>\n<meta property=\"og:title\" content=\"El Grupo Socialista ha registrado ya 30 iniciativas parlamentarias, una semana despu\u00e9s de que se haya constituido el Congreso\" \/>\n<meta property=\"og:description\" content=\"El Grupo Socialista ha registrado ya 30 iniciativas parlamentarias, una semana despu\u00e9s de que se haya constituido el Congreso\" \/>\n<meta property=\"og:url\" content=\"https:\/\/psoecanarias.com\/web\/el-grupo-socialista-ha-registrado-ya-30-iniciativas-parlamentarias-una-semana-despues-de-que-se-haya-constituido-el-congreso\/\" \/>\n<meta property=\"og:site_name\" content=\"PSOE Canarias\" \/>\n<meta property=\"article:published_time\" content=\"2016-01-26T17:48:52+00:00\" \/>\n<meta property=\"article:modified_time\" content=\"2016-01-27T17:53:43+00:00\" \/>\n<meta property=\"og:image\" content=\"https:\/\/psoecanarias.com\/web\/wp-content\/uploads\/2016\/01\/foto2-e1453831470565.png\" \/>\n\t<meta property=\"og:image:width\" content=\"600\" \/>\n\t<meta property=\"og:image:height\" content=\"600\" \/>\n\t<meta property=\"og:image:type\" content=\"image\/png\" \/>\n<meta name=\"author\" content=\"PSOE Canarias\" \/>\n<meta name=\"twitter:card\" content=\"summary_large_image\" \/>\n<script type=\"application\/ld+json\" class=\"yoast-schema-graph\">{\"@context\":\"https:\/\/schema.org\",\"@graph\":[{\"@type\":\"Article\",\"@id\":\"https:\/\/psoecanarias.com\/web\/el-grupo-socialista-ha-registrado-ya-30-iniciativas-parlamentarias-una-semana-despues-de-que-se-haya-constituido-el-congreso\/#article\",\"isPartOf\":{\"@id\":\"https:\/\/psoecanarias.com\/web\/el-grupo-socialista-ha-registrado-ya-30-iniciativas-parlamentarias-una-semana-despues-de-que-se-haya-constituido-el-congreso\/\"},\"author\":{\"name\":\"PSOE Canarias\",\"@id\":\"https:\/\/psoecanarias.com\/web\/#\/schema\/person\/1ae43f9659d2fc599ca69c11e1dbf26f\"},\"headline\":\"El Grupo Socialista ha registrado ya 30 iniciativas parlamentarias, una semana despu\u00e9s de que se haya constituido el Congreso\",\"datePublished\":\"2016-01-26T17:48:52+00:00\",\"dateModified\":\"2016-01-27T17:53:43+00:00\",\"mainEntityOfPage\":{\"@id\":\"https:\/\/psoecanarias.com\/web\/el-grupo-socialista-ha-registrado-ya-30-iniciativas-parlamentarias-una-semana-despues-de-que-se-haya-constituido-el-congreso\/\"},\"wordCount\":454,\"commentCount\":0,\"image\":{\"@id\":\"https:\/\/psoecanarias.com\/web\/el-grupo-socialista-ha-registrado-ya-30-iniciativas-parlamentarias-una-semana-despues-de-que-se-haya-constituido-el-congreso\/#primaryimage\"},\"thumbnailUrl\":\"https:\/\/psoecanarias.com\/web\/wp-content\/uploads\/2016\/01\/foto2-e1453831470565.png\",\"keywords\":[\"Congreso\",\"Diputado socialista\",\"Grupo Parlamentario Socialista Congreso\",\"iniciativas\",\"Sebasti\u00e1n Franquis\"],\"articleSection\":[\"Pol\u00edtica\"],\"inLanguage\":\"es\",\"potentialAction\":[{\"@type\":\"CommentAction\",\"name\":\"Comment\",\"target\":[\"https:\/\/psoecanarias.com\/web\/el-grupo-socialista-ha-registrado-ya-30-iniciativas-parlamentarias-una-semana-despues-de-que-se-haya-constituido-el-congreso\/#respond\"]}]},{\"@type\":\"WebPage\",\"@id\":\"https:\/\/psoecanarias.com\/web\/el-grupo-socialista-ha-registrado-ya-30-iniciativas-parlamentarias-una-semana-despues-de-que-se-haya-constituido-el-congreso\/\",\"url\":\"https:\/\/psoecanarias.com\/web\/el-grupo-socialista-ha-registrado-ya-30-iniciativas-parlamentarias-una-semana-despues-de-que-se-haya-constituido-el-congreso\/\",\"name\":\"El Grupo Socialista ha registrado ya 30 iniciativas parlamentarias, una semana despu\u00e9s de que se haya constituido el Congreso\",\"isPartOf\":{\"@id\":\"https:\/\/psoecanarias.com\/web\/#website\"},\"primaryImageOfPage\":{\"@id\":\"https:\/\/psoecanarias.com\/web\/el-grupo-socialista-ha-registrado-ya-30-iniciativas-parlamentarias-una-semana-despues-de-que-se-haya-constituido-el-congreso\/#primaryimage\"},\"image\":{\"@id\":\"https:\/\/psoecanarias.com\/web\/el-grupo-socialista-ha-registrado-ya-30-iniciativas-parlamentarias-una-semana-despues-de-que-se-haya-constituido-el-congreso\/#primaryimage\"},\"thumbnailUrl\":\"https:\/\/psoecanarias.com\/web\/wp-content\/uploads\/2016\/01\/foto2-e1453831470565.png\",\"datePublished\":\"2016-01-26T17:48:52+00:00\",\"dateModified\":\"2016-01-27T17:53:43+00:00\",\"author\":{\"@id\":\"https:\/\/psoecanarias.com\/web\/#\/schema\/person\/1ae43f9659d2fc599ca69c11e1dbf26f\"},\"description\":\"El Grupo Socialista ha registrado ya 30 iniciativas parlamentarias, una semana despu\u00e9s de que se haya constituido el Congreso\",\"breadcrumb\":{\"@id\":\"https:\/\/psoecanarias.com\/web\/el-grupo-socialista-ha-registrado-ya-30-iniciativas-parlamentarias-una-semana-despues-de-que-se-haya-constituido-el-congreso\/#breadcrumb\"},\"inLanguage\":\"es\",\"potentialAction\":[{\"@type\":\"ReadAction\",\"target\":[\"https:\/\/psoecanarias.com\/web\/el-grupo-socialista-ha-registrado-ya-30-iniciativas-parlamentarias-una-semana-despues-de-que-se-haya-constituido-el-congreso\/\"]}]},{\"@type\":\"ImageObject\",\"inLanguage\":\"es\",\"@id\":\"https:\/\/psoecanarias.com\/web\/el-grupo-socialista-ha-registrado-ya-30-iniciativas-parlamentarias-una-semana-despues-de-que-se-haya-constituido-el-congreso\/#primaryimage\",\"url\":\"https:\/\/psoecanarias.com\/web\/wp-content\/uploads\/2016\/01\/foto2-e1453831470565.png\",\"contentUrl\":\"https:\/\/psoecanarias.com\/web\/wp-content\/uploads\/2016\/01\/foto2-e1453831470565.png\",\"width\":600,\"height\":600},{\"@type\":\"BreadcrumbList\",\"@id\":\"https:\/\/psoecanarias.com\/web\/el-grupo-socialista-ha-registrado-ya-30-iniciativas-parlamentarias-una-semana-despues-de-que-se-haya-constituido-el-congreso\/#breadcrumb\",\"itemListElement\":[{\"@type\":\"ListItem\",\"position\":1,\"name\":\"Portada\",\"item\":\"https:\/\/psoecanarias.com\/web\/\"},{\"@type\":\"ListItem\",\"position\":2,\"name\":\"El Grupo Socialista ha registrado ya 30 iniciativas parlamentarias, una semana despu\u00e9s de que se haya constituido el Congreso\"}]},{\"@type\":\"WebSite\",\"@id\":\"https:\/\/psoecanarias.com\/web\/#website\",\"url\":\"https:\/\/psoecanarias.com\/web\/\",\"name\":\"PSOE Canarias\",\"description\":\"Partido Socialista Obrero Espa\u00f1ol Canarias\",\"potentialAction\":[{\"@type\":\"SearchAction\",\"target\":{\"@type\":\"EntryPoint\",\"urlTemplate\":\"https:\/\/psoecanarias.com\/web\/?s={search_term_string}\"},\"query-input\":{\"@type\":\"PropertyValueSpecification\",\"valueRequired\":true,\"valueName\":\"search_term_string\"}}],\"inLanguage\":\"es\"},{\"@type\":\"Person\",\"@id\":\"https:\/\/psoecanarias.com\/web\/#\/schema\/person\/1ae43f9659d2fc599ca69c11e1dbf26f\",\"name\":\"PSOE Canarias\",\"image\":{\"@type\":\"ImageObject\",\"inLanguage\":\"es\",\"@id\":\"https:\/\/secure.gravatar.com\/avatar\/4364d37f6f6f9cdb7af199b46151565f37d8a8c3c0e04c1d78c04e857a15e3a8?s=96&d=mm&r=g\",\"url\":\"https:\/\/secure.gravatar.com\/avatar\/4364d37f6f6f9cdb7af199b46151565f37d8a8c3c0e04c1d78c04e857a15e3a8?s=96&d=mm&r=g\",\"contentUrl\":\"https:\/\/secure.gravatar.com\/avatar\/4364d37f6f6f9cdb7af199b46151565f37d8a8c3c0e04c1d78c04e857a15e3a8?s=96&d=mm&r=g\",\"caption\":\"PSOE Canarias\"},\"url\":\"https:\/\/psoecanarias.com\/web\/author\/admin\/\"}]}<\/script>\n<!-- \/ Yoast SEO plugin. -->","yoast_head_json":{"title":"El Grupo Socialista ha registrado ya 30 iniciativas parlamentarias, una semana despu\u00e9s de que se haya constituido el Congreso","description":"El Grupo Socialista ha registrado ya 30 iniciativas parlamentarias, una semana despu\u00e9s de que se haya constituido el Congreso","robots":{"index":"index","follow":"follow","max-snippet":"max-snippet:-1","max-image-preview":"max-image-preview:large","max-video-preview":"max-video-preview:-1"},"canonical":"https:\/\/psoecanarias.com\/web\/el-grupo-socialista-ha-registrado-ya-30-iniciativas-parlamentarias-una-semana-despues-de-que-se-haya-constituido-el-congreso\/","og_locale":"es_ES","og_type":"article","og_title":"El Grupo Socialista ha registrado ya 30 iniciativas parlamentarias, una semana despu\u00e9s de que se haya constituido el Congreso","og_description":"El Grupo Socialista ha registrado ya 30 iniciativas parlamentarias, una semana despu\u00e9s de que se haya constituido el Congreso","og_url":"https:\/\/psoecanarias.com\/web\/el-grupo-socialista-ha-registrado-ya-30-iniciativas-parlamentarias-una-semana-despues-de-que-se-haya-constituido-el-congreso\/","og_site_name":"PSOE Canarias","article_published_time":"2016-01-26T17:48:52+00:00","article_modified_time":"2016-01-27T17:53:43+00:00","og_image":[{"width":600,"height":600,"url":"https:\/\/psoecanarias.com\/web\/wp-content\/uploads\/2016\/01\/foto2-e1453831470565.png","type":"image\/png"}],"author":"PSOE Canarias","twitter_card":"summary_large_image","schema":{"@context":"https:\/\/schema.org","@graph":[{"@type":"Article","@id":"https:\/\/psoecanarias.com\/web\/el-grupo-socialista-ha-registrado-ya-30-iniciativas-parlamentarias-una-semana-despues-de-que-se-haya-constituido-el-congreso\/#article","isPartOf":{"@id":"https:\/\/psoecanarias.com\/web\/el-grupo-socialista-ha-registrado-ya-30-iniciativas-parlamentarias-una-semana-despues-de-que-se-haya-constituido-el-congreso\/"},"author":{"name":"PSOE Canarias","@id":"https:\/\/psoecanarias.com\/web\/#\/schema\/person\/1ae43f9659d2fc599ca69c11e1dbf26f"},"headline":"El Grupo Socialista ha registrado ya 30 iniciativas parlamentarias, una semana despu\u00e9s de que se haya constituido el Congreso","datePublished":"2016-01-26T17:48:52+00:00","dateModified":"2016-01-27T17:53:43+00:00","mainEntityOfPage":{"@id":"https:\/\/psoecanarias.com\/web\/el-grupo-socialista-ha-registrado-ya-30-iniciativas-parlamentarias-una-semana-despues-de-que-se-haya-constituido-el-congreso\/"},"wordCount":454,"commentCount":0,"image":{"@id":"https:\/\/psoecanarias.com\/web\/el-grupo-socialista-ha-registrado-ya-30-iniciativas-parlamentarias-una-semana-despues-de-que-se-haya-constituido-el-congreso\/#primaryimage"},"thumbnailUrl":"https:\/\/psoecanarias.com\/web\/wp-content\/uploads\/2016\/01\/foto2-e1453831470565.png","keywords":["Congreso","Diputado socialista","Grupo Parlamentario Socialista Congreso","iniciativas","Sebasti\u00e1n Franquis"],"articleSection":["Pol\u00edtica"],"inLanguage":"es","potentialAction":[{"@type":"CommentAction","name":"Comment","target":["https:\/\/psoecanarias.com\/web\/el-grupo-socialista-ha-registrado-ya-30-iniciativas-parlamentarias-una-semana-despues-de-que-se-haya-constituido-el-congreso\/#respond"]}]},{"@type":"WebPage","@id":"https:\/\/psoecanarias.com\/web\/el-grupo-socialista-ha-registrado-ya-30-iniciativas-parlamentarias-una-semana-despues-de-que-se-haya-constituido-el-congreso\/","url":"https:\/\/psoecanarias.com\/web\/el-grupo-socialista-ha-registrado-ya-30-iniciativas-parlamentarias-una-semana-despues-de-que-se-haya-constituido-el-congreso\/","name":"El Grupo Socialista ha registrado ya 30 iniciativas parlamentarias, una semana despu\u00e9s de que se haya constituido el Congreso","isPartOf":{"@id":"https:\/\/psoecanarias.com\/web\/#website"},"primaryImageOfPage":{"@id":"https:\/\/psoecanarias.com\/web\/el-grupo-socialista-ha-registrado-ya-30-iniciativas-parlamentarias-una-semana-despues-de-que-se-haya-constituido-el-congreso\/#primaryimage"},"image":{"@id":"https:\/\/psoecanarias.com\/web\/el-grupo-socialista-ha-registrado-ya-30-iniciativas-parlamentarias-una-semana-despues-de-que-se-haya-constituido-el-congreso\/#primaryimage"},"thumbnailUrl":"https:\/\/psoecanarias.com\/web\/wp-content\/uploads\/2016\/01\/foto2-e1453831470565.png","datePublished":"2016-01-26T17:48:52+00:00","dateModified":"2016-01-27T17:53:43+00:00","author":{"@id":"https:\/\/psoecanarias.com\/web\/#\/schema\/person\/1ae43f9659d2fc599ca69c11e1dbf26f"},"description":"El Grupo Socialista ha registrado ya 30 iniciativas parlamentarias, una semana despu\u00e9s de que se haya constituido el Congreso","breadcrumb":{"@id":"https:\/\/psoecanarias.com\/web\/el-grupo-socialista-ha-registrado-ya-30-iniciativas-parlamentarias-una-semana-despues-de-que-se-haya-constituido-el-congreso\/#breadcrumb"},"inLanguage":"es","potentialAction":[{"@type":"ReadAction","target":["https:\/\/psoecanarias.com\/web\/el-grupo-socialista-ha-registrado-ya-30-iniciativas-parlamentarias-una-semana-despues-de-que-se-haya-constituido-el-congreso\/"]}]},{"@type":"ImageObject","inLanguage":"es","@id":"https:\/\/psoecanarias.com\/web\/el-grupo-socialista-ha-registrado-ya-30-iniciativas-parlamentarias-una-semana-despues-de-que-se-haya-constituido-el-congreso\/#primaryimage","url":"https:\/\/psoecanarias.com\/web\/wp-content\/uploads\/2016\/01\/foto2-e1453831470565.png","contentUrl":"https:\/\/psoecanarias.com\/web\/wp-content\/uploads\/2016\/01\/foto2-e1453831470565.png","width":600,"height":600},{"@type":"BreadcrumbList","@id":"https:\/\/psoecanarias.com\/web\/el-grupo-socialista-ha-registrado-ya-30-iniciativas-parlamentarias-una-semana-despues-de-que-se-haya-constituido-el-congreso\/#breadcrumb","itemListElement":[{"@type":"ListItem","position":1,"name":"Portada","item":"https:\/\/psoecanarias.com\/web\/"},{"@type":"ListItem","position":2,"name":"El Grupo Socialista ha registrado ya 30 iniciativas parlamentarias, una semana despu\u00e9s de que se haya constituido el Congreso"}]},{"@type":"WebSite","@id":"https:\/\/psoecanarias.com\/web\/#website","url":"https:\/\/psoecanarias.com\/web\/","name":"PSOE Canarias","description":"Partido Socialista Obrero Espa\u00f1ol Canarias","potentialAction":[{"@type":"SearchAction","target":{"@type":"EntryPoint","urlTemplate":"https:\/\/psoecanarias.com\/web\/?s={search_term_string}"},"query-input":{"@type":"PropertyValueSpecification","valueRequired":true,"valueName":"search_term_string"}}],"inLanguage":"es"},{"@type":"Person","@id":"https:\/\/psoecanarias.com\/web\/#\/schema\/person\/1ae43f9659d2fc599ca69c11e1dbf26f","name":"PSOE Canarias","image":{"@type":"ImageObject","inLanguage":"es","@id":"https:\/\/secure.gravatar.com\/avatar\/4364d37f6f6f9cdb7af199b46151565f37d8a8c3c0e04c1d78c04e857a15e3a8?s=96&d=mm&r=g","url":"https:\/\/secure.gravatar.com\/avatar\/4364d37f6f6f9cdb7af199b46151565f37d8a8c3c0e04c1d78c04e857a15e3a8?s=96&d=mm&r=g","contentUrl":"https:\/\/secure.gravatar.com\/avatar\/4364d37f6f6f9cdb7af199b46151565f37d8a8c3c0e04c1d78c04e857a15e3a8?s=96&d=mm&r=g","caption":"PSOE Canarias"},"url":"https:\/\/psoecanarias.com\/web\/author\/admin\/"}]}},"_links":{"self":[{"href":"https:\/\/psoecanarias.com\/web\/wp-json\/wp\/v2\/posts\/1349","targetHints":{"allow":["GET"]}}],"collection":[{"href":"https:\/\/psoecanarias.com\/web\/wp-json\/wp\/v2\/posts"}],"about":[{"href":"https:\/\/psoecanarias.com\/web\/wp-json\/wp\/v2\/types\/post"}],"author":[{"embeddable":true,"href":"https:\/\/psoecanarias.com\/web\/wp-json\/wp\/v2\/users\/1"}],"replies":[{"embeddable":true,"href":"https:\/\/psoecanarias.com\/web\/wp-json\/wp\/v2\/comments?post=1349"}],"version-history":[{"count":2,"href":"https:\/\/psoecanarias.com\/web\/wp-json\/wp\/v2\/posts\/1349\/revisions"}],"predecessor-version":[{"id":1364,"href":"https:\/\/psoecanarias.com\/web\/wp-json\/wp\/v2\/posts\/1349\/revisions\/1364"}],"wp:featuredmedia":[{"embeddable":true,"href":"https:\/\/psoecanarias.com\/web\/wp-json\/wp\/v2\/media\/1350"}],"wp:attachment":[{"href":"https:\/\/psoecanarias.com\/web\/wp-json\/wp\/v2\/media?parent=1349"}],"wp:term":[{"taxonomy":"category","embeddable":true,"href":"https:\/\/psoecanarias.com\/web\/wp-json\/wp\/v2\/categories?post=1349"},{"taxonomy":"post_tag","embeddable":true,"href":"https:\/\/psoecanarias.com\/web\/wp-json\/wp\/v2\/tags?post=1349"}],"curies":[{"name":"wp","href":"https:\/\/api.w.org\/{rel}","templated":true}]}}