{"id":13496,"date":"2020-10-08T13:15:26","date_gmt":"2020-10-08T12:15:26","guid":{"rendered":"http:\/\/psoecanarias.com\/web\/?p=13496"},"modified":"2020-10-08T13:23:39","modified_gmt":"2020-10-08T12:23:39","slug":"el-psoe-de-canarias-implica-al-senado-en-la-defensa-de-la-ficha-economica-del-posei","status":"publish","type":"post","link":"https:\/\/psoecanarias.com\/web\/el-psoe-de-canarias-implica-al-senado-en-la-defensa-de-la-ficha-economica-del-posei\/","title":{"rendered":"El PSOE de Canarias implica al Senado en la defensa de la ficha econ\u00f3mica del Posei"},"content":{"rendered":"<p><strong>Canarias, 8 de octubre de 2020.&#8211;<\/strong> El senador por Gran Canaria y portavoz de Transportes del Grupo Parlamentario Socialista en la C\u00e1mara Alta, <strong>Ram\u00f3n Morales<\/strong>, ha registrado una iniciativa para que el Senado inste al Gobierno de Espa\u00f1a a continuar apoyando el mantenimiento de las actuales fichas financieras del programa comunitario Posei,\u00a0 a mantener la defensa de este programa de apoyo a las producciones agrarias de Canarias en el seno de la UE y a remitir la moci\u00f3n a la actual presidencia del Consejo de Ministros de Agricultura de la Uni\u00f3n Europea, en manos de Alemania.<\/p>\n<p>\u201cNecesitamos hacer ver a Europa que el Posei <strong>es vital para la agricultura y la ganader\u00eda de Canarias<\/strong> y que cualquier recorte en este programa podr\u00eda tener graves consecuencias en el sector primario de las islas y en la econom\u00eda de las regiones ultraperif\u00e9ricas (RUP), como Canarias, en un momento en el que ya est\u00e1 teniendo que afrontar los efectos de la pandemia de la COVID-19\u201d, se\u00f1ala Ram\u00f3n Morales.<\/p>\n<p>En su moci\u00f3n, el senador canario destaca la disconformidad del Gobierno canario y de todos los representantes de las islas ante la propuesta de <strong>recortar los fondos del Posei en un 3,9%<\/strong> realizada en el marco de la reforma de la PAC por parte de la Comisi\u00f3n Europea. &#8220;175 millones menos es mucho dinero para el campo canario&#8221;, ha dicho.<\/p>\n<p>Morales considera que el hecho de aplicar este recorte evidencia que la UE\u00a0 no tiene en consideraci\u00f3n\u00a0 <strong>la realidad de las RUP<\/strong>, ni se ha realizado un an\u00e1lisis particular del impacto que esta disminuci\u00f3n supondr\u00eda para cada regi\u00f3n.<\/p>\n<p>\u201cEn Espa\u00f1a tenemos un territorio RUP, Canarias, donde la agricultura se mantiene en un fr\u00e1gil equilibrio debido a las dificultades de los productores para alcanzar un nivel de competitividad similar al de la agricultura continental, pero que desarrolla un papel muy importante, no solo en el empleo y la econom\u00eda de muchas familias, sino tambi\u00e9n en la conservaci\u00f3n del paisaje agrario y de las zonas rurales\u201d, apunta el senador grancanario, que recuerda que la agricultura est\u00e1 tambi\u00e9n <strong>fuertemente enraizada en la tradici\u00f3n cultural<\/strong> de los isle\u00f1os.<\/p>\n<p>Por eso, desde el PSOE canario se pide un<strong> esfuerzo conjunto de todas las administraciones<\/strong> para defender el nivel presupuestario del Posei y se recuerda que el anterior comisario de Agricultura, Phil Hogan, expres\u00f3, en repetidas ocasiones, que la Comisi\u00f3n Europea estar\u00eda dispuesta a modificar la propuesta para mantener el nivel actual del presupuesto, siempre y cuando lo pidieran el Parlamento Europeo y el Consejo.<\/p>\n<p>El <strong>Parlamento Europeo ya lo ha pedid<\/strong>o, tanto en el informe aprobado por la Comisi\u00f3n de Agricultura del 1 de abril de 2019, como en la Declaraci\u00f3n que adopt\u00f3 el 30 de junio pasado sobre el Reglamento de Transici\u00f3n de la PAC y el Marco Financiero Plurianual.<\/p>\n<p>\u201cNecesitamos que el <strong>Consejo de Ministros de Agricultura de la UE<\/strong> apoye tambi\u00e9n el mantenimiento del presupuesto del Posei dentro del marco de la reforma de la PAC\u201d, explica Ram\u00f3n Morales, que se\u00f1ala que por eso es tan importante una defensa f\u00e9rrea por parte del Gobierno.<\/p>\n<p>El senador canario recuerda que el Ejecutivo ya ha mostrado un apoyo decidido al mantenimiento de las ayudas y que el ministro de Agricultura, Pesca y Alimentaci\u00f3n, <strong>Luis Planas<\/strong>, en su intervenci\u00f3n en el pasado Consejo de Ministros de Agricultura de la UE que tuvo lugar en Koblenza, Alemania, el pasado 30 de agosto, realiz\u00f3 una clara defensa del mantenimiento de la ficha financiera del Posei.<\/p>\n<p>Morales a\u00f1ade que tambi\u00e9n a nivel regional el <strong>Grupo Parlamentario Socialista<\/strong> ha impulsado una Proposici\u00f3n No de Ley para reclamar el mantenimiento de las actuales fichas financieras del Posei, que ha sido apoyada por el conjunto de la c\u00e1mara.<\/p>\n<p>&nbsp;<\/p>\n","protected":false},"excerpt":{"rendered":"<p>Ram\u00f3n Morales ha registrado una moci\u00f3n para impulsar una acci\u00f3n conjunta en apoyo a las producciones agrarias de Canarias<\/p>\n","protected":false},"author":1,"featured_media":13497,"comment_status":"open","ping_status":"open","sticky":false,"template":"","format":"standard","meta":{"footnotes":""},"categories":[1197,1184],"tags":[1192],"class_list":["post-13496","post","type-post","status-publish","format-standard","has-post-thumbnail","hentry","category-cortes-generales","category-noticias","tag-ramon-morales"],"featured_image_src":"https:\/\/psoecanarias.com\/web\/wp-content\/uploads\/2020\/10\/ramon-morales-foto.jpg","author_info":{"display_name":"PSOE Canarias","author_link":"https:\/\/psoecanarias.com\/web\/author\/admin\/"},"yoast_head":"<!-- This site is optimized with the Yoast SEO plugin v27.2 - https:\/\/yoast.com\/product\/yoast-seo-wordpress\/ -->\n<title>El PSOE de Canarias implica al Senado en la defensa de la ficha econ\u00f3mica del Posei | PSOE Canarias<\/title>\n<meta name=\"robots\" content=\"index, follow, max-snippet:-1, max-image-preview:large, max-video-preview:-1\" \/>\n<link rel=\"canonical\" href=\"https:\/\/psoecanarias.com\/web\/el-psoe-de-canarias-implica-al-senado-en-la-defensa-de-la-ficha-economica-del-posei\/\" \/>\n<meta property=\"og:locale\" content=\"es_ES\" \/>\n<meta property=\"og:type\" content=\"article\" \/>\n<meta property=\"og:title\" content=\"El PSOE de Canarias implica al Senado en la defensa de la ficha econ\u00f3mica del Posei | PSOE Canarias\" \/>\n<meta property=\"og:description\" content=\"Ram\u00f3n Morales ha registrado una moci\u00f3n para impulsar una acci\u00f3n conjunta en apoyo a las producciones agrarias de Canarias\" \/>\n<meta property=\"og:url\" content=\"https:\/\/psoecanarias.com\/web\/el-psoe-de-canarias-implica-al-senado-en-la-defensa-de-la-ficha-economica-del-posei\/\" \/>\n<meta property=\"og:site_name\" content=\"PSOE Canarias\" \/>\n<meta property=\"article:published_time\" content=\"2020-10-08T12:15:26+00:00\" \/>\n<meta property=\"article:modified_time\" content=\"2020-10-08T12:23:39+00:00\" \/>\n<meta property=\"og:image\" content=\"https:\/\/psoecanarias.com\/web\/wp-content\/uploads\/2020\/10\/ramon-morales-foto.jpg\" \/>\n\t<meta property=\"og:image:width\" content=\"1280\" \/>\n\t<meta property=\"og:image:height\" content=\"720\" \/>\n\t<meta property=\"og:image:type\" content=\"image\/jpeg\" \/>\n<meta name=\"author\" content=\"PSOE Canarias\" \/>\n<meta name=\"twitter:card\" content=\"summary_large_image\" \/>\n<script type=\"application\/ld+json\" class=\"yoast-schema-graph\">{\"@context\":\"https:\/\/schema.org\",\"@graph\":[{\"@type\":\"Article\",\"@id\":\"https:\/\/psoecanarias.com\/web\/el-psoe-de-canarias-implica-al-senado-en-la-defensa-de-la-ficha-economica-del-posei\/#article\",\"isPartOf\":{\"@id\":\"https:\/\/psoecanarias.com\/web\/el-psoe-de-canarias-implica-al-senado-en-la-defensa-de-la-ficha-economica-del-posei\/\"},\"author\":{\"name\":\"PSOE Canarias\",\"@id\":\"https:\/\/psoecanarias.com\/web\/#\/schema\/person\/1ae43f9659d2fc599ca69c11e1dbf26f\"},\"headline\":\"El PSOE de Canarias implica al Senado en la defensa de la ficha econ\u00f3mica del Posei\",\"datePublished\":\"2020-10-08T12:15:26+00:00\",\"dateModified\":\"2020-10-08T12:23:39+00:00\",\"mainEntityOfPage\":{\"@id\":\"https:\/\/psoecanarias.com\/web\/el-psoe-de-canarias-implica-al-senado-en-la-defensa-de-la-ficha-economica-del-posei\/\"},\"wordCount\":664,\"commentCount\":0,\"image\":{\"@id\":\"https:\/\/psoecanarias.com\/web\/el-psoe-de-canarias-implica-al-senado-en-la-defensa-de-la-ficha-economica-del-posei\/#primaryimage\"},\"thumbnailUrl\":\"https:\/\/psoecanarias.com\/web\/wp-content\/uploads\/2020\/10\/ramon-morales-foto.jpg\",\"keywords\":[\"Ram\u00f3n Morales\"],\"articleSection\":[\"Cortes Generales\",\"Noticias\"],\"inLanguage\":\"es\",\"potentialAction\":[{\"@type\":\"CommentAction\",\"name\":\"Comment\",\"target\":[\"https:\/\/psoecanarias.com\/web\/el-psoe-de-canarias-implica-al-senado-en-la-defensa-de-la-ficha-economica-del-posei\/#respond\"]}]},{\"@type\":\"WebPage\",\"@id\":\"https:\/\/psoecanarias.com\/web\/el-psoe-de-canarias-implica-al-senado-en-la-defensa-de-la-ficha-economica-del-posei\/\",\"url\":\"https:\/\/psoecanarias.com\/web\/el-psoe-de-canarias-implica-al-senado-en-la-defensa-de-la-ficha-economica-del-posei\/\",\"name\":\"El PSOE de Canarias implica al Senado en la defensa de la ficha econ\u00f3mica del Posei | PSOE Canarias\",\"isPartOf\":{\"@id\":\"https:\/\/psoecanarias.com\/web\/#website\"},\"primaryImageOfPage\":{\"@id\":\"https:\/\/psoecanarias.com\/web\/el-psoe-de-canarias-implica-al-senado-en-la-defensa-de-la-ficha-economica-del-posei\/#primaryimage\"},\"image\":{\"@id\":\"https:\/\/psoecanarias.com\/web\/el-psoe-de-canarias-implica-al-senado-en-la-defensa-de-la-ficha-economica-del-posei\/#primaryimage\"},\"thumbnailUrl\":\"https:\/\/psoecanarias.com\/web\/wp-content\/uploads\/2020\/10\/ramon-morales-foto.jpg\",\"datePublished\":\"2020-10-08T12:15:26+00:00\",\"dateModified\":\"2020-10-08T12:23:39+00:00\",\"author\":{\"@id\":\"https:\/\/psoecanarias.com\/web\/#\/schema\/person\/1ae43f9659d2fc599ca69c11e1dbf26f\"},\"breadcrumb\":{\"@id\":\"https:\/\/psoecanarias.com\/web\/el-psoe-de-canarias-implica-al-senado-en-la-defensa-de-la-ficha-economica-del-posei\/#breadcrumb\"},\"inLanguage\":\"es\",\"potentialAction\":[{\"@type\":\"ReadAction\",\"target\":[\"https:\/\/psoecanarias.com\/web\/el-psoe-de-canarias-implica-al-senado-en-la-defensa-de-la-ficha-economica-del-posei\/\"]}]},{\"@type\":\"ImageObject\",\"inLanguage\":\"es\",\"@id\":\"https:\/\/psoecanarias.com\/web\/el-psoe-de-canarias-implica-al-senado-en-la-defensa-de-la-ficha-economica-del-posei\/#primaryimage\",\"url\":\"https:\/\/psoecanarias.com\/web\/wp-content\/uploads\/2020\/10\/ramon-morales-foto.jpg\",\"contentUrl\":\"https:\/\/psoecanarias.com\/web\/wp-content\/uploads\/2020\/10\/ramon-morales-foto.jpg\",\"width\":1280,\"height\":720},{\"@type\":\"BreadcrumbList\",\"@id\":\"https:\/\/psoecanarias.com\/web\/el-psoe-de-canarias-implica-al-senado-en-la-defensa-de-la-ficha-economica-del-posei\/#breadcrumb\",\"itemListElement\":[{\"@type\":\"ListItem\",\"position\":1,\"name\":\"Portada\",\"item\":\"https:\/\/psoecanarias.com\/web\/\"},{\"@type\":\"ListItem\",\"position\":2,\"name\":\"El PSOE de Canarias implica al Senado en la defensa de la ficha econ\u00f3mica del Posei\"}]},{\"@type\":\"WebSite\",\"@id\":\"https:\/\/psoecanarias.com\/web\/#website\",\"url\":\"https:\/\/psoecanarias.com\/web\/\",\"name\":\"PSOE Canarias\",\"description\":\"Partido Socialista Obrero Espa\u00f1ol Canarias\",\"potentialAction\":[{\"@type\":\"SearchAction\",\"target\":{\"@type\":\"EntryPoint\",\"urlTemplate\":\"https:\/\/psoecanarias.com\/web\/?s={search_term_string}\"},\"query-input\":{\"@type\":\"PropertyValueSpecification\",\"valueRequired\":true,\"valueName\":\"search_term_string\"}}],\"inLanguage\":\"es\"},{\"@type\":\"Person\",\"@id\":\"https:\/\/psoecanarias.com\/web\/#\/schema\/person\/1ae43f9659d2fc599ca69c11e1dbf26f\",\"name\":\"PSOE Canarias\",\"image\":{\"@type\":\"ImageObject\",\"inLanguage\":\"es\",\"@id\":\"https:\/\/secure.gravatar.com\/avatar\/4364d37f6f6f9cdb7af199b46151565f37d8a8c3c0e04c1d78c04e857a15e3a8?s=96&d=mm&r=g\",\"url\":\"https:\/\/secure.gravatar.com\/avatar\/4364d37f6f6f9cdb7af199b46151565f37d8a8c3c0e04c1d78c04e857a15e3a8?s=96&d=mm&r=g\",\"contentUrl\":\"https:\/\/secure.gravatar.com\/avatar\/4364d37f6f6f9cdb7af199b46151565f37d8a8c3c0e04c1d78c04e857a15e3a8?s=96&d=mm&r=g\",\"caption\":\"PSOE Canarias\"},\"url\":\"https:\/\/psoecanarias.com\/web\/author\/admin\/\"}]}<\/script>\n<!-- \/ Yoast SEO plugin. -->","yoast_head_json":{"title":"El PSOE de Canarias implica al Senado en la defensa de la ficha econ\u00f3mica del Posei | PSOE Canarias","robots":{"index":"index","follow":"follow","max-snippet":"max-snippet:-1","max-image-preview":"max-image-preview:large","max-video-preview":"max-video-preview:-1"},"canonical":"https:\/\/psoecanarias.com\/web\/el-psoe-de-canarias-implica-al-senado-en-la-defensa-de-la-ficha-economica-del-posei\/","og_locale":"es_ES","og_type":"article","og_title":"El PSOE de Canarias implica al Senado en la defensa de la ficha econ\u00f3mica del Posei | PSOE Canarias","og_description":"Ram\u00f3n Morales ha registrado una moci\u00f3n para impulsar una acci\u00f3n conjunta en apoyo a las producciones agrarias de Canarias","og_url":"https:\/\/psoecanarias.com\/web\/el-psoe-de-canarias-implica-al-senado-en-la-defensa-de-la-ficha-economica-del-posei\/","og_site_name":"PSOE Canarias","article_published_time":"2020-10-08T12:15:26+00:00","article_modified_time":"2020-10-08T12:23:39+00:00","og_image":[{"width":1280,"height":720,"url":"https:\/\/psoecanarias.com\/web\/wp-content\/uploads\/2020\/10\/ramon-morales-foto.jpg","type":"image\/jpeg"}],"author":"PSOE Canarias","twitter_card":"summary_large_image","schema":{"@context":"https:\/\/schema.org","@graph":[{"@type":"Article","@id":"https:\/\/psoecanarias.com\/web\/el-psoe-de-canarias-implica-al-senado-en-la-defensa-de-la-ficha-economica-del-posei\/#article","isPartOf":{"@id":"https:\/\/psoecanarias.com\/web\/el-psoe-de-canarias-implica-al-senado-en-la-defensa-de-la-ficha-economica-del-posei\/"},"author":{"name":"PSOE Canarias","@id":"https:\/\/psoecanarias.com\/web\/#\/schema\/person\/1ae43f9659d2fc599ca69c11e1dbf26f"},"headline":"El PSOE de Canarias implica al Senado en la defensa de la ficha econ\u00f3mica del Posei","datePublished":"2020-10-08T12:15:26+00:00","dateModified":"2020-10-08T12:23:39+00:00","mainEntityOfPage":{"@id":"https:\/\/psoecanarias.com\/web\/el-psoe-de-canarias-implica-al-senado-en-la-defensa-de-la-ficha-economica-del-posei\/"},"wordCount":664,"commentCount":0,"image":{"@id":"https:\/\/psoecanarias.com\/web\/el-psoe-de-canarias-implica-al-senado-en-la-defensa-de-la-ficha-economica-del-posei\/#primaryimage"},"thumbnailUrl":"https:\/\/psoecanarias.com\/web\/wp-content\/uploads\/2020\/10\/ramon-morales-foto.jpg","keywords":["Ram\u00f3n Morales"],"articleSection":["Cortes Generales","Noticias"],"inLanguage":"es","potentialAction":[{"@type":"CommentAction","name":"Comment","target":["https:\/\/psoecanarias.com\/web\/el-psoe-de-canarias-implica-al-senado-en-la-defensa-de-la-ficha-economica-del-posei\/#respond"]}]},{"@type":"WebPage","@id":"https:\/\/psoecanarias.com\/web\/el-psoe-de-canarias-implica-al-senado-en-la-defensa-de-la-ficha-economica-del-posei\/","url":"https:\/\/psoecanarias.com\/web\/el-psoe-de-canarias-implica-al-senado-en-la-defensa-de-la-ficha-economica-del-posei\/","name":"El PSOE de Canarias implica al Senado en la defensa de la ficha econ\u00f3mica del Posei | PSOE Canarias","isPartOf":{"@id":"https:\/\/psoecanarias.com\/web\/#website"},"primaryImageOfPage":{"@id":"https:\/\/psoecanarias.com\/web\/el-psoe-de-canarias-implica-al-senado-en-la-defensa-de-la-ficha-economica-del-posei\/#primaryimage"},"image":{"@id":"https:\/\/psoecanarias.com\/web\/el-psoe-de-canarias-implica-al-senado-en-la-defensa-de-la-ficha-economica-del-posei\/#primaryimage"},"thumbnailUrl":"https:\/\/psoecanarias.com\/web\/wp-content\/uploads\/2020\/10\/ramon-morales-foto.jpg","datePublished":"2020-10-08T12:15:26+00:00","dateModified":"2020-10-08T12:23:39+00:00","author":{"@id":"https:\/\/psoecanarias.com\/web\/#\/schema\/person\/1ae43f9659d2fc599ca69c11e1dbf26f"},"breadcrumb":{"@id":"https:\/\/psoecanarias.com\/web\/el-psoe-de-canarias-implica-al-senado-en-la-defensa-de-la-ficha-economica-del-posei\/#breadcrumb"},"inLanguage":"es","potentialAction":[{"@type":"ReadAction","target":["https:\/\/psoecanarias.com\/web\/el-psoe-de-canarias-implica-al-senado-en-la-defensa-de-la-ficha-economica-del-posei\/"]}]},{"@type":"ImageObject","inLanguage":"es","@id":"https:\/\/psoecanarias.com\/web\/el-psoe-de-canarias-implica-al-senado-en-la-defensa-de-la-ficha-economica-del-posei\/#primaryimage","url":"https:\/\/psoecanarias.com\/web\/wp-content\/uploads\/2020\/10\/ramon-morales-foto.jpg","contentUrl":"https:\/\/psoecanarias.com\/web\/wp-content\/uploads\/2020\/10\/ramon-morales-foto.jpg","width":1280,"height":720},{"@type":"BreadcrumbList","@id":"https:\/\/psoecanarias.com\/web\/el-psoe-de-canarias-implica-al-senado-en-la-defensa-de-la-ficha-economica-del-posei\/#breadcrumb","itemListElement":[{"@type":"ListItem","position":1,"name":"Portada","item":"https:\/\/psoecanarias.com\/web\/"},{"@type":"ListItem","position":2,"name":"El PSOE de Canarias implica al Senado en la defensa de la ficha econ\u00f3mica del Posei"}]},{"@type":"WebSite","@id":"https:\/\/psoecanarias.com\/web\/#website","url":"https:\/\/psoecanarias.com\/web\/","name":"PSOE Canarias","description":"Partido Socialista Obrero Espa\u00f1ol Canarias","potentialAction":[{"@type":"SearchAction","target":{"@type":"EntryPoint","urlTemplate":"https:\/\/psoecanarias.com\/web\/?s={search_term_string}"},"query-input":{"@type":"PropertyValueSpecification","valueRequired":true,"valueName":"search_term_string"}}],"inLanguage":"es"},{"@type":"Person","@id":"https:\/\/psoecanarias.com\/web\/#\/schema\/person\/1ae43f9659d2fc599ca69c11e1dbf26f","name":"PSOE Canarias","image":{"@type":"ImageObject","inLanguage":"es","@id":"https:\/\/secure.gravatar.com\/avatar\/4364d37f6f6f9cdb7af199b46151565f37d8a8c3c0e04c1d78c04e857a15e3a8?s=96&d=mm&r=g","url":"https:\/\/secure.gravatar.com\/avatar\/4364d37f6f6f9cdb7af199b46151565f37d8a8c3c0e04c1d78c04e857a15e3a8?s=96&d=mm&r=g","contentUrl":"https:\/\/secure.gravatar.com\/avatar\/4364d37f6f6f9cdb7af199b46151565f37d8a8c3c0e04c1d78c04e857a15e3a8?s=96&d=mm&r=g","caption":"PSOE Canarias"},"url":"https:\/\/psoecanarias.com\/web\/author\/admin\/"}]}},"_links":{"self":[{"href":"https:\/\/psoecanarias.com\/web\/wp-json\/wp\/v2\/posts\/13496","targetHints":{"allow":["GET"]}}],"collection":[{"href":"https:\/\/psoecanarias.com\/web\/wp-json\/wp\/v2\/posts"}],"about":[{"href":"https:\/\/psoecanarias.com\/web\/wp-json\/wp\/v2\/types\/post"}],"author":[{"embeddable":true,"href":"https:\/\/psoecanarias.com\/web\/wp-json\/wp\/v2\/users\/1"}],"replies":[{"embeddable":true,"href":"https:\/\/psoecanarias.com\/web\/wp-json\/wp\/v2\/comments?post=13496"}],"version-history":[{"count":2,"href":"https:\/\/psoecanarias.com\/web\/wp-json\/wp\/v2\/posts\/13496\/revisions"}],"predecessor-version":[{"id":13499,"href":"https:\/\/psoecanarias.com\/web\/wp-json\/wp\/v2\/posts\/13496\/revisions\/13499"}],"wp:featuredmedia":[{"embeddable":true,"href":"https:\/\/psoecanarias.com\/web\/wp-json\/wp\/v2\/media\/13497"}],"wp:attachment":[{"href":"https:\/\/psoecanarias.com\/web\/wp-json\/wp\/v2\/media?parent=13496"}],"wp:term":[{"taxonomy":"category","embeddable":true,"href":"https:\/\/psoecanarias.com\/web\/wp-json\/wp\/v2\/categories?post=13496"},{"taxonomy":"post_tag","embeddable":true,"href":"https:\/\/psoecanarias.com\/web\/wp-json\/wp\/v2\/tags?post=13496"}],"curies":[{"name":"wp","href":"https:\/\/api.w.org\/{rel}","templated":true}]}}