{"id":1419,"date":"2016-02-04T17:26:32","date_gmt":"2016-02-04T17:26:32","guid":{"rendered":"http:\/\/psoecanarias.com\/web\/?p=1419"},"modified":"2016-02-04T17:26:32","modified_gmt":"2016-02-04T17:26:32","slug":"el-psoe-quiere-liderar-los-cambios-sociales-que-necesita-el-sur-de-tenerife","status":"publish","type":"post","link":"https:\/\/psoecanarias.com\/web\/el-psoe-quiere-liderar-los-cambios-sociales-que-necesita-el-sur-de-tenerife\/","title":{"rendered":"El PSOE quiere liderar los cambios sociales que necesita el sur de Tenerife"},"content":{"rendered":"<p class=\"p1\" style=\"text-align: justify;\"><span class=\"s1\"><em>XH\/<\/em> Los diputados y diputadas del Grupo Parlamentario Socialista se reunieron este mi\u00e9rcoles con afiliados y cargos p\u00fablicos y org\u00e1nicos de los municipios del sur de Tenerife, con quienes coincidieron en la necesidad de apostar por que el PSOE lidere los cambios sociales que precisa la comarca.<\/span><\/p>\n<p class=\"p1\" style=\"text-align: justify;\"><span class=\"s1\">En el marco de la quinta jornada parlamentaria celebrada en lo que va de legislatura, el encuentro cont\u00f3 con la participaci\u00f3n de representantes socialistas de Candelaria, Granadilla de Abona, Arico, Adeje, San Miguel de Abona, Gu\u00eda de Isora y Arona. El alcalde de este \u00faltimo municipio, Jos\u00e9 Juli\u00e1n Mena, ejerci\u00f3 de anfitri\u00f3n de una reuni\u00f3n en la que se habl\u00f3 principalmente de las demandas de la zona.<\/span><\/p>\n<p class=\"p1\" style=\"text-align: justify;\"><span class=\"s1\">La necesidad de que el hospital del sur sea \u201cun verdadero hospital\u201d con los recursos materiales y humanos necesarios, las carencias en materia de conectividad con otras islas, la situaci\u00f3n de las infraestructuras o del empleo fueron algunos de los asuntos abordados. <\/span><\/p>\n<p class=\"p1\" style=\"text-align: justify;\"><span class=\"s1\">En materia de conexiones, los representantes del PSOE de los distintos municipios trasladaron al Grupo Parlamentario el malestar de los vecinos de la zona por el trastorno que suponen las escasas frecuencias a\u00e9reas para viajar desde Tenerife Sur hacia otras islas, as\u00ed como la exigencia de una segunda pista. Recordaron tambi\u00e9n la debilidad manifiesta de las carreteras e insistieron en la urgencia de acometer ciertas infraestructuras hidr\u00e1ulicas y de saneamiento, especialmente en n\u00facleos como Guaza (Arona).<\/span><\/p>\n<p class=\"p1\" style=\"text-align: justify;\"><span class=\"s1\">El REF y la futura ley del suelo, el estatuto de municipios tur\u00edsticos, la necesidad de un punto de encuentro familiar, la situaci\u00f3n pol\u00edtica en los ayuntamientos de la comarca sur, los planes de empleo locales o los planes de empleo social fueron otras de las cuestiones tratadas en el encuentro. Los parlamentarios del PSOE adelantaron que presentar\u00e1n iniciativas en la C\u00e1mara encaminadas a dar respuesta a muchas de las demandas expuestas.<\/span><\/p>\n","protected":false},"excerpt":{"rendered":"<p>Los diputados y diputadas del Grupo Parlamentario Socialista se reunieron este mi\u00e9rcoles con afiliados y cargos p\u00fablicos y org\u00e1nicos de los municipios del sur de Tenerife, con quienes coincidieron en la necesidad de apostar por que el PSOE lidere los cambios sociales que precisa la comarca.<\/p>\n","protected":false},"author":1,"featured_media":1420,"comment_status":"open","ping_status":"open","sticky":false,"template":"","format":"standard","meta":{"footnotes":""},"categories":[7],"tags":[311,293,309,329,37,310,328,349],"class_list":["post-1419","post","type-post","status-publish","format-standard","has-post-thumbnail","hentry","category-politica","tag-diputados","tag-grupo-parlamentario-socialista-canario","tag-jornadas-parlamentarias","tag-militantes","tag-parlamento","tag-psoe-canarias","tag-reunion","tag-tenerife-sur"],"featured_image_src":"https:\/\/psoecanarias.com\/web\/wp-content\/uploads\/2016\/02\/PSOE-sur-tfe-e1454606746306.jpg","author_info":{"display_name":"PSOE Canarias","author_link":"https:\/\/psoecanarias.com\/web\/author\/admin\/"},"yoast_head":"<!-- This site is optimized with the Yoast SEO plugin v27.2 - https:\/\/yoast.com\/product\/yoast-seo-wordpress\/ -->\n<title>El PSOE quiere liderar los cambios sociales que necesita el sur de Tenerife | PSOE Canarias<\/title>\n<meta name=\"robots\" content=\"index, follow, max-snippet:-1, max-image-preview:large, max-video-preview:-1\" \/>\n<link rel=\"canonical\" href=\"https:\/\/psoecanarias.com\/web\/el-psoe-quiere-liderar-los-cambios-sociales-que-necesita-el-sur-de-tenerife\/\" \/>\n<meta property=\"og:locale\" content=\"es_ES\" \/>\n<meta property=\"og:type\" content=\"article\" \/>\n<meta property=\"og:title\" content=\"El PSOE quiere liderar los cambios sociales que necesita el sur de Tenerife | PSOE Canarias\" \/>\n<meta property=\"og:description\" content=\"Los diputados y diputadas del Grupo Parlamentario Socialista se reunieron este mi\u00e9rcoles con afiliados y cargos p\u00fablicos y org\u00e1nicos de los municipios del sur de Tenerife, con quienes coincidieron en la necesidad de apostar por que el PSOE lidere los cambios sociales que precisa la comarca.\" \/>\n<meta property=\"og:url\" content=\"https:\/\/psoecanarias.com\/web\/el-psoe-quiere-liderar-los-cambios-sociales-que-necesita-el-sur-de-tenerife\/\" \/>\n<meta property=\"og:site_name\" content=\"PSOE Canarias\" \/>\n<meta property=\"article:published_time\" content=\"2016-02-04T17:26:32+00:00\" \/>\n<meta property=\"og:image\" content=\"https:\/\/psoecanarias.com\/web\/wp-content\/uploads\/2016\/02\/PSOE-sur-tfe-e1454606746306.jpg\" \/>\n\t<meta property=\"og:image:width\" content=\"600\" \/>\n\t<meta property=\"og:image:height\" content=\"401\" \/>\n\t<meta property=\"og:image:type\" content=\"image\/jpeg\" \/>\n<meta name=\"author\" content=\"PSOE Canarias\" \/>\n<meta name=\"twitter:card\" content=\"summary_large_image\" \/>\n<script type=\"application\/ld+json\" class=\"yoast-schema-graph\">{\"@context\":\"https:\/\/schema.org\",\"@graph\":[{\"@type\":\"Article\",\"@id\":\"https:\/\/psoecanarias.com\/web\/el-psoe-quiere-liderar-los-cambios-sociales-que-necesita-el-sur-de-tenerife\/#article\",\"isPartOf\":{\"@id\":\"https:\/\/psoecanarias.com\/web\/el-psoe-quiere-liderar-los-cambios-sociales-que-necesita-el-sur-de-tenerife\/\"},\"author\":{\"name\":\"PSOE Canarias\",\"@id\":\"https:\/\/psoecanarias.com\/web\/#\/schema\/person\/1ae43f9659d2fc599ca69c11e1dbf26f\"},\"headline\":\"El PSOE quiere liderar los cambios sociales que necesita el sur de Tenerife\",\"datePublished\":\"2016-02-04T17:26:32+00:00\",\"mainEntityOfPage\":{\"@id\":\"https:\/\/psoecanarias.com\/web\/el-psoe-quiere-liderar-los-cambios-sociales-que-necesita-el-sur-de-tenerife\/\"},\"wordCount\":335,\"commentCount\":0,\"image\":{\"@id\":\"https:\/\/psoecanarias.com\/web\/el-psoe-quiere-liderar-los-cambios-sociales-que-necesita-el-sur-de-tenerife\/#primaryimage\"},\"thumbnailUrl\":\"https:\/\/psoecanarias.com\/web\/wp-content\/uploads\/2016\/02\/PSOE-sur-tfe-e1454606746306.jpg\",\"keywords\":[\"Diputados\",\"Grupo Parlamentario Socialista Canario\",\"Jornadas Parlamentarias\",\"Militantes\",\"Parlamento\",\"PSOE Canarias\",\"Reuni\u00f3n\",\"Tenerife sur\"],\"articleSection\":[\"Pol\u00edtica\"],\"inLanguage\":\"es\",\"potentialAction\":[{\"@type\":\"CommentAction\",\"name\":\"Comment\",\"target\":[\"https:\/\/psoecanarias.com\/web\/el-psoe-quiere-liderar-los-cambios-sociales-que-necesita-el-sur-de-tenerife\/#respond\"]}]},{\"@type\":\"WebPage\",\"@id\":\"https:\/\/psoecanarias.com\/web\/el-psoe-quiere-liderar-los-cambios-sociales-que-necesita-el-sur-de-tenerife\/\",\"url\":\"https:\/\/psoecanarias.com\/web\/el-psoe-quiere-liderar-los-cambios-sociales-que-necesita-el-sur-de-tenerife\/\",\"name\":\"El PSOE quiere liderar los cambios sociales que necesita el sur de Tenerife | PSOE Canarias\",\"isPartOf\":{\"@id\":\"https:\/\/psoecanarias.com\/web\/#website\"},\"primaryImageOfPage\":{\"@id\":\"https:\/\/psoecanarias.com\/web\/el-psoe-quiere-liderar-los-cambios-sociales-que-necesita-el-sur-de-tenerife\/#primaryimage\"},\"image\":{\"@id\":\"https:\/\/psoecanarias.com\/web\/el-psoe-quiere-liderar-los-cambios-sociales-que-necesita-el-sur-de-tenerife\/#primaryimage\"},\"thumbnailUrl\":\"https:\/\/psoecanarias.com\/web\/wp-content\/uploads\/2016\/02\/PSOE-sur-tfe-e1454606746306.jpg\",\"datePublished\":\"2016-02-04T17:26:32+00:00\",\"author\":{\"@id\":\"https:\/\/psoecanarias.com\/web\/#\/schema\/person\/1ae43f9659d2fc599ca69c11e1dbf26f\"},\"breadcrumb\":{\"@id\":\"https:\/\/psoecanarias.com\/web\/el-psoe-quiere-liderar-los-cambios-sociales-que-necesita-el-sur-de-tenerife\/#breadcrumb\"},\"inLanguage\":\"es\",\"potentialAction\":[{\"@type\":\"ReadAction\",\"target\":[\"https:\/\/psoecanarias.com\/web\/el-psoe-quiere-liderar-los-cambios-sociales-que-necesita-el-sur-de-tenerife\/\"]}]},{\"@type\":\"ImageObject\",\"inLanguage\":\"es\",\"@id\":\"https:\/\/psoecanarias.com\/web\/el-psoe-quiere-liderar-los-cambios-sociales-que-necesita-el-sur-de-tenerife\/#primaryimage\",\"url\":\"https:\/\/psoecanarias.com\/web\/wp-content\/uploads\/2016\/02\/PSOE-sur-tfe-e1454606746306.jpg\",\"contentUrl\":\"https:\/\/psoecanarias.com\/web\/wp-content\/uploads\/2016\/02\/PSOE-sur-tfe-e1454606746306.jpg\",\"width\":600,\"height\":401},{\"@type\":\"BreadcrumbList\",\"@id\":\"https:\/\/psoecanarias.com\/web\/el-psoe-quiere-liderar-los-cambios-sociales-que-necesita-el-sur-de-tenerife\/#breadcrumb\",\"itemListElement\":[{\"@type\":\"ListItem\",\"position\":1,\"name\":\"Portada\",\"item\":\"https:\/\/psoecanarias.com\/web\/\"},{\"@type\":\"ListItem\",\"position\":2,\"name\":\"El PSOE quiere liderar los cambios sociales que necesita el sur de Tenerife\"}]},{\"@type\":\"WebSite\",\"@id\":\"https:\/\/psoecanarias.com\/web\/#website\",\"url\":\"https:\/\/psoecanarias.com\/web\/\",\"name\":\"PSOE Canarias\",\"description\":\"Partido Socialista Obrero Espa\u00f1ol Canarias\",\"potentialAction\":[{\"@type\":\"SearchAction\",\"target\":{\"@type\":\"EntryPoint\",\"urlTemplate\":\"https:\/\/psoecanarias.com\/web\/?s={search_term_string}\"},\"query-input\":{\"@type\":\"PropertyValueSpecification\",\"valueRequired\":true,\"valueName\":\"search_term_string\"}}],\"inLanguage\":\"es\"},{\"@type\":\"Person\",\"@id\":\"https:\/\/psoecanarias.com\/web\/#\/schema\/person\/1ae43f9659d2fc599ca69c11e1dbf26f\",\"name\":\"PSOE Canarias\",\"image\":{\"@type\":\"ImageObject\",\"inLanguage\":\"es\",\"@id\":\"https:\/\/secure.gravatar.com\/avatar\/4364d37f6f6f9cdb7af199b46151565f37d8a8c3c0e04c1d78c04e857a15e3a8?s=96&d=mm&r=g\",\"url\":\"https:\/\/secure.gravatar.com\/avatar\/4364d37f6f6f9cdb7af199b46151565f37d8a8c3c0e04c1d78c04e857a15e3a8?s=96&d=mm&r=g\",\"contentUrl\":\"https:\/\/secure.gravatar.com\/avatar\/4364d37f6f6f9cdb7af199b46151565f37d8a8c3c0e04c1d78c04e857a15e3a8?s=96&d=mm&r=g\",\"caption\":\"PSOE Canarias\"},\"url\":\"https:\/\/psoecanarias.com\/web\/author\/admin\/\"}]}<\/script>\n<!-- \/ Yoast SEO plugin. -->","yoast_head_json":{"title":"El PSOE quiere liderar los cambios sociales que necesita el sur de Tenerife | PSOE Canarias","robots":{"index":"index","follow":"follow","max-snippet":"max-snippet:-1","max-image-preview":"max-image-preview:large","max-video-preview":"max-video-preview:-1"},"canonical":"https:\/\/psoecanarias.com\/web\/el-psoe-quiere-liderar-los-cambios-sociales-que-necesita-el-sur-de-tenerife\/","og_locale":"es_ES","og_type":"article","og_title":"El PSOE quiere liderar los cambios sociales que necesita el sur de Tenerife | PSOE Canarias","og_description":"Los diputados y diputadas del Grupo Parlamentario Socialista se reunieron este mi\u00e9rcoles con afiliados y cargos p\u00fablicos y org\u00e1nicos de los municipios del sur de Tenerife, con quienes coincidieron en la necesidad de apostar por que el PSOE lidere los cambios sociales que precisa la comarca.","og_url":"https:\/\/psoecanarias.com\/web\/el-psoe-quiere-liderar-los-cambios-sociales-que-necesita-el-sur-de-tenerife\/","og_site_name":"PSOE Canarias","article_published_time":"2016-02-04T17:26:32+00:00","og_image":[{"width":600,"height":401,"url":"https:\/\/psoecanarias.com\/web\/wp-content\/uploads\/2016\/02\/PSOE-sur-tfe-e1454606746306.jpg","type":"image\/jpeg"}],"author":"PSOE Canarias","twitter_card":"summary_large_image","schema":{"@context":"https:\/\/schema.org","@graph":[{"@type":"Article","@id":"https:\/\/psoecanarias.com\/web\/el-psoe-quiere-liderar-los-cambios-sociales-que-necesita-el-sur-de-tenerife\/#article","isPartOf":{"@id":"https:\/\/psoecanarias.com\/web\/el-psoe-quiere-liderar-los-cambios-sociales-que-necesita-el-sur-de-tenerife\/"},"author":{"name":"PSOE Canarias","@id":"https:\/\/psoecanarias.com\/web\/#\/schema\/person\/1ae43f9659d2fc599ca69c11e1dbf26f"},"headline":"El PSOE quiere liderar los cambios sociales que necesita el sur de Tenerife","datePublished":"2016-02-04T17:26:32+00:00","mainEntityOfPage":{"@id":"https:\/\/psoecanarias.com\/web\/el-psoe-quiere-liderar-los-cambios-sociales-que-necesita-el-sur-de-tenerife\/"},"wordCount":335,"commentCount":0,"image":{"@id":"https:\/\/psoecanarias.com\/web\/el-psoe-quiere-liderar-los-cambios-sociales-que-necesita-el-sur-de-tenerife\/#primaryimage"},"thumbnailUrl":"https:\/\/psoecanarias.com\/web\/wp-content\/uploads\/2016\/02\/PSOE-sur-tfe-e1454606746306.jpg","keywords":["Diputados","Grupo Parlamentario Socialista Canario","Jornadas Parlamentarias","Militantes","Parlamento","PSOE Canarias","Reuni\u00f3n","Tenerife sur"],"articleSection":["Pol\u00edtica"],"inLanguage":"es","potentialAction":[{"@type":"CommentAction","name":"Comment","target":["https:\/\/psoecanarias.com\/web\/el-psoe-quiere-liderar-los-cambios-sociales-que-necesita-el-sur-de-tenerife\/#respond"]}]},{"@type":"WebPage","@id":"https:\/\/psoecanarias.com\/web\/el-psoe-quiere-liderar-los-cambios-sociales-que-necesita-el-sur-de-tenerife\/","url":"https:\/\/psoecanarias.com\/web\/el-psoe-quiere-liderar-los-cambios-sociales-que-necesita-el-sur-de-tenerife\/","name":"El PSOE quiere liderar los cambios sociales que necesita el sur de Tenerife | PSOE Canarias","isPartOf":{"@id":"https:\/\/psoecanarias.com\/web\/#website"},"primaryImageOfPage":{"@id":"https:\/\/psoecanarias.com\/web\/el-psoe-quiere-liderar-los-cambios-sociales-que-necesita-el-sur-de-tenerife\/#primaryimage"},"image":{"@id":"https:\/\/psoecanarias.com\/web\/el-psoe-quiere-liderar-los-cambios-sociales-que-necesita-el-sur-de-tenerife\/#primaryimage"},"thumbnailUrl":"https:\/\/psoecanarias.com\/web\/wp-content\/uploads\/2016\/02\/PSOE-sur-tfe-e1454606746306.jpg","datePublished":"2016-02-04T17:26:32+00:00","author":{"@id":"https:\/\/psoecanarias.com\/web\/#\/schema\/person\/1ae43f9659d2fc599ca69c11e1dbf26f"},"breadcrumb":{"@id":"https:\/\/psoecanarias.com\/web\/el-psoe-quiere-liderar-los-cambios-sociales-que-necesita-el-sur-de-tenerife\/#breadcrumb"},"inLanguage":"es","potentialAction":[{"@type":"ReadAction","target":["https:\/\/psoecanarias.com\/web\/el-psoe-quiere-liderar-los-cambios-sociales-que-necesita-el-sur-de-tenerife\/"]}]},{"@type":"ImageObject","inLanguage":"es","@id":"https:\/\/psoecanarias.com\/web\/el-psoe-quiere-liderar-los-cambios-sociales-que-necesita-el-sur-de-tenerife\/#primaryimage","url":"https:\/\/psoecanarias.com\/web\/wp-content\/uploads\/2016\/02\/PSOE-sur-tfe-e1454606746306.jpg","contentUrl":"https:\/\/psoecanarias.com\/web\/wp-content\/uploads\/2016\/02\/PSOE-sur-tfe-e1454606746306.jpg","width":600,"height":401},{"@type":"BreadcrumbList","@id":"https:\/\/psoecanarias.com\/web\/el-psoe-quiere-liderar-los-cambios-sociales-que-necesita-el-sur-de-tenerife\/#breadcrumb","itemListElement":[{"@type":"ListItem","position":1,"name":"Portada","item":"https:\/\/psoecanarias.com\/web\/"},{"@type":"ListItem","position":2,"name":"El PSOE quiere liderar los cambios sociales que necesita el sur de Tenerife"}]},{"@type":"WebSite","@id":"https:\/\/psoecanarias.com\/web\/#website","url":"https:\/\/psoecanarias.com\/web\/","name":"PSOE Canarias","description":"Partido Socialista Obrero Espa\u00f1ol Canarias","potentialAction":[{"@type":"SearchAction","target":{"@type":"EntryPoint","urlTemplate":"https:\/\/psoecanarias.com\/web\/?s={search_term_string}"},"query-input":{"@type":"PropertyValueSpecification","valueRequired":true,"valueName":"search_term_string"}}],"inLanguage":"es"},{"@type":"Person","@id":"https:\/\/psoecanarias.com\/web\/#\/schema\/person\/1ae43f9659d2fc599ca69c11e1dbf26f","name":"PSOE Canarias","image":{"@type":"ImageObject","inLanguage":"es","@id":"https:\/\/secure.gravatar.com\/avatar\/4364d37f6f6f9cdb7af199b46151565f37d8a8c3c0e04c1d78c04e857a15e3a8?s=96&d=mm&r=g","url":"https:\/\/secure.gravatar.com\/avatar\/4364d37f6f6f9cdb7af199b46151565f37d8a8c3c0e04c1d78c04e857a15e3a8?s=96&d=mm&r=g","contentUrl":"https:\/\/secure.gravatar.com\/avatar\/4364d37f6f6f9cdb7af199b46151565f37d8a8c3c0e04c1d78c04e857a15e3a8?s=96&d=mm&r=g","caption":"PSOE Canarias"},"url":"https:\/\/psoecanarias.com\/web\/author\/admin\/"}]}},"_links":{"self":[{"href":"https:\/\/psoecanarias.com\/web\/wp-json\/wp\/v2\/posts\/1419","targetHints":{"allow":["GET"]}}],"collection":[{"href":"https:\/\/psoecanarias.com\/web\/wp-json\/wp\/v2\/posts"}],"about":[{"href":"https:\/\/psoecanarias.com\/web\/wp-json\/wp\/v2\/types\/post"}],"author":[{"embeddable":true,"href":"https:\/\/psoecanarias.com\/web\/wp-json\/wp\/v2\/users\/1"}],"replies":[{"embeddable":true,"href":"https:\/\/psoecanarias.com\/web\/wp-json\/wp\/v2\/comments?post=1419"}],"version-history":[{"count":2,"href":"https:\/\/psoecanarias.com\/web\/wp-json\/wp\/v2\/posts\/1419\/revisions"}],"predecessor-version":[{"id":1422,"href":"https:\/\/psoecanarias.com\/web\/wp-json\/wp\/v2\/posts\/1419\/revisions\/1422"}],"wp:featuredmedia":[{"embeddable":true,"href":"https:\/\/psoecanarias.com\/web\/wp-json\/wp\/v2\/media\/1420"}],"wp:attachment":[{"href":"https:\/\/psoecanarias.com\/web\/wp-json\/wp\/v2\/media?parent=1419"}],"wp:term":[{"taxonomy":"category","embeddable":true,"href":"https:\/\/psoecanarias.com\/web\/wp-json\/wp\/v2\/categories?post=1419"},{"taxonomy":"post_tag","embeddable":true,"href":"https:\/\/psoecanarias.com\/web\/wp-json\/wp\/v2\/tags?post=1419"}],"curies":[{"name":"wp","href":"https:\/\/api.w.org\/{rel}","templated":true}]}}