{"id":15053,"date":"2020-11-25T21:09:06","date_gmt":"2020-11-25T21:09:06","guid":{"rendered":"http:\/\/psoecanarias.com\/web\/?p=15053"},"modified":"2020-11-25T21:56:23","modified_gmt":"2020-11-25T21:56:23","slug":"nayra-aleman-el-pp-fue-el-que-menos-aprendio-de-la-crisis-migratoria-de-2006","status":"publish","type":"post","link":"https:\/\/psoecanarias.com\/web\/nayra-aleman-el-pp-fue-el-que-menos-aprendio-de-la-crisis-migratoria-de-2006\/","title":{"rendered":"Nayra Alem\u00e1n a la oposici\u00f3n: &#8220;Si no van a ayudar, dejen trabajar a los dem\u00e1s\u201d"},"content":{"rendered":"<p><strong>Canarias, 24 de noviembre de 2020.-<\/strong> La portavoz del Grupo Parlamentario Socialista, <strong>Nayra Alem\u00e1n<\/strong>, abog\u00f3 este martes [24] en el Pleno del Parlamento de Canarias por el apoyo de \u201ctodos\u201d a la hora de abordar la crisis migratoria que vive el Archipi\u00e9lago, ya que se trata \u201cde un problema europeo\u201d y no s\u00f3lo de Canarias o de Espa\u00f1a. En este sentido, pidi\u00f3 a los partidos de la oposici\u00f3n que \u201csi no van a ayudar\u201d o colaborar, se retiren \u201cy dejen trabajar a los dem\u00e1s\u201d.<\/p>\n<p>Alem\u00e1n intervino en una comparecencia sobre los acuerdos con el Gobierno de Espa\u00f1a y sus compromisos para abordar la llegada de inmigraci\u00f3n irregular, en la que rechaz\u00f3 las cr\u00edticas de la oposici\u00f3n con respecto a la gesti\u00f3n desde el Gobierno canario. \u201cNunca vi un presidente auton\u00f3mico ser tan duro con su propio partido. Otrora hemos tenido un ministro canario que castig\u00f3 a su tierra y a\u00fan estamos esperando que su formaci\u00f3n le afee aquello, pero en cambio, la contundencia de <strong>\u00c1ngel V\u00edctor Torres<\/strong> les sabe a poco\u201d.<\/p>\n<blockquote class=\"twitter-tweet\">\n<p dir=\"ltr\" lang=\"es\">Debemos arrimar el hombro TODOS<\/p>\n<p>Pocos nos ayuda el PP cuando <a href=\"https:\/\/twitter.com\/pablocasado_?ref_src=twsrc%5Etfw\">@pablocasado_<\/a> dice que no derivar\u00eda migrantes mientras su portavoz en <a href=\"https:\/\/twitter.com\/hashtag\/Canarias?src=hash&amp;ref_src=twsrc%5Etfw\">#Canarias<\/a> asiente con la cabeza<\/p>\n<p>A eso se llama hipocres\u00eda<\/p>\n<p>El PP fue el que menos aprendi\u00f3 de la crisis de 2006<\/p>\n<p>\ud83c\udfdb\ufe0f <a href=\"https:\/\/twitter.com\/NayraAlemanOjed?ref_src=twsrc%5Etfw\">@NayraAlemanOjed<\/a> <a href=\"https:\/\/twitter.com\/hashtag\/PlenoParCan?src=hash&amp;ref_src=twsrc%5Etfw\">#PlenoParCan<\/a> <a href=\"https:\/\/t.co\/MNONnrp5z8\">pic.twitter.com\/MNONnrp5z8<\/a><\/p>\n<p>\u2014 GP Socialista Canario (@GPSocialista) <a href=\"https:\/\/twitter.com\/GPSocialista\/status\/1331293181879721986?ref_src=twsrc%5Etfw\">November 24, 2020<\/a><\/p><\/blockquote>\n<p><script async src=\"https:\/\/platform.twitter.com\/widgets.js\" charset=\"utf-8\"><\/script><\/p>\n<p>En este sentido, asegur\u00f3 que <strong>\u201cnadie puede decir lo contrario\u201d<\/strong> a que desde el Gobierno de Canarias se est\u00e1 \u201cdefendiendo nuestra tierra\u201d, y recalc\u00f3 sobre la gesti\u00f3n del presidente de Canarias que \u201cno agacha la cabeza, muy a pesar de lo que les gustar\u00eda a algunos y a los que est\u00e1n acostumbrados otros\u201d. Para Alem\u00e1n, los socialistas esperaban \u201cmucha m\u00e1s diligencia\u201d en la resoluci\u00f3n de esta circunstancias de un gobierno estatal \u201cde nuestro color\u201d, pero s\u00ed record\u00f3 que la pandemia ha complicado la situaci\u00f3n porque el espacio a\u00e9reo cerrado reduce las opciones de los que huyen, \u201cy eso nos pone como canal casi exclusivo de llegada a Europa\u201d.<\/p>\n<p>\u201cNosotros solos no podemos. <strong>Debemos arrimar el hombro todos<\/strong>, los de aqu\u00ed y los de all\u00ed, los de Madrid. Y poco nos ayuda el Partido Popular cuando al venir Pablo Casado, y decir que no derivar\u00eda inmigrantes a la Pen\u00ednsula, vemos c\u00f3mo la portavoz del Grupo Parlamentario Popular asiente con la cabeza. A eso se le llama hipocres\u00eda. Se pasan la vida queriendo dar lecciones y son ustedes los que continuamente son silenciados, llamados al orden y desautorizados por su propia formaci\u00f3n\u201d, apunt\u00f3 al PP.<\/p>\n<p>En opini\u00f3n de la portavoz socialista, <strong>el PP \u201cno ha entendido nada\u201d<\/strong>, y fue el que \u201cmenos aprendi\u00f3\u201d de la crisis de 2006. \u201cUstedes desmantelaron todo lo desmantelable y no hablo solo de inmigraci\u00f3n. Y ninguna formaci\u00f3n pol\u00edtica puede estar orgullosa de su gesti\u00f3n ni ahora ni en el pasado\u201d.<\/p>\n<p>Alem\u00e1n record\u00f3 a las formaciones pol\u00edticas que en la actualidad \u201ccogen verdaderos berrinches\u201d en el Congreso de los Diputados y que, cuando tuvieron que ser solidarios, dijeron \u201cno\u201d a los migrantes en La Laguna, que en aquel momento <strong>\u201cse quedaron m\u00e1s de dos a\u00f1os en campamentos\u201d<\/strong>. Adem\u00e1s, recalc\u00f3 que otros \u201cutilizaban la manguera para despejar las calles, los mismos que fletaban aviones a la Pen\u00ednsula\u201d.<\/p>\n<p>Para la diputada socialista, en 2006 hubo \u201cmuch\u00edsimos meses\u201d de descoordinaci\u00f3n. \u201cAquellos que critican que Canarias es una c\u00e1rcel, mantuvieron a\u00f1os en espacios militares a los inmigrantes mientras ellos gobernaban. Hasta ser repatriados. M\u00e1s de 6.000 senegaleses. Los mismos que utilizan expresiones tan duras como c\u00f3mplices de la tragedia, <strong>su \u00fanico objetivo es hundir a Canarias<\/strong> y otras por el estilo. Critican al presidente de Canarias porque son incapaces de reconocer nada bueno, y no me podr\u00e1n negar que el presidente Torres, no solo ha sido vehemente, sino tremendamente justo\u201d.<\/p>\n<p>La portavoz del Grupo Parlamentario Socialista tambi\u00e9n se refiri\u00f3 al <em>efecto llamada<\/em> que rechazan \u201calgunas voces\u201d del Gobierno de Espa\u00f1a \u201cy que se evita dej\u00e1ndolos hacinados aqu\u00ed, en Canarias\u201d. A su juicio, el efecto llamada existe en Canarias \u201cdesde que el cosmos nos coloc\u00f3 en la entrada a Europa cerca de \u00c1frica. El efecto llamada no es m\u00e1s que<strong> la pobreza de \u00c1frica<\/strong> mirando hacia la prosperidad de Europa y a la defensa de los derechos humanos. Nos alarman los que llegan, pero \u00bfy los que se quedan en ese oc\u00e9ano compartido? \u00bfNo vamos a hacer nada por evitarlo?\u201d.<\/p>\n","protected":false},"excerpt":{"rendered":"<p>&#8220;El PP fue el que menos aprendi\u00f3 de la crisis migratoria de 2006&#8221;, ha manifestado la portavoz del Grupo Socialista <\/p>\n","protected":false},"author":1,"featured_media":15054,"comment_status":"open","ping_status":"open","sticky":false,"template":"","format":"standard","meta":{"footnotes":""},"categories":[1185,1184],"tags":[343],"class_list":["post-15053","post","type-post","status-publish","format-standard","has-post-thumbnail","hentry","category-grupo-parlamentario","category-noticias","tag-nayra-aleman"],"featured_image_src":"https:\/\/psoecanarias.com\/web\/wp-content\/uploads\/2020\/11\/50644307666_36d8665316_c.jpg","author_info":{"display_name":"PSOE Canarias","author_link":"https:\/\/psoecanarias.com\/web\/author\/admin\/"},"yoast_head":"<!-- This site is optimized with the Yoast SEO plugin v27.2 - https:\/\/yoast.com\/product\/yoast-seo-wordpress\/ -->\n<title>Nayra Alem\u00e1n a la oposici\u00f3n: &quot;Si no van a ayudar, dejen trabajar a los dem\u00e1s\u201d | PSOE Canarias<\/title>\n<meta name=\"robots\" content=\"index, follow, max-snippet:-1, max-image-preview:large, max-video-preview:-1\" \/>\n<link rel=\"canonical\" href=\"https:\/\/psoecanarias.com\/web\/nayra-aleman-el-pp-fue-el-que-menos-aprendio-de-la-crisis-migratoria-de-2006\/\" \/>\n<meta property=\"og:locale\" content=\"es_ES\" \/>\n<meta property=\"og:type\" content=\"article\" \/>\n<meta property=\"og:title\" content=\"Nayra Alem\u00e1n a la oposici\u00f3n: &quot;Si no van a ayudar, dejen trabajar a los dem\u00e1s\u201d | PSOE Canarias\" \/>\n<meta property=\"og:description\" content=\"&quot;El PP fue el que menos aprendi\u00f3 de la crisis migratoria de 2006&quot;, ha manifestado la portavoz del Grupo Socialista\" \/>\n<meta property=\"og:url\" content=\"https:\/\/psoecanarias.com\/web\/nayra-aleman-el-pp-fue-el-que-menos-aprendio-de-la-crisis-migratoria-de-2006\/\" \/>\n<meta property=\"og:site_name\" content=\"PSOE Canarias\" \/>\n<meta property=\"article:published_time\" content=\"2020-11-25T21:09:06+00:00\" \/>\n<meta property=\"article:modified_time\" content=\"2020-11-25T21:56:23+00:00\" \/>\n<meta property=\"og:image\" content=\"https:\/\/psoecanarias.com\/web\/wp-content\/uploads\/2020\/11\/50644307666_36d8665316_c.jpg\" \/>\n\t<meta property=\"og:image:width\" content=\"799\" \/>\n\t<meta property=\"og:image:height\" content=\"533\" \/>\n\t<meta property=\"og:image:type\" content=\"image\/jpeg\" \/>\n<meta name=\"author\" content=\"PSOE Canarias\" \/>\n<meta name=\"twitter:card\" content=\"summary_large_image\" \/>\n<script type=\"application\/ld+json\" class=\"yoast-schema-graph\">{\"@context\":\"https:\/\/schema.org\",\"@graph\":[{\"@type\":\"Article\",\"@id\":\"https:\/\/psoecanarias.com\/web\/nayra-aleman-el-pp-fue-el-que-menos-aprendio-de-la-crisis-migratoria-de-2006\/#article\",\"isPartOf\":{\"@id\":\"https:\/\/psoecanarias.com\/web\/nayra-aleman-el-pp-fue-el-que-menos-aprendio-de-la-crisis-migratoria-de-2006\/\"},\"author\":{\"name\":\"PSOE Canarias\",\"@id\":\"https:\/\/psoecanarias.com\/web\/#\/schema\/person\/1ae43f9659d2fc599ca69c11e1dbf26f\"},\"headline\":\"Nayra Alem\u00e1n a la oposici\u00f3n: &#8220;Si no van a ayudar, dejen trabajar a los dem\u00e1s\u201d\",\"datePublished\":\"2020-11-25T21:09:06+00:00\",\"dateModified\":\"2020-11-25T21:56:23+00:00\",\"mainEntityOfPage\":{\"@id\":\"https:\/\/psoecanarias.com\/web\/nayra-aleman-el-pp-fue-el-que-menos-aprendio-de-la-crisis-migratoria-de-2006\/\"},\"wordCount\":789,\"commentCount\":0,\"image\":{\"@id\":\"https:\/\/psoecanarias.com\/web\/nayra-aleman-el-pp-fue-el-que-menos-aprendio-de-la-crisis-migratoria-de-2006\/#primaryimage\"},\"thumbnailUrl\":\"https:\/\/psoecanarias.com\/web\/wp-content\/uploads\/2020\/11\/50644307666_36d8665316_c.jpg\",\"keywords\":[\"Nayra Alem\u00e1n\"],\"articleSection\":[\"Grupo Parlamentario\",\"Noticias\"],\"inLanguage\":\"es\",\"potentialAction\":[{\"@type\":\"CommentAction\",\"name\":\"Comment\",\"target\":[\"https:\/\/psoecanarias.com\/web\/nayra-aleman-el-pp-fue-el-que-menos-aprendio-de-la-crisis-migratoria-de-2006\/#respond\"]}]},{\"@type\":\"WebPage\",\"@id\":\"https:\/\/psoecanarias.com\/web\/nayra-aleman-el-pp-fue-el-que-menos-aprendio-de-la-crisis-migratoria-de-2006\/\",\"url\":\"https:\/\/psoecanarias.com\/web\/nayra-aleman-el-pp-fue-el-que-menos-aprendio-de-la-crisis-migratoria-de-2006\/\",\"name\":\"Nayra Alem\u00e1n a la oposici\u00f3n: \\\"Si no van a ayudar, dejen trabajar a los dem\u00e1s\u201d | PSOE Canarias\",\"isPartOf\":{\"@id\":\"https:\/\/psoecanarias.com\/web\/#website\"},\"primaryImageOfPage\":{\"@id\":\"https:\/\/psoecanarias.com\/web\/nayra-aleman-el-pp-fue-el-que-menos-aprendio-de-la-crisis-migratoria-de-2006\/#primaryimage\"},\"image\":{\"@id\":\"https:\/\/psoecanarias.com\/web\/nayra-aleman-el-pp-fue-el-que-menos-aprendio-de-la-crisis-migratoria-de-2006\/#primaryimage\"},\"thumbnailUrl\":\"https:\/\/psoecanarias.com\/web\/wp-content\/uploads\/2020\/11\/50644307666_36d8665316_c.jpg\",\"datePublished\":\"2020-11-25T21:09:06+00:00\",\"dateModified\":\"2020-11-25T21:56:23+00:00\",\"author\":{\"@id\":\"https:\/\/psoecanarias.com\/web\/#\/schema\/person\/1ae43f9659d2fc599ca69c11e1dbf26f\"},\"breadcrumb\":{\"@id\":\"https:\/\/psoecanarias.com\/web\/nayra-aleman-el-pp-fue-el-que-menos-aprendio-de-la-crisis-migratoria-de-2006\/#breadcrumb\"},\"inLanguage\":\"es\",\"potentialAction\":[{\"@type\":\"ReadAction\",\"target\":[\"https:\/\/psoecanarias.com\/web\/nayra-aleman-el-pp-fue-el-que-menos-aprendio-de-la-crisis-migratoria-de-2006\/\"]}]},{\"@type\":\"ImageObject\",\"inLanguage\":\"es\",\"@id\":\"https:\/\/psoecanarias.com\/web\/nayra-aleman-el-pp-fue-el-que-menos-aprendio-de-la-crisis-migratoria-de-2006\/#primaryimage\",\"url\":\"https:\/\/psoecanarias.com\/web\/wp-content\/uploads\/2020\/11\/50644307666_36d8665316_c.jpg\",\"contentUrl\":\"https:\/\/psoecanarias.com\/web\/wp-content\/uploads\/2020\/11\/50644307666_36d8665316_c.jpg\",\"width\":799,\"height\":533},{\"@type\":\"BreadcrumbList\",\"@id\":\"https:\/\/psoecanarias.com\/web\/nayra-aleman-el-pp-fue-el-que-menos-aprendio-de-la-crisis-migratoria-de-2006\/#breadcrumb\",\"itemListElement\":[{\"@type\":\"ListItem\",\"position\":1,\"name\":\"Portada\",\"item\":\"https:\/\/psoecanarias.com\/web\/\"},{\"@type\":\"ListItem\",\"position\":2,\"name\":\"Nayra Alem\u00e1n a la oposici\u00f3n: \\\"Si no van a ayudar, dejen trabajar a los dem\u00e1s\u201d\"}]},{\"@type\":\"WebSite\",\"@id\":\"https:\/\/psoecanarias.com\/web\/#website\",\"url\":\"https:\/\/psoecanarias.com\/web\/\",\"name\":\"PSOE Canarias\",\"description\":\"Partido Socialista Obrero Espa\u00f1ol Canarias\",\"potentialAction\":[{\"@type\":\"SearchAction\",\"target\":{\"@type\":\"EntryPoint\",\"urlTemplate\":\"https:\/\/psoecanarias.com\/web\/?s={search_term_string}\"},\"query-input\":{\"@type\":\"PropertyValueSpecification\",\"valueRequired\":true,\"valueName\":\"search_term_string\"}}],\"inLanguage\":\"es\"},{\"@type\":\"Person\",\"@id\":\"https:\/\/psoecanarias.com\/web\/#\/schema\/person\/1ae43f9659d2fc599ca69c11e1dbf26f\",\"name\":\"PSOE Canarias\",\"image\":{\"@type\":\"ImageObject\",\"inLanguage\":\"es\",\"@id\":\"https:\/\/secure.gravatar.com\/avatar\/4364d37f6f6f9cdb7af199b46151565f37d8a8c3c0e04c1d78c04e857a15e3a8?s=96&d=mm&r=g\",\"url\":\"https:\/\/secure.gravatar.com\/avatar\/4364d37f6f6f9cdb7af199b46151565f37d8a8c3c0e04c1d78c04e857a15e3a8?s=96&d=mm&r=g\",\"contentUrl\":\"https:\/\/secure.gravatar.com\/avatar\/4364d37f6f6f9cdb7af199b46151565f37d8a8c3c0e04c1d78c04e857a15e3a8?s=96&d=mm&r=g\",\"caption\":\"PSOE Canarias\"},\"url\":\"https:\/\/psoecanarias.com\/web\/author\/admin\/\"}]}<\/script>\n<!-- \/ Yoast SEO plugin. -->","yoast_head_json":{"title":"Nayra Alem\u00e1n a la oposici\u00f3n: \"Si no van a ayudar, dejen trabajar a los dem\u00e1s\u201d | PSOE Canarias","robots":{"index":"index","follow":"follow","max-snippet":"max-snippet:-1","max-image-preview":"max-image-preview:large","max-video-preview":"max-video-preview:-1"},"canonical":"https:\/\/psoecanarias.com\/web\/nayra-aleman-el-pp-fue-el-que-menos-aprendio-de-la-crisis-migratoria-de-2006\/","og_locale":"es_ES","og_type":"article","og_title":"Nayra Alem\u00e1n a la oposici\u00f3n: \"Si no van a ayudar, dejen trabajar a los dem\u00e1s\u201d | PSOE Canarias","og_description":"\"El PP fue el que menos aprendi\u00f3 de la crisis migratoria de 2006\", ha manifestado la portavoz del Grupo Socialista","og_url":"https:\/\/psoecanarias.com\/web\/nayra-aleman-el-pp-fue-el-que-menos-aprendio-de-la-crisis-migratoria-de-2006\/","og_site_name":"PSOE Canarias","article_published_time":"2020-11-25T21:09:06+00:00","article_modified_time":"2020-11-25T21:56:23+00:00","og_image":[{"width":799,"height":533,"url":"https:\/\/psoecanarias.com\/web\/wp-content\/uploads\/2020\/11\/50644307666_36d8665316_c.jpg","type":"image\/jpeg"}],"author":"PSOE Canarias","twitter_card":"summary_large_image","schema":{"@context":"https:\/\/schema.org","@graph":[{"@type":"Article","@id":"https:\/\/psoecanarias.com\/web\/nayra-aleman-el-pp-fue-el-que-menos-aprendio-de-la-crisis-migratoria-de-2006\/#article","isPartOf":{"@id":"https:\/\/psoecanarias.com\/web\/nayra-aleman-el-pp-fue-el-que-menos-aprendio-de-la-crisis-migratoria-de-2006\/"},"author":{"name":"PSOE Canarias","@id":"https:\/\/psoecanarias.com\/web\/#\/schema\/person\/1ae43f9659d2fc599ca69c11e1dbf26f"},"headline":"Nayra Alem\u00e1n a la oposici\u00f3n: &#8220;Si no van a ayudar, dejen trabajar a los dem\u00e1s\u201d","datePublished":"2020-11-25T21:09:06+00:00","dateModified":"2020-11-25T21:56:23+00:00","mainEntityOfPage":{"@id":"https:\/\/psoecanarias.com\/web\/nayra-aleman-el-pp-fue-el-que-menos-aprendio-de-la-crisis-migratoria-de-2006\/"},"wordCount":789,"commentCount":0,"image":{"@id":"https:\/\/psoecanarias.com\/web\/nayra-aleman-el-pp-fue-el-que-menos-aprendio-de-la-crisis-migratoria-de-2006\/#primaryimage"},"thumbnailUrl":"https:\/\/psoecanarias.com\/web\/wp-content\/uploads\/2020\/11\/50644307666_36d8665316_c.jpg","keywords":["Nayra Alem\u00e1n"],"articleSection":["Grupo Parlamentario","Noticias"],"inLanguage":"es","potentialAction":[{"@type":"CommentAction","name":"Comment","target":["https:\/\/psoecanarias.com\/web\/nayra-aleman-el-pp-fue-el-que-menos-aprendio-de-la-crisis-migratoria-de-2006\/#respond"]}]},{"@type":"WebPage","@id":"https:\/\/psoecanarias.com\/web\/nayra-aleman-el-pp-fue-el-que-menos-aprendio-de-la-crisis-migratoria-de-2006\/","url":"https:\/\/psoecanarias.com\/web\/nayra-aleman-el-pp-fue-el-que-menos-aprendio-de-la-crisis-migratoria-de-2006\/","name":"Nayra Alem\u00e1n a la oposici\u00f3n: \"Si no van a ayudar, dejen trabajar a los dem\u00e1s\u201d | PSOE Canarias","isPartOf":{"@id":"https:\/\/psoecanarias.com\/web\/#website"},"primaryImageOfPage":{"@id":"https:\/\/psoecanarias.com\/web\/nayra-aleman-el-pp-fue-el-que-menos-aprendio-de-la-crisis-migratoria-de-2006\/#primaryimage"},"image":{"@id":"https:\/\/psoecanarias.com\/web\/nayra-aleman-el-pp-fue-el-que-menos-aprendio-de-la-crisis-migratoria-de-2006\/#primaryimage"},"thumbnailUrl":"https:\/\/psoecanarias.com\/web\/wp-content\/uploads\/2020\/11\/50644307666_36d8665316_c.jpg","datePublished":"2020-11-25T21:09:06+00:00","dateModified":"2020-11-25T21:56:23+00:00","author":{"@id":"https:\/\/psoecanarias.com\/web\/#\/schema\/person\/1ae43f9659d2fc599ca69c11e1dbf26f"},"breadcrumb":{"@id":"https:\/\/psoecanarias.com\/web\/nayra-aleman-el-pp-fue-el-que-menos-aprendio-de-la-crisis-migratoria-de-2006\/#breadcrumb"},"inLanguage":"es","potentialAction":[{"@type":"ReadAction","target":["https:\/\/psoecanarias.com\/web\/nayra-aleman-el-pp-fue-el-que-menos-aprendio-de-la-crisis-migratoria-de-2006\/"]}]},{"@type":"ImageObject","inLanguage":"es","@id":"https:\/\/psoecanarias.com\/web\/nayra-aleman-el-pp-fue-el-que-menos-aprendio-de-la-crisis-migratoria-de-2006\/#primaryimage","url":"https:\/\/psoecanarias.com\/web\/wp-content\/uploads\/2020\/11\/50644307666_36d8665316_c.jpg","contentUrl":"https:\/\/psoecanarias.com\/web\/wp-content\/uploads\/2020\/11\/50644307666_36d8665316_c.jpg","width":799,"height":533},{"@type":"BreadcrumbList","@id":"https:\/\/psoecanarias.com\/web\/nayra-aleman-el-pp-fue-el-que-menos-aprendio-de-la-crisis-migratoria-de-2006\/#breadcrumb","itemListElement":[{"@type":"ListItem","position":1,"name":"Portada","item":"https:\/\/psoecanarias.com\/web\/"},{"@type":"ListItem","position":2,"name":"Nayra Alem\u00e1n a la oposici\u00f3n: \"Si no van a ayudar, dejen trabajar a los dem\u00e1s\u201d"}]},{"@type":"WebSite","@id":"https:\/\/psoecanarias.com\/web\/#website","url":"https:\/\/psoecanarias.com\/web\/","name":"PSOE Canarias","description":"Partido Socialista Obrero Espa\u00f1ol Canarias","potentialAction":[{"@type":"SearchAction","target":{"@type":"EntryPoint","urlTemplate":"https:\/\/psoecanarias.com\/web\/?s={search_term_string}"},"query-input":{"@type":"PropertyValueSpecification","valueRequired":true,"valueName":"search_term_string"}}],"inLanguage":"es"},{"@type":"Person","@id":"https:\/\/psoecanarias.com\/web\/#\/schema\/person\/1ae43f9659d2fc599ca69c11e1dbf26f","name":"PSOE Canarias","image":{"@type":"ImageObject","inLanguage":"es","@id":"https:\/\/secure.gravatar.com\/avatar\/4364d37f6f6f9cdb7af199b46151565f37d8a8c3c0e04c1d78c04e857a15e3a8?s=96&d=mm&r=g","url":"https:\/\/secure.gravatar.com\/avatar\/4364d37f6f6f9cdb7af199b46151565f37d8a8c3c0e04c1d78c04e857a15e3a8?s=96&d=mm&r=g","contentUrl":"https:\/\/secure.gravatar.com\/avatar\/4364d37f6f6f9cdb7af199b46151565f37d8a8c3c0e04c1d78c04e857a15e3a8?s=96&d=mm&r=g","caption":"PSOE Canarias"},"url":"https:\/\/psoecanarias.com\/web\/author\/admin\/"}]}},"_links":{"self":[{"href":"https:\/\/psoecanarias.com\/web\/wp-json\/wp\/v2\/posts\/15053","targetHints":{"allow":["GET"]}}],"collection":[{"href":"https:\/\/psoecanarias.com\/web\/wp-json\/wp\/v2\/posts"}],"about":[{"href":"https:\/\/psoecanarias.com\/web\/wp-json\/wp\/v2\/types\/post"}],"author":[{"embeddable":true,"href":"https:\/\/psoecanarias.com\/web\/wp-json\/wp\/v2\/users\/1"}],"replies":[{"embeddable":true,"href":"https:\/\/psoecanarias.com\/web\/wp-json\/wp\/v2\/comments?post=15053"}],"version-history":[{"count":4,"href":"https:\/\/psoecanarias.com\/web\/wp-json\/wp\/v2\/posts\/15053\/revisions"}],"predecessor-version":[{"id":15058,"href":"https:\/\/psoecanarias.com\/web\/wp-json\/wp\/v2\/posts\/15053\/revisions\/15058"}],"wp:featuredmedia":[{"embeddable":true,"href":"https:\/\/psoecanarias.com\/web\/wp-json\/wp\/v2\/media\/15054"}],"wp:attachment":[{"href":"https:\/\/psoecanarias.com\/web\/wp-json\/wp\/v2\/media?parent=15053"}],"wp:term":[{"taxonomy":"category","embeddable":true,"href":"https:\/\/psoecanarias.com\/web\/wp-json\/wp\/v2\/categories?post=15053"},{"taxonomy":"post_tag","embeddable":true,"href":"https:\/\/psoecanarias.com\/web\/wp-json\/wp\/v2\/tags?post=15053"}],"curies":[{"name":"wp","href":"https:\/\/api.w.org\/{rel}","templated":true}]}}