{"id":15071,"date":"2020-11-26T13:03:31","date_gmt":"2020-11-26T13:03:31","guid":{"rendered":"http:\/\/psoecanarias.com\/web\/?p=15071"},"modified":"2020-11-26T13:07:10","modified_gmt":"2020-11-26T13:07:10","slug":"el-psoe-valora-el-respaldo-unanime-al-nuevo-plan-de-vivienda-de-canarias","status":"publish","type":"post","link":"https:\/\/psoecanarias.com\/web\/el-psoe-valora-el-respaldo-unanime-al-nuevo-plan-de-vivienda-de-canarias\/","title":{"rendered":"El PSOE valora el \u201crespaldo un\u00e1nime\u201d al nuevo Plan de Vivienda de Canarias"},"content":{"rendered":"<p><strong>Canarias, 26 noviembre de 2020.-<\/strong> El portavoz de Obras P\u00fablicas y Vivienda del Grupo Parlamentario Socialista, <strong>Jorge Gonz\u00e1lez<\/strong>, valor\u00f3 este jueves [26] el \u201crespaldo un\u00e1nime\u201d de todos los grupos pol\u00edticos y los sectores sociales y econ\u00f3micos de las islas al nuevo Plan de Vivienda 2020-2025, presentado hoy en ponencia parlamentaria, del que afirm\u00f3 que se trata de la \u201choja de ruta\u201d del Ejecutivo auton\u00f3mico para garantizar el acceso a la vivienda de las familias m\u00e1s vulnerables de Canarias.<\/p>\n<p>Gonz\u00e1lez agradeci\u00f3 <strong>el \u201cconsenso\u201d y \u201cnivel de entendimiento\u201d<\/strong> de todos las fuerzas pol\u00edticas y sectores para la aprobaci\u00f3n del documento, as\u00ed como el \u201cesfuerzo y trabajo\u201d del personal de la Consejer\u00eda de Obras P\u00fablicas, Vivienda y Transporte, ya que se materializa un documento \u201ctras ocho a\u00f1os sin que Canarias tuviese un Plan de Vivienda\u201d.<\/p>\n<blockquote class=\"twitter-tweet\">\n<p dir=\"ltr\" lang=\"es\">\ud83c\udfdb\ufe0f Comisi\u00f3n de Obras P\u00fablicas <a href=\"https:\/\/twitter.com\/jorgetomad?ref_src=twsrc%5Etfw\">@jorgetomad<\/a> celebra como &#8220;un logro colectivo&#8221; el nuevo Plan de Vivienda de <a href=\"https:\/\/twitter.com\/hashtag\/Canarias?src=hash&amp;ref_src=twsrc%5Etfw\">#Canarias<\/a><\/p>\n<p>\ud83d\udde3\ufe0f Ahora queda lo m\u00e1s complicado, que es la gesti\u00f3n <a href=\"https:\/\/t.co\/5vqDCUehUF\">pic.twitter.com\/5vqDCUehUF<\/a><\/p>\n<p>\u2014 GP Socialista Canario (@GPSocialista) <a href=\"https:\/\/twitter.com\/GPSocialista\/status\/1331943746351624192?ref_src=twsrc%5Etfw\">November 26, 2020<\/a><\/p><\/blockquote>\n<p><script async src=\"https:\/\/platform.twitter.com\/widgets.js\" charset=\"utf-8\"><\/script><\/p>\n<p>Para el diputado socialista, este <strong>Plan de Vivienda 2020-2025<\/strong> nace como \u201cnueva hoja de ruta\u201d en este complicado contexto, \u201capostando por corregir el gran desequilibrio que existe entre la fuerte demanda y la oferta insuficiente, as\u00ed como para otorgar una mayor protecci\u00f3n social a un bien tan esencial como la vivienda, porque este Gobierno pretende actuar en este campo tan sensible como escudo de las personas m\u00e1s necesitadas de protecci\u00f3n y garant\u00edas\u201d.<\/p>\n<p>Gonz\u00e1lez destac\u00f3 que se trata de un Plan que ha sido negociado con los sectores econ\u00f3micos y sociales de las islas y con todas las fueras pol\u00edticas, \u201cdispuestos a remover los obst\u00e1culos por el inter\u00e9s general, pues recordemos que \u00e9ste se erige como principio inspirador de las pol\u00edticas p\u00fablicas, y que el verdadero objetivo de <strong>la pol\u00edtica es servir al ciudadano<\/strong>\u201d.<\/p>\n<p>Gonz\u00e1lez hizo hincapi\u00e9 en que este Plan pretende dar respuesta al <strong>d\u00e9ficit que existe en Canarias<\/strong> de viviendas accesibles para las familias canarias de rentas bajas y medias en riesgo de pobreza o de vulnerabilidad, y superar \u201clos escollos\u201d que ha supuesto la escasez de suelo apto para la edificaci\u00f3n, la limitaci\u00f3n de los recursos econ\u00f3micos disponibles, y la complejidad y lentitud en la tramitaci\u00f3n de los proyectos.<\/p>\n<p>\u201cTambi\u00e9n coincidimos en que la situaci\u00f3n de <strong>pobreza en Canarias<\/strong> se va a fragilizar a\u00fan m\u00e1s con la actual con la crisis del Covid-19, y una de los efectos sobre el sector inmobiliario ser\u00e1 el aumento de demanda de viviendas sociales, pues a medida que incremente la p\u00e9rdida de ingresos y el desempleo, se espera una mayor demanda\u201d, advirti\u00f3.<\/p>\n<h3>28.000 nuevos empleos y casi 5.000 viviendas sociales<\/h3>\n<p>En este sentido, detall\u00f3 que este Plan de Vivienda supondr\u00e1 poder afrontar la mayor parte de estas consecuencias, a trav\u00e9s de la construcci\u00f3n de <strong>5.900 Viviendas de Protecci\u00f3n Oficial (VPO)<\/strong>, la ejecuci\u00f3n de 88.000 actuaciones, 664 millones de euros de inversi\u00f3n y la creaci\u00f3n de 28.000 empleos.<\/p>\n<p>\u201cHoy m\u00e1s que nunca se hace necesario tomar medidas destinadas a no dejar a nadie atr\u00e1s, esta coyuntura <strong>reclama trabajo en equipo<\/strong>, suma de voluntades y recursos por parte de todos los poderes p\u00fablicos, los agentes sociales y econ\u00f3micos, adem\u00e1s del conjunto de la ciudadan\u00eda\u201d, a\u00f1adi\u00f3.<\/p>\n","protected":false},"excerpt":{"rendered":"<p>\u201cNace una nueva hoja de ruta que ofrece mayor protecci\u00f3n social a las personas m\u00e1s necesitadas&#8221;, afirma Jorge Gonz\u00e1lez<\/p>\n","protected":false},"author":1,"featured_media":13286,"comment_status":"open","ping_status":"open","sticky":false,"template":"","format":"standard","meta":{"footnotes":""},"categories":[1185,1184],"tags":[1201],"class_list":["post-15071","post","type-post","status-publish","format-standard","has-post-thumbnail","hentry","category-grupo-parlamentario","category-noticias","tag-jorge-gonzalez"],"featured_image_src":"https:\/\/psoecanarias.com\/web\/wp-content\/uploads\/2020\/10\/Jorge-Gonzalez.jpg","author_info":{"display_name":"PSOE Canarias","author_link":"https:\/\/psoecanarias.com\/web\/author\/admin\/"},"yoast_head":"<!-- This site is optimized with the Yoast SEO plugin v27.2 - https:\/\/yoast.com\/product\/yoast-seo-wordpress\/ -->\n<title>El PSOE valora el \u201crespaldo un\u00e1nime\u201d al nuevo Plan de Vivienda de Canarias | PSOE Canarias<\/title>\n<meta name=\"robots\" content=\"index, follow, max-snippet:-1, max-image-preview:large, max-video-preview:-1\" \/>\n<link rel=\"canonical\" href=\"https:\/\/psoecanarias.com\/web\/el-psoe-valora-el-respaldo-unanime-al-nuevo-plan-de-vivienda-de-canarias\/\" \/>\n<meta property=\"og:locale\" content=\"es_ES\" \/>\n<meta property=\"og:type\" content=\"article\" \/>\n<meta property=\"og:title\" content=\"El PSOE valora el \u201crespaldo un\u00e1nime\u201d al nuevo Plan de Vivienda de Canarias | PSOE Canarias\" \/>\n<meta property=\"og:description\" content=\"\u201cNace una nueva hoja de ruta que ofrece mayor protecci\u00f3n social a las personas m\u00e1s necesitadas&quot;, afirma Jorge Gonz\u00e1lez\" \/>\n<meta property=\"og:url\" content=\"https:\/\/psoecanarias.com\/web\/el-psoe-valora-el-respaldo-unanime-al-nuevo-plan-de-vivienda-de-canarias\/\" \/>\n<meta property=\"og:site_name\" content=\"PSOE Canarias\" \/>\n<meta property=\"article:published_time\" content=\"2020-11-26T13:03:31+00:00\" \/>\n<meta property=\"article:modified_time\" content=\"2020-11-26T13:07:10+00:00\" \/>\n<meta property=\"og:image\" content=\"https:\/\/psoecanarias.com\/web\/wp-content\/uploads\/2020\/10\/Jorge-Gonzalez.jpg\" \/>\n\t<meta property=\"og:image:width\" content=\"1770\" \/>\n\t<meta property=\"og:image:height\" content=\"1181\" \/>\n\t<meta property=\"og:image:type\" content=\"image\/jpeg\" \/>\n<meta name=\"author\" content=\"PSOE Canarias\" \/>\n<meta name=\"twitter:card\" content=\"summary_large_image\" \/>\n<script type=\"application\/ld+json\" class=\"yoast-schema-graph\">{\"@context\":\"https:\/\/schema.org\",\"@graph\":[{\"@type\":\"Article\",\"@id\":\"https:\/\/psoecanarias.com\/web\/el-psoe-valora-el-respaldo-unanime-al-nuevo-plan-de-vivienda-de-canarias\/#article\",\"isPartOf\":{\"@id\":\"https:\/\/psoecanarias.com\/web\/el-psoe-valora-el-respaldo-unanime-al-nuevo-plan-de-vivienda-de-canarias\/\"},\"author\":{\"name\":\"PSOE Canarias\",\"@id\":\"https:\/\/psoecanarias.com\/web\/#\/schema\/person\/1ae43f9659d2fc599ca69c11e1dbf26f\"},\"headline\":\"El PSOE valora el \u201crespaldo un\u00e1nime\u201d al nuevo Plan de Vivienda de Canarias\",\"datePublished\":\"2020-11-26T13:03:31+00:00\",\"dateModified\":\"2020-11-26T13:07:10+00:00\",\"mainEntityOfPage\":{\"@id\":\"https:\/\/psoecanarias.com\/web\/el-psoe-valora-el-respaldo-unanime-al-nuevo-plan-de-vivienda-de-canarias\/\"},\"wordCount\":587,\"commentCount\":0,\"image\":{\"@id\":\"https:\/\/psoecanarias.com\/web\/el-psoe-valora-el-respaldo-unanime-al-nuevo-plan-de-vivienda-de-canarias\/#primaryimage\"},\"thumbnailUrl\":\"https:\/\/psoecanarias.com\/web\/wp-content\/uploads\/2020\/10\/Jorge-Gonzalez.jpg\",\"keywords\":[\"Jorge Gonz\u00e1lez\"],\"articleSection\":[\"Grupo Parlamentario\",\"Noticias\"],\"inLanguage\":\"es\",\"potentialAction\":[{\"@type\":\"CommentAction\",\"name\":\"Comment\",\"target\":[\"https:\/\/psoecanarias.com\/web\/el-psoe-valora-el-respaldo-unanime-al-nuevo-plan-de-vivienda-de-canarias\/#respond\"]}]},{\"@type\":\"WebPage\",\"@id\":\"https:\/\/psoecanarias.com\/web\/el-psoe-valora-el-respaldo-unanime-al-nuevo-plan-de-vivienda-de-canarias\/\",\"url\":\"https:\/\/psoecanarias.com\/web\/el-psoe-valora-el-respaldo-unanime-al-nuevo-plan-de-vivienda-de-canarias\/\",\"name\":\"El PSOE valora el \u201crespaldo un\u00e1nime\u201d al nuevo Plan de Vivienda de Canarias | PSOE Canarias\",\"isPartOf\":{\"@id\":\"https:\/\/psoecanarias.com\/web\/#website\"},\"primaryImageOfPage\":{\"@id\":\"https:\/\/psoecanarias.com\/web\/el-psoe-valora-el-respaldo-unanime-al-nuevo-plan-de-vivienda-de-canarias\/#primaryimage\"},\"image\":{\"@id\":\"https:\/\/psoecanarias.com\/web\/el-psoe-valora-el-respaldo-unanime-al-nuevo-plan-de-vivienda-de-canarias\/#primaryimage\"},\"thumbnailUrl\":\"https:\/\/psoecanarias.com\/web\/wp-content\/uploads\/2020\/10\/Jorge-Gonzalez.jpg\",\"datePublished\":\"2020-11-26T13:03:31+00:00\",\"dateModified\":\"2020-11-26T13:07:10+00:00\",\"author\":{\"@id\":\"https:\/\/psoecanarias.com\/web\/#\/schema\/person\/1ae43f9659d2fc599ca69c11e1dbf26f\"},\"breadcrumb\":{\"@id\":\"https:\/\/psoecanarias.com\/web\/el-psoe-valora-el-respaldo-unanime-al-nuevo-plan-de-vivienda-de-canarias\/#breadcrumb\"},\"inLanguage\":\"es\",\"potentialAction\":[{\"@type\":\"ReadAction\",\"target\":[\"https:\/\/psoecanarias.com\/web\/el-psoe-valora-el-respaldo-unanime-al-nuevo-plan-de-vivienda-de-canarias\/\"]}]},{\"@type\":\"ImageObject\",\"inLanguage\":\"es\",\"@id\":\"https:\/\/psoecanarias.com\/web\/el-psoe-valora-el-respaldo-unanime-al-nuevo-plan-de-vivienda-de-canarias\/#primaryimage\",\"url\":\"https:\/\/psoecanarias.com\/web\/wp-content\/uploads\/2020\/10\/Jorge-Gonzalez.jpg\",\"contentUrl\":\"https:\/\/psoecanarias.com\/web\/wp-content\/uploads\/2020\/10\/Jorge-Gonzalez.jpg\",\"width\":1770,\"height\":1181},{\"@type\":\"BreadcrumbList\",\"@id\":\"https:\/\/psoecanarias.com\/web\/el-psoe-valora-el-respaldo-unanime-al-nuevo-plan-de-vivienda-de-canarias\/#breadcrumb\",\"itemListElement\":[{\"@type\":\"ListItem\",\"position\":1,\"name\":\"Portada\",\"item\":\"https:\/\/psoecanarias.com\/web\/\"},{\"@type\":\"ListItem\",\"position\":2,\"name\":\"El PSOE valora el \u201crespaldo un\u00e1nime\u201d al nuevo Plan de Vivienda de Canarias\"}]},{\"@type\":\"WebSite\",\"@id\":\"https:\/\/psoecanarias.com\/web\/#website\",\"url\":\"https:\/\/psoecanarias.com\/web\/\",\"name\":\"PSOE Canarias\",\"description\":\"Partido Socialista Obrero Espa\u00f1ol Canarias\",\"potentialAction\":[{\"@type\":\"SearchAction\",\"target\":{\"@type\":\"EntryPoint\",\"urlTemplate\":\"https:\/\/psoecanarias.com\/web\/?s={search_term_string}\"},\"query-input\":{\"@type\":\"PropertyValueSpecification\",\"valueRequired\":true,\"valueName\":\"search_term_string\"}}],\"inLanguage\":\"es\"},{\"@type\":\"Person\",\"@id\":\"https:\/\/psoecanarias.com\/web\/#\/schema\/person\/1ae43f9659d2fc599ca69c11e1dbf26f\",\"name\":\"PSOE Canarias\",\"image\":{\"@type\":\"ImageObject\",\"inLanguage\":\"es\",\"@id\":\"https:\/\/secure.gravatar.com\/avatar\/4364d37f6f6f9cdb7af199b46151565f37d8a8c3c0e04c1d78c04e857a15e3a8?s=96&d=mm&r=g\",\"url\":\"https:\/\/secure.gravatar.com\/avatar\/4364d37f6f6f9cdb7af199b46151565f37d8a8c3c0e04c1d78c04e857a15e3a8?s=96&d=mm&r=g\",\"contentUrl\":\"https:\/\/secure.gravatar.com\/avatar\/4364d37f6f6f9cdb7af199b46151565f37d8a8c3c0e04c1d78c04e857a15e3a8?s=96&d=mm&r=g\",\"caption\":\"PSOE Canarias\"},\"url\":\"https:\/\/psoecanarias.com\/web\/author\/admin\/\"}]}<\/script>\n<!-- \/ Yoast SEO plugin. -->","yoast_head_json":{"title":"El PSOE valora el \u201crespaldo un\u00e1nime\u201d al nuevo Plan de Vivienda de Canarias | PSOE Canarias","robots":{"index":"index","follow":"follow","max-snippet":"max-snippet:-1","max-image-preview":"max-image-preview:large","max-video-preview":"max-video-preview:-1"},"canonical":"https:\/\/psoecanarias.com\/web\/el-psoe-valora-el-respaldo-unanime-al-nuevo-plan-de-vivienda-de-canarias\/","og_locale":"es_ES","og_type":"article","og_title":"El PSOE valora el \u201crespaldo un\u00e1nime\u201d al nuevo Plan de Vivienda de Canarias | PSOE Canarias","og_description":"\u201cNace una nueva hoja de ruta que ofrece mayor protecci\u00f3n social a las personas m\u00e1s necesitadas\", afirma Jorge Gonz\u00e1lez","og_url":"https:\/\/psoecanarias.com\/web\/el-psoe-valora-el-respaldo-unanime-al-nuevo-plan-de-vivienda-de-canarias\/","og_site_name":"PSOE Canarias","article_published_time":"2020-11-26T13:03:31+00:00","article_modified_time":"2020-11-26T13:07:10+00:00","og_image":[{"width":1770,"height":1181,"url":"https:\/\/psoecanarias.com\/web\/wp-content\/uploads\/2020\/10\/Jorge-Gonzalez.jpg","type":"image\/jpeg"}],"author":"PSOE Canarias","twitter_card":"summary_large_image","schema":{"@context":"https:\/\/schema.org","@graph":[{"@type":"Article","@id":"https:\/\/psoecanarias.com\/web\/el-psoe-valora-el-respaldo-unanime-al-nuevo-plan-de-vivienda-de-canarias\/#article","isPartOf":{"@id":"https:\/\/psoecanarias.com\/web\/el-psoe-valora-el-respaldo-unanime-al-nuevo-plan-de-vivienda-de-canarias\/"},"author":{"name":"PSOE Canarias","@id":"https:\/\/psoecanarias.com\/web\/#\/schema\/person\/1ae43f9659d2fc599ca69c11e1dbf26f"},"headline":"El PSOE valora el \u201crespaldo un\u00e1nime\u201d al nuevo Plan de Vivienda de Canarias","datePublished":"2020-11-26T13:03:31+00:00","dateModified":"2020-11-26T13:07:10+00:00","mainEntityOfPage":{"@id":"https:\/\/psoecanarias.com\/web\/el-psoe-valora-el-respaldo-unanime-al-nuevo-plan-de-vivienda-de-canarias\/"},"wordCount":587,"commentCount":0,"image":{"@id":"https:\/\/psoecanarias.com\/web\/el-psoe-valora-el-respaldo-unanime-al-nuevo-plan-de-vivienda-de-canarias\/#primaryimage"},"thumbnailUrl":"https:\/\/psoecanarias.com\/web\/wp-content\/uploads\/2020\/10\/Jorge-Gonzalez.jpg","keywords":["Jorge Gonz\u00e1lez"],"articleSection":["Grupo Parlamentario","Noticias"],"inLanguage":"es","potentialAction":[{"@type":"CommentAction","name":"Comment","target":["https:\/\/psoecanarias.com\/web\/el-psoe-valora-el-respaldo-unanime-al-nuevo-plan-de-vivienda-de-canarias\/#respond"]}]},{"@type":"WebPage","@id":"https:\/\/psoecanarias.com\/web\/el-psoe-valora-el-respaldo-unanime-al-nuevo-plan-de-vivienda-de-canarias\/","url":"https:\/\/psoecanarias.com\/web\/el-psoe-valora-el-respaldo-unanime-al-nuevo-plan-de-vivienda-de-canarias\/","name":"El PSOE valora el \u201crespaldo un\u00e1nime\u201d al nuevo Plan de Vivienda de Canarias | PSOE Canarias","isPartOf":{"@id":"https:\/\/psoecanarias.com\/web\/#website"},"primaryImageOfPage":{"@id":"https:\/\/psoecanarias.com\/web\/el-psoe-valora-el-respaldo-unanime-al-nuevo-plan-de-vivienda-de-canarias\/#primaryimage"},"image":{"@id":"https:\/\/psoecanarias.com\/web\/el-psoe-valora-el-respaldo-unanime-al-nuevo-plan-de-vivienda-de-canarias\/#primaryimage"},"thumbnailUrl":"https:\/\/psoecanarias.com\/web\/wp-content\/uploads\/2020\/10\/Jorge-Gonzalez.jpg","datePublished":"2020-11-26T13:03:31+00:00","dateModified":"2020-11-26T13:07:10+00:00","author":{"@id":"https:\/\/psoecanarias.com\/web\/#\/schema\/person\/1ae43f9659d2fc599ca69c11e1dbf26f"},"breadcrumb":{"@id":"https:\/\/psoecanarias.com\/web\/el-psoe-valora-el-respaldo-unanime-al-nuevo-plan-de-vivienda-de-canarias\/#breadcrumb"},"inLanguage":"es","potentialAction":[{"@type":"ReadAction","target":["https:\/\/psoecanarias.com\/web\/el-psoe-valora-el-respaldo-unanime-al-nuevo-plan-de-vivienda-de-canarias\/"]}]},{"@type":"ImageObject","inLanguage":"es","@id":"https:\/\/psoecanarias.com\/web\/el-psoe-valora-el-respaldo-unanime-al-nuevo-plan-de-vivienda-de-canarias\/#primaryimage","url":"https:\/\/psoecanarias.com\/web\/wp-content\/uploads\/2020\/10\/Jorge-Gonzalez.jpg","contentUrl":"https:\/\/psoecanarias.com\/web\/wp-content\/uploads\/2020\/10\/Jorge-Gonzalez.jpg","width":1770,"height":1181},{"@type":"BreadcrumbList","@id":"https:\/\/psoecanarias.com\/web\/el-psoe-valora-el-respaldo-unanime-al-nuevo-plan-de-vivienda-de-canarias\/#breadcrumb","itemListElement":[{"@type":"ListItem","position":1,"name":"Portada","item":"https:\/\/psoecanarias.com\/web\/"},{"@type":"ListItem","position":2,"name":"El PSOE valora el \u201crespaldo un\u00e1nime\u201d al nuevo Plan de Vivienda de Canarias"}]},{"@type":"WebSite","@id":"https:\/\/psoecanarias.com\/web\/#website","url":"https:\/\/psoecanarias.com\/web\/","name":"PSOE Canarias","description":"Partido Socialista Obrero Espa\u00f1ol Canarias","potentialAction":[{"@type":"SearchAction","target":{"@type":"EntryPoint","urlTemplate":"https:\/\/psoecanarias.com\/web\/?s={search_term_string}"},"query-input":{"@type":"PropertyValueSpecification","valueRequired":true,"valueName":"search_term_string"}}],"inLanguage":"es"},{"@type":"Person","@id":"https:\/\/psoecanarias.com\/web\/#\/schema\/person\/1ae43f9659d2fc599ca69c11e1dbf26f","name":"PSOE Canarias","image":{"@type":"ImageObject","inLanguage":"es","@id":"https:\/\/secure.gravatar.com\/avatar\/4364d37f6f6f9cdb7af199b46151565f37d8a8c3c0e04c1d78c04e857a15e3a8?s=96&d=mm&r=g","url":"https:\/\/secure.gravatar.com\/avatar\/4364d37f6f6f9cdb7af199b46151565f37d8a8c3c0e04c1d78c04e857a15e3a8?s=96&d=mm&r=g","contentUrl":"https:\/\/secure.gravatar.com\/avatar\/4364d37f6f6f9cdb7af199b46151565f37d8a8c3c0e04c1d78c04e857a15e3a8?s=96&d=mm&r=g","caption":"PSOE Canarias"},"url":"https:\/\/psoecanarias.com\/web\/author\/admin\/"}]}},"_links":{"self":[{"href":"https:\/\/psoecanarias.com\/web\/wp-json\/wp\/v2\/posts\/15071","targetHints":{"allow":["GET"]}}],"collection":[{"href":"https:\/\/psoecanarias.com\/web\/wp-json\/wp\/v2\/posts"}],"about":[{"href":"https:\/\/psoecanarias.com\/web\/wp-json\/wp\/v2\/types\/post"}],"author":[{"embeddable":true,"href":"https:\/\/psoecanarias.com\/web\/wp-json\/wp\/v2\/users\/1"}],"replies":[{"embeddable":true,"href":"https:\/\/psoecanarias.com\/web\/wp-json\/wp\/v2\/comments?post=15071"}],"version-history":[{"count":2,"href":"https:\/\/psoecanarias.com\/web\/wp-json\/wp\/v2\/posts\/15071\/revisions"}],"predecessor-version":[{"id":15073,"href":"https:\/\/psoecanarias.com\/web\/wp-json\/wp\/v2\/posts\/15071\/revisions\/15073"}],"wp:featuredmedia":[{"embeddable":true,"href":"https:\/\/psoecanarias.com\/web\/wp-json\/wp\/v2\/media\/13286"}],"wp:attachment":[{"href":"https:\/\/psoecanarias.com\/web\/wp-json\/wp\/v2\/media?parent=15071"}],"wp:term":[{"taxonomy":"category","embeddable":true,"href":"https:\/\/psoecanarias.com\/web\/wp-json\/wp\/v2\/categories?post=15071"},{"taxonomy":"post_tag","embeddable":true,"href":"https:\/\/psoecanarias.com\/web\/wp-json\/wp\/v2\/tags?post=15071"}],"curies":[{"name":"wp","href":"https:\/\/api.w.org\/{rel}","templated":true}]}}