{"id":15229,"date":"2020-12-04T18:52:39","date_gmt":"2020-12-04T18:52:39","guid":{"rendered":"http:\/\/psoecanarias.com\/web\/?p=15229"},"modified":"2020-12-04T19:29:28","modified_gmt":"2020-12-04T19:29:28","slug":"los-diputados-por-fuerteventura-incluyen-enmiendas-en-los-presupuestos-de-canarias-por-valor-de-55me","status":"publish","type":"post","link":"https:\/\/psoecanarias.com\/web\/los-diputados-por-fuerteventura-incluyen-enmiendas-en-los-presupuestos-de-canarias-por-valor-de-55me\/","title":{"rendered":"Los diputados por Fuerteventura incluyen enmiendas en los Presupuestos de Canarias por valor de 5,5M\u20ac"},"content":{"rendered":"<p><strong>Canarias, 4 diciembre de 2020.-<\/strong> Los diputados del Grupo Parlamentario Socialista por Fuerteventura <strong>I\u00f1aki Lavandera, Rosa Bella Cabrera y Pedro Sosa<\/strong> han incluido enmiendas al Presupuesto de Canarias de 2021 por un valor de 5,5 millones de euros, que servir\u00e1n para reactivar el sector tur\u00edstico y mejorar la sanidad en la isla.<\/p>\n<p>Los diputados socialistas recuerdan que Fuerteventura es una de las islas m\u00e1s castigadas por la situaci\u00f3n del cero tur\u00edstico y el desempleo, y por ello han conseguido incluir en el Presupuesto de 2021 \u201cimportantes\u201d proyectos que ayuden a los municipios tur\u00edsticos a superar esta situaci\u00f3n originada por la crisis del Covid-19. \u201cNecesitamos una <strong>apuesta contundente<\/strong> para la recuperaci\u00f3n de nuestro sector tur\u00edstico, y estar preparados para que el turismo vuelva a Fuerteventura con todas las garant\u00edas\u201d.<\/p>\n<h5><a href=\"http:\/\/psoecanarias.com\/web\/wp-content\/uploads\/2020\/12\/ENMIENDAS-FUERTEVENTURA-PDF.pdf\" target=\"_blank\" rel=\"noopener noreferrer\"><strong><i class=\"fa fa-folder-open \" ><\/i> <i class=\"fa fa-file-pdf-o \" ><\/i> \u21d2 CONSULTA AQU\u00cd TODAS LAS ENMIENDAS \u21d0<\/strong><\/a><\/h5>\n<p>Entre <strong>los proyectos tur\u00edsticos<\/strong> destacan el equipamiento de seguridad de la Playa de Sotavento, que servir\u00e1 para acondicionar uno de los espacios m\u00e1s concurridos de Morrojable (P\u00e1jara), en la l\u00ednea de ayudas a los municipios m\u00e1s tur\u00edsticos de la isla. Tambi\u00e9n se incluye el proyecto de mejora de la Avenida Bulevar Primero de Mayo, en Puerto del Rosario, la zona de la ciudad que recibe a todos los cruceristas de la isla y cuya mejora es \u201cestrat\u00e9gica\u201d para fomentar el turismo de cruceros y fidelizar este tipo de visitantes.<\/p>\n<p>Los diputados tambi\u00e9n resaltan la inclusi\u00f3n de una partida de medio mill\u00f3n de euros para el <strong>b\u00fanker de oncolog\u00eda radioter\u00e1pica<\/strong> del Hospital General de Fuerteventura, con el que se cumple una \u201cdemanda hist\u00f3rica\u201d de la ciudadan\u00eda y los profesionales sanitarios de la isla, dando respuesta por parte del Gobierno canario a una \u201cnecesaria planificaci\u00f3n\u201d de la atenci\u00f3n sanitaria.<\/p>\n<p>Adem\u00e1s, han conseguido que los Presupuestos de Canarias de 2021 incorporen para la isla proyectos de \u201cvital\u201d importancia para la recuperaci\u00f3n econ\u00f3mica y el apoyo al tejido productivo de la isla, como una partida para la <strong>internacionalizaci\u00f3n de las empresas<\/strong> de Fuerteventura, as\u00ed como el proyecto de ampliaci\u00f3n del Puerto de Gran Tarajal.<\/p>\n<p>Por su parte, resaltan la inclusi\u00f3n de una partida de 125.000 euros dirigida a la ejecuci\u00f3n de un <strong>programa de ayudas para las familias<\/strong> m\u00e1s vulnerables de Fuerteventura, para cubrir las necesidades urgentes y b\u00e1sicas que ha generado la crisis del Covid-19 en la poblaci\u00f3n de la isla, \u201cuna de las m\u00e1s castigadas por el desempleo como consecuencia de esta pandemia y su dependencia del sector tur\u00edstico\u201d.<\/p>\n<p style=\"text-align: left;\"><span style=\"font-size: 16px;\"><strong>Nuevos proyectos de desarrollo medioambiental sostenibles<\/strong><\/span><\/p>\n<p>Tambi\u00e9n a\u00f1aden la inclusi\u00f3n de <strong>nuevos proyectos medioambientales<\/strong> para fomentar el desarrollo sostenible de la isla, en una \u201cclara apuesta\u201d por las l\u00edneas establecidas por la Uni\u00f3n Europea hacia una transici\u00f3n de econom\u00eda sostenible y neutralidad clim\u00e1tica, \u201cen la que Fuerteventura no se puede quedar atr\u00e1s\u201d.<\/p>\n<p>Entre esos proyectos medioambientales destacan la mejora de las instalaciones y urbanizaci\u00f3n del <strong>Complejo Medioambiental de Zurita<\/strong>; la construcci\u00f3n del nuevo edificio de servicios de este recinto, y el nuevo sistema de extracci\u00f3n de lixiviados y protecci\u00f3n de taludes de la celda 3 del complejo.<\/p>\n<p>Los diputados socialistas consideran que estas <strong>enmiendas al Presupuesto<\/strong> intentan, sobre todo, \u201catender el impacto de la crisis sanitaria, social y econ\u00f3mica del Covid-19 en la isla, con dotaciones presupuestarias dirigidas a afrontar la emergencia social, a la reactivaci\u00f3n econ\u00f3mica, la mejora de la atenci\u00f3n sanitaria y el desarrollo medioambiental de la isla\u201d.<\/p>\n<p>&nbsp;<\/p>\n","protected":false},"excerpt":{"rendered":"<p>Lavandera, Cabrera y Sosa dicen que el objetivo de sus propuestas son reactivar el sector tur\u00edstico y mejorar la sanidad de la Isla<\/p>\n","protected":false},"author":1,"featured_media":15230,"comment_status":"open","ping_status":"open","sticky":false,"template":"","format":"standard","meta":{"footnotes":""},"categories":[1185,1184],"tags":[32,1211,342],"class_list":["post-15229","post","type-post","status-publish","format-standard","has-post-thumbnail","hentry","category-grupo-parlamentario","category-noticias","tag-inaki-lavandera","tag-pedro-sosa","tag-rosa-bella-cabrera"],"featured_image_src":"https:\/\/psoecanarias.com\/web\/wp-content\/uploads\/2020\/12\/Diseno-sin-titulo-1.png","author_info":{"display_name":"PSOE Canarias","author_link":"https:\/\/psoecanarias.com\/web\/author\/admin\/"},"yoast_head":"<!-- This site is optimized with the Yoast SEO plugin v27.2 - https:\/\/yoast.com\/product\/yoast-seo-wordpress\/ -->\n<title>Los diputados por Fuerteventura incluyen enmiendas en los Presupuestos de Canarias por valor de 5,5M\u20ac | PSOE Canarias<\/title>\n<meta name=\"robots\" content=\"index, follow, max-snippet:-1, max-image-preview:large, max-video-preview:-1\" \/>\n<link rel=\"canonical\" href=\"https:\/\/psoecanarias.com\/web\/los-diputados-por-fuerteventura-incluyen-enmiendas-en-los-presupuestos-de-canarias-por-valor-de-55me\/\" \/>\n<meta property=\"og:locale\" content=\"es_ES\" \/>\n<meta property=\"og:type\" content=\"article\" \/>\n<meta property=\"og:title\" content=\"Los diputados por Fuerteventura incluyen enmiendas en los Presupuestos de Canarias por valor de 5,5M\u20ac | PSOE Canarias\" \/>\n<meta property=\"og:description\" content=\"Lavandera, Cabrera y Sosa dicen que el objetivo de sus propuestas son reactivar el sector tur\u00edstico y mejorar la sanidad de la Isla\" \/>\n<meta property=\"og:url\" content=\"https:\/\/psoecanarias.com\/web\/los-diputados-por-fuerteventura-incluyen-enmiendas-en-los-presupuestos-de-canarias-por-valor-de-55me\/\" \/>\n<meta property=\"og:site_name\" content=\"PSOE Canarias\" \/>\n<meta property=\"article:published_time\" content=\"2020-12-04T18:52:39+00:00\" \/>\n<meta property=\"article:modified_time\" content=\"2020-12-04T19:29:28+00:00\" \/>\n<meta property=\"og:image\" content=\"https:\/\/psoecanarias.com\/web\/wp-content\/uploads\/2020\/12\/Diseno-sin-titulo-1.png\" \/>\n\t<meta property=\"og:image:width\" content=\"1250\" \/>\n\t<meta property=\"og:image:height\" content=\"850\" \/>\n\t<meta property=\"og:image:type\" content=\"image\/png\" \/>\n<meta name=\"author\" content=\"PSOE Canarias\" \/>\n<meta name=\"twitter:card\" content=\"summary_large_image\" \/>\n<script type=\"application\/ld+json\" class=\"yoast-schema-graph\">{\"@context\":\"https:\/\/schema.org\",\"@graph\":[{\"@type\":\"Article\",\"@id\":\"https:\/\/psoecanarias.com\/web\/los-diputados-por-fuerteventura-incluyen-enmiendas-en-los-presupuestos-de-canarias-por-valor-de-55me\/#article\",\"isPartOf\":{\"@id\":\"https:\/\/psoecanarias.com\/web\/los-diputados-por-fuerteventura-incluyen-enmiendas-en-los-presupuestos-de-canarias-por-valor-de-55me\/\"},\"author\":{\"name\":\"PSOE Canarias\",\"@id\":\"https:\/\/psoecanarias.com\/web\/#\/schema\/person\/1ae43f9659d2fc599ca69c11e1dbf26f\"},\"headline\":\"Los diputados por Fuerteventura incluyen enmiendas en los Presupuestos de Canarias por valor de 5,5M\u20ac\",\"datePublished\":\"2020-12-04T18:52:39+00:00\",\"dateModified\":\"2020-12-04T19:29:28+00:00\",\"mainEntityOfPage\":{\"@id\":\"https:\/\/psoecanarias.com\/web\/los-diputados-por-fuerteventura-incluyen-enmiendas-en-los-presupuestos-de-canarias-por-valor-de-55me\/\"},\"wordCount\":629,\"commentCount\":0,\"image\":{\"@id\":\"https:\/\/psoecanarias.com\/web\/los-diputados-por-fuerteventura-incluyen-enmiendas-en-los-presupuestos-de-canarias-por-valor-de-55me\/#primaryimage\"},\"thumbnailUrl\":\"https:\/\/psoecanarias.com\/web\/wp-content\/uploads\/2020\/12\/Diseno-sin-titulo-1.png\",\"keywords\":[\"I\u00f1aki Lavandera\",\"Pedro Sosa\",\"Rosa Bella Cabrera\"],\"articleSection\":[\"Grupo Parlamentario\",\"Noticias\"],\"inLanguage\":\"es\",\"potentialAction\":[{\"@type\":\"CommentAction\",\"name\":\"Comment\",\"target\":[\"https:\/\/psoecanarias.com\/web\/los-diputados-por-fuerteventura-incluyen-enmiendas-en-los-presupuestos-de-canarias-por-valor-de-55me\/#respond\"]}]},{\"@type\":\"WebPage\",\"@id\":\"https:\/\/psoecanarias.com\/web\/los-diputados-por-fuerteventura-incluyen-enmiendas-en-los-presupuestos-de-canarias-por-valor-de-55me\/\",\"url\":\"https:\/\/psoecanarias.com\/web\/los-diputados-por-fuerteventura-incluyen-enmiendas-en-los-presupuestos-de-canarias-por-valor-de-55me\/\",\"name\":\"Los diputados por Fuerteventura incluyen enmiendas en los Presupuestos de Canarias por valor de 5,5M\u20ac | PSOE Canarias\",\"isPartOf\":{\"@id\":\"https:\/\/psoecanarias.com\/web\/#website\"},\"primaryImageOfPage\":{\"@id\":\"https:\/\/psoecanarias.com\/web\/los-diputados-por-fuerteventura-incluyen-enmiendas-en-los-presupuestos-de-canarias-por-valor-de-55me\/#primaryimage\"},\"image\":{\"@id\":\"https:\/\/psoecanarias.com\/web\/los-diputados-por-fuerteventura-incluyen-enmiendas-en-los-presupuestos-de-canarias-por-valor-de-55me\/#primaryimage\"},\"thumbnailUrl\":\"https:\/\/psoecanarias.com\/web\/wp-content\/uploads\/2020\/12\/Diseno-sin-titulo-1.png\",\"datePublished\":\"2020-12-04T18:52:39+00:00\",\"dateModified\":\"2020-12-04T19:29:28+00:00\",\"author\":{\"@id\":\"https:\/\/psoecanarias.com\/web\/#\/schema\/person\/1ae43f9659d2fc599ca69c11e1dbf26f\"},\"breadcrumb\":{\"@id\":\"https:\/\/psoecanarias.com\/web\/los-diputados-por-fuerteventura-incluyen-enmiendas-en-los-presupuestos-de-canarias-por-valor-de-55me\/#breadcrumb\"},\"inLanguage\":\"es\",\"potentialAction\":[{\"@type\":\"ReadAction\",\"target\":[\"https:\/\/psoecanarias.com\/web\/los-diputados-por-fuerteventura-incluyen-enmiendas-en-los-presupuestos-de-canarias-por-valor-de-55me\/\"]}]},{\"@type\":\"ImageObject\",\"inLanguage\":\"es\",\"@id\":\"https:\/\/psoecanarias.com\/web\/los-diputados-por-fuerteventura-incluyen-enmiendas-en-los-presupuestos-de-canarias-por-valor-de-55me\/#primaryimage\",\"url\":\"https:\/\/psoecanarias.com\/web\/wp-content\/uploads\/2020\/12\/Diseno-sin-titulo-1.png\",\"contentUrl\":\"https:\/\/psoecanarias.com\/web\/wp-content\/uploads\/2020\/12\/Diseno-sin-titulo-1.png\",\"width\":1250,\"height\":850},{\"@type\":\"BreadcrumbList\",\"@id\":\"https:\/\/psoecanarias.com\/web\/los-diputados-por-fuerteventura-incluyen-enmiendas-en-los-presupuestos-de-canarias-por-valor-de-55me\/#breadcrumb\",\"itemListElement\":[{\"@type\":\"ListItem\",\"position\":1,\"name\":\"Portada\",\"item\":\"https:\/\/psoecanarias.com\/web\/\"},{\"@type\":\"ListItem\",\"position\":2,\"name\":\"Los diputados por Fuerteventura incluyen enmiendas en los Presupuestos de Canarias por valor de 5,5M\u20ac\"}]},{\"@type\":\"WebSite\",\"@id\":\"https:\/\/psoecanarias.com\/web\/#website\",\"url\":\"https:\/\/psoecanarias.com\/web\/\",\"name\":\"PSOE Canarias\",\"description\":\"Partido Socialista Obrero Espa\u00f1ol Canarias\",\"potentialAction\":[{\"@type\":\"SearchAction\",\"target\":{\"@type\":\"EntryPoint\",\"urlTemplate\":\"https:\/\/psoecanarias.com\/web\/?s={search_term_string}\"},\"query-input\":{\"@type\":\"PropertyValueSpecification\",\"valueRequired\":true,\"valueName\":\"search_term_string\"}}],\"inLanguage\":\"es\"},{\"@type\":\"Person\",\"@id\":\"https:\/\/psoecanarias.com\/web\/#\/schema\/person\/1ae43f9659d2fc599ca69c11e1dbf26f\",\"name\":\"PSOE Canarias\",\"image\":{\"@type\":\"ImageObject\",\"inLanguage\":\"es\",\"@id\":\"https:\/\/secure.gravatar.com\/avatar\/4364d37f6f6f9cdb7af199b46151565f37d8a8c3c0e04c1d78c04e857a15e3a8?s=96&d=mm&r=g\",\"url\":\"https:\/\/secure.gravatar.com\/avatar\/4364d37f6f6f9cdb7af199b46151565f37d8a8c3c0e04c1d78c04e857a15e3a8?s=96&d=mm&r=g\",\"contentUrl\":\"https:\/\/secure.gravatar.com\/avatar\/4364d37f6f6f9cdb7af199b46151565f37d8a8c3c0e04c1d78c04e857a15e3a8?s=96&d=mm&r=g\",\"caption\":\"PSOE Canarias\"},\"url\":\"https:\/\/psoecanarias.com\/web\/author\/admin\/\"}]}<\/script>\n<!-- \/ Yoast SEO plugin. -->","yoast_head_json":{"title":"Los diputados por Fuerteventura incluyen enmiendas en los Presupuestos de Canarias por valor de 5,5M\u20ac | PSOE Canarias","robots":{"index":"index","follow":"follow","max-snippet":"max-snippet:-1","max-image-preview":"max-image-preview:large","max-video-preview":"max-video-preview:-1"},"canonical":"https:\/\/psoecanarias.com\/web\/los-diputados-por-fuerteventura-incluyen-enmiendas-en-los-presupuestos-de-canarias-por-valor-de-55me\/","og_locale":"es_ES","og_type":"article","og_title":"Los diputados por Fuerteventura incluyen enmiendas en los Presupuestos de Canarias por valor de 5,5M\u20ac | PSOE Canarias","og_description":"Lavandera, Cabrera y Sosa dicen que el objetivo de sus propuestas son reactivar el sector tur\u00edstico y mejorar la sanidad de la Isla","og_url":"https:\/\/psoecanarias.com\/web\/los-diputados-por-fuerteventura-incluyen-enmiendas-en-los-presupuestos-de-canarias-por-valor-de-55me\/","og_site_name":"PSOE Canarias","article_published_time":"2020-12-04T18:52:39+00:00","article_modified_time":"2020-12-04T19:29:28+00:00","og_image":[{"width":1250,"height":850,"url":"https:\/\/psoecanarias.com\/web\/wp-content\/uploads\/2020\/12\/Diseno-sin-titulo-1.png","type":"image\/png"}],"author":"PSOE Canarias","twitter_card":"summary_large_image","schema":{"@context":"https:\/\/schema.org","@graph":[{"@type":"Article","@id":"https:\/\/psoecanarias.com\/web\/los-diputados-por-fuerteventura-incluyen-enmiendas-en-los-presupuestos-de-canarias-por-valor-de-55me\/#article","isPartOf":{"@id":"https:\/\/psoecanarias.com\/web\/los-diputados-por-fuerteventura-incluyen-enmiendas-en-los-presupuestos-de-canarias-por-valor-de-55me\/"},"author":{"name":"PSOE Canarias","@id":"https:\/\/psoecanarias.com\/web\/#\/schema\/person\/1ae43f9659d2fc599ca69c11e1dbf26f"},"headline":"Los diputados por Fuerteventura incluyen enmiendas en los Presupuestos de Canarias por valor de 5,5M\u20ac","datePublished":"2020-12-04T18:52:39+00:00","dateModified":"2020-12-04T19:29:28+00:00","mainEntityOfPage":{"@id":"https:\/\/psoecanarias.com\/web\/los-diputados-por-fuerteventura-incluyen-enmiendas-en-los-presupuestos-de-canarias-por-valor-de-55me\/"},"wordCount":629,"commentCount":0,"image":{"@id":"https:\/\/psoecanarias.com\/web\/los-diputados-por-fuerteventura-incluyen-enmiendas-en-los-presupuestos-de-canarias-por-valor-de-55me\/#primaryimage"},"thumbnailUrl":"https:\/\/psoecanarias.com\/web\/wp-content\/uploads\/2020\/12\/Diseno-sin-titulo-1.png","keywords":["I\u00f1aki Lavandera","Pedro Sosa","Rosa Bella Cabrera"],"articleSection":["Grupo Parlamentario","Noticias"],"inLanguage":"es","potentialAction":[{"@type":"CommentAction","name":"Comment","target":["https:\/\/psoecanarias.com\/web\/los-diputados-por-fuerteventura-incluyen-enmiendas-en-los-presupuestos-de-canarias-por-valor-de-55me\/#respond"]}]},{"@type":"WebPage","@id":"https:\/\/psoecanarias.com\/web\/los-diputados-por-fuerteventura-incluyen-enmiendas-en-los-presupuestos-de-canarias-por-valor-de-55me\/","url":"https:\/\/psoecanarias.com\/web\/los-diputados-por-fuerteventura-incluyen-enmiendas-en-los-presupuestos-de-canarias-por-valor-de-55me\/","name":"Los diputados por Fuerteventura incluyen enmiendas en los Presupuestos de Canarias por valor de 5,5M\u20ac | PSOE Canarias","isPartOf":{"@id":"https:\/\/psoecanarias.com\/web\/#website"},"primaryImageOfPage":{"@id":"https:\/\/psoecanarias.com\/web\/los-diputados-por-fuerteventura-incluyen-enmiendas-en-los-presupuestos-de-canarias-por-valor-de-55me\/#primaryimage"},"image":{"@id":"https:\/\/psoecanarias.com\/web\/los-diputados-por-fuerteventura-incluyen-enmiendas-en-los-presupuestos-de-canarias-por-valor-de-55me\/#primaryimage"},"thumbnailUrl":"https:\/\/psoecanarias.com\/web\/wp-content\/uploads\/2020\/12\/Diseno-sin-titulo-1.png","datePublished":"2020-12-04T18:52:39+00:00","dateModified":"2020-12-04T19:29:28+00:00","author":{"@id":"https:\/\/psoecanarias.com\/web\/#\/schema\/person\/1ae43f9659d2fc599ca69c11e1dbf26f"},"breadcrumb":{"@id":"https:\/\/psoecanarias.com\/web\/los-diputados-por-fuerteventura-incluyen-enmiendas-en-los-presupuestos-de-canarias-por-valor-de-55me\/#breadcrumb"},"inLanguage":"es","potentialAction":[{"@type":"ReadAction","target":["https:\/\/psoecanarias.com\/web\/los-diputados-por-fuerteventura-incluyen-enmiendas-en-los-presupuestos-de-canarias-por-valor-de-55me\/"]}]},{"@type":"ImageObject","inLanguage":"es","@id":"https:\/\/psoecanarias.com\/web\/los-diputados-por-fuerteventura-incluyen-enmiendas-en-los-presupuestos-de-canarias-por-valor-de-55me\/#primaryimage","url":"https:\/\/psoecanarias.com\/web\/wp-content\/uploads\/2020\/12\/Diseno-sin-titulo-1.png","contentUrl":"https:\/\/psoecanarias.com\/web\/wp-content\/uploads\/2020\/12\/Diseno-sin-titulo-1.png","width":1250,"height":850},{"@type":"BreadcrumbList","@id":"https:\/\/psoecanarias.com\/web\/los-diputados-por-fuerteventura-incluyen-enmiendas-en-los-presupuestos-de-canarias-por-valor-de-55me\/#breadcrumb","itemListElement":[{"@type":"ListItem","position":1,"name":"Portada","item":"https:\/\/psoecanarias.com\/web\/"},{"@type":"ListItem","position":2,"name":"Los diputados por Fuerteventura incluyen enmiendas en los Presupuestos de Canarias por valor de 5,5M\u20ac"}]},{"@type":"WebSite","@id":"https:\/\/psoecanarias.com\/web\/#website","url":"https:\/\/psoecanarias.com\/web\/","name":"PSOE Canarias","description":"Partido Socialista Obrero Espa\u00f1ol Canarias","potentialAction":[{"@type":"SearchAction","target":{"@type":"EntryPoint","urlTemplate":"https:\/\/psoecanarias.com\/web\/?s={search_term_string}"},"query-input":{"@type":"PropertyValueSpecification","valueRequired":true,"valueName":"search_term_string"}}],"inLanguage":"es"},{"@type":"Person","@id":"https:\/\/psoecanarias.com\/web\/#\/schema\/person\/1ae43f9659d2fc599ca69c11e1dbf26f","name":"PSOE Canarias","image":{"@type":"ImageObject","inLanguage":"es","@id":"https:\/\/secure.gravatar.com\/avatar\/4364d37f6f6f9cdb7af199b46151565f37d8a8c3c0e04c1d78c04e857a15e3a8?s=96&d=mm&r=g","url":"https:\/\/secure.gravatar.com\/avatar\/4364d37f6f6f9cdb7af199b46151565f37d8a8c3c0e04c1d78c04e857a15e3a8?s=96&d=mm&r=g","contentUrl":"https:\/\/secure.gravatar.com\/avatar\/4364d37f6f6f9cdb7af199b46151565f37d8a8c3c0e04c1d78c04e857a15e3a8?s=96&d=mm&r=g","caption":"PSOE Canarias"},"url":"https:\/\/psoecanarias.com\/web\/author\/admin\/"}]}},"_links":{"self":[{"href":"https:\/\/psoecanarias.com\/web\/wp-json\/wp\/v2\/posts\/15229","targetHints":{"allow":["GET"]}}],"collection":[{"href":"https:\/\/psoecanarias.com\/web\/wp-json\/wp\/v2\/posts"}],"about":[{"href":"https:\/\/psoecanarias.com\/web\/wp-json\/wp\/v2\/types\/post"}],"author":[{"embeddable":true,"href":"https:\/\/psoecanarias.com\/web\/wp-json\/wp\/v2\/users\/1"}],"replies":[{"embeddable":true,"href":"https:\/\/psoecanarias.com\/web\/wp-json\/wp\/v2\/comments?post=15229"}],"version-history":[{"count":19,"href":"https:\/\/psoecanarias.com\/web\/wp-json\/wp\/v2\/posts\/15229\/revisions"}],"predecessor-version":[{"id":15250,"href":"https:\/\/psoecanarias.com\/web\/wp-json\/wp\/v2\/posts\/15229\/revisions\/15250"}],"wp:featuredmedia":[{"embeddable":true,"href":"https:\/\/psoecanarias.com\/web\/wp-json\/wp\/v2\/media\/15230"}],"wp:attachment":[{"href":"https:\/\/psoecanarias.com\/web\/wp-json\/wp\/v2\/media?parent=15229"}],"wp:term":[{"taxonomy":"category","embeddable":true,"href":"https:\/\/psoecanarias.com\/web\/wp-json\/wp\/v2\/categories?post=15229"},{"taxonomy":"post_tag","embeddable":true,"href":"https:\/\/psoecanarias.com\/web\/wp-json\/wp\/v2\/tags?post=15229"}],"curies":[{"name":"wp","href":"https:\/\/api.w.org\/{rel}","templated":true}]}}