{"id":15413,"date":"2020-12-14T12:56:52","date_gmt":"2020-12-14T12:56:52","guid":{"rendered":"http:\/\/psoecanarias.com\/web\/?p=15413"},"modified":"2020-12-14T21:06:20","modified_gmt":"2020-12-14T21:06:20","slug":"el-psoe-lamenta-que-cc-rechace-formar-parte-de-la-solucion-a-la-crisis-para-convertirse-en-parte-del-problema","status":"publish","type":"post","link":"https:\/\/psoecanarias.com\/web\/el-psoe-lamenta-que-cc-rechace-formar-parte-de-la-solucion-a-la-crisis-para-convertirse-en-parte-del-problema\/","title":{"rendered":"El PSOE lamenta que CC rechace &#8220;formar parte de la soluci\u00f3n a la crisis para convertirse en parte del problema&#8221;"},"content":{"rendered":"<p><b>Canarias, 14 de diciembre de 2020<\/b><span style=\"font-weight: 400;\">. El PSOE de Canarias ha lamentado que Coalici\u00f3n Canaria insista en r<strong>omper puentes con el Gobierno central<\/strong> y haya dejado a un lado la pol\u00edtica \u00fatil y constructiva, que trabaja para mejorar la vida de los ciudadanos. El \u00faltimo ejemplo, ha expuesto el senador socialista Ram\u00f3n Morales, es el veto a los nuevos Presupuestos Generales del Estado planteado por el secretario general de los nacionalistas, Fernando Clavijo, este lunes en la C\u00e1mara Alta.\u00a0\u00a0<\/span><\/p>\n<p><span style=\"font-weight: 400;\">&#8220;Son las cuentas m\u00e1s sociales y que mayores fondos traer\u00e1n a Canarias de la historia. Entre partidas REF y convenios, 1.495,6 millones de euros para el Archipi\u00e9lago, unos 82 millones m\u00e1s que en los \u00faltimos presupuestos de Montoro. Pero parece que esto les interesa poco. CC <strong>solo busca crispaci\u00f3n y enfrentamiento<\/strong>, una actitud especialmente llamativa por parte de quienes han ocupado responsabilidad de gobierno en esta tierra, nada menos que durante 26 a\u00f1os&#8221;.\u00a0<\/span><\/p>\n<p>En esta misma l\u00ednea se ha expresado la ministra Mar\u00eda Jes\u00fas Montero, durante su intervenci\u00f3n en el pleno del Senado<\/p>\n<blockquote class=\"twitter-tweet\">\n<p dir=\"ltr\" lang=\"es\">Sr Clavijo, si no apoyan estos Presupuestos es que no est\u00e1n en la defensa de <a href=\"https:\/\/twitter.com\/hashtag\/Canarias?src=hash&amp;ref_src=twsrc%5Etfw\">#Canarias<\/a><br \/>\nClaro que se cumple con el REF y el Estatuto<\/p>\n<p>\u274c Se han abonado a votar con el PP y dif\u00edcilmente encontramos capacidad de llegar a entendimientos<\/p>\n<p>\ud83c\udfdb <a href=\"https:\/\/twitter.com\/mjmonteroc?ref_src=twsrc%5Etfw\">@mjmonteroc<\/a> en el Senado<a href=\"https:\/\/twitter.com\/hashtag\/PGEDePa%C3%ADs2021?src=hash&amp;ref_src=twsrc%5Etfw\">#PGEDePa\u00eds2021<\/a> <a href=\"https:\/\/t.co\/HamY8xyMB6\">pic.twitter.com\/HamY8xyMB6<\/a><\/p>\n<p>\u2014 PSOE Canarias (@PSOECanarias) <a href=\"https:\/\/twitter.com\/PSOECanarias\/status\/1338545148448428033?ref_src=twsrc%5Etfw\">December 14, 2020<\/a><\/p><\/blockquote>\n<p><script async src=\"https:\/\/platform.twitter.com\/widgets.js\" charset=\"utf-8\"><\/script><\/p>\n<p><span style=\"font-weight: 400;\">Para Ram\u00f3n Morales, queda claro que Coalici\u00f3n Canaria &#8220;rechaza formar parte de la soluci\u00f3n a la crisis <strong>para convertirse en parte del problema<\/strong>&#8220;. En su opini\u00f3n, no resulta razonable que en un contexto de extrema dificultad como el actual y despu\u00e9s de que los nuevos PGE hayan salido del Congreso de los Diputados con el apoyo de hasta 11 partidos pol\u00edticos, CC insista en ese intento de bloqueo, como hizo tambi\u00e9n Ana Oramas en la C\u00e1mara Baja, apelando a posiciones partidistas y que en ning\u00fan caso miran por los intereses de los canarios y canarias.\u00a0<\/span><\/p>\n<p><span style=\"font-weight: 400;\">&#8220;No se puede responder a la crisis enorme que ha generado la pandemia con los presupuestos de Montoro&#8221;, ha se\u00f1alado en alusi\u00f3n a las cuentas de 2018 a\u00fan en vigor. &#8220;El nuevo presupuesto<strong> cumple con los derechos de los canarios<\/strong> y nos brinda las herramientas necesarias para hacer frente a un ejercicio 2021 que debe ser el a\u00f1o de la recuperaci\u00f3n y la cohesi\u00f3n social&#8221;.\u00a0<\/span><\/p>\n<p><span style=\"font-weight: 400;\">El senador socialista considera que la ciudadan\u00eda est\u00e1 harta &#8220;del <strong>clima de divisi\u00f3n y enfrentamiento<\/strong> en el que algunos quieren convertir la escena pol\u00edtica&#8221; y ha instando a Coalici\u00f3n Canaria a abandonar &#8220;esa deriva alborotadora que no suma sino resta, y que una vez m\u00e1s les vuelve a retratar junto a la extrema derecha y a los independentistas&#8221;.\u00a0\u00a0<\/span><\/p>\n<p><span style=\"font-weight: 400;\">Para Ram\u00f3n Morales, los Presupuestos Generales del Estado de 2021, cuya tramitaci\u00f3n concluir\u00e1 en la sesi\u00f3n plenaria que tendr\u00e1 lugar entre el 22 y el 23 de diciembre,<strong> &#8220;abren la puerta a la esperanza&#8221;<\/strong> particularmente para Canarias, por ser la comunidad aut\u00f3noma que peor lo est\u00e1 pasando y, por tanto, &#8220;la que m\u00e1s necesita de estas cuentas sociales y expansivas&#8221;.<\/span><\/p>\n","protected":false},"excerpt":{"rendered":"<p>Morales critica el nuevo intento de veto de los nacionalistas a los PGE, situ\u00e1ndose, una vez m\u00e1s, con la ultraderecha y los independentistas <\/p>\n","protected":false},"author":1,"featured_media":15414,"comment_status":"open","ping_status":"open","sticky":false,"template":"","format":"standard","meta":{"footnotes":""},"categories":[1197,1184],"tags":[1192],"class_list":["post-15413","post","type-post","status-publish","format-standard","has-post-thumbnail","hentry","category-cortes-generales","category-noticias","tag-ramon-morales"],"featured_image_src":"https:\/\/psoecanarias.com\/web\/wp-content\/uploads\/2020\/12\/Pleno-del-Senado-3.jpg","author_info":{"display_name":"PSOE Canarias","author_link":"https:\/\/psoecanarias.com\/web\/author\/admin\/"},"yoast_head":"<!-- This site is optimized with the Yoast SEO plugin v27.2 - https:\/\/yoast.com\/product\/yoast-seo-wordpress\/ -->\n<title>El PSOE lamenta que CC rechace &quot;formar parte de la soluci\u00f3n a la crisis para convertirse en parte del problema&quot; | PSOE Canarias<\/title>\n<meta name=\"robots\" content=\"index, follow, max-snippet:-1, max-image-preview:large, max-video-preview:-1\" \/>\n<link rel=\"canonical\" href=\"https:\/\/psoecanarias.com\/web\/el-psoe-lamenta-que-cc-rechace-formar-parte-de-la-solucion-a-la-crisis-para-convertirse-en-parte-del-problema\/\" \/>\n<meta property=\"og:locale\" content=\"es_ES\" \/>\n<meta property=\"og:type\" content=\"article\" \/>\n<meta property=\"og:title\" content=\"El PSOE lamenta que CC rechace &quot;formar parte de la soluci\u00f3n a la crisis para convertirse en parte del problema&quot; | PSOE Canarias\" \/>\n<meta property=\"og:description\" content=\"Morales critica el nuevo intento de veto de los nacionalistas a los PGE, situ\u00e1ndose, una vez m\u00e1s, con la ultraderecha y los independentistas\" \/>\n<meta property=\"og:url\" content=\"https:\/\/psoecanarias.com\/web\/el-psoe-lamenta-que-cc-rechace-formar-parte-de-la-solucion-a-la-crisis-para-convertirse-en-parte-del-problema\/\" \/>\n<meta property=\"og:site_name\" content=\"PSOE Canarias\" \/>\n<meta property=\"article:published_time\" content=\"2020-12-14T12:56:52+00:00\" \/>\n<meta property=\"article:modified_time\" content=\"2020-12-14T21:06:20+00:00\" \/>\n<meta property=\"og:image\" content=\"https:\/\/psoecanarias.com\/web\/wp-content\/uploads\/2020\/12\/Pleno-del-Senado-3.jpg\" \/>\n\t<meta property=\"og:image:width\" content=\"1920\" \/>\n\t<meta property=\"og:image:height\" content=\"1280\" \/>\n\t<meta property=\"og:image:type\" content=\"image\/jpeg\" \/>\n<meta name=\"author\" content=\"PSOE Canarias\" \/>\n<meta name=\"twitter:card\" content=\"summary_large_image\" \/>\n<script type=\"application\/ld+json\" class=\"yoast-schema-graph\">{\"@context\":\"https:\/\/schema.org\",\"@graph\":[{\"@type\":\"Article\",\"@id\":\"https:\/\/psoecanarias.com\/web\/el-psoe-lamenta-que-cc-rechace-formar-parte-de-la-solucion-a-la-crisis-para-convertirse-en-parte-del-problema\/#article\",\"isPartOf\":{\"@id\":\"https:\/\/psoecanarias.com\/web\/el-psoe-lamenta-que-cc-rechace-formar-parte-de-la-solucion-a-la-crisis-para-convertirse-en-parte-del-problema\/\"},\"author\":{\"name\":\"PSOE Canarias\",\"@id\":\"https:\/\/psoecanarias.com\/web\/#\/schema\/person\/1ae43f9659d2fc599ca69c11e1dbf26f\"},\"headline\":\"El PSOE lamenta que CC rechace &#8220;formar parte de la soluci\u00f3n a la crisis para convertirse en parte del problema&#8221;\",\"datePublished\":\"2020-12-14T12:56:52+00:00\",\"dateModified\":\"2020-12-14T21:06:20+00:00\",\"mainEntityOfPage\":{\"@id\":\"https:\/\/psoecanarias.com\/web\/el-psoe-lamenta-que-cc-rechace-formar-parte-de-la-solucion-a-la-crisis-para-convertirse-en-parte-del-problema\/\"},\"wordCount\":558,\"commentCount\":0,\"image\":{\"@id\":\"https:\/\/psoecanarias.com\/web\/el-psoe-lamenta-que-cc-rechace-formar-parte-de-la-solucion-a-la-crisis-para-convertirse-en-parte-del-problema\/#primaryimage\"},\"thumbnailUrl\":\"https:\/\/psoecanarias.com\/web\/wp-content\/uploads\/2020\/12\/Pleno-del-Senado-3.jpg\",\"keywords\":[\"Ram\u00f3n Morales\"],\"articleSection\":[\"Cortes Generales\",\"Noticias\"],\"inLanguage\":\"es\",\"potentialAction\":[{\"@type\":\"CommentAction\",\"name\":\"Comment\",\"target\":[\"https:\/\/psoecanarias.com\/web\/el-psoe-lamenta-que-cc-rechace-formar-parte-de-la-solucion-a-la-crisis-para-convertirse-en-parte-del-problema\/#respond\"]}]},{\"@type\":\"WebPage\",\"@id\":\"https:\/\/psoecanarias.com\/web\/el-psoe-lamenta-que-cc-rechace-formar-parte-de-la-solucion-a-la-crisis-para-convertirse-en-parte-del-problema\/\",\"url\":\"https:\/\/psoecanarias.com\/web\/el-psoe-lamenta-que-cc-rechace-formar-parte-de-la-solucion-a-la-crisis-para-convertirse-en-parte-del-problema\/\",\"name\":\"El PSOE lamenta que CC rechace \\\"formar parte de la soluci\u00f3n a la crisis para convertirse en parte del problema\\\" | PSOE Canarias\",\"isPartOf\":{\"@id\":\"https:\/\/psoecanarias.com\/web\/#website\"},\"primaryImageOfPage\":{\"@id\":\"https:\/\/psoecanarias.com\/web\/el-psoe-lamenta-que-cc-rechace-formar-parte-de-la-solucion-a-la-crisis-para-convertirse-en-parte-del-problema\/#primaryimage\"},\"image\":{\"@id\":\"https:\/\/psoecanarias.com\/web\/el-psoe-lamenta-que-cc-rechace-formar-parte-de-la-solucion-a-la-crisis-para-convertirse-en-parte-del-problema\/#primaryimage\"},\"thumbnailUrl\":\"https:\/\/psoecanarias.com\/web\/wp-content\/uploads\/2020\/12\/Pleno-del-Senado-3.jpg\",\"datePublished\":\"2020-12-14T12:56:52+00:00\",\"dateModified\":\"2020-12-14T21:06:20+00:00\",\"author\":{\"@id\":\"https:\/\/psoecanarias.com\/web\/#\/schema\/person\/1ae43f9659d2fc599ca69c11e1dbf26f\"},\"breadcrumb\":{\"@id\":\"https:\/\/psoecanarias.com\/web\/el-psoe-lamenta-que-cc-rechace-formar-parte-de-la-solucion-a-la-crisis-para-convertirse-en-parte-del-problema\/#breadcrumb\"},\"inLanguage\":\"es\",\"potentialAction\":[{\"@type\":\"ReadAction\",\"target\":[\"https:\/\/psoecanarias.com\/web\/el-psoe-lamenta-que-cc-rechace-formar-parte-de-la-solucion-a-la-crisis-para-convertirse-en-parte-del-problema\/\"]}]},{\"@type\":\"ImageObject\",\"inLanguage\":\"es\",\"@id\":\"https:\/\/psoecanarias.com\/web\/el-psoe-lamenta-que-cc-rechace-formar-parte-de-la-solucion-a-la-crisis-para-convertirse-en-parte-del-problema\/#primaryimage\",\"url\":\"https:\/\/psoecanarias.com\/web\/wp-content\/uploads\/2020\/12\/Pleno-del-Senado-3.jpg\",\"contentUrl\":\"https:\/\/psoecanarias.com\/web\/wp-content\/uploads\/2020\/12\/Pleno-del-Senado-3.jpg\",\"width\":1920,\"height\":1280},{\"@type\":\"BreadcrumbList\",\"@id\":\"https:\/\/psoecanarias.com\/web\/el-psoe-lamenta-que-cc-rechace-formar-parte-de-la-solucion-a-la-crisis-para-convertirse-en-parte-del-problema\/#breadcrumb\",\"itemListElement\":[{\"@type\":\"ListItem\",\"position\":1,\"name\":\"Portada\",\"item\":\"https:\/\/psoecanarias.com\/web\/\"},{\"@type\":\"ListItem\",\"position\":2,\"name\":\"El PSOE lamenta que CC rechace \\\"formar parte de la soluci\u00f3n a la crisis para convertirse en parte del problema\\\"\"}]},{\"@type\":\"WebSite\",\"@id\":\"https:\/\/psoecanarias.com\/web\/#website\",\"url\":\"https:\/\/psoecanarias.com\/web\/\",\"name\":\"PSOE Canarias\",\"description\":\"Partido Socialista Obrero Espa\u00f1ol Canarias\",\"potentialAction\":[{\"@type\":\"SearchAction\",\"target\":{\"@type\":\"EntryPoint\",\"urlTemplate\":\"https:\/\/psoecanarias.com\/web\/?s={search_term_string}\"},\"query-input\":{\"@type\":\"PropertyValueSpecification\",\"valueRequired\":true,\"valueName\":\"search_term_string\"}}],\"inLanguage\":\"es\"},{\"@type\":\"Person\",\"@id\":\"https:\/\/psoecanarias.com\/web\/#\/schema\/person\/1ae43f9659d2fc599ca69c11e1dbf26f\",\"name\":\"PSOE Canarias\",\"image\":{\"@type\":\"ImageObject\",\"inLanguage\":\"es\",\"@id\":\"https:\/\/secure.gravatar.com\/avatar\/4364d37f6f6f9cdb7af199b46151565f37d8a8c3c0e04c1d78c04e857a15e3a8?s=96&d=mm&r=g\",\"url\":\"https:\/\/secure.gravatar.com\/avatar\/4364d37f6f6f9cdb7af199b46151565f37d8a8c3c0e04c1d78c04e857a15e3a8?s=96&d=mm&r=g\",\"contentUrl\":\"https:\/\/secure.gravatar.com\/avatar\/4364d37f6f6f9cdb7af199b46151565f37d8a8c3c0e04c1d78c04e857a15e3a8?s=96&d=mm&r=g\",\"caption\":\"PSOE Canarias\"},\"url\":\"https:\/\/psoecanarias.com\/web\/author\/admin\/\"}]}<\/script>\n<!-- \/ Yoast SEO plugin. -->","yoast_head_json":{"title":"El PSOE lamenta que CC rechace \"formar parte de la soluci\u00f3n a la crisis para convertirse en parte del problema\" | PSOE Canarias","robots":{"index":"index","follow":"follow","max-snippet":"max-snippet:-1","max-image-preview":"max-image-preview:large","max-video-preview":"max-video-preview:-1"},"canonical":"https:\/\/psoecanarias.com\/web\/el-psoe-lamenta-que-cc-rechace-formar-parte-de-la-solucion-a-la-crisis-para-convertirse-en-parte-del-problema\/","og_locale":"es_ES","og_type":"article","og_title":"El PSOE lamenta que CC rechace \"formar parte de la soluci\u00f3n a la crisis para convertirse en parte del problema\" | PSOE Canarias","og_description":"Morales critica el nuevo intento de veto de los nacionalistas a los PGE, situ\u00e1ndose, una vez m\u00e1s, con la ultraderecha y los independentistas","og_url":"https:\/\/psoecanarias.com\/web\/el-psoe-lamenta-que-cc-rechace-formar-parte-de-la-solucion-a-la-crisis-para-convertirse-en-parte-del-problema\/","og_site_name":"PSOE Canarias","article_published_time":"2020-12-14T12:56:52+00:00","article_modified_time":"2020-12-14T21:06:20+00:00","og_image":[{"width":1920,"height":1280,"url":"https:\/\/psoecanarias.com\/web\/wp-content\/uploads\/2020\/12\/Pleno-del-Senado-3.jpg","type":"image\/jpeg"}],"author":"PSOE Canarias","twitter_card":"summary_large_image","schema":{"@context":"https:\/\/schema.org","@graph":[{"@type":"Article","@id":"https:\/\/psoecanarias.com\/web\/el-psoe-lamenta-que-cc-rechace-formar-parte-de-la-solucion-a-la-crisis-para-convertirse-en-parte-del-problema\/#article","isPartOf":{"@id":"https:\/\/psoecanarias.com\/web\/el-psoe-lamenta-que-cc-rechace-formar-parte-de-la-solucion-a-la-crisis-para-convertirse-en-parte-del-problema\/"},"author":{"name":"PSOE Canarias","@id":"https:\/\/psoecanarias.com\/web\/#\/schema\/person\/1ae43f9659d2fc599ca69c11e1dbf26f"},"headline":"El PSOE lamenta que CC rechace &#8220;formar parte de la soluci\u00f3n a la crisis para convertirse en parte del problema&#8221;","datePublished":"2020-12-14T12:56:52+00:00","dateModified":"2020-12-14T21:06:20+00:00","mainEntityOfPage":{"@id":"https:\/\/psoecanarias.com\/web\/el-psoe-lamenta-que-cc-rechace-formar-parte-de-la-solucion-a-la-crisis-para-convertirse-en-parte-del-problema\/"},"wordCount":558,"commentCount":0,"image":{"@id":"https:\/\/psoecanarias.com\/web\/el-psoe-lamenta-que-cc-rechace-formar-parte-de-la-solucion-a-la-crisis-para-convertirse-en-parte-del-problema\/#primaryimage"},"thumbnailUrl":"https:\/\/psoecanarias.com\/web\/wp-content\/uploads\/2020\/12\/Pleno-del-Senado-3.jpg","keywords":["Ram\u00f3n Morales"],"articleSection":["Cortes Generales","Noticias"],"inLanguage":"es","potentialAction":[{"@type":"CommentAction","name":"Comment","target":["https:\/\/psoecanarias.com\/web\/el-psoe-lamenta-que-cc-rechace-formar-parte-de-la-solucion-a-la-crisis-para-convertirse-en-parte-del-problema\/#respond"]}]},{"@type":"WebPage","@id":"https:\/\/psoecanarias.com\/web\/el-psoe-lamenta-que-cc-rechace-formar-parte-de-la-solucion-a-la-crisis-para-convertirse-en-parte-del-problema\/","url":"https:\/\/psoecanarias.com\/web\/el-psoe-lamenta-que-cc-rechace-formar-parte-de-la-solucion-a-la-crisis-para-convertirse-en-parte-del-problema\/","name":"El PSOE lamenta que CC rechace \"formar parte de la soluci\u00f3n a la crisis para convertirse en parte del problema\" | PSOE Canarias","isPartOf":{"@id":"https:\/\/psoecanarias.com\/web\/#website"},"primaryImageOfPage":{"@id":"https:\/\/psoecanarias.com\/web\/el-psoe-lamenta-que-cc-rechace-formar-parte-de-la-solucion-a-la-crisis-para-convertirse-en-parte-del-problema\/#primaryimage"},"image":{"@id":"https:\/\/psoecanarias.com\/web\/el-psoe-lamenta-que-cc-rechace-formar-parte-de-la-solucion-a-la-crisis-para-convertirse-en-parte-del-problema\/#primaryimage"},"thumbnailUrl":"https:\/\/psoecanarias.com\/web\/wp-content\/uploads\/2020\/12\/Pleno-del-Senado-3.jpg","datePublished":"2020-12-14T12:56:52+00:00","dateModified":"2020-12-14T21:06:20+00:00","author":{"@id":"https:\/\/psoecanarias.com\/web\/#\/schema\/person\/1ae43f9659d2fc599ca69c11e1dbf26f"},"breadcrumb":{"@id":"https:\/\/psoecanarias.com\/web\/el-psoe-lamenta-que-cc-rechace-formar-parte-de-la-solucion-a-la-crisis-para-convertirse-en-parte-del-problema\/#breadcrumb"},"inLanguage":"es","potentialAction":[{"@type":"ReadAction","target":["https:\/\/psoecanarias.com\/web\/el-psoe-lamenta-que-cc-rechace-formar-parte-de-la-solucion-a-la-crisis-para-convertirse-en-parte-del-problema\/"]}]},{"@type":"ImageObject","inLanguage":"es","@id":"https:\/\/psoecanarias.com\/web\/el-psoe-lamenta-que-cc-rechace-formar-parte-de-la-solucion-a-la-crisis-para-convertirse-en-parte-del-problema\/#primaryimage","url":"https:\/\/psoecanarias.com\/web\/wp-content\/uploads\/2020\/12\/Pleno-del-Senado-3.jpg","contentUrl":"https:\/\/psoecanarias.com\/web\/wp-content\/uploads\/2020\/12\/Pleno-del-Senado-3.jpg","width":1920,"height":1280},{"@type":"BreadcrumbList","@id":"https:\/\/psoecanarias.com\/web\/el-psoe-lamenta-que-cc-rechace-formar-parte-de-la-solucion-a-la-crisis-para-convertirse-en-parte-del-problema\/#breadcrumb","itemListElement":[{"@type":"ListItem","position":1,"name":"Portada","item":"https:\/\/psoecanarias.com\/web\/"},{"@type":"ListItem","position":2,"name":"El PSOE lamenta que CC rechace \"formar parte de la soluci\u00f3n a la crisis para convertirse en parte del problema\""}]},{"@type":"WebSite","@id":"https:\/\/psoecanarias.com\/web\/#website","url":"https:\/\/psoecanarias.com\/web\/","name":"PSOE Canarias","description":"Partido Socialista Obrero Espa\u00f1ol Canarias","potentialAction":[{"@type":"SearchAction","target":{"@type":"EntryPoint","urlTemplate":"https:\/\/psoecanarias.com\/web\/?s={search_term_string}"},"query-input":{"@type":"PropertyValueSpecification","valueRequired":true,"valueName":"search_term_string"}}],"inLanguage":"es"},{"@type":"Person","@id":"https:\/\/psoecanarias.com\/web\/#\/schema\/person\/1ae43f9659d2fc599ca69c11e1dbf26f","name":"PSOE Canarias","image":{"@type":"ImageObject","inLanguage":"es","@id":"https:\/\/secure.gravatar.com\/avatar\/4364d37f6f6f9cdb7af199b46151565f37d8a8c3c0e04c1d78c04e857a15e3a8?s=96&d=mm&r=g","url":"https:\/\/secure.gravatar.com\/avatar\/4364d37f6f6f9cdb7af199b46151565f37d8a8c3c0e04c1d78c04e857a15e3a8?s=96&d=mm&r=g","contentUrl":"https:\/\/secure.gravatar.com\/avatar\/4364d37f6f6f9cdb7af199b46151565f37d8a8c3c0e04c1d78c04e857a15e3a8?s=96&d=mm&r=g","caption":"PSOE Canarias"},"url":"https:\/\/psoecanarias.com\/web\/author\/admin\/"}]}},"_links":{"self":[{"href":"https:\/\/psoecanarias.com\/web\/wp-json\/wp\/v2\/posts\/15413","targetHints":{"allow":["GET"]}}],"collection":[{"href":"https:\/\/psoecanarias.com\/web\/wp-json\/wp\/v2\/posts"}],"about":[{"href":"https:\/\/psoecanarias.com\/web\/wp-json\/wp\/v2\/types\/post"}],"author":[{"embeddable":true,"href":"https:\/\/psoecanarias.com\/web\/wp-json\/wp\/v2\/users\/1"}],"replies":[{"embeddable":true,"href":"https:\/\/psoecanarias.com\/web\/wp-json\/wp\/v2\/comments?post=15413"}],"version-history":[{"count":4,"href":"https:\/\/psoecanarias.com\/web\/wp-json\/wp\/v2\/posts\/15413\/revisions"}],"predecessor-version":[{"id":15420,"href":"https:\/\/psoecanarias.com\/web\/wp-json\/wp\/v2\/posts\/15413\/revisions\/15420"}],"wp:featuredmedia":[{"embeddable":true,"href":"https:\/\/psoecanarias.com\/web\/wp-json\/wp\/v2\/media\/15414"}],"wp:attachment":[{"href":"https:\/\/psoecanarias.com\/web\/wp-json\/wp\/v2\/media?parent=15413"}],"wp:term":[{"taxonomy":"category","embeddable":true,"href":"https:\/\/psoecanarias.com\/web\/wp-json\/wp\/v2\/categories?post=15413"},{"taxonomy":"post_tag","embeddable":true,"href":"https:\/\/psoecanarias.com\/web\/wp-json\/wp\/v2\/tags?post=15413"}],"curies":[{"name":"wp","href":"https:\/\/api.w.org\/{rel}","templated":true}]}}