{"id":15611,"date":"2020-12-22T19:47:53","date_gmt":"2020-12-22T19:47:53","guid":{"rendered":"http:\/\/psoecanarias.com\/web\/?p=15611"},"modified":"2020-12-22T20:16:02","modified_gmt":"2020-12-22T20:16:02","slug":"los-socialistas-canarios-en-el-senado-celebran-la-aprobacion-final-del-nuevo-pge","status":"publish","type":"post","link":"https:\/\/psoecanarias.com\/web\/los-socialistas-canarios-en-el-senado-celebran-la-aprobacion-final-del-nuevo-pge\/","title":{"rendered":"Los socialistas canarios en el Senado celebran la aprobaci\u00f3n final del nuevo PGE"},"content":{"rendered":"<p dir=\"ltr\"><strong>Canarias, 22 de diciembre de 2020. &#8212;<\/strong> El Grupo Territorial Socialistas de Canarias en la C\u00e1mara Alta muestra su total satisfacci\u00f3n por la <strong>aprobaci\u00f3n definitiva de los Presupuestos<\/strong> Generales del Estado para 2021, durante la sesi\u00f3n plenaria celebrada este martes en el Senado y en la que obtuvieron una amplia mayor\u00eda de la C\u00e1mara.<\/p>\n<p dir=\"ltr\">Los senadores y senadoras canarias destacan <strong>la gran oportunidad que suponen<\/strong> estas cuentas para el Archipi\u00e9lago y las califican de \u201cimprescindibles para reconstruir la econom\u00eda canaria y hacer frente a las consecuencias de la pandemia de la COVID-19\u201d, ya que est\u00e1n planteadas bajo un importante enfoque social, que permite planificar el futuro a trav\u00e9s de inversiones que transformar\u00e1n el modelo productivo.<\/p>\n<blockquote class=\"twitter-tweet\">\n<p dir=\"ltr\" lang=\"es\">\ud83c\udf39El pleno del <a href=\"https:\/\/twitter.com\/Senadoesp?ref_src=twsrc%5Etfw\">@Senadoesp<\/a> ha aprobado definitivamente los <a href=\"https:\/\/twitter.com\/hashtag\/PGE?src=hash&amp;ref_src=twsrc%5Etfw\">#PGE<\/a>, con una amplia mayor\u00eda.<br \/>\n\ud83c\uddee\ud83c\udde8Magn\u00edfica noticia para <a href=\"https:\/\/twitter.com\/hashtag\/Canarias?src=hash&amp;ref_src=twsrc%5Etfw\">#Canarias<\/a>. Se contemplan partidas espec\u00edficas para reconstruir la econom\u00eda canaria y hacer frente a esta crisis sanitaria. <a href=\"https:\/\/twitter.com\/gpssenado?ref_src=twsrc%5Etfw\">@gpssenado<\/a> <a href=\"https:\/\/twitter.com\/PSOECanarias?ref_src=twsrc%5Etfw\">@PSOECanarias<\/a> <a href=\"https:\/\/t.co\/iailBYsX5E\">pic.twitter.com\/iailBYsX5E<\/a><\/p>\n<p>\u2014 Paloma Hern\u00e1ndez (@PalomaHdezCer) <a href=\"https:\/\/twitter.com\/PalomaHdezCer\/status\/1341473953580257281?ref_src=twsrc%5Etfw\">December 22, 2020<\/a><\/p><\/blockquote>\n<p><script async src=\"https:\/\/platform.twitter.com\/widgets.js\" charset=\"utf-8\"><\/script><\/p>\n<p dir=\"ltr\">En este sentido, la coordinadora del Grupo, la senadora por Fuerteventura <strong>Paloma Hern\u00e1ndez<\/strong>, asegura que con estas cuentas \u201cse inicia la transici\u00f3n hacia una econom\u00eda m\u00e1s justa, sostenible e inclusiva\u201d, convirtiendo esta coyuntura en la ocasi\u00f3n perfecta para diversificar la econom\u00eda canaria y que esta no dependa exclusivamente del sector tur\u00edstico.<\/p>\n<p dir=\"ltr\">\u201cSe trata de unos presupuestos expansivos, que aportan a las Islas unos <strong>82 millones de euros m\u00e1s<\/strong> que los \u00faltimos prorrogados por el Partido Popular, con el fin de combatir la pandemia, seguir protegiendo a las familias,\u00a0 a los trabajadores, a las empresas, y asegurar las \u00e1reas m\u00e1s afectadas por la crisis, como son la sanidad, la dependencia, el empleo o la educaci\u00f3n\u201d, destaca Hern\u00e1ndez.<\/p>\n<p dir=\"ltr\">El grupo de representantes canarios en el Senado asegura que las cuentas estatales act\u00faan en \u00e1mbitos estrat\u00e9gicos para las Islas,\u00a0 materializando medidas que son efectivas para <strong>aumentar la productividad de la econom\u00eda canaria<\/strong>, generar m\u00e1s y mejor empleo, e invertir en capital humano y tecnol\u00f3gico para favorecer la digitalizaci\u00f3n, la transici\u00f3n ecol\u00f3gica, la cohesi\u00f3n social y territorial y la efectiva igualdad de g\u00e9nero.<\/p>\n","protected":false},"excerpt":{"rendered":"<p>Aseguran que las cuentas de 2021 promueven una econom\u00eda m\u00e1s justa, sostenible e inclusiva<\/p>\n","protected":false},"author":1,"featured_media":11031,"comment_status":"open","ping_status":"open","sticky":false,"template":"","format":"standard","meta":{"footnotes":""},"categories":[1197],"tags":[],"class_list":["post-15611","post","type-post","status-publish","format-standard","has-post-thumbnail","hentry","category-cortes-generales"],"featured_image_src":"https:\/\/psoecanarias.com\/web\/wp-content\/uploads\/2020\/07\/IMG_5665-1-scaled.jpg","author_info":{"display_name":"PSOE Canarias","author_link":"https:\/\/psoecanarias.com\/web\/author\/admin\/"},"yoast_head":"<!-- This site is optimized with the Yoast SEO plugin v27.2 - https:\/\/yoast.com\/product\/yoast-seo-wordpress\/ -->\n<title>Los socialistas canarios en el Senado celebran la aprobaci\u00f3n final del nuevo PGE | PSOE Canarias<\/title>\n<meta name=\"robots\" content=\"index, follow, max-snippet:-1, max-image-preview:large, max-video-preview:-1\" \/>\n<link rel=\"canonical\" href=\"https:\/\/psoecanarias.com\/web\/los-socialistas-canarios-en-el-senado-celebran-la-aprobacion-final-del-nuevo-pge\/\" \/>\n<meta property=\"og:locale\" content=\"es_ES\" \/>\n<meta property=\"og:type\" content=\"article\" \/>\n<meta property=\"og:title\" content=\"Los socialistas canarios en el Senado celebran la aprobaci\u00f3n final del nuevo PGE | PSOE Canarias\" \/>\n<meta property=\"og:description\" content=\"Aseguran que las cuentas de 2021 promueven una econom\u00eda m\u00e1s justa, sostenible e inclusiva\" \/>\n<meta property=\"og:url\" content=\"https:\/\/psoecanarias.com\/web\/los-socialistas-canarios-en-el-senado-celebran-la-aprobacion-final-del-nuevo-pge\/\" \/>\n<meta property=\"og:site_name\" content=\"PSOE Canarias\" \/>\n<meta property=\"article:published_time\" content=\"2020-12-22T19:47:53+00:00\" \/>\n<meta property=\"article:modified_time\" content=\"2020-12-22T20:16:02+00:00\" \/>\n<meta property=\"og:image\" content=\"https:\/\/psoecanarias.com\/web\/wp-content\/uploads\/2020\/07\/IMG_5665-1-scaled.jpg\" \/>\n\t<meta property=\"og:image:width\" content=\"2560\" \/>\n\t<meta property=\"og:image:height\" content=\"1920\" \/>\n\t<meta property=\"og:image:type\" content=\"image\/jpeg\" \/>\n<meta name=\"author\" content=\"PSOE Canarias\" \/>\n<meta name=\"twitter:card\" content=\"summary_large_image\" \/>\n<script type=\"application\/ld+json\" class=\"yoast-schema-graph\">{\"@context\":\"https:\/\/schema.org\",\"@graph\":[{\"@type\":\"Article\",\"@id\":\"https:\/\/psoecanarias.com\/web\/los-socialistas-canarios-en-el-senado-celebran-la-aprobacion-final-del-nuevo-pge\/#article\",\"isPartOf\":{\"@id\":\"https:\/\/psoecanarias.com\/web\/los-socialistas-canarios-en-el-senado-celebran-la-aprobacion-final-del-nuevo-pge\/\"},\"author\":{\"name\":\"PSOE Canarias\",\"@id\":\"https:\/\/psoecanarias.com\/web\/#\/schema\/person\/1ae43f9659d2fc599ca69c11e1dbf26f\"},\"headline\":\"Los socialistas canarios en el Senado celebran la aprobaci\u00f3n final del nuevo PGE\",\"datePublished\":\"2020-12-22T19:47:53+00:00\",\"dateModified\":\"2020-12-22T20:16:02+00:00\",\"mainEntityOfPage\":{\"@id\":\"https:\/\/psoecanarias.com\/web\/los-socialistas-canarios-en-el-senado-celebran-la-aprobacion-final-del-nuevo-pge\/\"},\"wordCount\":385,\"commentCount\":0,\"image\":{\"@id\":\"https:\/\/psoecanarias.com\/web\/los-socialistas-canarios-en-el-senado-celebran-la-aprobacion-final-del-nuevo-pge\/#primaryimage\"},\"thumbnailUrl\":\"https:\/\/psoecanarias.com\/web\/wp-content\/uploads\/2020\/07\/IMG_5665-1-scaled.jpg\",\"articleSection\":[\"Cortes Generales\"],\"inLanguage\":\"es\",\"potentialAction\":[{\"@type\":\"CommentAction\",\"name\":\"Comment\",\"target\":[\"https:\/\/psoecanarias.com\/web\/los-socialistas-canarios-en-el-senado-celebran-la-aprobacion-final-del-nuevo-pge\/#respond\"]}]},{\"@type\":\"WebPage\",\"@id\":\"https:\/\/psoecanarias.com\/web\/los-socialistas-canarios-en-el-senado-celebran-la-aprobacion-final-del-nuevo-pge\/\",\"url\":\"https:\/\/psoecanarias.com\/web\/los-socialistas-canarios-en-el-senado-celebran-la-aprobacion-final-del-nuevo-pge\/\",\"name\":\"Los socialistas canarios en el Senado celebran la aprobaci\u00f3n final del nuevo PGE | PSOE Canarias\",\"isPartOf\":{\"@id\":\"https:\/\/psoecanarias.com\/web\/#website\"},\"primaryImageOfPage\":{\"@id\":\"https:\/\/psoecanarias.com\/web\/los-socialistas-canarios-en-el-senado-celebran-la-aprobacion-final-del-nuevo-pge\/#primaryimage\"},\"image\":{\"@id\":\"https:\/\/psoecanarias.com\/web\/los-socialistas-canarios-en-el-senado-celebran-la-aprobacion-final-del-nuevo-pge\/#primaryimage\"},\"thumbnailUrl\":\"https:\/\/psoecanarias.com\/web\/wp-content\/uploads\/2020\/07\/IMG_5665-1-scaled.jpg\",\"datePublished\":\"2020-12-22T19:47:53+00:00\",\"dateModified\":\"2020-12-22T20:16:02+00:00\",\"author\":{\"@id\":\"https:\/\/psoecanarias.com\/web\/#\/schema\/person\/1ae43f9659d2fc599ca69c11e1dbf26f\"},\"breadcrumb\":{\"@id\":\"https:\/\/psoecanarias.com\/web\/los-socialistas-canarios-en-el-senado-celebran-la-aprobacion-final-del-nuevo-pge\/#breadcrumb\"},\"inLanguage\":\"es\",\"potentialAction\":[{\"@type\":\"ReadAction\",\"target\":[\"https:\/\/psoecanarias.com\/web\/los-socialistas-canarios-en-el-senado-celebran-la-aprobacion-final-del-nuevo-pge\/\"]}]},{\"@type\":\"ImageObject\",\"inLanguage\":\"es\",\"@id\":\"https:\/\/psoecanarias.com\/web\/los-socialistas-canarios-en-el-senado-celebran-la-aprobacion-final-del-nuevo-pge\/#primaryimage\",\"url\":\"https:\/\/psoecanarias.com\/web\/wp-content\/uploads\/2020\/07\/IMG_5665-1-scaled.jpg\",\"contentUrl\":\"https:\/\/psoecanarias.com\/web\/wp-content\/uploads\/2020\/07\/IMG_5665-1-scaled.jpg\",\"width\":2560,\"height\":1920,\"caption\":\"Los senadores canarios de la actual legislatura.\"},{\"@type\":\"BreadcrumbList\",\"@id\":\"https:\/\/psoecanarias.com\/web\/los-socialistas-canarios-en-el-senado-celebran-la-aprobacion-final-del-nuevo-pge\/#breadcrumb\",\"itemListElement\":[{\"@type\":\"ListItem\",\"position\":1,\"name\":\"Portada\",\"item\":\"https:\/\/psoecanarias.com\/web\/\"},{\"@type\":\"ListItem\",\"position\":2,\"name\":\"Los socialistas canarios en el Senado celebran la aprobaci\u00f3n final del nuevo PGE\"}]},{\"@type\":\"WebSite\",\"@id\":\"https:\/\/psoecanarias.com\/web\/#website\",\"url\":\"https:\/\/psoecanarias.com\/web\/\",\"name\":\"PSOE Canarias\",\"description\":\"Partido Socialista Obrero Espa\u00f1ol Canarias\",\"potentialAction\":[{\"@type\":\"SearchAction\",\"target\":{\"@type\":\"EntryPoint\",\"urlTemplate\":\"https:\/\/psoecanarias.com\/web\/?s={search_term_string}\"},\"query-input\":{\"@type\":\"PropertyValueSpecification\",\"valueRequired\":true,\"valueName\":\"search_term_string\"}}],\"inLanguage\":\"es\"},{\"@type\":\"Person\",\"@id\":\"https:\/\/psoecanarias.com\/web\/#\/schema\/person\/1ae43f9659d2fc599ca69c11e1dbf26f\",\"name\":\"PSOE Canarias\",\"image\":{\"@type\":\"ImageObject\",\"inLanguage\":\"es\",\"@id\":\"https:\/\/secure.gravatar.com\/avatar\/4364d37f6f6f9cdb7af199b46151565f37d8a8c3c0e04c1d78c04e857a15e3a8?s=96&d=mm&r=g\",\"url\":\"https:\/\/secure.gravatar.com\/avatar\/4364d37f6f6f9cdb7af199b46151565f37d8a8c3c0e04c1d78c04e857a15e3a8?s=96&d=mm&r=g\",\"contentUrl\":\"https:\/\/secure.gravatar.com\/avatar\/4364d37f6f6f9cdb7af199b46151565f37d8a8c3c0e04c1d78c04e857a15e3a8?s=96&d=mm&r=g\",\"caption\":\"PSOE Canarias\"},\"url\":\"https:\/\/psoecanarias.com\/web\/author\/admin\/\"}]}<\/script>\n<!-- \/ Yoast SEO plugin. -->","yoast_head_json":{"title":"Los socialistas canarios en el Senado celebran la aprobaci\u00f3n final del nuevo PGE | PSOE Canarias","robots":{"index":"index","follow":"follow","max-snippet":"max-snippet:-1","max-image-preview":"max-image-preview:large","max-video-preview":"max-video-preview:-1"},"canonical":"https:\/\/psoecanarias.com\/web\/los-socialistas-canarios-en-el-senado-celebran-la-aprobacion-final-del-nuevo-pge\/","og_locale":"es_ES","og_type":"article","og_title":"Los socialistas canarios en el Senado celebran la aprobaci\u00f3n final del nuevo PGE | PSOE Canarias","og_description":"Aseguran que las cuentas de 2021 promueven una econom\u00eda m\u00e1s justa, sostenible e inclusiva","og_url":"https:\/\/psoecanarias.com\/web\/los-socialistas-canarios-en-el-senado-celebran-la-aprobacion-final-del-nuevo-pge\/","og_site_name":"PSOE Canarias","article_published_time":"2020-12-22T19:47:53+00:00","article_modified_time":"2020-12-22T20:16:02+00:00","og_image":[{"width":2560,"height":1920,"url":"https:\/\/psoecanarias.com\/web\/wp-content\/uploads\/2020\/07\/IMG_5665-1-scaled.jpg","type":"image\/jpeg"}],"author":"PSOE Canarias","twitter_card":"summary_large_image","schema":{"@context":"https:\/\/schema.org","@graph":[{"@type":"Article","@id":"https:\/\/psoecanarias.com\/web\/los-socialistas-canarios-en-el-senado-celebran-la-aprobacion-final-del-nuevo-pge\/#article","isPartOf":{"@id":"https:\/\/psoecanarias.com\/web\/los-socialistas-canarios-en-el-senado-celebran-la-aprobacion-final-del-nuevo-pge\/"},"author":{"name":"PSOE Canarias","@id":"https:\/\/psoecanarias.com\/web\/#\/schema\/person\/1ae43f9659d2fc599ca69c11e1dbf26f"},"headline":"Los socialistas canarios en el Senado celebran la aprobaci\u00f3n final del nuevo PGE","datePublished":"2020-12-22T19:47:53+00:00","dateModified":"2020-12-22T20:16:02+00:00","mainEntityOfPage":{"@id":"https:\/\/psoecanarias.com\/web\/los-socialistas-canarios-en-el-senado-celebran-la-aprobacion-final-del-nuevo-pge\/"},"wordCount":385,"commentCount":0,"image":{"@id":"https:\/\/psoecanarias.com\/web\/los-socialistas-canarios-en-el-senado-celebran-la-aprobacion-final-del-nuevo-pge\/#primaryimage"},"thumbnailUrl":"https:\/\/psoecanarias.com\/web\/wp-content\/uploads\/2020\/07\/IMG_5665-1-scaled.jpg","articleSection":["Cortes Generales"],"inLanguage":"es","potentialAction":[{"@type":"CommentAction","name":"Comment","target":["https:\/\/psoecanarias.com\/web\/los-socialistas-canarios-en-el-senado-celebran-la-aprobacion-final-del-nuevo-pge\/#respond"]}]},{"@type":"WebPage","@id":"https:\/\/psoecanarias.com\/web\/los-socialistas-canarios-en-el-senado-celebran-la-aprobacion-final-del-nuevo-pge\/","url":"https:\/\/psoecanarias.com\/web\/los-socialistas-canarios-en-el-senado-celebran-la-aprobacion-final-del-nuevo-pge\/","name":"Los socialistas canarios en el Senado celebran la aprobaci\u00f3n final del nuevo PGE | PSOE Canarias","isPartOf":{"@id":"https:\/\/psoecanarias.com\/web\/#website"},"primaryImageOfPage":{"@id":"https:\/\/psoecanarias.com\/web\/los-socialistas-canarios-en-el-senado-celebran-la-aprobacion-final-del-nuevo-pge\/#primaryimage"},"image":{"@id":"https:\/\/psoecanarias.com\/web\/los-socialistas-canarios-en-el-senado-celebran-la-aprobacion-final-del-nuevo-pge\/#primaryimage"},"thumbnailUrl":"https:\/\/psoecanarias.com\/web\/wp-content\/uploads\/2020\/07\/IMG_5665-1-scaled.jpg","datePublished":"2020-12-22T19:47:53+00:00","dateModified":"2020-12-22T20:16:02+00:00","author":{"@id":"https:\/\/psoecanarias.com\/web\/#\/schema\/person\/1ae43f9659d2fc599ca69c11e1dbf26f"},"breadcrumb":{"@id":"https:\/\/psoecanarias.com\/web\/los-socialistas-canarios-en-el-senado-celebran-la-aprobacion-final-del-nuevo-pge\/#breadcrumb"},"inLanguage":"es","potentialAction":[{"@type":"ReadAction","target":["https:\/\/psoecanarias.com\/web\/los-socialistas-canarios-en-el-senado-celebran-la-aprobacion-final-del-nuevo-pge\/"]}]},{"@type":"ImageObject","inLanguage":"es","@id":"https:\/\/psoecanarias.com\/web\/los-socialistas-canarios-en-el-senado-celebran-la-aprobacion-final-del-nuevo-pge\/#primaryimage","url":"https:\/\/psoecanarias.com\/web\/wp-content\/uploads\/2020\/07\/IMG_5665-1-scaled.jpg","contentUrl":"https:\/\/psoecanarias.com\/web\/wp-content\/uploads\/2020\/07\/IMG_5665-1-scaled.jpg","width":2560,"height":1920,"caption":"Los senadores canarios de la actual legislatura."},{"@type":"BreadcrumbList","@id":"https:\/\/psoecanarias.com\/web\/los-socialistas-canarios-en-el-senado-celebran-la-aprobacion-final-del-nuevo-pge\/#breadcrumb","itemListElement":[{"@type":"ListItem","position":1,"name":"Portada","item":"https:\/\/psoecanarias.com\/web\/"},{"@type":"ListItem","position":2,"name":"Los socialistas canarios en el Senado celebran la aprobaci\u00f3n final del nuevo PGE"}]},{"@type":"WebSite","@id":"https:\/\/psoecanarias.com\/web\/#website","url":"https:\/\/psoecanarias.com\/web\/","name":"PSOE Canarias","description":"Partido Socialista Obrero Espa\u00f1ol Canarias","potentialAction":[{"@type":"SearchAction","target":{"@type":"EntryPoint","urlTemplate":"https:\/\/psoecanarias.com\/web\/?s={search_term_string}"},"query-input":{"@type":"PropertyValueSpecification","valueRequired":true,"valueName":"search_term_string"}}],"inLanguage":"es"},{"@type":"Person","@id":"https:\/\/psoecanarias.com\/web\/#\/schema\/person\/1ae43f9659d2fc599ca69c11e1dbf26f","name":"PSOE Canarias","image":{"@type":"ImageObject","inLanguage":"es","@id":"https:\/\/secure.gravatar.com\/avatar\/4364d37f6f6f9cdb7af199b46151565f37d8a8c3c0e04c1d78c04e857a15e3a8?s=96&d=mm&r=g","url":"https:\/\/secure.gravatar.com\/avatar\/4364d37f6f6f9cdb7af199b46151565f37d8a8c3c0e04c1d78c04e857a15e3a8?s=96&d=mm&r=g","contentUrl":"https:\/\/secure.gravatar.com\/avatar\/4364d37f6f6f9cdb7af199b46151565f37d8a8c3c0e04c1d78c04e857a15e3a8?s=96&d=mm&r=g","caption":"PSOE Canarias"},"url":"https:\/\/psoecanarias.com\/web\/author\/admin\/"}]}},"_links":{"self":[{"href":"https:\/\/psoecanarias.com\/web\/wp-json\/wp\/v2\/posts\/15611","targetHints":{"allow":["GET"]}}],"collection":[{"href":"https:\/\/psoecanarias.com\/web\/wp-json\/wp\/v2\/posts"}],"about":[{"href":"https:\/\/psoecanarias.com\/web\/wp-json\/wp\/v2\/types\/post"}],"author":[{"embeddable":true,"href":"https:\/\/psoecanarias.com\/web\/wp-json\/wp\/v2\/users\/1"}],"replies":[{"embeddable":true,"href":"https:\/\/psoecanarias.com\/web\/wp-json\/wp\/v2\/comments?post=15611"}],"version-history":[{"count":3,"href":"https:\/\/psoecanarias.com\/web\/wp-json\/wp\/v2\/posts\/15611\/revisions"}],"predecessor-version":[{"id":15616,"href":"https:\/\/psoecanarias.com\/web\/wp-json\/wp\/v2\/posts\/15611\/revisions\/15616"}],"wp:featuredmedia":[{"embeddable":true,"href":"https:\/\/psoecanarias.com\/web\/wp-json\/wp\/v2\/media\/11031"}],"wp:attachment":[{"href":"https:\/\/psoecanarias.com\/web\/wp-json\/wp\/v2\/media?parent=15611"}],"wp:term":[{"taxonomy":"category","embeddable":true,"href":"https:\/\/psoecanarias.com\/web\/wp-json\/wp\/v2\/categories?post=15611"},{"taxonomy":"post_tag","embeddable":true,"href":"https:\/\/psoecanarias.com\/web\/wp-json\/wp\/v2\/tags?post=15611"}],"curies":[{"name":"wp","href":"https:\/\/api.w.org\/{rel}","templated":true}]}}