{"id":15633,"date":"2020-12-23T17:06:12","date_gmt":"2020-12-23T17:06:12","guid":{"rendered":"http:\/\/psoecanarias.com\/web\/?p=15633"},"modified":"2020-12-23T17:06:12","modified_gmt":"2020-12-23T17:06:12","slug":"nina-santana-y-paloma-hernandez-valoran-que-la-educacion-publica-sea-el-eje-vertebrador-de-la-nueva-ley","status":"publish","type":"post","link":"https:\/\/psoecanarias.com\/web\/nina-santana-y-paloma-hernandez-valoran-que-la-educacion-publica-sea-el-eje-vertebrador-de-la-nueva-ley\/","title":{"rendered":"Nina Santana y Paloma Hern\u00e1ndez valoran que la educaci\u00f3n p\u00fablica sea el eje vertebrador de la nueva Ley"},"content":{"rendered":"<p><b>Canarias, 23 de diciembre de 2020. <\/b><span style=\"font-weight: 400;\">Las senadoras socialistas canarias Nina Santana y Paloma Hern\u00e1ndez, vocales en la Comisi\u00f3n de Educaci\u00f3n y Formaci\u00f3n Profesional de la C\u00e1mara Alta, celebran la aprobaci\u00f3n definitiva de la Ley de Educaci\u00f3n (LOMLOE), que permitir\u00e1 aumentar las oportunidades educativas y formativas de toda la ciudadan\u00eda, de forma igualitaria, convirtiendo a la educaci\u00f3n p\u00fablica en el eje vertebrador de la nueva norma.\u00a0<\/span><\/p>\n<p><span style=\"font-weight: 400;\">Tras superar su tramitaci\u00f3n parlamentaria en el Congreso, hoy ha sido aprobada en la C\u00e1mara Alta, derogando a la actual LOMCE, del a\u00f1o 2013, \u201cpara apostar por una mayor personalizaci\u00f3n del aprendizaje y reforzar la autonom\u00eda de los centros y el alumnado\u201d, destaca Nina Santana, senadora por Gran Canaria.\u00a0<\/span><\/p>\n<p><span style=\"font-weight: 400;\">En este sentido, Santana considera que la nueva Ley \u201capuesta firmemente por la participaci\u00f3n de la comunidad educativa; por la autonom\u00eda de los centros, los equipos directivos,\u00a0 el profesorado, la inspecci\u00f3n educativa y, sobre todo, por la importancia de realizar inversiones en materia educativa.\u201d Adem\u00e1s, hace hincapi\u00e9 en que la nueva norma pondr\u00e1 a la educaci\u00f3n p\u00fablica en mejores condiciones y permitir\u00e1 a las familias elegir entre centros p\u00fablicos y privados o concertados, que deber\u00e1n\u00a0 contar con los mismos criterios de admisi\u00f3n.\u00a0<\/span><\/p>\n<p><span style=\"font-weight: 400;\">Por su parte, la senadora por Fuerteventura Paloma Hern\u00e1ndez, se\u00f1ala que la LOMLOE ha sido consensuada \u201cpara definir un modelo que plantee un enfoque transversal que resalte todos los talentos, capacidades y ritmos de aprendizaje, y donde la inclusi\u00f3n y la digitalizaci\u00f3n ser\u00e1n claves para que ning\u00fan alumno y alumna se quede atr\u00e1s\u201d.\u00a0<\/span><\/p>\n<p><span style=\"font-weight: 400;\">Las senadoras canarias muestran su satisfacci\u00f3n por haber contribuido a la elaboraci\u00f3n de esta ley educativa que, aseguran, conseguir\u00e1 consolidar un sistema educativo moderno, de calidad, equitativo e inclusivo.<\/span><\/p>\n","protected":false},"excerpt":{"rendered":"<p>Las senadoras socialistas canarias aseguran que la LOMLOE permitir\u00e1 transformar y modernizar el sistema educativo para ofrecer m\u00e1s y mejores oportunidades<\/p>\n","protected":false},"author":1,"featured_media":15634,"comment_status":"open","ping_status":"open","sticky":false,"template":"","format":"standard","meta":{"footnotes":""},"categories":[1197,1184,7],"tags":[132,1202,1193,38],"class_list":["post-15633","post","type-post","status-publish","format-standard","has-post-thumbnail","hentry","category-cortes-generales","category-noticias","category-politica","tag-educacion","tag-nina-santana","tag-paloma-hernandez","tag-senado"],"featured_image_src":"https:\/\/psoecanarias.com\/web\/wp-content\/uploads\/2020\/12\/WhatsApp-Image-2020-12-23-at-11.52.09-e1608735364204.jpeg","author_info":{"display_name":"PSOE Canarias","author_link":"https:\/\/psoecanarias.com\/web\/author\/admin\/"},"yoast_head":"<!-- This site is optimized with the Yoast SEO plugin v27.2 - https:\/\/yoast.com\/product\/yoast-seo-wordpress\/ -->\n<title>Nina Santana y Paloma Hern\u00e1ndez valoran que la educaci\u00f3n p\u00fablica sea el eje vertebrador de la nueva Ley | PSOE Canarias<\/title>\n<meta name=\"robots\" content=\"index, follow, max-snippet:-1, max-image-preview:large, max-video-preview:-1\" \/>\n<link rel=\"canonical\" href=\"https:\/\/psoecanarias.com\/web\/nina-santana-y-paloma-hernandez-valoran-que-la-educacion-publica-sea-el-eje-vertebrador-de-la-nueva-ley\/\" \/>\n<meta property=\"og:locale\" content=\"es_ES\" \/>\n<meta property=\"og:type\" content=\"article\" \/>\n<meta property=\"og:title\" content=\"Nina Santana y Paloma Hern\u00e1ndez valoran que la educaci\u00f3n p\u00fablica sea el eje vertebrador de la nueva Ley | PSOE Canarias\" \/>\n<meta property=\"og:description\" content=\"Las senadoras socialistas canarias aseguran que la LOMLOE permitir\u00e1 transformar y modernizar el sistema educativo para ofrecer m\u00e1s y mejores oportunidades\" \/>\n<meta property=\"og:url\" content=\"https:\/\/psoecanarias.com\/web\/nina-santana-y-paloma-hernandez-valoran-que-la-educacion-publica-sea-el-eje-vertebrador-de-la-nueva-ley\/\" \/>\n<meta property=\"og:site_name\" content=\"PSOE Canarias\" \/>\n<meta property=\"article:published_time\" content=\"2020-12-23T17:06:12+00:00\" \/>\n<meta property=\"og:image\" content=\"https:\/\/psoecanarias.com\/web\/wp-content\/uploads\/2020\/12\/WhatsApp-Image-2020-12-23-at-11.52.09-e1608735364204.jpeg\" \/>\n\t<meta property=\"og:image:width\" content=\"1013\" \/>\n\t<meta property=\"og:image:height\" content=\"878\" \/>\n\t<meta property=\"og:image:type\" content=\"image\/jpeg\" \/>\n<meta name=\"author\" content=\"PSOE Canarias\" \/>\n<meta name=\"twitter:card\" content=\"summary_large_image\" \/>\n<script type=\"application\/ld+json\" class=\"yoast-schema-graph\">{\"@context\":\"https:\/\/schema.org\",\"@graph\":[{\"@type\":\"Article\",\"@id\":\"https:\/\/psoecanarias.com\/web\/nina-santana-y-paloma-hernandez-valoran-que-la-educacion-publica-sea-el-eje-vertebrador-de-la-nueva-ley\/#article\",\"isPartOf\":{\"@id\":\"https:\/\/psoecanarias.com\/web\/nina-santana-y-paloma-hernandez-valoran-que-la-educacion-publica-sea-el-eje-vertebrador-de-la-nueva-ley\/\"},\"author\":{\"name\":\"PSOE Canarias\",\"@id\":\"https:\/\/psoecanarias.com\/web\/#\/schema\/person\/1ae43f9659d2fc599ca69c11e1dbf26f\"},\"headline\":\"Nina Santana y Paloma Hern\u00e1ndez valoran que la educaci\u00f3n p\u00fablica sea el eje vertebrador de la nueva Ley\",\"datePublished\":\"2020-12-23T17:06:12+00:00\",\"mainEntityOfPage\":{\"@id\":\"https:\/\/psoecanarias.com\/web\/nina-santana-y-paloma-hernandez-valoran-que-la-educacion-publica-sea-el-eje-vertebrador-de-la-nueva-ley\/\"},\"wordCount\":330,\"commentCount\":0,\"image\":{\"@id\":\"https:\/\/psoecanarias.com\/web\/nina-santana-y-paloma-hernandez-valoran-que-la-educacion-publica-sea-el-eje-vertebrador-de-la-nueva-ley\/#primaryimage\"},\"thumbnailUrl\":\"https:\/\/psoecanarias.com\/web\/wp-content\/uploads\/2020\/12\/WhatsApp-Image-2020-12-23-at-11.52.09-e1608735364204.jpeg\",\"keywords\":[\"educaci\u00f3n\",\"Nina Santana\",\"Paloma Hern\u00e1ndez\",\"Senado\"],\"articleSection\":[\"Cortes Generales\",\"Noticias\",\"Pol\u00edtica\"],\"inLanguage\":\"es\",\"potentialAction\":[{\"@type\":\"CommentAction\",\"name\":\"Comment\",\"target\":[\"https:\/\/psoecanarias.com\/web\/nina-santana-y-paloma-hernandez-valoran-que-la-educacion-publica-sea-el-eje-vertebrador-de-la-nueva-ley\/#respond\"]}]},{\"@type\":\"WebPage\",\"@id\":\"https:\/\/psoecanarias.com\/web\/nina-santana-y-paloma-hernandez-valoran-que-la-educacion-publica-sea-el-eje-vertebrador-de-la-nueva-ley\/\",\"url\":\"https:\/\/psoecanarias.com\/web\/nina-santana-y-paloma-hernandez-valoran-que-la-educacion-publica-sea-el-eje-vertebrador-de-la-nueva-ley\/\",\"name\":\"Nina Santana y Paloma Hern\u00e1ndez valoran que la educaci\u00f3n p\u00fablica sea el eje vertebrador de la nueva Ley | PSOE Canarias\",\"isPartOf\":{\"@id\":\"https:\/\/psoecanarias.com\/web\/#website\"},\"primaryImageOfPage\":{\"@id\":\"https:\/\/psoecanarias.com\/web\/nina-santana-y-paloma-hernandez-valoran-que-la-educacion-publica-sea-el-eje-vertebrador-de-la-nueva-ley\/#primaryimage\"},\"image\":{\"@id\":\"https:\/\/psoecanarias.com\/web\/nina-santana-y-paloma-hernandez-valoran-que-la-educacion-publica-sea-el-eje-vertebrador-de-la-nueva-ley\/#primaryimage\"},\"thumbnailUrl\":\"https:\/\/psoecanarias.com\/web\/wp-content\/uploads\/2020\/12\/WhatsApp-Image-2020-12-23-at-11.52.09-e1608735364204.jpeg\",\"datePublished\":\"2020-12-23T17:06:12+00:00\",\"author\":{\"@id\":\"https:\/\/psoecanarias.com\/web\/#\/schema\/person\/1ae43f9659d2fc599ca69c11e1dbf26f\"},\"breadcrumb\":{\"@id\":\"https:\/\/psoecanarias.com\/web\/nina-santana-y-paloma-hernandez-valoran-que-la-educacion-publica-sea-el-eje-vertebrador-de-la-nueva-ley\/#breadcrumb\"},\"inLanguage\":\"es\",\"potentialAction\":[{\"@type\":\"ReadAction\",\"target\":[\"https:\/\/psoecanarias.com\/web\/nina-santana-y-paloma-hernandez-valoran-que-la-educacion-publica-sea-el-eje-vertebrador-de-la-nueva-ley\/\"]}]},{\"@type\":\"ImageObject\",\"inLanguage\":\"es\",\"@id\":\"https:\/\/psoecanarias.com\/web\/nina-santana-y-paloma-hernandez-valoran-que-la-educacion-publica-sea-el-eje-vertebrador-de-la-nueva-ley\/#primaryimage\",\"url\":\"https:\/\/psoecanarias.com\/web\/wp-content\/uploads\/2020\/12\/WhatsApp-Image-2020-12-23-at-11.52.09-e1608735364204.jpeg\",\"contentUrl\":\"https:\/\/psoecanarias.com\/web\/wp-content\/uploads\/2020\/12\/WhatsApp-Image-2020-12-23-at-11.52.09-e1608735364204.jpeg\",\"width\":1013,\"height\":878},{\"@type\":\"BreadcrumbList\",\"@id\":\"https:\/\/psoecanarias.com\/web\/nina-santana-y-paloma-hernandez-valoran-que-la-educacion-publica-sea-el-eje-vertebrador-de-la-nueva-ley\/#breadcrumb\",\"itemListElement\":[{\"@type\":\"ListItem\",\"position\":1,\"name\":\"Portada\",\"item\":\"https:\/\/psoecanarias.com\/web\/\"},{\"@type\":\"ListItem\",\"position\":2,\"name\":\"Nina Santana y Paloma Hern\u00e1ndez valoran que la educaci\u00f3n p\u00fablica sea el eje vertebrador de la nueva Ley\"}]},{\"@type\":\"WebSite\",\"@id\":\"https:\/\/psoecanarias.com\/web\/#website\",\"url\":\"https:\/\/psoecanarias.com\/web\/\",\"name\":\"PSOE Canarias\",\"description\":\"Partido Socialista Obrero Espa\u00f1ol Canarias\",\"potentialAction\":[{\"@type\":\"SearchAction\",\"target\":{\"@type\":\"EntryPoint\",\"urlTemplate\":\"https:\/\/psoecanarias.com\/web\/?s={search_term_string}\"},\"query-input\":{\"@type\":\"PropertyValueSpecification\",\"valueRequired\":true,\"valueName\":\"search_term_string\"}}],\"inLanguage\":\"es\"},{\"@type\":\"Person\",\"@id\":\"https:\/\/psoecanarias.com\/web\/#\/schema\/person\/1ae43f9659d2fc599ca69c11e1dbf26f\",\"name\":\"PSOE Canarias\",\"image\":{\"@type\":\"ImageObject\",\"inLanguage\":\"es\",\"@id\":\"https:\/\/secure.gravatar.com\/avatar\/4364d37f6f6f9cdb7af199b46151565f37d8a8c3c0e04c1d78c04e857a15e3a8?s=96&d=mm&r=g\",\"url\":\"https:\/\/secure.gravatar.com\/avatar\/4364d37f6f6f9cdb7af199b46151565f37d8a8c3c0e04c1d78c04e857a15e3a8?s=96&d=mm&r=g\",\"contentUrl\":\"https:\/\/secure.gravatar.com\/avatar\/4364d37f6f6f9cdb7af199b46151565f37d8a8c3c0e04c1d78c04e857a15e3a8?s=96&d=mm&r=g\",\"caption\":\"PSOE Canarias\"},\"url\":\"https:\/\/psoecanarias.com\/web\/author\/admin\/\"}]}<\/script>\n<!-- \/ Yoast SEO plugin. -->","yoast_head_json":{"title":"Nina Santana y Paloma Hern\u00e1ndez valoran que la educaci\u00f3n p\u00fablica sea el eje vertebrador de la nueva Ley | PSOE Canarias","robots":{"index":"index","follow":"follow","max-snippet":"max-snippet:-1","max-image-preview":"max-image-preview:large","max-video-preview":"max-video-preview:-1"},"canonical":"https:\/\/psoecanarias.com\/web\/nina-santana-y-paloma-hernandez-valoran-que-la-educacion-publica-sea-el-eje-vertebrador-de-la-nueva-ley\/","og_locale":"es_ES","og_type":"article","og_title":"Nina Santana y Paloma Hern\u00e1ndez valoran que la educaci\u00f3n p\u00fablica sea el eje vertebrador de la nueva Ley | PSOE Canarias","og_description":"Las senadoras socialistas canarias aseguran que la LOMLOE permitir\u00e1 transformar y modernizar el sistema educativo para ofrecer m\u00e1s y mejores oportunidades","og_url":"https:\/\/psoecanarias.com\/web\/nina-santana-y-paloma-hernandez-valoran-que-la-educacion-publica-sea-el-eje-vertebrador-de-la-nueva-ley\/","og_site_name":"PSOE Canarias","article_published_time":"2020-12-23T17:06:12+00:00","og_image":[{"width":1013,"height":878,"url":"https:\/\/psoecanarias.com\/web\/wp-content\/uploads\/2020\/12\/WhatsApp-Image-2020-12-23-at-11.52.09-e1608735364204.jpeg","type":"image\/jpeg"}],"author":"PSOE Canarias","twitter_card":"summary_large_image","schema":{"@context":"https:\/\/schema.org","@graph":[{"@type":"Article","@id":"https:\/\/psoecanarias.com\/web\/nina-santana-y-paloma-hernandez-valoran-que-la-educacion-publica-sea-el-eje-vertebrador-de-la-nueva-ley\/#article","isPartOf":{"@id":"https:\/\/psoecanarias.com\/web\/nina-santana-y-paloma-hernandez-valoran-que-la-educacion-publica-sea-el-eje-vertebrador-de-la-nueva-ley\/"},"author":{"name":"PSOE Canarias","@id":"https:\/\/psoecanarias.com\/web\/#\/schema\/person\/1ae43f9659d2fc599ca69c11e1dbf26f"},"headline":"Nina Santana y Paloma Hern\u00e1ndez valoran que la educaci\u00f3n p\u00fablica sea el eje vertebrador de la nueva Ley","datePublished":"2020-12-23T17:06:12+00:00","mainEntityOfPage":{"@id":"https:\/\/psoecanarias.com\/web\/nina-santana-y-paloma-hernandez-valoran-que-la-educacion-publica-sea-el-eje-vertebrador-de-la-nueva-ley\/"},"wordCount":330,"commentCount":0,"image":{"@id":"https:\/\/psoecanarias.com\/web\/nina-santana-y-paloma-hernandez-valoran-que-la-educacion-publica-sea-el-eje-vertebrador-de-la-nueva-ley\/#primaryimage"},"thumbnailUrl":"https:\/\/psoecanarias.com\/web\/wp-content\/uploads\/2020\/12\/WhatsApp-Image-2020-12-23-at-11.52.09-e1608735364204.jpeg","keywords":["educaci\u00f3n","Nina Santana","Paloma Hern\u00e1ndez","Senado"],"articleSection":["Cortes Generales","Noticias","Pol\u00edtica"],"inLanguage":"es","potentialAction":[{"@type":"CommentAction","name":"Comment","target":["https:\/\/psoecanarias.com\/web\/nina-santana-y-paloma-hernandez-valoran-que-la-educacion-publica-sea-el-eje-vertebrador-de-la-nueva-ley\/#respond"]}]},{"@type":"WebPage","@id":"https:\/\/psoecanarias.com\/web\/nina-santana-y-paloma-hernandez-valoran-que-la-educacion-publica-sea-el-eje-vertebrador-de-la-nueva-ley\/","url":"https:\/\/psoecanarias.com\/web\/nina-santana-y-paloma-hernandez-valoran-que-la-educacion-publica-sea-el-eje-vertebrador-de-la-nueva-ley\/","name":"Nina Santana y Paloma Hern\u00e1ndez valoran que la educaci\u00f3n p\u00fablica sea el eje vertebrador de la nueva Ley | PSOE Canarias","isPartOf":{"@id":"https:\/\/psoecanarias.com\/web\/#website"},"primaryImageOfPage":{"@id":"https:\/\/psoecanarias.com\/web\/nina-santana-y-paloma-hernandez-valoran-que-la-educacion-publica-sea-el-eje-vertebrador-de-la-nueva-ley\/#primaryimage"},"image":{"@id":"https:\/\/psoecanarias.com\/web\/nina-santana-y-paloma-hernandez-valoran-que-la-educacion-publica-sea-el-eje-vertebrador-de-la-nueva-ley\/#primaryimage"},"thumbnailUrl":"https:\/\/psoecanarias.com\/web\/wp-content\/uploads\/2020\/12\/WhatsApp-Image-2020-12-23-at-11.52.09-e1608735364204.jpeg","datePublished":"2020-12-23T17:06:12+00:00","author":{"@id":"https:\/\/psoecanarias.com\/web\/#\/schema\/person\/1ae43f9659d2fc599ca69c11e1dbf26f"},"breadcrumb":{"@id":"https:\/\/psoecanarias.com\/web\/nina-santana-y-paloma-hernandez-valoran-que-la-educacion-publica-sea-el-eje-vertebrador-de-la-nueva-ley\/#breadcrumb"},"inLanguage":"es","potentialAction":[{"@type":"ReadAction","target":["https:\/\/psoecanarias.com\/web\/nina-santana-y-paloma-hernandez-valoran-que-la-educacion-publica-sea-el-eje-vertebrador-de-la-nueva-ley\/"]}]},{"@type":"ImageObject","inLanguage":"es","@id":"https:\/\/psoecanarias.com\/web\/nina-santana-y-paloma-hernandez-valoran-que-la-educacion-publica-sea-el-eje-vertebrador-de-la-nueva-ley\/#primaryimage","url":"https:\/\/psoecanarias.com\/web\/wp-content\/uploads\/2020\/12\/WhatsApp-Image-2020-12-23-at-11.52.09-e1608735364204.jpeg","contentUrl":"https:\/\/psoecanarias.com\/web\/wp-content\/uploads\/2020\/12\/WhatsApp-Image-2020-12-23-at-11.52.09-e1608735364204.jpeg","width":1013,"height":878},{"@type":"BreadcrumbList","@id":"https:\/\/psoecanarias.com\/web\/nina-santana-y-paloma-hernandez-valoran-que-la-educacion-publica-sea-el-eje-vertebrador-de-la-nueva-ley\/#breadcrumb","itemListElement":[{"@type":"ListItem","position":1,"name":"Portada","item":"https:\/\/psoecanarias.com\/web\/"},{"@type":"ListItem","position":2,"name":"Nina Santana y Paloma Hern\u00e1ndez valoran que la educaci\u00f3n p\u00fablica sea el eje vertebrador de la nueva Ley"}]},{"@type":"WebSite","@id":"https:\/\/psoecanarias.com\/web\/#website","url":"https:\/\/psoecanarias.com\/web\/","name":"PSOE Canarias","description":"Partido Socialista Obrero Espa\u00f1ol Canarias","potentialAction":[{"@type":"SearchAction","target":{"@type":"EntryPoint","urlTemplate":"https:\/\/psoecanarias.com\/web\/?s={search_term_string}"},"query-input":{"@type":"PropertyValueSpecification","valueRequired":true,"valueName":"search_term_string"}}],"inLanguage":"es"},{"@type":"Person","@id":"https:\/\/psoecanarias.com\/web\/#\/schema\/person\/1ae43f9659d2fc599ca69c11e1dbf26f","name":"PSOE Canarias","image":{"@type":"ImageObject","inLanguage":"es","@id":"https:\/\/secure.gravatar.com\/avatar\/4364d37f6f6f9cdb7af199b46151565f37d8a8c3c0e04c1d78c04e857a15e3a8?s=96&d=mm&r=g","url":"https:\/\/secure.gravatar.com\/avatar\/4364d37f6f6f9cdb7af199b46151565f37d8a8c3c0e04c1d78c04e857a15e3a8?s=96&d=mm&r=g","contentUrl":"https:\/\/secure.gravatar.com\/avatar\/4364d37f6f6f9cdb7af199b46151565f37d8a8c3c0e04c1d78c04e857a15e3a8?s=96&d=mm&r=g","caption":"PSOE Canarias"},"url":"https:\/\/psoecanarias.com\/web\/author\/admin\/"}]}},"_links":{"self":[{"href":"https:\/\/psoecanarias.com\/web\/wp-json\/wp\/v2\/posts\/15633","targetHints":{"allow":["GET"]}}],"collection":[{"href":"https:\/\/psoecanarias.com\/web\/wp-json\/wp\/v2\/posts"}],"about":[{"href":"https:\/\/psoecanarias.com\/web\/wp-json\/wp\/v2\/types\/post"}],"author":[{"embeddable":true,"href":"https:\/\/psoecanarias.com\/web\/wp-json\/wp\/v2\/users\/1"}],"replies":[{"embeddable":true,"href":"https:\/\/psoecanarias.com\/web\/wp-json\/wp\/v2\/comments?post=15633"}],"version-history":[{"count":2,"href":"https:\/\/psoecanarias.com\/web\/wp-json\/wp\/v2\/posts\/15633\/revisions"}],"predecessor-version":[{"id":15640,"href":"https:\/\/psoecanarias.com\/web\/wp-json\/wp\/v2\/posts\/15633\/revisions\/15640"}],"wp:featuredmedia":[{"embeddable":true,"href":"https:\/\/psoecanarias.com\/web\/wp-json\/wp\/v2\/media\/15634"}],"wp:attachment":[{"href":"https:\/\/psoecanarias.com\/web\/wp-json\/wp\/v2\/media?parent=15633"}],"wp:term":[{"taxonomy":"category","embeddable":true,"href":"https:\/\/psoecanarias.com\/web\/wp-json\/wp\/v2\/categories?post=15633"},{"taxonomy":"post_tag","embeddable":true,"href":"https:\/\/psoecanarias.com\/web\/wp-json\/wp\/v2\/tags?post=15633"}],"curies":[{"name":"wp","href":"https:\/\/api.w.org\/{rel}","templated":true}]}}