{"id":1574,"date":"2016-03-03T17:30:29","date_gmt":"2016-03-03T17:30:29","guid":{"rendered":"http:\/\/psoecanarias.com\/web\/?p=1574"},"modified":"2016-03-03T17:30:29","modified_gmt":"2016-03-03T17:30:29","slug":"1574-2","status":"publish","type":"post","link":"https:\/\/psoecanarias.com\/web\/1574-2\/","title":{"rendered":"El PSOE pide al Gobierno canario una apuesta decidida por el Parque Tecnol\u00f3gico de Fuerteventura"},"content":{"rendered":"<p style=\"text-align: justify;\"><em>XH\/<\/em> El portavoz del Grupo Parlamentario Socialista, I\u00f1aki Lavandera, inst\u00f3 hoy al Gobierno de Canarias a que apueste de manera decidida por el Parque Tecnol\u00f3gico de Fuerteventura, \u201cporque resulta inquietante que tras una inversi\u00f3n de 20 millones de euros y decenas de miles de metros cuadrados urbanizados, s\u00f3lo existan a fecha de hoy 13 empresas instaladas en el \u00fanico edificio construido\u201d.<\/p>\n<p style=\"text-align: justify;\">En comisi\u00f3n parlamentaria, se\u00f1al\u00f3 que tal vez a\u00fan es pronto y que se prev\u00e9 que se produzcan nuevas incorporaciones \u201cpero, en cualquier caso, 13 empresas son todav\u00eda pocas\u201d. Record\u00f3 que en el a\u00f1o 2009, el Gobierno socialista de Rodr\u00edguez Zapatero suscribi\u00f3 un convenio con la Comunidad Aut\u00f3noma en una clara defensa de un cambio de modelo productivo en Canarias, en virtud del que se preve\u00eda prestar 150 millones de euros al Gobierno regional para desarrollar una red de parques tecnol\u00f3gicos.<\/p>\n<p style=\"text-align: justify;\">Indic\u00f3 que este convenio se ha visto sujeto a diferentes adendas y modificaciones a lo largo de los a\u00f1os y lament\u00f3 que no se haya llegado a esa cifra de inversi\u00f3n prevista inicialmente de 150 millones. En el marco de ese documento, 20 millones de euros eran los previstos para el parque de Fuerteventura, 16,1 millones para Tenerife, 16,16 millones para Gran Canaria, 25,5 para el GranTeCan y, como medidas complementarias, 11,5 millones para el Fondo Jeremie Canarias, 20 para el Fondo Innovaci\u00f3n y 11,99 millones para la creaci\u00f3n de un fondo para financiar proyectos de I+D.<\/p>\n<p style=\"text-align: justify;\">\u201cTodas estas medidas, parques tecnol\u00f3gicos y medidas complementarias suman un importe de 121.313.491,36 euros\u201d, detall\u00f3. Lavandera abog\u00f3 por una estrategia de comercializaci\u00f3n conjunta, coordinada y eficaz del potencial de los parques tecnol\u00f3gicos. \u201cLlevamos tiempo escuchando las bondades de nuestro sistema fiscal y la colaboraci\u00f3n entre administraciones para atraer inversi\u00f3n y proyectos empresariales a Canarias vinculados a los beneficios fiscales, circunstancias que se deben aprovechar para promover acciones para \u2018llenar\u2019 los parques tecnol\u00f3gicos una vez est\u00e9n finalizados\u201d, dijo.<\/p>\n<p style=\"text-align: justify;\">En su intervenci\u00f3n, subray\u00f3 la importancia de los parques cient\u00edficos y tecnol\u00f3gicos en cuanto a que concentran la I+D privada en los lugares donde se ubican y son, por tanto, motores para el crecimiento de la inversi\u00f3n, tambi\u00e9n p\u00fablica. Remarc\u00f3 su contribuci\u00f3n a la creaci\u00f3n de puestos de trabajo, la mayor\u00eda de alta cualificaci\u00f3n, y a la dinamizaci\u00f3n de los sectores empresariales, as\u00ed como la atracci\u00f3n de capital o la creaci\u00f3n de empresas de base tecnol\u00f3gica.<\/p>\n<p style=\"text-align: justify;\">\u201cLa diversificaci\u00f3n de los sectores productivos permite soportar mejor los ciclos econ\u00f3micos desfavorables, m\u00e1s a\u00fan en Canarias, donde un solo sector, el turismo, tiene un peso tan importante, y todo ello generando oportunidades de internacionalizaci\u00f3n de nuestra econom\u00eda, otro objetivo de este Gobierno que compartimos plenamente\u201d.<\/p>\n","protected":false},"excerpt":{"rendered":"<p>I\u00f1aki Lavandera solicita al Gobierno de Canarias una estrategia de promoci\u00f3n y captaci\u00f3n de empresas que ayude a impulsar el nivel de ocupaci\u00f3n de este espacio<\/p>\n","protected":false},"author":1,"featured_media":1575,"comment_status":"open","ping_status":"open","sticky":false,"template":"","format":"standard","meta":{"footnotes":""},"categories":[7],"tags":[320,31,293,32,37,333,216],"class_list":["post-1574","post","type-post","status-publish","format-standard","has-post-thumbnail","hentry","category-politica","tag-diputado","tag-fuerteventura","tag-grupo-parlamentario-socialista-canario","tag-inaki-lavandera","tag-parlamento","tag-parque-tecnologico","tag-portavoz"],"featured_image_src":"https:\/\/psoecanarias.com\/web\/wp-content\/uploads\/2016\/03\/ILavandera.jpg","author_info":{"display_name":"PSOE Canarias","author_link":"https:\/\/psoecanarias.com\/web\/author\/admin\/"},"yoast_head":"<!-- This site is optimized with the Yoast SEO plugin v27.2 - https:\/\/yoast.com\/product\/yoast-seo-wordpress\/ -->\n<title>El PSOE pide al Gobierno canario una apuesta decidida por el Parque Tecnol\u00f3gico de Fuerteventura | PSOE Canarias<\/title>\n<meta name=\"robots\" content=\"index, follow, max-snippet:-1, max-image-preview:large, max-video-preview:-1\" \/>\n<link rel=\"canonical\" href=\"https:\/\/psoecanarias.com\/web\/1574-2\/\" \/>\n<meta property=\"og:locale\" content=\"es_ES\" \/>\n<meta property=\"og:type\" content=\"article\" \/>\n<meta property=\"og:title\" content=\"El PSOE pide al Gobierno canario una apuesta decidida por el Parque Tecnol\u00f3gico de Fuerteventura | PSOE Canarias\" \/>\n<meta property=\"og:description\" content=\"I\u00f1aki Lavandera solicita al Gobierno de Canarias una estrategia de promoci\u00f3n y captaci\u00f3n de empresas que ayude a impulsar el nivel de ocupaci\u00f3n de este espacio\" \/>\n<meta property=\"og:url\" content=\"https:\/\/psoecanarias.com\/web\/1574-2\/\" \/>\n<meta property=\"og:site_name\" content=\"PSOE Canarias\" \/>\n<meta property=\"article:published_time\" content=\"2016-03-03T17:30:29+00:00\" \/>\n<meta property=\"og:image\" content=\"https:\/\/psoecanarias.com\/web\/wp-content\/uploads\/2016\/03\/ILavandera.jpg\" \/>\n\t<meta property=\"og:image:width\" content=\"533\" \/>\n\t<meta property=\"og:image:height\" content=\"800\" \/>\n\t<meta property=\"og:image:type\" content=\"image\/jpeg\" \/>\n<meta name=\"author\" content=\"PSOE Canarias\" \/>\n<meta name=\"twitter:card\" content=\"summary_large_image\" \/>\n<script type=\"application\/ld+json\" class=\"yoast-schema-graph\">{\"@context\":\"https:\/\/schema.org\",\"@graph\":[{\"@type\":\"Article\",\"@id\":\"https:\/\/psoecanarias.com\/web\/1574-2\/#article\",\"isPartOf\":{\"@id\":\"https:\/\/psoecanarias.com\/web\/1574-2\/\"},\"author\":{\"name\":\"PSOE Canarias\",\"@id\":\"https:\/\/psoecanarias.com\/web\/#\/schema\/person\/1ae43f9659d2fc599ca69c11e1dbf26f\"},\"headline\":\"El PSOE pide al Gobierno canario una apuesta decidida por el Parque Tecnol\u00f3gico de Fuerteventura\",\"datePublished\":\"2016-03-03T17:30:29+00:00\",\"mainEntityOfPage\":{\"@id\":\"https:\/\/psoecanarias.com\/web\/1574-2\/\"},\"wordCount\":485,\"commentCount\":0,\"image\":{\"@id\":\"https:\/\/psoecanarias.com\/web\/1574-2\/#primaryimage\"},\"thumbnailUrl\":\"https:\/\/psoecanarias.com\/web\/wp-content\/uploads\/2016\/03\/ILavandera.jpg\",\"keywords\":[\"Diputado\",\"Fuerteventura\",\"Grupo Parlamentario Socialista Canario\",\"I\u00f1aki Lavandera\",\"Parlamento\",\"Parque Tecnol\u00f3gico\",\"portavoz\"],\"articleSection\":[\"Pol\u00edtica\"],\"inLanguage\":\"es\",\"potentialAction\":[{\"@type\":\"CommentAction\",\"name\":\"Comment\",\"target\":[\"https:\/\/psoecanarias.com\/web\/1574-2\/#respond\"]}]},{\"@type\":\"WebPage\",\"@id\":\"https:\/\/psoecanarias.com\/web\/1574-2\/\",\"url\":\"https:\/\/psoecanarias.com\/web\/1574-2\/\",\"name\":\"El PSOE pide al Gobierno canario una apuesta decidida por el Parque Tecnol\u00f3gico de Fuerteventura | PSOE Canarias\",\"isPartOf\":{\"@id\":\"https:\/\/psoecanarias.com\/web\/#website\"},\"primaryImageOfPage\":{\"@id\":\"https:\/\/psoecanarias.com\/web\/1574-2\/#primaryimage\"},\"image\":{\"@id\":\"https:\/\/psoecanarias.com\/web\/1574-2\/#primaryimage\"},\"thumbnailUrl\":\"https:\/\/psoecanarias.com\/web\/wp-content\/uploads\/2016\/03\/ILavandera.jpg\",\"datePublished\":\"2016-03-03T17:30:29+00:00\",\"author\":{\"@id\":\"https:\/\/psoecanarias.com\/web\/#\/schema\/person\/1ae43f9659d2fc599ca69c11e1dbf26f\"},\"breadcrumb\":{\"@id\":\"https:\/\/psoecanarias.com\/web\/1574-2\/#breadcrumb\"},\"inLanguage\":\"es\",\"potentialAction\":[{\"@type\":\"ReadAction\",\"target\":[\"https:\/\/psoecanarias.com\/web\/1574-2\/\"]}]},{\"@type\":\"ImageObject\",\"inLanguage\":\"es\",\"@id\":\"https:\/\/psoecanarias.com\/web\/1574-2\/#primaryimage\",\"url\":\"https:\/\/psoecanarias.com\/web\/wp-content\/uploads\/2016\/03\/ILavandera.jpg\",\"contentUrl\":\"https:\/\/psoecanarias.com\/web\/wp-content\/uploads\/2016\/03\/ILavandera.jpg\",\"width\":533,\"height\":800},{\"@type\":\"BreadcrumbList\",\"@id\":\"https:\/\/psoecanarias.com\/web\/1574-2\/#breadcrumb\",\"itemListElement\":[{\"@type\":\"ListItem\",\"position\":1,\"name\":\"Portada\",\"item\":\"https:\/\/psoecanarias.com\/web\/\"},{\"@type\":\"ListItem\",\"position\":2,\"name\":\"El PSOE pide al Gobierno canario una apuesta decidida por el Parque Tecnol\u00f3gico de Fuerteventura\"}]},{\"@type\":\"WebSite\",\"@id\":\"https:\/\/psoecanarias.com\/web\/#website\",\"url\":\"https:\/\/psoecanarias.com\/web\/\",\"name\":\"PSOE Canarias\",\"description\":\"Partido Socialista Obrero Espa\u00f1ol Canarias\",\"potentialAction\":[{\"@type\":\"SearchAction\",\"target\":{\"@type\":\"EntryPoint\",\"urlTemplate\":\"https:\/\/psoecanarias.com\/web\/?s={search_term_string}\"},\"query-input\":{\"@type\":\"PropertyValueSpecification\",\"valueRequired\":true,\"valueName\":\"search_term_string\"}}],\"inLanguage\":\"es\"},{\"@type\":\"Person\",\"@id\":\"https:\/\/psoecanarias.com\/web\/#\/schema\/person\/1ae43f9659d2fc599ca69c11e1dbf26f\",\"name\":\"PSOE Canarias\",\"image\":{\"@type\":\"ImageObject\",\"inLanguage\":\"es\",\"@id\":\"https:\/\/secure.gravatar.com\/avatar\/4364d37f6f6f9cdb7af199b46151565f37d8a8c3c0e04c1d78c04e857a15e3a8?s=96&d=mm&r=g\",\"url\":\"https:\/\/secure.gravatar.com\/avatar\/4364d37f6f6f9cdb7af199b46151565f37d8a8c3c0e04c1d78c04e857a15e3a8?s=96&d=mm&r=g\",\"contentUrl\":\"https:\/\/secure.gravatar.com\/avatar\/4364d37f6f6f9cdb7af199b46151565f37d8a8c3c0e04c1d78c04e857a15e3a8?s=96&d=mm&r=g\",\"caption\":\"PSOE Canarias\"},\"url\":\"https:\/\/psoecanarias.com\/web\/author\/admin\/\"}]}<\/script>\n<!-- \/ Yoast SEO plugin. -->","yoast_head_json":{"title":"El PSOE pide al Gobierno canario una apuesta decidida por el Parque Tecnol\u00f3gico de Fuerteventura | PSOE Canarias","robots":{"index":"index","follow":"follow","max-snippet":"max-snippet:-1","max-image-preview":"max-image-preview:large","max-video-preview":"max-video-preview:-1"},"canonical":"https:\/\/psoecanarias.com\/web\/1574-2\/","og_locale":"es_ES","og_type":"article","og_title":"El PSOE pide al Gobierno canario una apuesta decidida por el Parque Tecnol\u00f3gico de Fuerteventura | PSOE Canarias","og_description":"I\u00f1aki Lavandera solicita al Gobierno de Canarias una estrategia de promoci\u00f3n y captaci\u00f3n de empresas que ayude a impulsar el nivel de ocupaci\u00f3n de este espacio","og_url":"https:\/\/psoecanarias.com\/web\/1574-2\/","og_site_name":"PSOE Canarias","article_published_time":"2016-03-03T17:30:29+00:00","og_image":[{"width":533,"height":800,"url":"https:\/\/psoecanarias.com\/web\/wp-content\/uploads\/2016\/03\/ILavandera.jpg","type":"image\/jpeg"}],"author":"PSOE Canarias","twitter_card":"summary_large_image","schema":{"@context":"https:\/\/schema.org","@graph":[{"@type":"Article","@id":"https:\/\/psoecanarias.com\/web\/1574-2\/#article","isPartOf":{"@id":"https:\/\/psoecanarias.com\/web\/1574-2\/"},"author":{"name":"PSOE Canarias","@id":"https:\/\/psoecanarias.com\/web\/#\/schema\/person\/1ae43f9659d2fc599ca69c11e1dbf26f"},"headline":"El PSOE pide al Gobierno canario una apuesta decidida por el Parque Tecnol\u00f3gico de Fuerteventura","datePublished":"2016-03-03T17:30:29+00:00","mainEntityOfPage":{"@id":"https:\/\/psoecanarias.com\/web\/1574-2\/"},"wordCount":485,"commentCount":0,"image":{"@id":"https:\/\/psoecanarias.com\/web\/1574-2\/#primaryimage"},"thumbnailUrl":"https:\/\/psoecanarias.com\/web\/wp-content\/uploads\/2016\/03\/ILavandera.jpg","keywords":["Diputado","Fuerteventura","Grupo Parlamentario Socialista Canario","I\u00f1aki Lavandera","Parlamento","Parque Tecnol\u00f3gico","portavoz"],"articleSection":["Pol\u00edtica"],"inLanguage":"es","potentialAction":[{"@type":"CommentAction","name":"Comment","target":["https:\/\/psoecanarias.com\/web\/1574-2\/#respond"]}]},{"@type":"WebPage","@id":"https:\/\/psoecanarias.com\/web\/1574-2\/","url":"https:\/\/psoecanarias.com\/web\/1574-2\/","name":"El PSOE pide al Gobierno canario una apuesta decidida por el Parque Tecnol\u00f3gico de Fuerteventura | PSOE Canarias","isPartOf":{"@id":"https:\/\/psoecanarias.com\/web\/#website"},"primaryImageOfPage":{"@id":"https:\/\/psoecanarias.com\/web\/1574-2\/#primaryimage"},"image":{"@id":"https:\/\/psoecanarias.com\/web\/1574-2\/#primaryimage"},"thumbnailUrl":"https:\/\/psoecanarias.com\/web\/wp-content\/uploads\/2016\/03\/ILavandera.jpg","datePublished":"2016-03-03T17:30:29+00:00","author":{"@id":"https:\/\/psoecanarias.com\/web\/#\/schema\/person\/1ae43f9659d2fc599ca69c11e1dbf26f"},"breadcrumb":{"@id":"https:\/\/psoecanarias.com\/web\/1574-2\/#breadcrumb"},"inLanguage":"es","potentialAction":[{"@type":"ReadAction","target":["https:\/\/psoecanarias.com\/web\/1574-2\/"]}]},{"@type":"ImageObject","inLanguage":"es","@id":"https:\/\/psoecanarias.com\/web\/1574-2\/#primaryimage","url":"https:\/\/psoecanarias.com\/web\/wp-content\/uploads\/2016\/03\/ILavandera.jpg","contentUrl":"https:\/\/psoecanarias.com\/web\/wp-content\/uploads\/2016\/03\/ILavandera.jpg","width":533,"height":800},{"@type":"BreadcrumbList","@id":"https:\/\/psoecanarias.com\/web\/1574-2\/#breadcrumb","itemListElement":[{"@type":"ListItem","position":1,"name":"Portada","item":"https:\/\/psoecanarias.com\/web\/"},{"@type":"ListItem","position":2,"name":"El PSOE pide al Gobierno canario una apuesta decidida por el Parque Tecnol\u00f3gico de Fuerteventura"}]},{"@type":"WebSite","@id":"https:\/\/psoecanarias.com\/web\/#website","url":"https:\/\/psoecanarias.com\/web\/","name":"PSOE Canarias","description":"Partido Socialista Obrero Espa\u00f1ol Canarias","potentialAction":[{"@type":"SearchAction","target":{"@type":"EntryPoint","urlTemplate":"https:\/\/psoecanarias.com\/web\/?s={search_term_string}"},"query-input":{"@type":"PropertyValueSpecification","valueRequired":true,"valueName":"search_term_string"}}],"inLanguage":"es"},{"@type":"Person","@id":"https:\/\/psoecanarias.com\/web\/#\/schema\/person\/1ae43f9659d2fc599ca69c11e1dbf26f","name":"PSOE Canarias","image":{"@type":"ImageObject","inLanguage":"es","@id":"https:\/\/secure.gravatar.com\/avatar\/4364d37f6f6f9cdb7af199b46151565f37d8a8c3c0e04c1d78c04e857a15e3a8?s=96&d=mm&r=g","url":"https:\/\/secure.gravatar.com\/avatar\/4364d37f6f6f9cdb7af199b46151565f37d8a8c3c0e04c1d78c04e857a15e3a8?s=96&d=mm&r=g","contentUrl":"https:\/\/secure.gravatar.com\/avatar\/4364d37f6f6f9cdb7af199b46151565f37d8a8c3c0e04c1d78c04e857a15e3a8?s=96&d=mm&r=g","caption":"PSOE Canarias"},"url":"https:\/\/psoecanarias.com\/web\/author\/admin\/"}]}},"_links":{"self":[{"href":"https:\/\/psoecanarias.com\/web\/wp-json\/wp\/v2\/posts\/1574","targetHints":{"allow":["GET"]}}],"collection":[{"href":"https:\/\/psoecanarias.com\/web\/wp-json\/wp\/v2\/posts"}],"about":[{"href":"https:\/\/psoecanarias.com\/web\/wp-json\/wp\/v2\/types\/post"}],"author":[{"embeddable":true,"href":"https:\/\/psoecanarias.com\/web\/wp-json\/wp\/v2\/users\/1"}],"replies":[{"embeddable":true,"href":"https:\/\/psoecanarias.com\/web\/wp-json\/wp\/v2\/comments?post=1574"}],"version-history":[{"count":1,"href":"https:\/\/psoecanarias.com\/web\/wp-json\/wp\/v2\/posts\/1574\/revisions"}],"predecessor-version":[{"id":1576,"href":"https:\/\/psoecanarias.com\/web\/wp-json\/wp\/v2\/posts\/1574\/revisions\/1576"}],"wp:featuredmedia":[{"embeddable":true,"href":"https:\/\/psoecanarias.com\/web\/wp-json\/wp\/v2\/media\/1575"}],"wp:attachment":[{"href":"https:\/\/psoecanarias.com\/web\/wp-json\/wp\/v2\/media?parent=1574"}],"wp:term":[{"taxonomy":"category","embeddable":true,"href":"https:\/\/psoecanarias.com\/web\/wp-json\/wp\/v2\/categories?post=1574"},{"taxonomy":"post_tag","embeddable":true,"href":"https:\/\/psoecanarias.com\/web\/wp-json\/wp\/v2\/tags?post=1574"}],"curies":[{"name":"wp","href":"https:\/\/api.w.org\/{rel}","templated":true}]}}