{"id":1577,"date":"2016-03-03T17:40:00","date_gmt":"2016-03-03T17:40:00","guid":{"rendered":"http:\/\/psoecanarias.com\/web\/?p=1577"},"modified":"2016-03-03T17:40:00","modified_gmt":"2016-03-03T17:40:00","slug":"1577-2","status":"publish","type":"post","link":"https:\/\/psoecanarias.com\/web\/1577-2\/","title":{"rendered":"El PSOE apuesta por una estrategia de comercializaci\u00f3n conjunta para los parques tecnol\u00f3gicos"},"content":{"rendered":"<p style=\"text-align: justify;\"><em>XH\/ <\/em>El portavoz del Grupo Socialista en la C\u00e1mara, I\u00f1aki Lavandera, expres\u00f3 hoy, en comisi\u00f3n parlamentaria, la apuesta del PSOE por una estrategia de comercializaci\u00f3n conjunta, coordinada y eficaz del potencial de los parques tecnol\u00f3gicos. \u201cLlevamos tiempo escuchando las bondades de nuestro sistema fiscal y la colaboraci\u00f3n entre administraciones para atraer inversi\u00f3n y proyectos empresariales a Canarias vinculados a los beneficios fiscales, circunstancias que se deben aprovechar para promover acciones para \u2018llenar\u2019 los parques tecnol\u00f3gicos una vez est\u00e9n finalizados\u201d, dijo.<\/p>\n<p style=\"text-align: justify;\">En su intervenci\u00f3n, subray\u00f3 la importancia de los parques cient\u00edficos y tecnol\u00f3gicos en cuanto a que concentran la I+D privada en los lugares donde se ubican y son, por tanto, motores para el crecimiento de la inversi\u00f3n, tambi\u00e9n p\u00fablica. Remarc\u00f3 su contribuci\u00f3n a la creaci\u00f3n de puestos de trabajo, la mayor\u00eda de alta cualificaci\u00f3n, y a la dinamizaci\u00f3n de los sectores empresariales, as\u00ed como la atracci\u00f3n de capital o la creaci\u00f3n de empresas de base tecnol\u00f3gica.<\/p>\n<p style=\"text-align: justify;\">\u201cLa diversificaci\u00f3n de los sectores productivos permite soportar mejor los ciclos econ\u00f3micos desfavorables, m\u00e1s a\u00fan en Canarias, donde un solo sector, el turismo, tiene un peso tan importante, y todo ello generando oportunidades de internacionalizaci\u00f3n de nuestra econom\u00eda, otro objetivo de este Gobierno que compartimos plenamente\u201d. Lavandera destac\u00f3 la apuesta decidida que en d\u00eda hizo el Gobierno socialista de Rodr\u00edguez Zapatero por un cambio de modelo productivo en Espa\u00f1a y tambi\u00e9n en Canarias, que qued\u00f3 materializada con la firma de un convenio entre la Comunidad Aut\u00f3noma y el Ministerio en 2009.<\/p>\n<p style=\"text-align: justify;\">MEJORAR LA PROMOCI\u00d3N<\/p>\n<p style=\"text-align: justify;\">El portavoz del PSOE hizo un recorrido por la situaci\u00f3n de los parques tecnol\u00f3gicos canarios. Sobre Fuerteventura, se\u00f1al\u00f3 que a fecha de hoy s\u00f3lo hay 13 empresas instaladas en el \u00fanico edificio construido, mientras que en Gran Canaria, a pesar de no estar finalizado, se cuenta con 41 empresas. En Tenerife, los datos del Gobierno canario apuntan a un total de 11 empresas instaladas.<\/p>\n<p style=\"text-align: justify;\">En este punto, dijo el anterior director de la Agencia Canaria de Investigaci\u00f3n, Innovaci\u00f3n y Sociedad de la Informaci\u00f3n afirmaba que en el 2017, los parques tecnol\u00f3gicos del archipi\u00e9lago tendr\u00edan instaladas 300 empresas con no menos de 10.000 empleos, \u201cpero lo cierto es que la consecuci\u00f3n de ese objetivo no parece nada f\u00e1cil\u201d. Por ello, insisti\u00f3 en la necesidad de que se articule una verdadera pol\u00edtica de promoci\u00f3n y atracci\u00f3n de empresas a esos parques, \u201cporque debe ser una obligaci\u00f3n del Gobierno de Canarias ayudar a la mejora del ritmo de ocupaci\u00f3n de estos espacios por parte de las posibles empresas interesadas y no dejarlo en manos de cada uno de los entes que los gestionan\u201d.<\/p>\n","protected":false},"excerpt":{"rendered":"<p>I\u00f1aki Lavandera recuerda una apuesta decidida por estos espacios se traducir\u00e1 en creaci\u00f3n de empleo de calidad. Recuerda que fue el Gobierno socialista de Zapatero el que suscribi\u00f3 con Canarias un convenio por el que se preve\u00eda prestar 150 millones de euros al Gobierno de Canarias para desarrollar una red de parques tecnol\u00f3gicos e insiste en la necesidad de que se articule una verdadera pol\u00edtica de promoci\u00f3n y atracci\u00f3n de empresas a esos parques<\/p>\n","protected":false},"author":1,"featured_media":1310,"comment_status":"open","ping_status":"open","sticky":false,"template":"","format":"standard","meta":{"footnotes":""},"categories":[7],"tags":[11,406,320,293,32,37,405,216],"class_list":["post-1577","post","type-post","status-publish","format-standard","has-post-thumbnail","hentry","category-politica","tag-canarias","tag-comercializacion-cojunta","tag-diputado","tag-grupo-parlamentario-socialista-canario","tag-inaki-lavandera","tag-parlamento","tag-parques-tecnologicos","tag-portavoz"],"featured_image_src":"https:\/\/psoecanarias.com\/web\/wp-content\/uploads\/2016\/01\/I--AKI-LAVANDERA-e1454522063458.jpg","author_info":{"display_name":"PSOE Canarias","author_link":"https:\/\/psoecanarias.com\/web\/author\/admin\/"},"yoast_head":"<!-- This site is optimized with the Yoast SEO plugin v27.2 - https:\/\/yoast.com\/product\/yoast-seo-wordpress\/ -->\n<title>El PSOE apuesta por una estrategia de comercializaci\u00f3n conjunta para los parques tecnol\u00f3gicos | PSOE Canarias<\/title>\n<meta name=\"robots\" content=\"index, follow, max-snippet:-1, max-image-preview:large, max-video-preview:-1\" \/>\n<link rel=\"canonical\" href=\"https:\/\/psoecanarias.com\/web\/1577-2\/\" \/>\n<meta property=\"og:locale\" content=\"es_ES\" \/>\n<meta property=\"og:type\" content=\"article\" \/>\n<meta property=\"og:title\" content=\"El PSOE apuesta por una estrategia de comercializaci\u00f3n conjunta para los parques tecnol\u00f3gicos | PSOE Canarias\" \/>\n<meta property=\"og:description\" content=\"I\u00f1aki Lavandera recuerda una apuesta decidida por estos espacios se traducir\u00e1 en creaci\u00f3n de empleo de calidad. Recuerda que fue el Gobierno socialista de Zapatero el que suscribi\u00f3 con Canarias un convenio por el que se preve\u00eda prestar 150 millones de euros al Gobierno de Canarias para desarrollar una red de parques tecnol\u00f3gicos e insiste en la necesidad de que se articule una verdadera pol\u00edtica de promoci\u00f3n y atracci\u00f3n de empresas a esos parques\" \/>\n<meta property=\"og:url\" content=\"https:\/\/psoecanarias.com\/web\/1577-2\/\" \/>\n<meta property=\"og:site_name\" content=\"PSOE Canarias\" \/>\n<meta property=\"article:published_time\" content=\"2016-03-03T17:40:00+00:00\" \/>\n<meta property=\"og:image\" content=\"https:\/\/psoecanarias.com\/web\/wp-content\/uploads\/2016\/01\/I--AKI-LAVANDERA-e1454522063458.jpg\" \/>\n\t<meta property=\"og:image:width\" content=\"700\" \/>\n\t<meta property=\"og:image:height\" content=\"467\" \/>\n\t<meta property=\"og:image:type\" content=\"image\/jpeg\" \/>\n<meta name=\"author\" content=\"PSOE Canarias\" \/>\n<meta name=\"twitter:card\" content=\"summary_large_image\" \/>\n<script type=\"application\/ld+json\" class=\"yoast-schema-graph\">{\"@context\":\"https:\/\/schema.org\",\"@graph\":[{\"@type\":\"Article\",\"@id\":\"https:\/\/psoecanarias.com\/web\/1577-2\/#article\",\"isPartOf\":{\"@id\":\"https:\/\/psoecanarias.com\/web\/1577-2\/\"},\"author\":{\"name\":\"PSOE Canarias\",\"@id\":\"https:\/\/psoecanarias.com\/web\/#\/schema\/person\/1ae43f9659d2fc599ca69c11e1dbf26f\"},\"headline\":\"El PSOE apuesta por una estrategia de comercializaci\u00f3n conjunta para los parques tecnol\u00f3gicos\",\"datePublished\":\"2016-03-03T17:40:00+00:00\",\"mainEntityOfPage\":{\"@id\":\"https:\/\/psoecanarias.com\/web\/1577-2\/\"},\"wordCount\":491,\"commentCount\":0,\"image\":{\"@id\":\"https:\/\/psoecanarias.com\/web\/1577-2\/#primaryimage\"},\"thumbnailUrl\":\"https:\/\/psoecanarias.com\/web\/wp-content\/uploads\/2016\/01\/I--AKI-LAVANDERA-e1454522063458.jpg\",\"keywords\":[\"Canarias\",\"Comercializaci\u00f3n cojunta\",\"Diputado\",\"Grupo Parlamentario Socialista Canario\",\"I\u00f1aki Lavandera\",\"Parlamento\",\"Parques Tecnol\u00f3gicos\",\"portavoz\"],\"articleSection\":[\"Pol\u00edtica\"],\"inLanguage\":\"es\",\"potentialAction\":[{\"@type\":\"CommentAction\",\"name\":\"Comment\",\"target\":[\"https:\/\/psoecanarias.com\/web\/1577-2\/#respond\"]}]},{\"@type\":\"WebPage\",\"@id\":\"https:\/\/psoecanarias.com\/web\/1577-2\/\",\"url\":\"https:\/\/psoecanarias.com\/web\/1577-2\/\",\"name\":\"El PSOE apuesta por una estrategia de comercializaci\u00f3n conjunta para los parques tecnol\u00f3gicos | PSOE Canarias\",\"isPartOf\":{\"@id\":\"https:\/\/psoecanarias.com\/web\/#website\"},\"primaryImageOfPage\":{\"@id\":\"https:\/\/psoecanarias.com\/web\/1577-2\/#primaryimage\"},\"image\":{\"@id\":\"https:\/\/psoecanarias.com\/web\/1577-2\/#primaryimage\"},\"thumbnailUrl\":\"https:\/\/psoecanarias.com\/web\/wp-content\/uploads\/2016\/01\/I--AKI-LAVANDERA-e1454522063458.jpg\",\"datePublished\":\"2016-03-03T17:40:00+00:00\",\"author\":{\"@id\":\"https:\/\/psoecanarias.com\/web\/#\/schema\/person\/1ae43f9659d2fc599ca69c11e1dbf26f\"},\"breadcrumb\":{\"@id\":\"https:\/\/psoecanarias.com\/web\/1577-2\/#breadcrumb\"},\"inLanguage\":\"es\",\"potentialAction\":[{\"@type\":\"ReadAction\",\"target\":[\"https:\/\/psoecanarias.com\/web\/1577-2\/\"]}]},{\"@type\":\"ImageObject\",\"inLanguage\":\"es\",\"@id\":\"https:\/\/psoecanarias.com\/web\/1577-2\/#primaryimage\",\"url\":\"https:\/\/psoecanarias.com\/web\/wp-content\/uploads\/2016\/01\/I--AKI-LAVANDERA-e1454522063458.jpg\",\"contentUrl\":\"https:\/\/psoecanarias.com\/web\/wp-content\/uploads\/2016\/01\/I--AKI-LAVANDERA-e1454522063458.jpg\",\"width\":700,\"height\":467},{\"@type\":\"BreadcrumbList\",\"@id\":\"https:\/\/psoecanarias.com\/web\/1577-2\/#breadcrumb\",\"itemListElement\":[{\"@type\":\"ListItem\",\"position\":1,\"name\":\"Portada\",\"item\":\"https:\/\/psoecanarias.com\/web\/\"},{\"@type\":\"ListItem\",\"position\":2,\"name\":\"El PSOE apuesta por una estrategia de comercializaci\u00f3n conjunta para los parques tecnol\u00f3gicos\"}]},{\"@type\":\"WebSite\",\"@id\":\"https:\/\/psoecanarias.com\/web\/#website\",\"url\":\"https:\/\/psoecanarias.com\/web\/\",\"name\":\"PSOE Canarias\",\"description\":\"Partido Socialista Obrero Espa\u00f1ol Canarias\",\"potentialAction\":[{\"@type\":\"SearchAction\",\"target\":{\"@type\":\"EntryPoint\",\"urlTemplate\":\"https:\/\/psoecanarias.com\/web\/?s={search_term_string}\"},\"query-input\":{\"@type\":\"PropertyValueSpecification\",\"valueRequired\":true,\"valueName\":\"search_term_string\"}}],\"inLanguage\":\"es\"},{\"@type\":\"Person\",\"@id\":\"https:\/\/psoecanarias.com\/web\/#\/schema\/person\/1ae43f9659d2fc599ca69c11e1dbf26f\",\"name\":\"PSOE Canarias\",\"image\":{\"@type\":\"ImageObject\",\"inLanguage\":\"es\",\"@id\":\"https:\/\/secure.gravatar.com\/avatar\/4364d37f6f6f9cdb7af199b46151565f37d8a8c3c0e04c1d78c04e857a15e3a8?s=96&d=mm&r=g\",\"url\":\"https:\/\/secure.gravatar.com\/avatar\/4364d37f6f6f9cdb7af199b46151565f37d8a8c3c0e04c1d78c04e857a15e3a8?s=96&d=mm&r=g\",\"contentUrl\":\"https:\/\/secure.gravatar.com\/avatar\/4364d37f6f6f9cdb7af199b46151565f37d8a8c3c0e04c1d78c04e857a15e3a8?s=96&d=mm&r=g\",\"caption\":\"PSOE Canarias\"},\"url\":\"https:\/\/psoecanarias.com\/web\/author\/admin\/\"}]}<\/script>\n<!-- \/ Yoast SEO plugin. -->","yoast_head_json":{"title":"El PSOE apuesta por una estrategia de comercializaci\u00f3n conjunta para los parques tecnol\u00f3gicos | PSOE Canarias","robots":{"index":"index","follow":"follow","max-snippet":"max-snippet:-1","max-image-preview":"max-image-preview:large","max-video-preview":"max-video-preview:-1"},"canonical":"https:\/\/psoecanarias.com\/web\/1577-2\/","og_locale":"es_ES","og_type":"article","og_title":"El PSOE apuesta por una estrategia de comercializaci\u00f3n conjunta para los parques tecnol\u00f3gicos | PSOE Canarias","og_description":"I\u00f1aki Lavandera recuerda una apuesta decidida por estos espacios se traducir\u00e1 en creaci\u00f3n de empleo de calidad. Recuerda que fue el Gobierno socialista de Zapatero el que suscribi\u00f3 con Canarias un convenio por el que se preve\u00eda prestar 150 millones de euros al Gobierno de Canarias para desarrollar una red de parques tecnol\u00f3gicos e insiste en la necesidad de que se articule una verdadera pol\u00edtica de promoci\u00f3n y atracci\u00f3n de empresas a esos parques","og_url":"https:\/\/psoecanarias.com\/web\/1577-2\/","og_site_name":"PSOE Canarias","article_published_time":"2016-03-03T17:40:00+00:00","og_image":[{"width":700,"height":467,"url":"https:\/\/psoecanarias.com\/web\/wp-content\/uploads\/2016\/01\/I--AKI-LAVANDERA-e1454522063458.jpg","type":"image\/jpeg"}],"author":"PSOE Canarias","twitter_card":"summary_large_image","schema":{"@context":"https:\/\/schema.org","@graph":[{"@type":"Article","@id":"https:\/\/psoecanarias.com\/web\/1577-2\/#article","isPartOf":{"@id":"https:\/\/psoecanarias.com\/web\/1577-2\/"},"author":{"name":"PSOE Canarias","@id":"https:\/\/psoecanarias.com\/web\/#\/schema\/person\/1ae43f9659d2fc599ca69c11e1dbf26f"},"headline":"El PSOE apuesta por una estrategia de comercializaci\u00f3n conjunta para los parques tecnol\u00f3gicos","datePublished":"2016-03-03T17:40:00+00:00","mainEntityOfPage":{"@id":"https:\/\/psoecanarias.com\/web\/1577-2\/"},"wordCount":491,"commentCount":0,"image":{"@id":"https:\/\/psoecanarias.com\/web\/1577-2\/#primaryimage"},"thumbnailUrl":"https:\/\/psoecanarias.com\/web\/wp-content\/uploads\/2016\/01\/I--AKI-LAVANDERA-e1454522063458.jpg","keywords":["Canarias","Comercializaci\u00f3n cojunta","Diputado","Grupo Parlamentario Socialista Canario","I\u00f1aki Lavandera","Parlamento","Parques Tecnol\u00f3gicos","portavoz"],"articleSection":["Pol\u00edtica"],"inLanguage":"es","potentialAction":[{"@type":"CommentAction","name":"Comment","target":["https:\/\/psoecanarias.com\/web\/1577-2\/#respond"]}]},{"@type":"WebPage","@id":"https:\/\/psoecanarias.com\/web\/1577-2\/","url":"https:\/\/psoecanarias.com\/web\/1577-2\/","name":"El PSOE apuesta por una estrategia de comercializaci\u00f3n conjunta para los parques tecnol\u00f3gicos | PSOE Canarias","isPartOf":{"@id":"https:\/\/psoecanarias.com\/web\/#website"},"primaryImageOfPage":{"@id":"https:\/\/psoecanarias.com\/web\/1577-2\/#primaryimage"},"image":{"@id":"https:\/\/psoecanarias.com\/web\/1577-2\/#primaryimage"},"thumbnailUrl":"https:\/\/psoecanarias.com\/web\/wp-content\/uploads\/2016\/01\/I--AKI-LAVANDERA-e1454522063458.jpg","datePublished":"2016-03-03T17:40:00+00:00","author":{"@id":"https:\/\/psoecanarias.com\/web\/#\/schema\/person\/1ae43f9659d2fc599ca69c11e1dbf26f"},"breadcrumb":{"@id":"https:\/\/psoecanarias.com\/web\/1577-2\/#breadcrumb"},"inLanguage":"es","potentialAction":[{"@type":"ReadAction","target":["https:\/\/psoecanarias.com\/web\/1577-2\/"]}]},{"@type":"ImageObject","inLanguage":"es","@id":"https:\/\/psoecanarias.com\/web\/1577-2\/#primaryimage","url":"https:\/\/psoecanarias.com\/web\/wp-content\/uploads\/2016\/01\/I--AKI-LAVANDERA-e1454522063458.jpg","contentUrl":"https:\/\/psoecanarias.com\/web\/wp-content\/uploads\/2016\/01\/I--AKI-LAVANDERA-e1454522063458.jpg","width":700,"height":467},{"@type":"BreadcrumbList","@id":"https:\/\/psoecanarias.com\/web\/1577-2\/#breadcrumb","itemListElement":[{"@type":"ListItem","position":1,"name":"Portada","item":"https:\/\/psoecanarias.com\/web\/"},{"@type":"ListItem","position":2,"name":"El PSOE apuesta por una estrategia de comercializaci\u00f3n conjunta para los parques tecnol\u00f3gicos"}]},{"@type":"WebSite","@id":"https:\/\/psoecanarias.com\/web\/#website","url":"https:\/\/psoecanarias.com\/web\/","name":"PSOE Canarias","description":"Partido Socialista Obrero Espa\u00f1ol Canarias","potentialAction":[{"@type":"SearchAction","target":{"@type":"EntryPoint","urlTemplate":"https:\/\/psoecanarias.com\/web\/?s={search_term_string}"},"query-input":{"@type":"PropertyValueSpecification","valueRequired":true,"valueName":"search_term_string"}}],"inLanguage":"es"},{"@type":"Person","@id":"https:\/\/psoecanarias.com\/web\/#\/schema\/person\/1ae43f9659d2fc599ca69c11e1dbf26f","name":"PSOE Canarias","image":{"@type":"ImageObject","inLanguage":"es","@id":"https:\/\/secure.gravatar.com\/avatar\/4364d37f6f6f9cdb7af199b46151565f37d8a8c3c0e04c1d78c04e857a15e3a8?s=96&d=mm&r=g","url":"https:\/\/secure.gravatar.com\/avatar\/4364d37f6f6f9cdb7af199b46151565f37d8a8c3c0e04c1d78c04e857a15e3a8?s=96&d=mm&r=g","contentUrl":"https:\/\/secure.gravatar.com\/avatar\/4364d37f6f6f9cdb7af199b46151565f37d8a8c3c0e04c1d78c04e857a15e3a8?s=96&d=mm&r=g","caption":"PSOE Canarias"},"url":"https:\/\/psoecanarias.com\/web\/author\/admin\/"}]}},"_links":{"self":[{"href":"https:\/\/psoecanarias.com\/web\/wp-json\/wp\/v2\/posts\/1577","targetHints":{"allow":["GET"]}}],"collection":[{"href":"https:\/\/psoecanarias.com\/web\/wp-json\/wp\/v2\/posts"}],"about":[{"href":"https:\/\/psoecanarias.com\/web\/wp-json\/wp\/v2\/types\/post"}],"author":[{"embeddable":true,"href":"https:\/\/psoecanarias.com\/web\/wp-json\/wp\/v2\/users\/1"}],"replies":[{"embeddable":true,"href":"https:\/\/psoecanarias.com\/web\/wp-json\/wp\/v2\/comments?post=1577"}],"version-history":[{"count":1,"href":"https:\/\/psoecanarias.com\/web\/wp-json\/wp\/v2\/posts\/1577\/revisions"}],"predecessor-version":[{"id":1579,"href":"https:\/\/psoecanarias.com\/web\/wp-json\/wp\/v2\/posts\/1577\/revisions\/1579"}],"wp:featuredmedia":[{"embeddable":true,"href":"https:\/\/psoecanarias.com\/web\/wp-json\/wp\/v2\/media\/1310"}],"wp:attachment":[{"href":"https:\/\/psoecanarias.com\/web\/wp-json\/wp\/v2\/media?parent=1577"}],"wp:term":[{"taxonomy":"category","embeddable":true,"href":"https:\/\/psoecanarias.com\/web\/wp-json\/wp\/v2\/categories?post=1577"},{"taxonomy":"post_tag","embeddable":true,"href":"https:\/\/psoecanarias.com\/web\/wp-json\/wp\/v2\/tags?post=1577"}],"curies":[{"name":"wp","href":"https:\/\/api.w.org\/{rel}","templated":true}]}}