{"id":1586,"date":"2016-03-07T17:36:32","date_gmt":"2016-03-07T17:36:32","guid":{"rendered":"http:\/\/psoecanarias.com\/web\/?p=1586"},"modified":"2016-03-07T17:36:32","modified_gmt":"2016-03-07T17:36:32","slug":"el-psoe-pide-al-gobierno-canario-la-recuperacion-de-las-manifestaciones-culturales-de-la-noche-de-finados","status":"publish","type":"post","link":"https:\/\/psoecanarias.com\/web\/el-psoe-pide-al-gobierno-canario-la-recuperacion-de-las-manifestaciones-culturales-de-la-noche-de-finados\/","title":{"rendered":"El PSOE pide al Gobierno canario la recuperaci\u00f3n de las manifestaciones culturales de la noche de Finados"},"content":{"rendered":"<p style=\"text-align: justify;\"><em>XH\/\u00a0<\/em><span style=\"font-family: Arial; font-size: medium;\">El Grupo Parlamentario Socialista lleva a la comisi\u00f3n de ma\u00f1ana lunes una proposici\u00f3n no de ley por la que pide al Gobierno regional la puesta en marcha de un plan de catalogaci\u00f3n y recuperaci\u00f3n de las m\u00faltiples manifestaciones culturales existentes en torno a la noche de Finados -31 de octubre- en las islas y que las ponga a disposici\u00f3n de instituciones p\u00fablicas y privadas para su potenciaci\u00f3n y toma en consideraci\u00f3n.<\/span><\/p>\n<div style=\"text-align: justify;\"><span style=\"font-family: Arial; font-size: medium;\">La portavoz socialista de Cultura, Mar\u00eda Victoria Hern\u00e1ndez, afirma que la introducci\u00f3n de las costumbres de Halloween en el archipi\u00e9lago &#8220;comenz\u00f3 siendo una disertaci\u00f3n escolar sobre cultura popular brit\u00e1nica, pero se ha convertido en una realidad imparable que est\u00e1 empujando a que se pierda gran parte de la riqueza que atesoran las islas&#8221;. Indica que, pese a que algunas familias se empe\u00f1an en conservar esas tradiciones, &#8220;no es usual encontrar en las programaciones culturales de cabildos, ayuntamientos o Gobierno de Canarias actividades relacionadas con ellas, de tal forma que est\u00e1n siendo las instituciones y asociaciones privadas las que est\u00e1n haciendo el esfuerzo por que no se pierdan&#8221;.<\/span><\/div>\n<div style=\"text-align: justify;\"><span style=\"font-family: Arial; font-size: medium;\">\u00a0<\/span><\/div>\n<div style=\"text-align: justify;\"><span style=\"font-family: Arial; font-size: medium;\">La parlamentaria del PSOE afirma que Canarias &#8220;deber\u00eda recopilar urgentemente las numerosas manifestaciones con que contamos en cada una de las islas en los d\u00edas de Finados, finales de octubre y primeros de noviembre, para salvaguardarlas del olvido definitivo&#8221;. Sostiene que realizando esa recopilaci\u00f3n y con su posterior publicaci\u00f3n y divulgaci\u00f3n, especialmente en los centros educativos, se podr\u00eda poner en marcha un plan que ponga en valor las costumbres de cada isla por esas fechas.\u00a0<\/span><\/div>\n<div style=\"text-align: justify;\"><span style=\"font-family: Arial; font-size: medium;\">\u00a0<\/span><\/div>\n<div style=\"text-align: justify;\"><span style=\"font-family: Arial; font-size: medium;\">Hern\u00e1ndez subraya que el Parlamento de Canarias debe fomentar y preservar todo aquello que corre riesgo de pasar al olvido. &#8220;La C\u00e1mara auton\u00f3mica debe cuidar responsablemente del amplio repertorio de elementos que configuran la identidad del pueblo canario&#8221;, concluye.<\/span><\/div>\n","protected":false},"excerpt":{"rendered":"<p>Mar\u00eda Victoria Hern\u00e1ndez pide que se defiendan las m\u00faltiples expresiones culturales que hay en Canarias en torno a esa fecha d\u00edas frente a otros fen\u00f3menos venidos de fuera<\/p>\n","protected":false},"author":1,"featured_media":1587,"comment_status":"open","ping_status":"open","sticky":false,"template":"","format":"standard","meta":{"footnotes":""},"categories":[7],"tags":[302,293,292,407,408],"class_list":["post-1586","post","type-post","status-publish","format-standard","has-post-thumbnail","hentry","category-politica","tag-diputada","tag-grupo-parlamentario-socialista-canario","tag-maria-victoria-hernandez-perez","tag-noche-de-finados","tag-proposicion-no-de-ley"],"featured_image_src":"https:\/\/psoecanarias.com\/web\/wp-content\/uploads\/2016\/03\/12805898_1747255512172045_267958645307695729_n.jpg","author_info":{"display_name":"PSOE Canarias","author_link":"https:\/\/psoecanarias.com\/web\/author\/admin\/"},"yoast_head":"<!-- This site is optimized with the Yoast SEO plugin v27.2 - https:\/\/yoast.com\/product\/yoast-seo-wordpress\/ -->\n<title>El PSOE pide al Gobierno canario la recuperaci\u00f3n de las manifestaciones culturales de la noche de Finados | PSOE Canarias<\/title>\n<meta name=\"robots\" content=\"index, follow, max-snippet:-1, max-image-preview:large, max-video-preview:-1\" \/>\n<link rel=\"canonical\" href=\"https:\/\/psoecanarias.com\/web\/el-psoe-pide-al-gobierno-canario-la-recuperacion-de-las-manifestaciones-culturales-de-la-noche-de-finados\/\" \/>\n<meta property=\"og:locale\" content=\"es_ES\" \/>\n<meta property=\"og:type\" content=\"article\" \/>\n<meta property=\"og:title\" content=\"El PSOE pide al Gobierno canario la recuperaci\u00f3n de las manifestaciones culturales de la noche de Finados | PSOE Canarias\" \/>\n<meta property=\"og:description\" content=\"Mar\u00eda Victoria Hern\u00e1ndez pide que se defiendan las m\u00faltiples expresiones culturales que hay en Canarias en torno a esa fecha d\u00edas frente a otros fen\u00f3menos venidos de fuera\" \/>\n<meta property=\"og:url\" content=\"https:\/\/psoecanarias.com\/web\/el-psoe-pide-al-gobierno-canario-la-recuperacion-de-las-manifestaciones-culturales-de-la-noche-de-finados\/\" \/>\n<meta property=\"og:site_name\" content=\"PSOE Canarias\" \/>\n<meta property=\"article:published_time\" content=\"2016-03-07T17:36:32+00:00\" \/>\n<meta property=\"og:image\" content=\"https:\/\/psoecanarias.com\/web\/wp-content\/uploads\/2016\/03\/12805898_1747255512172045_267958645307695729_n.jpg\" \/>\n\t<meta property=\"og:image:width\" content=\"640\" \/>\n\t<meta property=\"og:image:height\" content=\"960\" \/>\n\t<meta property=\"og:image:type\" content=\"image\/jpeg\" \/>\n<meta name=\"author\" content=\"PSOE Canarias\" \/>\n<meta name=\"twitter:card\" content=\"summary_large_image\" \/>\n<script type=\"application\/ld+json\" class=\"yoast-schema-graph\">{\"@context\":\"https:\/\/schema.org\",\"@graph\":[{\"@type\":\"Article\",\"@id\":\"https:\/\/psoecanarias.com\/web\/el-psoe-pide-al-gobierno-canario-la-recuperacion-de-las-manifestaciones-culturales-de-la-noche-de-finados\/#article\",\"isPartOf\":{\"@id\":\"https:\/\/psoecanarias.com\/web\/el-psoe-pide-al-gobierno-canario-la-recuperacion-de-las-manifestaciones-culturales-de-la-noche-de-finados\/\"},\"author\":{\"name\":\"PSOE Canarias\",\"@id\":\"https:\/\/psoecanarias.com\/web\/#\/schema\/person\/1ae43f9659d2fc599ca69c11e1dbf26f\"},\"headline\":\"El PSOE pide al Gobierno canario la recuperaci\u00f3n de las manifestaciones culturales de la noche de Finados\",\"datePublished\":\"2016-03-07T17:36:32+00:00\",\"mainEntityOfPage\":{\"@id\":\"https:\/\/psoecanarias.com\/web\/el-psoe-pide-al-gobierno-canario-la-recuperacion-de-las-manifestaciones-culturales-de-la-noche-de-finados\/\"},\"wordCount\":339,\"commentCount\":0,\"image\":{\"@id\":\"https:\/\/psoecanarias.com\/web\/el-psoe-pide-al-gobierno-canario-la-recuperacion-de-las-manifestaciones-culturales-de-la-noche-de-finados\/#primaryimage\"},\"thumbnailUrl\":\"https:\/\/psoecanarias.com\/web\/wp-content\/uploads\/2016\/03\/12805898_1747255512172045_267958645307695729_n.jpg\",\"keywords\":[\"Diputada\",\"Grupo Parlamentario Socialista Canario\",\"Mar\u00eda Victoria Hern\u00e1ndez P\u00e9rez\",\"Noche de Finados\",\"Proposici\u00f3n no de Ley\"],\"articleSection\":[\"Pol\u00edtica\"],\"inLanguage\":\"es\",\"potentialAction\":[{\"@type\":\"CommentAction\",\"name\":\"Comment\",\"target\":[\"https:\/\/psoecanarias.com\/web\/el-psoe-pide-al-gobierno-canario-la-recuperacion-de-las-manifestaciones-culturales-de-la-noche-de-finados\/#respond\"]}]},{\"@type\":\"WebPage\",\"@id\":\"https:\/\/psoecanarias.com\/web\/el-psoe-pide-al-gobierno-canario-la-recuperacion-de-las-manifestaciones-culturales-de-la-noche-de-finados\/\",\"url\":\"https:\/\/psoecanarias.com\/web\/el-psoe-pide-al-gobierno-canario-la-recuperacion-de-las-manifestaciones-culturales-de-la-noche-de-finados\/\",\"name\":\"El PSOE pide al Gobierno canario la recuperaci\u00f3n de las manifestaciones culturales de la noche de Finados | PSOE Canarias\",\"isPartOf\":{\"@id\":\"https:\/\/psoecanarias.com\/web\/#website\"},\"primaryImageOfPage\":{\"@id\":\"https:\/\/psoecanarias.com\/web\/el-psoe-pide-al-gobierno-canario-la-recuperacion-de-las-manifestaciones-culturales-de-la-noche-de-finados\/#primaryimage\"},\"image\":{\"@id\":\"https:\/\/psoecanarias.com\/web\/el-psoe-pide-al-gobierno-canario-la-recuperacion-de-las-manifestaciones-culturales-de-la-noche-de-finados\/#primaryimage\"},\"thumbnailUrl\":\"https:\/\/psoecanarias.com\/web\/wp-content\/uploads\/2016\/03\/12805898_1747255512172045_267958645307695729_n.jpg\",\"datePublished\":\"2016-03-07T17:36:32+00:00\",\"author\":{\"@id\":\"https:\/\/psoecanarias.com\/web\/#\/schema\/person\/1ae43f9659d2fc599ca69c11e1dbf26f\"},\"breadcrumb\":{\"@id\":\"https:\/\/psoecanarias.com\/web\/el-psoe-pide-al-gobierno-canario-la-recuperacion-de-las-manifestaciones-culturales-de-la-noche-de-finados\/#breadcrumb\"},\"inLanguage\":\"es\",\"potentialAction\":[{\"@type\":\"ReadAction\",\"target\":[\"https:\/\/psoecanarias.com\/web\/el-psoe-pide-al-gobierno-canario-la-recuperacion-de-las-manifestaciones-culturales-de-la-noche-de-finados\/\"]}]},{\"@type\":\"ImageObject\",\"inLanguage\":\"es\",\"@id\":\"https:\/\/psoecanarias.com\/web\/el-psoe-pide-al-gobierno-canario-la-recuperacion-de-las-manifestaciones-culturales-de-la-noche-de-finados\/#primaryimage\",\"url\":\"https:\/\/psoecanarias.com\/web\/wp-content\/uploads\/2016\/03\/12805898_1747255512172045_267958645307695729_n.jpg\",\"contentUrl\":\"https:\/\/psoecanarias.com\/web\/wp-content\/uploads\/2016\/03\/12805898_1747255512172045_267958645307695729_n.jpg\",\"width\":640,\"height\":960},{\"@type\":\"BreadcrumbList\",\"@id\":\"https:\/\/psoecanarias.com\/web\/el-psoe-pide-al-gobierno-canario-la-recuperacion-de-las-manifestaciones-culturales-de-la-noche-de-finados\/#breadcrumb\",\"itemListElement\":[{\"@type\":\"ListItem\",\"position\":1,\"name\":\"Portada\",\"item\":\"https:\/\/psoecanarias.com\/web\/\"},{\"@type\":\"ListItem\",\"position\":2,\"name\":\"El PSOE pide al Gobierno canario la recuperaci\u00f3n de las manifestaciones culturales de la noche de Finados\"}]},{\"@type\":\"WebSite\",\"@id\":\"https:\/\/psoecanarias.com\/web\/#website\",\"url\":\"https:\/\/psoecanarias.com\/web\/\",\"name\":\"PSOE Canarias\",\"description\":\"Partido Socialista Obrero Espa\u00f1ol Canarias\",\"potentialAction\":[{\"@type\":\"SearchAction\",\"target\":{\"@type\":\"EntryPoint\",\"urlTemplate\":\"https:\/\/psoecanarias.com\/web\/?s={search_term_string}\"},\"query-input\":{\"@type\":\"PropertyValueSpecification\",\"valueRequired\":true,\"valueName\":\"search_term_string\"}}],\"inLanguage\":\"es\"},{\"@type\":\"Person\",\"@id\":\"https:\/\/psoecanarias.com\/web\/#\/schema\/person\/1ae43f9659d2fc599ca69c11e1dbf26f\",\"name\":\"PSOE Canarias\",\"image\":{\"@type\":\"ImageObject\",\"inLanguage\":\"es\",\"@id\":\"https:\/\/secure.gravatar.com\/avatar\/4364d37f6f6f9cdb7af199b46151565f37d8a8c3c0e04c1d78c04e857a15e3a8?s=96&d=mm&r=g\",\"url\":\"https:\/\/secure.gravatar.com\/avatar\/4364d37f6f6f9cdb7af199b46151565f37d8a8c3c0e04c1d78c04e857a15e3a8?s=96&d=mm&r=g\",\"contentUrl\":\"https:\/\/secure.gravatar.com\/avatar\/4364d37f6f6f9cdb7af199b46151565f37d8a8c3c0e04c1d78c04e857a15e3a8?s=96&d=mm&r=g\",\"caption\":\"PSOE Canarias\"},\"url\":\"https:\/\/psoecanarias.com\/web\/author\/admin\/\"}]}<\/script>\n<!-- \/ Yoast SEO plugin. -->","yoast_head_json":{"title":"El PSOE pide al Gobierno canario la recuperaci\u00f3n de las manifestaciones culturales de la noche de Finados | PSOE Canarias","robots":{"index":"index","follow":"follow","max-snippet":"max-snippet:-1","max-image-preview":"max-image-preview:large","max-video-preview":"max-video-preview:-1"},"canonical":"https:\/\/psoecanarias.com\/web\/el-psoe-pide-al-gobierno-canario-la-recuperacion-de-las-manifestaciones-culturales-de-la-noche-de-finados\/","og_locale":"es_ES","og_type":"article","og_title":"El PSOE pide al Gobierno canario la recuperaci\u00f3n de las manifestaciones culturales de la noche de Finados | PSOE Canarias","og_description":"Mar\u00eda Victoria Hern\u00e1ndez pide que se defiendan las m\u00faltiples expresiones culturales que hay en Canarias en torno a esa fecha d\u00edas frente a otros fen\u00f3menos venidos de fuera","og_url":"https:\/\/psoecanarias.com\/web\/el-psoe-pide-al-gobierno-canario-la-recuperacion-de-las-manifestaciones-culturales-de-la-noche-de-finados\/","og_site_name":"PSOE Canarias","article_published_time":"2016-03-07T17:36:32+00:00","og_image":[{"width":640,"height":960,"url":"https:\/\/psoecanarias.com\/web\/wp-content\/uploads\/2016\/03\/12805898_1747255512172045_267958645307695729_n.jpg","type":"image\/jpeg"}],"author":"PSOE Canarias","twitter_card":"summary_large_image","schema":{"@context":"https:\/\/schema.org","@graph":[{"@type":"Article","@id":"https:\/\/psoecanarias.com\/web\/el-psoe-pide-al-gobierno-canario-la-recuperacion-de-las-manifestaciones-culturales-de-la-noche-de-finados\/#article","isPartOf":{"@id":"https:\/\/psoecanarias.com\/web\/el-psoe-pide-al-gobierno-canario-la-recuperacion-de-las-manifestaciones-culturales-de-la-noche-de-finados\/"},"author":{"name":"PSOE Canarias","@id":"https:\/\/psoecanarias.com\/web\/#\/schema\/person\/1ae43f9659d2fc599ca69c11e1dbf26f"},"headline":"El PSOE pide al Gobierno canario la recuperaci\u00f3n de las manifestaciones culturales de la noche de Finados","datePublished":"2016-03-07T17:36:32+00:00","mainEntityOfPage":{"@id":"https:\/\/psoecanarias.com\/web\/el-psoe-pide-al-gobierno-canario-la-recuperacion-de-las-manifestaciones-culturales-de-la-noche-de-finados\/"},"wordCount":339,"commentCount":0,"image":{"@id":"https:\/\/psoecanarias.com\/web\/el-psoe-pide-al-gobierno-canario-la-recuperacion-de-las-manifestaciones-culturales-de-la-noche-de-finados\/#primaryimage"},"thumbnailUrl":"https:\/\/psoecanarias.com\/web\/wp-content\/uploads\/2016\/03\/12805898_1747255512172045_267958645307695729_n.jpg","keywords":["Diputada","Grupo Parlamentario Socialista Canario","Mar\u00eda Victoria Hern\u00e1ndez P\u00e9rez","Noche de Finados","Proposici\u00f3n no de Ley"],"articleSection":["Pol\u00edtica"],"inLanguage":"es","potentialAction":[{"@type":"CommentAction","name":"Comment","target":["https:\/\/psoecanarias.com\/web\/el-psoe-pide-al-gobierno-canario-la-recuperacion-de-las-manifestaciones-culturales-de-la-noche-de-finados\/#respond"]}]},{"@type":"WebPage","@id":"https:\/\/psoecanarias.com\/web\/el-psoe-pide-al-gobierno-canario-la-recuperacion-de-las-manifestaciones-culturales-de-la-noche-de-finados\/","url":"https:\/\/psoecanarias.com\/web\/el-psoe-pide-al-gobierno-canario-la-recuperacion-de-las-manifestaciones-culturales-de-la-noche-de-finados\/","name":"El PSOE pide al Gobierno canario la recuperaci\u00f3n de las manifestaciones culturales de la noche de Finados | PSOE Canarias","isPartOf":{"@id":"https:\/\/psoecanarias.com\/web\/#website"},"primaryImageOfPage":{"@id":"https:\/\/psoecanarias.com\/web\/el-psoe-pide-al-gobierno-canario-la-recuperacion-de-las-manifestaciones-culturales-de-la-noche-de-finados\/#primaryimage"},"image":{"@id":"https:\/\/psoecanarias.com\/web\/el-psoe-pide-al-gobierno-canario-la-recuperacion-de-las-manifestaciones-culturales-de-la-noche-de-finados\/#primaryimage"},"thumbnailUrl":"https:\/\/psoecanarias.com\/web\/wp-content\/uploads\/2016\/03\/12805898_1747255512172045_267958645307695729_n.jpg","datePublished":"2016-03-07T17:36:32+00:00","author":{"@id":"https:\/\/psoecanarias.com\/web\/#\/schema\/person\/1ae43f9659d2fc599ca69c11e1dbf26f"},"breadcrumb":{"@id":"https:\/\/psoecanarias.com\/web\/el-psoe-pide-al-gobierno-canario-la-recuperacion-de-las-manifestaciones-culturales-de-la-noche-de-finados\/#breadcrumb"},"inLanguage":"es","potentialAction":[{"@type":"ReadAction","target":["https:\/\/psoecanarias.com\/web\/el-psoe-pide-al-gobierno-canario-la-recuperacion-de-las-manifestaciones-culturales-de-la-noche-de-finados\/"]}]},{"@type":"ImageObject","inLanguage":"es","@id":"https:\/\/psoecanarias.com\/web\/el-psoe-pide-al-gobierno-canario-la-recuperacion-de-las-manifestaciones-culturales-de-la-noche-de-finados\/#primaryimage","url":"https:\/\/psoecanarias.com\/web\/wp-content\/uploads\/2016\/03\/12805898_1747255512172045_267958645307695729_n.jpg","contentUrl":"https:\/\/psoecanarias.com\/web\/wp-content\/uploads\/2016\/03\/12805898_1747255512172045_267958645307695729_n.jpg","width":640,"height":960},{"@type":"BreadcrumbList","@id":"https:\/\/psoecanarias.com\/web\/el-psoe-pide-al-gobierno-canario-la-recuperacion-de-las-manifestaciones-culturales-de-la-noche-de-finados\/#breadcrumb","itemListElement":[{"@type":"ListItem","position":1,"name":"Portada","item":"https:\/\/psoecanarias.com\/web\/"},{"@type":"ListItem","position":2,"name":"El PSOE pide al Gobierno canario la recuperaci\u00f3n de las manifestaciones culturales de la noche de Finados"}]},{"@type":"WebSite","@id":"https:\/\/psoecanarias.com\/web\/#website","url":"https:\/\/psoecanarias.com\/web\/","name":"PSOE Canarias","description":"Partido Socialista Obrero Espa\u00f1ol Canarias","potentialAction":[{"@type":"SearchAction","target":{"@type":"EntryPoint","urlTemplate":"https:\/\/psoecanarias.com\/web\/?s={search_term_string}"},"query-input":{"@type":"PropertyValueSpecification","valueRequired":true,"valueName":"search_term_string"}}],"inLanguage":"es"},{"@type":"Person","@id":"https:\/\/psoecanarias.com\/web\/#\/schema\/person\/1ae43f9659d2fc599ca69c11e1dbf26f","name":"PSOE Canarias","image":{"@type":"ImageObject","inLanguage":"es","@id":"https:\/\/secure.gravatar.com\/avatar\/4364d37f6f6f9cdb7af199b46151565f37d8a8c3c0e04c1d78c04e857a15e3a8?s=96&d=mm&r=g","url":"https:\/\/secure.gravatar.com\/avatar\/4364d37f6f6f9cdb7af199b46151565f37d8a8c3c0e04c1d78c04e857a15e3a8?s=96&d=mm&r=g","contentUrl":"https:\/\/secure.gravatar.com\/avatar\/4364d37f6f6f9cdb7af199b46151565f37d8a8c3c0e04c1d78c04e857a15e3a8?s=96&d=mm&r=g","caption":"PSOE Canarias"},"url":"https:\/\/psoecanarias.com\/web\/author\/admin\/"}]}},"_links":{"self":[{"href":"https:\/\/psoecanarias.com\/web\/wp-json\/wp\/v2\/posts\/1586","targetHints":{"allow":["GET"]}}],"collection":[{"href":"https:\/\/psoecanarias.com\/web\/wp-json\/wp\/v2\/posts"}],"about":[{"href":"https:\/\/psoecanarias.com\/web\/wp-json\/wp\/v2\/types\/post"}],"author":[{"embeddable":true,"href":"https:\/\/psoecanarias.com\/web\/wp-json\/wp\/v2\/users\/1"}],"replies":[{"embeddable":true,"href":"https:\/\/psoecanarias.com\/web\/wp-json\/wp\/v2\/comments?post=1586"}],"version-history":[{"count":1,"href":"https:\/\/psoecanarias.com\/web\/wp-json\/wp\/v2\/posts\/1586\/revisions"}],"predecessor-version":[{"id":1588,"href":"https:\/\/psoecanarias.com\/web\/wp-json\/wp\/v2\/posts\/1586\/revisions\/1588"}],"wp:featuredmedia":[{"embeddable":true,"href":"https:\/\/psoecanarias.com\/web\/wp-json\/wp\/v2\/media\/1587"}],"wp:attachment":[{"href":"https:\/\/psoecanarias.com\/web\/wp-json\/wp\/v2\/media?parent=1586"}],"wp:term":[{"taxonomy":"category","embeddable":true,"href":"https:\/\/psoecanarias.com\/web\/wp-json\/wp\/v2\/categories?post=1586"},{"taxonomy":"post_tag","embeddable":true,"href":"https:\/\/psoecanarias.com\/web\/wp-json\/wp\/v2\/tags?post=1586"}],"curies":[{"name":"wp","href":"https:\/\/api.w.org\/{rel}","templated":true}]}}