{"id":1589,"date":"2016-03-07T17:43:28","date_gmt":"2016-03-07T17:43:28","guid":{"rendered":"http:\/\/psoecanarias.com\/web\/?p=1589"},"modified":"2016-03-07T17:43:28","modified_gmt":"2016-03-07T17:43:28","slug":"el-psoe-pide-una-partida-extra-para-el-ciclo-de-cocina-y-gastronomia-del-ies-garoe","status":"publish","type":"post","link":"https:\/\/psoecanarias.com\/web\/el-psoe-pide-una-partida-extra-para-el-ciclo-de-cocina-y-gastronomia-del-ies-garoe\/","title":{"rendered":"El PSOE pide una partida extra para el ciclo de cocina y gastronom\u00eda del IES Garo\u00e9"},"content":{"rendered":"<p><em>XH\/\u00a0<\/em><span class=\"s1\">La portavoz de Educaci\u00f3n del Grupo Parlamentario Socialista, Ana Gonz\u00e1lez, pide una dotaci\u00f3n econ\u00f3mica extraordinaria para el ciclo formativo de grado de medio de cocina y gastronom\u00eda impartido en el IES Garo\u00e9, El Hierro, con el fin de poder hacer frente a las necesidades que plantean las materias a impartir. <\/span><\/p>\n<p class=\"p1\"><span class=\"s1\">Explica que, seg\u00fan los datos de los que dispone el PSOE, el alumnado recibe una subvenci\u00f3n de 900 euros por curso escolar, \u201cimporte insuficiente en una isla con las caracter\u00edsticas que tiene El Hierro, entre ellas el hecho de tener la cesta de la compra m\u00e1s cara de Canarias\u201d.<\/span><\/p>\n<p class=\"p1\"><span class=\"s1\">Gonz\u00e1lez destaca que los alumnos y alumnas realizan comedor pedag\u00f3gico una vez por semana y tambi\u00e9n comidas para llevar, con raciones al precio de cuatro euros y postres a tres euros, \u201cde tal forma que con lo recaudan pueden ir manteni\u00e9ndose\u201d.<\/span><\/p>\n<p class=\"p1\"><span class=\"s1\">Tanto el comedor como la comida para llevar, indica, se destinan s\u00f3lo a profesorado y alumnado, porque no cuentan con registro sanitario para poder realizar venta al p\u00fablico. Por otra parte, los estudiantes tienen la opci\u00f3n de fijar un precio y comprar la comida que elaboran, \u201cy de este modo van cubriendo necesidades\u201d.<\/span><\/p>\n<p class=\"p1\"><span class=\"s1\">Por \u00faltimo, recuerda que el centro carece de determinados utensilios y maquinaria. \u201cLos recursos son bastante limitados, hasta el punto de que hay alumnos que llevan cuchillos de su casa, mientras que las mesas donde trabajan son mesas escolares\u201d, explica la parlamentaria, quien insiste en la necesidad de que se ampl\u00eden los recursos para que los beneficiarios de este ciclo reciban una formaci\u00f3n completa y de calidad.<\/span><\/p>\n","protected":false},"excerpt":{"rendered":"<p>Ana Gonz\u00e1lez afirma que la dotaci\u00f3n consignada es insuficiente para hacer frente a las necesidades que plantean las materias a impartir<\/p>\n","protected":false},"author":1,"featured_media":1360,"comment_status":"open","ping_status":"open","sticky":false,"template":"","format":"standard","meta":{"footnotes":""},"categories":[7],"tags":[110,302,132,109,409,293,410],"class_list":["post-1589","post","type-post","status-publish","format-standard","has-post-thumbnail","hentry","category-politica","tag-ana-gonzalez","tag-diputada","tag-educacion","tag-el-hierro","tag-formacion-profesional","tag-grupo-parlamentario-socialista-canario","tag-ies-garoe"],"featured_image_src":"https:\/\/psoecanarias.com\/web\/wp-content\/uploads\/2016\/01\/DSF5897-e1453917046258.jpg","author_info":{"display_name":"PSOE Canarias","author_link":"https:\/\/psoecanarias.com\/web\/author\/admin\/"},"yoast_head":"<!-- This site is optimized with the Yoast SEO plugin v27.2 - https:\/\/yoast.com\/product\/yoast-seo-wordpress\/ -->\n<title>El PSOE pide una partida extra para el ciclo de cocina y gastronom\u00eda del IES Garo\u00e9 | PSOE Canarias<\/title>\n<meta name=\"robots\" content=\"index, follow, max-snippet:-1, max-image-preview:large, max-video-preview:-1\" \/>\n<link rel=\"canonical\" href=\"https:\/\/psoecanarias.com\/web\/el-psoe-pide-una-partida-extra-para-el-ciclo-de-cocina-y-gastronomia-del-ies-garoe\/\" \/>\n<meta property=\"og:locale\" content=\"es_ES\" \/>\n<meta property=\"og:type\" content=\"article\" \/>\n<meta property=\"og:title\" content=\"El PSOE pide una partida extra para el ciclo de cocina y gastronom\u00eda del IES Garo\u00e9 | PSOE Canarias\" \/>\n<meta property=\"og:description\" content=\"Ana Gonz\u00e1lez afirma que la dotaci\u00f3n consignada es insuficiente para hacer frente a las necesidades que plantean las materias a impartir\" \/>\n<meta property=\"og:url\" content=\"https:\/\/psoecanarias.com\/web\/el-psoe-pide-una-partida-extra-para-el-ciclo-de-cocina-y-gastronomia-del-ies-garoe\/\" \/>\n<meta property=\"og:site_name\" content=\"PSOE Canarias\" \/>\n<meta property=\"article:published_time\" content=\"2016-03-07T17:43:28+00:00\" \/>\n<meta property=\"og:image\" content=\"https:\/\/psoecanarias.com\/web\/wp-content\/uploads\/2016\/01\/DSF5897-e1453917046258.jpg\" \/>\n\t<meta property=\"og:image:width\" content=\"600\" \/>\n\t<meta property=\"og:image:height\" content=\"900\" \/>\n\t<meta property=\"og:image:type\" content=\"image\/jpeg\" \/>\n<meta name=\"author\" content=\"PSOE Canarias\" \/>\n<meta name=\"twitter:card\" content=\"summary_large_image\" \/>\n<script type=\"application\/ld+json\" class=\"yoast-schema-graph\">{\"@context\":\"https:\/\/schema.org\",\"@graph\":[{\"@type\":\"Article\",\"@id\":\"https:\/\/psoecanarias.com\/web\/el-psoe-pide-una-partida-extra-para-el-ciclo-de-cocina-y-gastronomia-del-ies-garoe\/#article\",\"isPartOf\":{\"@id\":\"https:\/\/psoecanarias.com\/web\/el-psoe-pide-una-partida-extra-para-el-ciclo-de-cocina-y-gastronomia-del-ies-garoe\/\"},\"author\":{\"name\":\"PSOE Canarias\",\"@id\":\"https:\/\/psoecanarias.com\/web\/#\/schema\/person\/1ae43f9659d2fc599ca69c11e1dbf26f\"},\"headline\":\"El PSOE pide una partida extra para el ciclo de cocina y gastronom\u00eda del IES Garo\u00e9\",\"datePublished\":\"2016-03-07T17:43:28+00:00\",\"mainEntityOfPage\":{\"@id\":\"https:\/\/psoecanarias.com\/web\/el-psoe-pide-una-partida-extra-para-el-ciclo-de-cocina-y-gastronomia-del-ies-garoe\/\"},\"wordCount\":295,\"commentCount\":0,\"image\":{\"@id\":\"https:\/\/psoecanarias.com\/web\/el-psoe-pide-una-partida-extra-para-el-ciclo-de-cocina-y-gastronomia-del-ies-garoe\/#primaryimage\"},\"thumbnailUrl\":\"https:\/\/psoecanarias.com\/web\/wp-content\/uploads\/2016\/01\/DSF5897-e1453917046258.jpg\",\"keywords\":[\"Ana Gonz\u00e1lez\",\"Diputada\",\"educaci\u00f3n\",\"El HIerro\",\"Formaci\u00f3n Profesional\",\"Grupo Parlamentario Socialista Canario\",\"IES Garo\u00e9\"],\"articleSection\":[\"Pol\u00edtica\"],\"inLanguage\":\"es\",\"potentialAction\":[{\"@type\":\"CommentAction\",\"name\":\"Comment\",\"target\":[\"https:\/\/psoecanarias.com\/web\/el-psoe-pide-una-partida-extra-para-el-ciclo-de-cocina-y-gastronomia-del-ies-garoe\/#respond\"]}]},{\"@type\":\"WebPage\",\"@id\":\"https:\/\/psoecanarias.com\/web\/el-psoe-pide-una-partida-extra-para-el-ciclo-de-cocina-y-gastronomia-del-ies-garoe\/\",\"url\":\"https:\/\/psoecanarias.com\/web\/el-psoe-pide-una-partida-extra-para-el-ciclo-de-cocina-y-gastronomia-del-ies-garoe\/\",\"name\":\"El PSOE pide una partida extra para el ciclo de cocina y gastronom\u00eda del IES Garo\u00e9 | PSOE Canarias\",\"isPartOf\":{\"@id\":\"https:\/\/psoecanarias.com\/web\/#website\"},\"primaryImageOfPage\":{\"@id\":\"https:\/\/psoecanarias.com\/web\/el-psoe-pide-una-partida-extra-para-el-ciclo-de-cocina-y-gastronomia-del-ies-garoe\/#primaryimage\"},\"image\":{\"@id\":\"https:\/\/psoecanarias.com\/web\/el-psoe-pide-una-partida-extra-para-el-ciclo-de-cocina-y-gastronomia-del-ies-garoe\/#primaryimage\"},\"thumbnailUrl\":\"https:\/\/psoecanarias.com\/web\/wp-content\/uploads\/2016\/01\/DSF5897-e1453917046258.jpg\",\"datePublished\":\"2016-03-07T17:43:28+00:00\",\"author\":{\"@id\":\"https:\/\/psoecanarias.com\/web\/#\/schema\/person\/1ae43f9659d2fc599ca69c11e1dbf26f\"},\"breadcrumb\":{\"@id\":\"https:\/\/psoecanarias.com\/web\/el-psoe-pide-una-partida-extra-para-el-ciclo-de-cocina-y-gastronomia-del-ies-garoe\/#breadcrumb\"},\"inLanguage\":\"es\",\"potentialAction\":[{\"@type\":\"ReadAction\",\"target\":[\"https:\/\/psoecanarias.com\/web\/el-psoe-pide-una-partida-extra-para-el-ciclo-de-cocina-y-gastronomia-del-ies-garoe\/\"]}]},{\"@type\":\"ImageObject\",\"inLanguage\":\"es\",\"@id\":\"https:\/\/psoecanarias.com\/web\/el-psoe-pide-una-partida-extra-para-el-ciclo-de-cocina-y-gastronomia-del-ies-garoe\/#primaryimage\",\"url\":\"https:\/\/psoecanarias.com\/web\/wp-content\/uploads\/2016\/01\/DSF5897-e1453917046258.jpg\",\"contentUrl\":\"https:\/\/psoecanarias.com\/web\/wp-content\/uploads\/2016\/01\/DSF5897-e1453917046258.jpg\",\"width\":600,\"height\":900},{\"@type\":\"BreadcrumbList\",\"@id\":\"https:\/\/psoecanarias.com\/web\/el-psoe-pide-una-partida-extra-para-el-ciclo-de-cocina-y-gastronomia-del-ies-garoe\/#breadcrumb\",\"itemListElement\":[{\"@type\":\"ListItem\",\"position\":1,\"name\":\"Portada\",\"item\":\"https:\/\/psoecanarias.com\/web\/\"},{\"@type\":\"ListItem\",\"position\":2,\"name\":\"El PSOE pide una partida extra para el ciclo de cocina y gastronom\u00eda del IES Garo\u00e9\"}]},{\"@type\":\"WebSite\",\"@id\":\"https:\/\/psoecanarias.com\/web\/#website\",\"url\":\"https:\/\/psoecanarias.com\/web\/\",\"name\":\"PSOE Canarias\",\"description\":\"Partido Socialista Obrero Espa\u00f1ol Canarias\",\"potentialAction\":[{\"@type\":\"SearchAction\",\"target\":{\"@type\":\"EntryPoint\",\"urlTemplate\":\"https:\/\/psoecanarias.com\/web\/?s={search_term_string}\"},\"query-input\":{\"@type\":\"PropertyValueSpecification\",\"valueRequired\":true,\"valueName\":\"search_term_string\"}}],\"inLanguage\":\"es\"},{\"@type\":\"Person\",\"@id\":\"https:\/\/psoecanarias.com\/web\/#\/schema\/person\/1ae43f9659d2fc599ca69c11e1dbf26f\",\"name\":\"PSOE Canarias\",\"image\":{\"@type\":\"ImageObject\",\"inLanguage\":\"es\",\"@id\":\"https:\/\/secure.gravatar.com\/avatar\/4364d37f6f6f9cdb7af199b46151565f37d8a8c3c0e04c1d78c04e857a15e3a8?s=96&d=mm&r=g\",\"url\":\"https:\/\/secure.gravatar.com\/avatar\/4364d37f6f6f9cdb7af199b46151565f37d8a8c3c0e04c1d78c04e857a15e3a8?s=96&d=mm&r=g\",\"contentUrl\":\"https:\/\/secure.gravatar.com\/avatar\/4364d37f6f6f9cdb7af199b46151565f37d8a8c3c0e04c1d78c04e857a15e3a8?s=96&d=mm&r=g\",\"caption\":\"PSOE Canarias\"},\"url\":\"https:\/\/psoecanarias.com\/web\/author\/admin\/\"}]}<\/script>\n<!-- \/ Yoast SEO plugin. -->","yoast_head_json":{"title":"El PSOE pide una partida extra para el ciclo de cocina y gastronom\u00eda del IES Garo\u00e9 | PSOE Canarias","robots":{"index":"index","follow":"follow","max-snippet":"max-snippet:-1","max-image-preview":"max-image-preview:large","max-video-preview":"max-video-preview:-1"},"canonical":"https:\/\/psoecanarias.com\/web\/el-psoe-pide-una-partida-extra-para-el-ciclo-de-cocina-y-gastronomia-del-ies-garoe\/","og_locale":"es_ES","og_type":"article","og_title":"El PSOE pide una partida extra para el ciclo de cocina y gastronom\u00eda del IES Garo\u00e9 | PSOE Canarias","og_description":"Ana Gonz\u00e1lez afirma que la dotaci\u00f3n consignada es insuficiente para hacer frente a las necesidades que plantean las materias a impartir","og_url":"https:\/\/psoecanarias.com\/web\/el-psoe-pide-una-partida-extra-para-el-ciclo-de-cocina-y-gastronomia-del-ies-garoe\/","og_site_name":"PSOE Canarias","article_published_time":"2016-03-07T17:43:28+00:00","og_image":[{"width":600,"height":900,"url":"https:\/\/psoecanarias.com\/web\/wp-content\/uploads\/2016\/01\/DSF5897-e1453917046258.jpg","type":"image\/jpeg"}],"author":"PSOE Canarias","twitter_card":"summary_large_image","schema":{"@context":"https:\/\/schema.org","@graph":[{"@type":"Article","@id":"https:\/\/psoecanarias.com\/web\/el-psoe-pide-una-partida-extra-para-el-ciclo-de-cocina-y-gastronomia-del-ies-garoe\/#article","isPartOf":{"@id":"https:\/\/psoecanarias.com\/web\/el-psoe-pide-una-partida-extra-para-el-ciclo-de-cocina-y-gastronomia-del-ies-garoe\/"},"author":{"name":"PSOE Canarias","@id":"https:\/\/psoecanarias.com\/web\/#\/schema\/person\/1ae43f9659d2fc599ca69c11e1dbf26f"},"headline":"El PSOE pide una partida extra para el ciclo de cocina y gastronom\u00eda del IES Garo\u00e9","datePublished":"2016-03-07T17:43:28+00:00","mainEntityOfPage":{"@id":"https:\/\/psoecanarias.com\/web\/el-psoe-pide-una-partida-extra-para-el-ciclo-de-cocina-y-gastronomia-del-ies-garoe\/"},"wordCount":295,"commentCount":0,"image":{"@id":"https:\/\/psoecanarias.com\/web\/el-psoe-pide-una-partida-extra-para-el-ciclo-de-cocina-y-gastronomia-del-ies-garoe\/#primaryimage"},"thumbnailUrl":"https:\/\/psoecanarias.com\/web\/wp-content\/uploads\/2016\/01\/DSF5897-e1453917046258.jpg","keywords":["Ana Gonz\u00e1lez","Diputada","educaci\u00f3n","El HIerro","Formaci\u00f3n Profesional","Grupo Parlamentario Socialista Canario","IES Garo\u00e9"],"articleSection":["Pol\u00edtica"],"inLanguage":"es","potentialAction":[{"@type":"CommentAction","name":"Comment","target":["https:\/\/psoecanarias.com\/web\/el-psoe-pide-una-partida-extra-para-el-ciclo-de-cocina-y-gastronomia-del-ies-garoe\/#respond"]}]},{"@type":"WebPage","@id":"https:\/\/psoecanarias.com\/web\/el-psoe-pide-una-partida-extra-para-el-ciclo-de-cocina-y-gastronomia-del-ies-garoe\/","url":"https:\/\/psoecanarias.com\/web\/el-psoe-pide-una-partida-extra-para-el-ciclo-de-cocina-y-gastronomia-del-ies-garoe\/","name":"El PSOE pide una partida extra para el ciclo de cocina y gastronom\u00eda del IES Garo\u00e9 | PSOE Canarias","isPartOf":{"@id":"https:\/\/psoecanarias.com\/web\/#website"},"primaryImageOfPage":{"@id":"https:\/\/psoecanarias.com\/web\/el-psoe-pide-una-partida-extra-para-el-ciclo-de-cocina-y-gastronomia-del-ies-garoe\/#primaryimage"},"image":{"@id":"https:\/\/psoecanarias.com\/web\/el-psoe-pide-una-partida-extra-para-el-ciclo-de-cocina-y-gastronomia-del-ies-garoe\/#primaryimage"},"thumbnailUrl":"https:\/\/psoecanarias.com\/web\/wp-content\/uploads\/2016\/01\/DSF5897-e1453917046258.jpg","datePublished":"2016-03-07T17:43:28+00:00","author":{"@id":"https:\/\/psoecanarias.com\/web\/#\/schema\/person\/1ae43f9659d2fc599ca69c11e1dbf26f"},"breadcrumb":{"@id":"https:\/\/psoecanarias.com\/web\/el-psoe-pide-una-partida-extra-para-el-ciclo-de-cocina-y-gastronomia-del-ies-garoe\/#breadcrumb"},"inLanguage":"es","potentialAction":[{"@type":"ReadAction","target":["https:\/\/psoecanarias.com\/web\/el-psoe-pide-una-partida-extra-para-el-ciclo-de-cocina-y-gastronomia-del-ies-garoe\/"]}]},{"@type":"ImageObject","inLanguage":"es","@id":"https:\/\/psoecanarias.com\/web\/el-psoe-pide-una-partida-extra-para-el-ciclo-de-cocina-y-gastronomia-del-ies-garoe\/#primaryimage","url":"https:\/\/psoecanarias.com\/web\/wp-content\/uploads\/2016\/01\/DSF5897-e1453917046258.jpg","contentUrl":"https:\/\/psoecanarias.com\/web\/wp-content\/uploads\/2016\/01\/DSF5897-e1453917046258.jpg","width":600,"height":900},{"@type":"BreadcrumbList","@id":"https:\/\/psoecanarias.com\/web\/el-psoe-pide-una-partida-extra-para-el-ciclo-de-cocina-y-gastronomia-del-ies-garoe\/#breadcrumb","itemListElement":[{"@type":"ListItem","position":1,"name":"Portada","item":"https:\/\/psoecanarias.com\/web\/"},{"@type":"ListItem","position":2,"name":"El PSOE pide una partida extra para el ciclo de cocina y gastronom\u00eda del IES Garo\u00e9"}]},{"@type":"WebSite","@id":"https:\/\/psoecanarias.com\/web\/#website","url":"https:\/\/psoecanarias.com\/web\/","name":"PSOE Canarias","description":"Partido Socialista Obrero Espa\u00f1ol Canarias","potentialAction":[{"@type":"SearchAction","target":{"@type":"EntryPoint","urlTemplate":"https:\/\/psoecanarias.com\/web\/?s={search_term_string}"},"query-input":{"@type":"PropertyValueSpecification","valueRequired":true,"valueName":"search_term_string"}}],"inLanguage":"es"},{"@type":"Person","@id":"https:\/\/psoecanarias.com\/web\/#\/schema\/person\/1ae43f9659d2fc599ca69c11e1dbf26f","name":"PSOE Canarias","image":{"@type":"ImageObject","inLanguage":"es","@id":"https:\/\/secure.gravatar.com\/avatar\/4364d37f6f6f9cdb7af199b46151565f37d8a8c3c0e04c1d78c04e857a15e3a8?s=96&d=mm&r=g","url":"https:\/\/secure.gravatar.com\/avatar\/4364d37f6f6f9cdb7af199b46151565f37d8a8c3c0e04c1d78c04e857a15e3a8?s=96&d=mm&r=g","contentUrl":"https:\/\/secure.gravatar.com\/avatar\/4364d37f6f6f9cdb7af199b46151565f37d8a8c3c0e04c1d78c04e857a15e3a8?s=96&d=mm&r=g","caption":"PSOE Canarias"},"url":"https:\/\/psoecanarias.com\/web\/author\/admin\/"}]}},"_links":{"self":[{"href":"https:\/\/psoecanarias.com\/web\/wp-json\/wp\/v2\/posts\/1589","targetHints":{"allow":["GET"]}}],"collection":[{"href":"https:\/\/psoecanarias.com\/web\/wp-json\/wp\/v2\/posts"}],"about":[{"href":"https:\/\/psoecanarias.com\/web\/wp-json\/wp\/v2\/types\/post"}],"author":[{"embeddable":true,"href":"https:\/\/psoecanarias.com\/web\/wp-json\/wp\/v2\/users\/1"}],"replies":[{"embeddable":true,"href":"https:\/\/psoecanarias.com\/web\/wp-json\/wp\/v2\/comments?post=1589"}],"version-history":[{"count":1,"href":"https:\/\/psoecanarias.com\/web\/wp-json\/wp\/v2\/posts\/1589\/revisions"}],"predecessor-version":[{"id":1590,"href":"https:\/\/psoecanarias.com\/web\/wp-json\/wp\/v2\/posts\/1589\/revisions\/1590"}],"wp:featuredmedia":[{"embeddable":true,"href":"https:\/\/psoecanarias.com\/web\/wp-json\/wp\/v2\/media\/1360"}],"wp:attachment":[{"href":"https:\/\/psoecanarias.com\/web\/wp-json\/wp\/v2\/media?parent=1589"}],"wp:term":[{"taxonomy":"category","embeddable":true,"href":"https:\/\/psoecanarias.com\/web\/wp-json\/wp\/v2\/categories?post=1589"},{"taxonomy":"post_tag","embeddable":true,"href":"https:\/\/psoecanarias.com\/web\/wp-json\/wp\/v2\/tags?post=1589"}],"curies":[{"name":"wp","href":"https:\/\/api.w.org\/{rel}","templated":true}]}}