{"id":1630,"date":"2016-03-15T10:41:39","date_gmt":"2016-03-15T10:41:39","guid":{"rendered":"http:\/\/psoecanarias.com\/web\/?p=1630"},"modified":"2016-03-15T10:41:39","modified_gmt":"2016-03-15T10:41:39","slug":"el-tribunal-constitucional-ha-ratificado-la-postura-defendida-por-el-psoe-y-por-canarias","status":"publish","type":"post","link":"https:\/\/psoecanarias.com\/web\/el-tribunal-constitucional-ha-ratificado-la-postura-defendida-por-el-psoe-y-por-canarias\/","title":{"rendered":"\u201cEl Tribunal Constitucional ha ratificado la postura defendida por el PSOE y por Canarias\u201d"},"content":{"rendered":"<p style=\"text-align: justify;\"><em>XH\/<\/em>\u00a0La presidenta del Grupo Parlamentario Socialista, Dolores Corujo, afirm\u00f3 este s\u00e1bado que la sentencia del Tribunal Constitucional que declara inconstitucionales determinados aspectos de la reforma de la administraci\u00f3n local aprobada por el Gobierno del PP \u201cviene a ratificar la postura defendida por el PSOE y por el Gobierno de Canarias, en el sentido de que el texto que aprob\u00f3 el Ejecutivo de Rajoy desde su mayor\u00eda absoluta era un ataque a la autonom\u00eda local\u201d.<\/p>\n<p style=\"text-align: justify;\">La parlamentaria aclar\u00f3 que el PSOE nunca ha discutido la necesidad de introducir elementos de sostenibilidad y racionalidad del gasto en la administraci\u00f3n local, \u201cpero lo que s\u00ed cuestionamos es el camino elegido por el PP, que dejaba en la estacada las pol\u00edticas educativas y sociales que prestan los ayuntamientos, invadiendo adem\u00e1s competencias auton\u00f3micas, como as\u00ed ha certificado el alto tribunal\u201d.<\/p>\n<p style=\"text-align: justify;\">Corujo subray\u00f3 que el fallo es una \u201cmuy buena noticia para los municipios de Espa\u00f1a y tambi\u00e9n para Canarias\u201d, aunque record\u00f3 que el Gobierno regional, con la aprobaci\u00f3n en la pasada legislatura de la Ley Canaria de Municipios, la prestaci\u00f3n de servicios sociales por los ayuntamientos quedaba blindada\u201d. A\u00f1adi\u00f3 que al igual que otras comunidades aut\u00f3nomas, Canarias recurri\u00f3 la Ley de Racionalizaci\u00f3n y Sostenibilidad de la Administraci\u00f3n Local por entender que invad\u00eda sus competencias consagradas en el Estatuto de Autonom\u00eda.<\/p>\n<p style=\"text-align: justify;\">La tambi\u00e9n alcaldesa de San Bartolom\u00e9 \u00a0indic\u00f3 que el Tribunal Constitucional ha admitido a tr\u00e1mite recursos contra esta reforma desde 3.000 ayuntamientos espa\u00f1oles, por lo que insisti\u00f3 en la necesidad de que el nuevo Gobierno de Espa\u00f1a \u201cderogue una ley que tanto rechazo e intranquilidad ha suscitado en los municipios\u201d. Por otra parte, record\u00f3 que la Consejer\u00eda de Empleo, Pol\u00edticas Sociales y Vivienda impulsa ya la elaboraci\u00f3n de una nueva ley de servicios sociales que actualice las competencias y permita prestar esos servicios con mayor calidad.<\/p>\n<p style=\"text-align: justify;\">\n<p>&nbsp;<\/p>\n<p>&nbsp;<\/p>\n","protected":false},"excerpt":{"rendered":"<p>Dolores Corujo recuerda que el PSOE nunca ha discutido la necesidad de introducir elementos de sostenibilidad y racionalidad del gasto en la administraci\u00f3n local, \u201cpero lo que s\u00ed cuestionamos es el camino elegido por el PP, que dejaba en la estacada las pol\u00edticas sociales que prestan los municipios, invadiendo adem\u00e1s competencias auton\u00f3micas\u201d<\/p>\n","protected":false},"author":1,"featured_media":1569,"comment_status":"open","ping_status":"open","sticky":false,"template":"","format":"standard","meta":{"footnotes":""},"categories":[7],"tags":[302,293,423,13,398,424],"class_list":["post-1630","post","type-post","status-publish","format-standard","has-post-thumbnail","hentry","category-politica","tag-diputada","tag-grupo-parlamentario-socialista-canario","tag-maria-dolores-corujo-berriel","tag-presidenta","tag-reforma-local","tag-tribunal-constitucional"],"featured_image_src":"https:\/\/psoecanarias.com\/web\/wp-content\/uploads\/2016\/03\/DCorujo.jpg","author_info":{"display_name":"PSOE Canarias","author_link":"https:\/\/psoecanarias.com\/web\/author\/admin\/"},"yoast_head":"<!-- This site is optimized with the Yoast SEO plugin v27.2 - https:\/\/yoast.com\/product\/yoast-seo-wordpress\/ -->\n<title>\u201cEl Tribunal Constitucional ha ratificado la postura defendida por el PSOE y por Canarias\u201d | PSOE Canarias<\/title>\n<meta name=\"robots\" content=\"index, follow, max-snippet:-1, max-image-preview:large, max-video-preview:-1\" \/>\n<link rel=\"canonical\" href=\"https:\/\/psoecanarias.com\/web\/el-tribunal-constitucional-ha-ratificado-la-postura-defendida-por-el-psoe-y-por-canarias\/\" \/>\n<meta property=\"og:locale\" content=\"es_ES\" \/>\n<meta property=\"og:type\" content=\"article\" \/>\n<meta property=\"og:title\" content=\"\u201cEl Tribunal Constitucional ha ratificado la postura defendida por el PSOE y por Canarias\u201d | PSOE Canarias\" \/>\n<meta property=\"og:description\" content=\"Dolores Corujo recuerda que el PSOE nunca ha discutido la necesidad de introducir elementos de sostenibilidad y racionalidad del gasto en la administraci\u00f3n local, \u201cpero lo que s\u00ed cuestionamos es el camino elegido por el PP, que dejaba en la estacada las pol\u00edticas sociales que prestan los municipios, invadiendo adem\u00e1s competencias auton\u00f3micas\u201d\" \/>\n<meta property=\"og:url\" content=\"https:\/\/psoecanarias.com\/web\/el-tribunal-constitucional-ha-ratificado-la-postura-defendida-por-el-psoe-y-por-canarias\/\" \/>\n<meta property=\"og:site_name\" content=\"PSOE Canarias\" \/>\n<meta property=\"article:published_time\" content=\"2016-03-15T10:41:39+00:00\" \/>\n<meta property=\"og:image\" content=\"https:\/\/psoecanarias.com\/web\/wp-content\/uploads\/2016\/03\/DCorujo.jpg\" \/>\n\t<meta property=\"og:image:width\" content=\"456\" \/>\n\t<meta property=\"og:image:height\" content=\"687\" \/>\n\t<meta property=\"og:image:type\" content=\"image\/jpeg\" \/>\n<meta name=\"author\" content=\"PSOE Canarias\" \/>\n<meta name=\"twitter:card\" content=\"summary_large_image\" \/>\n<script type=\"application\/ld+json\" class=\"yoast-schema-graph\">{\"@context\":\"https:\/\/schema.org\",\"@graph\":[{\"@type\":\"Article\",\"@id\":\"https:\/\/psoecanarias.com\/web\/el-tribunal-constitucional-ha-ratificado-la-postura-defendida-por-el-psoe-y-por-canarias\/#article\",\"isPartOf\":{\"@id\":\"https:\/\/psoecanarias.com\/web\/el-tribunal-constitucional-ha-ratificado-la-postura-defendida-por-el-psoe-y-por-canarias\/\"},\"author\":{\"name\":\"PSOE Canarias\",\"@id\":\"https:\/\/psoecanarias.com\/web\/#\/schema\/person\/1ae43f9659d2fc599ca69c11e1dbf26f\"},\"headline\":\"\u201cEl Tribunal Constitucional ha ratificado la postura defendida por el PSOE y por Canarias\u201d\",\"datePublished\":\"2016-03-15T10:41:39+00:00\",\"mainEntityOfPage\":{\"@id\":\"https:\/\/psoecanarias.com\/web\/el-tribunal-constitucional-ha-ratificado-la-postura-defendida-por-el-psoe-y-por-canarias\/\"},\"wordCount\":342,\"commentCount\":0,\"image\":{\"@id\":\"https:\/\/psoecanarias.com\/web\/el-tribunal-constitucional-ha-ratificado-la-postura-defendida-por-el-psoe-y-por-canarias\/#primaryimage\"},\"thumbnailUrl\":\"https:\/\/psoecanarias.com\/web\/wp-content\/uploads\/2016\/03\/DCorujo.jpg\",\"keywords\":[\"Diputada\",\"Grupo Parlamentario Socialista Canario\",\"Mar\u00eda Dolores Corujo Berriel\",\"presidenta\",\"Reforma local\",\"Tribunal Constitucional\"],\"articleSection\":[\"Pol\u00edtica\"],\"inLanguage\":\"es\",\"potentialAction\":[{\"@type\":\"CommentAction\",\"name\":\"Comment\",\"target\":[\"https:\/\/psoecanarias.com\/web\/el-tribunal-constitucional-ha-ratificado-la-postura-defendida-por-el-psoe-y-por-canarias\/#respond\"]}]},{\"@type\":\"WebPage\",\"@id\":\"https:\/\/psoecanarias.com\/web\/el-tribunal-constitucional-ha-ratificado-la-postura-defendida-por-el-psoe-y-por-canarias\/\",\"url\":\"https:\/\/psoecanarias.com\/web\/el-tribunal-constitucional-ha-ratificado-la-postura-defendida-por-el-psoe-y-por-canarias\/\",\"name\":\"\u201cEl Tribunal Constitucional ha ratificado la postura defendida por el PSOE y por Canarias\u201d | PSOE Canarias\",\"isPartOf\":{\"@id\":\"https:\/\/psoecanarias.com\/web\/#website\"},\"primaryImageOfPage\":{\"@id\":\"https:\/\/psoecanarias.com\/web\/el-tribunal-constitucional-ha-ratificado-la-postura-defendida-por-el-psoe-y-por-canarias\/#primaryimage\"},\"image\":{\"@id\":\"https:\/\/psoecanarias.com\/web\/el-tribunal-constitucional-ha-ratificado-la-postura-defendida-por-el-psoe-y-por-canarias\/#primaryimage\"},\"thumbnailUrl\":\"https:\/\/psoecanarias.com\/web\/wp-content\/uploads\/2016\/03\/DCorujo.jpg\",\"datePublished\":\"2016-03-15T10:41:39+00:00\",\"author\":{\"@id\":\"https:\/\/psoecanarias.com\/web\/#\/schema\/person\/1ae43f9659d2fc599ca69c11e1dbf26f\"},\"breadcrumb\":{\"@id\":\"https:\/\/psoecanarias.com\/web\/el-tribunal-constitucional-ha-ratificado-la-postura-defendida-por-el-psoe-y-por-canarias\/#breadcrumb\"},\"inLanguage\":\"es\",\"potentialAction\":[{\"@type\":\"ReadAction\",\"target\":[\"https:\/\/psoecanarias.com\/web\/el-tribunal-constitucional-ha-ratificado-la-postura-defendida-por-el-psoe-y-por-canarias\/\"]}]},{\"@type\":\"ImageObject\",\"inLanguage\":\"es\",\"@id\":\"https:\/\/psoecanarias.com\/web\/el-tribunal-constitucional-ha-ratificado-la-postura-defendida-por-el-psoe-y-por-canarias\/#primaryimage\",\"url\":\"https:\/\/psoecanarias.com\/web\/wp-content\/uploads\/2016\/03\/DCorujo.jpg\",\"contentUrl\":\"https:\/\/psoecanarias.com\/web\/wp-content\/uploads\/2016\/03\/DCorujo.jpg\",\"width\":456,\"height\":687},{\"@type\":\"BreadcrumbList\",\"@id\":\"https:\/\/psoecanarias.com\/web\/el-tribunal-constitucional-ha-ratificado-la-postura-defendida-por-el-psoe-y-por-canarias\/#breadcrumb\",\"itemListElement\":[{\"@type\":\"ListItem\",\"position\":1,\"name\":\"Portada\",\"item\":\"https:\/\/psoecanarias.com\/web\/\"},{\"@type\":\"ListItem\",\"position\":2,\"name\":\"\u201cEl Tribunal Constitucional ha ratificado la postura defendida por el PSOE y por Canarias\u201d\"}]},{\"@type\":\"WebSite\",\"@id\":\"https:\/\/psoecanarias.com\/web\/#website\",\"url\":\"https:\/\/psoecanarias.com\/web\/\",\"name\":\"PSOE Canarias\",\"description\":\"Partido Socialista Obrero Espa\u00f1ol Canarias\",\"potentialAction\":[{\"@type\":\"SearchAction\",\"target\":{\"@type\":\"EntryPoint\",\"urlTemplate\":\"https:\/\/psoecanarias.com\/web\/?s={search_term_string}\"},\"query-input\":{\"@type\":\"PropertyValueSpecification\",\"valueRequired\":true,\"valueName\":\"search_term_string\"}}],\"inLanguage\":\"es\"},{\"@type\":\"Person\",\"@id\":\"https:\/\/psoecanarias.com\/web\/#\/schema\/person\/1ae43f9659d2fc599ca69c11e1dbf26f\",\"name\":\"PSOE Canarias\",\"image\":{\"@type\":\"ImageObject\",\"inLanguage\":\"es\",\"@id\":\"https:\/\/secure.gravatar.com\/avatar\/4364d37f6f6f9cdb7af199b46151565f37d8a8c3c0e04c1d78c04e857a15e3a8?s=96&d=mm&r=g\",\"url\":\"https:\/\/secure.gravatar.com\/avatar\/4364d37f6f6f9cdb7af199b46151565f37d8a8c3c0e04c1d78c04e857a15e3a8?s=96&d=mm&r=g\",\"contentUrl\":\"https:\/\/secure.gravatar.com\/avatar\/4364d37f6f6f9cdb7af199b46151565f37d8a8c3c0e04c1d78c04e857a15e3a8?s=96&d=mm&r=g\",\"caption\":\"PSOE Canarias\"},\"url\":\"https:\/\/psoecanarias.com\/web\/author\/admin\/\"}]}<\/script>\n<!-- \/ Yoast SEO plugin. -->","yoast_head_json":{"title":"\u201cEl Tribunal Constitucional ha ratificado la postura defendida por el PSOE y por Canarias\u201d | PSOE Canarias","robots":{"index":"index","follow":"follow","max-snippet":"max-snippet:-1","max-image-preview":"max-image-preview:large","max-video-preview":"max-video-preview:-1"},"canonical":"https:\/\/psoecanarias.com\/web\/el-tribunal-constitucional-ha-ratificado-la-postura-defendida-por-el-psoe-y-por-canarias\/","og_locale":"es_ES","og_type":"article","og_title":"\u201cEl Tribunal Constitucional ha ratificado la postura defendida por el PSOE y por Canarias\u201d | PSOE Canarias","og_description":"Dolores Corujo recuerda que el PSOE nunca ha discutido la necesidad de introducir elementos de sostenibilidad y racionalidad del gasto en la administraci\u00f3n local, \u201cpero lo que s\u00ed cuestionamos es el camino elegido por el PP, que dejaba en la estacada las pol\u00edticas sociales que prestan los municipios, invadiendo adem\u00e1s competencias auton\u00f3micas\u201d","og_url":"https:\/\/psoecanarias.com\/web\/el-tribunal-constitucional-ha-ratificado-la-postura-defendida-por-el-psoe-y-por-canarias\/","og_site_name":"PSOE Canarias","article_published_time":"2016-03-15T10:41:39+00:00","og_image":[{"width":456,"height":687,"url":"https:\/\/psoecanarias.com\/web\/wp-content\/uploads\/2016\/03\/DCorujo.jpg","type":"image\/jpeg"}],"author":"PSOE Canarias","twitter_card":"summary_large_image","schema":{"@context":"https:\/\/schema.org","@graph":[{"@type":"Article","@id":"https:\/\/psoecanarias.com\/web\/el-tribunal-constitucional-ha-ratificado-la-postura-defendida-por-el-psoe-y-por-canarias\/#article","isPartOf":{"@id":"https:\/\/psoecanarias.com\/web\/el-tribunal-constitucional-ha-ratificado-la-postura-defendida-por-el-psoe-y-por-canarias\/"},"author":{"name":"PSOE Canarias","@id":"https:\/\/psoecanarias.com\/web\/#\/schema\/person\/1ae43f9659d2fc599ca69c11e1dbf26f"},"headline":"\u201cEl Tribunal Constitucional ha ratificado la postura defendida por el PSOE y por Canarias\u201d","datePublished":"2016-03-15T10:41:39+00:00","mainEntityOfPage":{"@id":"https:\/\/psoecanarias.com\/web\/el-tribunal-constitucional-ha-ratificado-la-postura-defendida-por-el-psoe-y-por-canarias\/"},"wordCount":342,"commentCount":0,"image":{"@id":"https:\/\/psoecanarias.com\/web\/el-tribunal-constitucional-ha-ratificado-la-postura-defendida-por-el-psoe-y-por-canarias\/#primaryimage"},"thumbnailUrl":"https:\/\/psoecanarias.com\/web\/wp-content\/uploads\/2016\/03\/DCorujo.jpg","keywords":["Diputada","Grupo Parlamentario Socialista Canario","Mar\u00eda Dolores Corujo Berriel","presidenta","Reforma local","Tribunal Constitucional"],"articleSection":["Pol\u00edtica"],"inLanguage":"es","potentialAction":[{"@type":"CommentAction","name":"Comment","target":["https:\/\/psoecanarias.com\/web\/el-tribunal-constitucional-ha-ratificado-la-postura-defendida-por-el-psoe-y-por-canarias\/#respond"]}]},{"@type":"WebPage","@id":"https:\/\/psoecanarias.com\/web\/el-tribunal-constitucional-ha-ratificado-la-postura-defendida-por-el-psoe-y-por-canarias\/","url":"https:\/\/psoecanarias.com\/web\/el-tribunal-constitucional-ha-ratificado-la-postura-defendida-por-el-psoe-y-por-canarias\/","name":"\u201cEl Tribunal Constitucional ha ratificado la postura defendida por el PSOE y por Canarias\u201d | PSOE Canarias","isPartOf":{"@id":"https:\/\/psoecanarias.com\/web\/#website"},"primaryImageOfPage":{"@id":"https:\/\/psoecanarias.com\/web\/el-tribunal-constitucional-ha-ratificado-la-postura-defendida-por-el-psoe-y-por-canarias\/#primaryimage"},"image":{"@id":"https:\/\/psoecanarias.com\/web\/el-tribunal-constitucional-ha-ratificado-la-postura-defendida-por-el-psoe-y-por-canarias\/#primaryimage"},"thumbnailUrl":"https:\/\/psoecanarias.com\/web\/wp-content\/uploads\/2016\/03\/DCorujo.jpg","datePublished":"2016-03-15T10:41:39+00:00","author":{"@id":"https:\/\/psoecanarias.com\/web\/#\/schema\/person\/1ae43f9659d2fc599ca69c11e1dbf26f"},"breadcrumb":{"@id":"https:\/\/psoecanarias.com\/web\/el-tribunal-constitucional-ha-ratificado-la-postura-defendida-por-el-psoe-y-por-canarias\/#breadcrumb"},"inLanguage":"es","potentialAction":[{"@type":"ReadAction","target":["https:\/\/psoecanarias.com\/web\/el-tribunal-constitucional-ha-ratificado-la-postura-defendida-por-el-psoe-y-por-canarias\/"]}]},{"@type":"ImageObject","inLanguage":"es","@id":"https:\/\/psoecanarias.com\/web\/el-tribunal-constitucional-ha-ratificado-la-postura-defendida-por-el-psoe-y-por-canarias\/#primaryimage","url":"https:\/\/psoecanarias.com\/web\/wp-content\/uploads\/2016\/03\/DCorujo.jpg","contentUrl":"https:\/\/psoecanarias.com\/web\/wp-content\/uploads\/2016\/03\/DCorujo.jpg","width":456,"height":687},{"@type":"BreadcrumbList","@id":"https:\/\/psoecanarias.com\/web\/el-tribunal-constitucional-ha-ratificado-la-postura-defendida-por-el-psoe-y-por-canarias\/#breadcrumb","itemListElement":[{"@type":"ListItem","position":1,"name":"Portada","item":"https:\/\/psoecanarias.com\/web\/"},{"@type":"ListItem","position":2,"name":"\u201cEl Tribunal Constitucional ha ratificado la postura defendida por el PSOE y por Canarias\u201d"}]},{"@type":"WebSite","@id":"https:\/\/psoecanarias.com\/web\/#website","url":"https:\/\/psoecanarias.com\/web\/","name":"PSOE Canarias","description":"Partido Socialista Obrero Espa\u00f1ol Canarias","potentialAction":[{"@type":"SearchAction","target":{"@type":"EntryPoint","urlTemplate":"https:\/\/psoecanarias.com\/web\/?s={search_term_string}"},"query-input":{"@type":"PropertyValueSpecification","valueRequired":true,"valueName":"search_term_string"}}],"inLanguage":"es"},{"@type":"Person","@id":"https:\/\/psoecanarias.com\/web\/#\/schema\/person\/1ae43f9659d2fc599ca69c11e1dbf26f","name":"PSOE Canarias","image":{"@type":"ImageObject","inLanguage":"es","@id":"https:\/\/secure.gravatar.com\/avatar\/4364d37f6f6f9cdb7af199b46151565f37d8a8c3c0e04c1d78c04e857a15e3a8?s=96&d=mm&r=g","url":"https:\/\/secure.gravatar.com\/avatar\/4364d37f6f6f9cdb7af199b46151565f37d8a8c3c0e04c1d78c04e857a15e3a8?s=96&d=mm&r=g","contentUrl":"https:\/\/secure.gravatar.com\/avatar\/4364d37f6f6f9cdb7af199b46151565f37d8a8c3c0e04c1d78c04e857a15e3a8?s=96&d=mm&r=g","caption":"PSOE Canarias"},"url":"https:\/\/psoecanarias.com\/web\/author\/admin\/"}]}},"_links":{"self":[{"href":"https:\/\/psoecanarias.com\/web\/wp-json\/wp\/v2\/posts\/1630","targetHints":{"allow":["GET"]}}],"collection":[{"href":"https:\/\/psoecanarias.com\/web\/wp-json\/wp\/v2\/posts"}],"about":[{"href":"https:\/\/psoecanarias.com\/web\/wp-json\/wp\/v2\/types\/post"}],"author":[{"embeddable":true,"href":"https:\/\/psoecanarias.com\/web\/wp-json\/wp\/v2\/users\/1"}],"replies":[{"embeddable":true,"href":"https:\/\/psoecanarias.com\/web\/wp-json\/wp\/v2\/comments?post=1630"}],"version-history":[{"count":1,"href":"https:\/\/psoecanarias.com\/web\/wp-json\/wp\/v2\/posts\/1630\/revisions"}],"predecessor-version":[{"id":1631,"href":"https:\/\/psoecanarias.com\/web\/wp-json\/wp\/v2\/posts\/1630\/revisions\/1631"}],"wp:featuredmedia":[{"embeddable":true,"href":"https:\/\/psoecanarias.com\/web\/wp-json\/wp\/v2\/media\/1569"}],"wp:attachment":[{"href":"https:\/\/psoecanarias.com\/web\/wp-json\/wp\/v2\/media?parent=1630"}],"wp:term":[{"taxonomy":"category","embeddable":true,"href":"https:\/\/psoecanarias.com\/web\/wp-json\/wp\/v2\/categories?post=1630"},{"taxonomy":"post_tag","embeddable":true,"href":"https:\/\/psoecanarias.com\/web\/wp-json\/wp\/v2\/tags?post=1630"}],"curies":[{"name":"wp","href":"https:\/\/api.w.org\/{rel}","templated":true}]}}