{"id":1641,"date":"2016-03-16T18:11:42","date_gmt":"2016-03-16T18:11:42","guid":{"rendered":"http:\/\/psoecanarias.com\/web\/?p=1641"},"modified":"2016-03-16T18:13:00","modified_gmt":"2016-03-16T18:13:00","slug":"el-psoe-preguntara-al-gobierno-por-el-funcionamiento-del-aeropuerto-de-la-gomera","status":"publish","type":"post","link":"https:\/\/psoecanarias.com\/web\/el-psoe-preguntara-al-gobierno-por-el-funcionamiento-del-aeropuerto-de-la-gomera\/","title":{"rendered":"El PSOE preguntar\u00e1 al Gobierno por el funcionamiento del aeropuerto de La Gomera"},"content":{"rendered":"<p style=\"text-align: justify;\"><em>XH\/ <\/em>La diputada del PSOE por La Gomera, Ventura del Carmen Rodr\u00edguez, preguntar\u00e1 al Gobierno de Canarias, en comisi\u00f3n parlamentaria, por el funcionamiento del aeropuerto de La Gomera.<\/p>\n<p style=\"text-align: justify;\">La parlamentaria socialista expresa su preocupaci\u00f3n por la cancelaci\u00f3n reiterada de vuelos con Tenerife sin que en todos los casos parezca haber justificaci\u00f3n. Por ello, solicitar\u00e1 a la consejera de Obras P\u00fablicas y Transportes la informaci\u00f3n de la que disponga sobre el funcionamiento del aeropuerto.<\/p>\n<p style=\"text-align: justify;\">Subraya que los aeropuertos son instalaciones fundamentales para el desarrollo del archipi\u00e9lago, \u201cpero adquieren especial relevancia en islas no capitalinas como La Gomera, donde preocupa mucho el proceso de privatizaci\u00f3n de AENA emprendido por el Gobierno del PP y que mira hacia este aeropuerto s\u00f3lo en funci\u00f3n de su rendimiento econ\u00f3mico\u201d.<\/p>\n<p style=\"text-align: justify;\">Rodr\u00edguez Herrera advierte de que bajo ese planteamiento, \u201cdeber\u00edan tener en cuenta que los n\u00fameros empeoran si se contin\u00faa quitando vuelos\u201d, por lo que solicita un \u201cesfuerzo mayor para mejorar las frecuencias y las conexiones, incorporando dos vuelos m\u00e1s con Gran Canaria, como ya los hubo en su d\u00eda\u201d.<\/p>\n<p style=\"text-align: justify;\">Indica que el primer vuelo a Tenerife desde La Gomera sale a las 10:30 horas, \u201cde tal manera que no responde a las demandas de los viajeros que se desplazan por cuestiones laborales, m\u00e9dicas o de cualquier otro tipo, ni tampoco de los turistas que deben conectar con otros vuelos insulares nacionales o internacionales\u201d.<\/p>\n","protected":false},"excerpt":{"rendered":"<p>Ventura del Carmen Rodr\u00edguez expresa su preocupaci\u00f3n por la cancelaci\u00f3n reiterada de vuelos con Tenerife sin que en todos los casos parezca haber justificaci\u00f3n<\/p>\n","protected":false},"author":1,"featured_media":1531,"comment_status":"open","ping_status":"open","sticky":false,"template":"","format":"standard","meta":{"footnotes":""},"categories":[7],"tags":[433,302,37,301],"class_list":["post-1641","post","type-post","status-publish","format-standard","has-post-thumbnail","hentry","category-politica","tag-aeropuerto-de-la-gomera","tag-diputada","tag-parlamento","tag-ventura-del-carmen-rodriguez-herrera"],"featured_image_src":"https:\/\/psoecanarias.com\/web\/wp-content\/uploads\/2016\/02\/IMG_23331-e1456333595606.jpg","author_info":{"display_name":"PSOE Canarias","author_link":"https:\/\/psoecanarias.com\/web\/author\/admin\/"},"yoast_head":"<!-- This site is optimized with the Yoast SEO plugin v27.2 - https:\/\/yoast.com\/product\/yoast-seo-wordpress\/ -->\n<title>El PSOE preguntar\u00e1 al Gobierno por el funcionamiento del aeropuerto de La Gomera | PSOE Canarias<\/title>\n<meta name=\"robots\" content=\"index, follow, max-snippet:-1, max-image-preview:large, max-video-preview:-1\" \/>\n<link rel=\"canonical\" href=\"https:\/\/psoecanarias.com\/web\/el-psoe-preguntara-al-gobierno-por-el-funcionamiento-del-aeropuerto-de-la-gomera\/\" \/>\n<meta property=\"og:locale\" content=\"es_ES\" \/>\n<meta property=\"og:type\" content=\"article\" \/>\n<meta property=\"og:title\" content=\"El PSOE preguntar\u00e1 al Gobierno por el funcionamiento del aeropuerto de La Gomera | PSOE Canarias\" \/>\n<meta property=\"og:description\" content=\"Ventura del Carmen Rodr\u00edguez expresa su preocupaci\u00f3n por la cancelaci\u00f3n reiterada de vuelos con Tenerife sin que en todos los casos parezca haber justificaci\u00f3n\" \/>\n<meta property=\"og:url\" content=\"https:\/\/psoecanarias.com\/web\/el-psoe-preguntara-al-gobierno-por-el-funcionamiento-del-aeropuerto-de-la-gomera\/\" \/>\n<meta property=\"og:site_name\" content=\"PSOE Canarias\" \/>\n<meta property=\"article:published_time\" content=\"2016-03-16T18:11:42+00:00\" \/>\n<meta property=\"article:modified_time\" content=\"2016-03-16T18:13:00+00:00\" \/>\n<meta property=\"og:image\" content=\"https:\/\/psoecanarias.com\/web\/wp-content\/uploads\/2016\/02\/IMG_23331-e1456333595606.jpg\" \/>\n\t<meta property=\"og:image:width\" content=\"900\" \/>\n\t<meta property=\"og:image:height\" content=\"506\" \/>\n\t<meta property=\"og:image:type\" content=\"image\/jpeg\" \/>\n<meta name=\"author\" content=\"PSOE Canarias\" \/>\n<meta name=\"twitter:card\" content=\"summary_large_image\" \/>\n<script type=\"application\/ld+json\" class=\"yoast-schema-graph\">{\"@context\":\"https:\/\/schema.org\",\"@graph\":[{\"@type\":\"Article\",\"@id\":\"https:\/\/psoecanarias.com\/web\/el-psoe-preguntara-al-gobierno-por-el-funcionamiento-del-aeropuerto-de-la-gomera\/#article\",\"isPartOf\":{\"@id\":\"https:\/\/psoecanarias.com\/web\/el-psoe-preguntara-al-gobierno-por-el-funcionamiento-del-aeropuerto-de-la-gomera\/\"},\"author\":{\"name\":\"PSOE Canarias\",\"@id\":\"https:\/\/psoecanarias.com\/web\/#\/schema\/person\/1ae43f9659d2fc599ca69c11e1dbf26f\"},\"headline\":\"El PSOE preguntar\u00e1 al Gobierno por el funcionamiento del aeropuerto de La Gomera\",\"datePublished\":\"2016-03-16T18:11:42+00:00\",\"dateModified\":\"2016-03-16T18:13:00+00:00\",\"mainEntityOfPage\":{\"@id\":\"https:\/\/psoecanarias.com\/web\/el-psoe-preguntara-al-gobierno-por-el-funcionamiento-del-aeropuerto-de-la-gomera\/\"},\"wordCount\":258,\"commentCount\":0,\"image\":{\"@id\":\"https:\/\/psoecanarias.com\/web\/el-psoe-preguntara-al-gobierno-por-el-funcionamiento-del-aeropuerto-de-la-gomera\/#primaryimage\"},\"thumbnailUrl\":\"https:\/\/psoecanarias.com\/web\/wp-content\/uploads\/2016\/02\/IMG_23331-e1456333595606.jpg\",\"keywords\":[\"Aeropuerto de La Gomera\",\"Diputada\",\"Parlamento\",\"Ventura del Carmen Rodr\u00edguez Herrera\"],\"articleSection\":[\"Pol\u00edtica\"],\"inLanguage\":\"es\",\"potentialAction\":[{\"@type\":\"CommentAction\",\"name\":\"Comment\",\"target\":[\"https:\/\/psoecanarias.com\/web\/el-psoe-preguntara-al-gobierno-por-el-funcionamiento-del-aeropuerto-de-la-gomera\/#respond\"]}]},{\"@type\":\"WebPage\",\"@id\":\"https:\/\/psoecanarias.com\/web\/el-psoe-preguntara-al-gobierno-por-el-funcionamiento-del-aeropuerto-de-la-gomera\/\",\"url\":\"https:\/\/psoecanarias.com\/web\/el-psoe-preguntara-al-gobierno-por-el-funcionamiento-del-aeropuerto-de-la-gomera\/\",\"name\":\"El PSOE preguntar\u00e1 al Gobierno por el funcionamiento del aeropuerto de La Gomera | PSOE Canarias\",\"isPartOf\":{\"@id\":\"https:\/\/psoecanarias.com\/web\/#website\"},\"primaryImageOfPage\":{\"@id\":\"https:\/\/psoecanarias.com\/web\/el-psoe-preguntara-al-gobierno-por-el-funcionamiento-del-aeropuerto-de-la-gomera\/#primaryimage\"},\"image\":{\"@id\":\"https:\/\/psoecanarias.com\/web\/el-psoe-preguntara-al-gobierno-por-el-funcionamiento-del-aeropuerto-de-la-gomera\/#primaryimage\"},\"thumbnailUrl\":\"https:\/\/psoecanarias.com\/web\/wp-content\/uploads\/2016\/02\/IMG_23331-e1456333595606.jpg\",\"datePublished\":\"2016-03-16T18:11:42+00:00\",\"dateModified\":\"2016-03-16T18:13:00+00:00\",\"author\":{\"@id\":\"https:\/\/psoecanarias.com\/web\/#\/schema\/person\/1ae43f9659d2fc599ca69c11e1dbf26f\"},\"breadcrumb\":{\"@id\":\"https:\/\/psoecanarias.com\/web\/el-psoe-preguntara-al-gobierno-por-el-funcionamiento-del-aeropuerto-de-la-gomera\/#breadcrumb\"},\"inLanguage\":\"es\",\"potentialAction\":[{\"@type\":\"ReadAction\",\"target\":[\"https:\/\/psoecanarias.com\/web\/el-psoe-preguntara-al-gobierno-por-el-funcionamiento-del-aeropuerto-de-la-gomera\/\"]}]},{\"@type\":\"ImageObject\",\"inLanguage\":\"es\",\"@id\":\"https:\/\/psoecanarias.com\/web\/el-psoe-preguntara-al-gobierno-por-el-funcionamiento-del-aeropuerto-de-la-gomera\/#primaryimage\",\"url\":\"https:\/\/psoecanarias.com\/web\/wp-content\/uploads\/2016\/02\/IMG_23331-e1456333595606.jpg\",\"contentUrl\":\"https:\/\/psoecanarias.com\/web\/wp-content\/uploads\/2016\/02\/IMG_23331-e1456333595606.jpg\",\"width\":900,\"height\":506},{\"@type\":\"BreadcrumbList\",\"@id\":\"https:\/\/psoecanarias.com\/web\/el-psoe-preguntara-al-gobierno-por-el-funcionamiento-del-aeropuerto-de-la-gomera\/#breadcrumb\",\"itemListElement\":[{\"@type\":\"ListItem\",\"position\":1,\"name\":\"Portada\",\"item\":\"https:\/\/psoecanarias.com\/web\/\"},{\"@type\":\"ListItem\",\"position\":2,\"name\":\"El PSOE preguntar\u00e1 al Gobierno por el funcionamiento del aeropuerto de La Gomera\"}]},{\"@type\":\"WebSite\",\"@id\":\"https:\/\/psoecanarias.com\/web\/#website\",\"url\":\"https:\/\/psoecanarias.com\/web\/\",\"name\":\"PSOE Canarias\",\"description\":\"Partido Socialista Obrero Espa\u00f1ol Canarias\",\"potentialAction\":[{\"@type\":\"SearchAction\",\"target\":{\"@type\":\"EntryPoint\",\"urlTemplate\":\"https:\/\/psoecanarias.com\/web\/?s={search_term_string}\"},\"query-input\":{\"@type\":\"PropertyValueSpecification\",\"valueRequired\":true,\"valueName\":\"search_term_string\"}}],\"inLanguage\":\"es\"},{\"@type\":\"Person\",\"@id\":\"https:\/\/psoecanarias.com\/web\/#\/schema\/person\/1ae43f9659d2fc599ca69c11e1dbf26f\",\"name\":\"PSOE Canarias\",\"image\":{\"@type\":\"ImageObject\",\"inLanguage\":\"es\",\"@id\":\"https:\/\/secure.gravatar.com\/avatar\/4364d37f6f6f9cdb7af199b46151565f37d8a8c3c0e04c1d78c04e857a15e3a8?s=96&d=mm&r=g\",\"url\":\"https:\/\/secure.gravatar.com\/avatar\/4364d37f6f6f9cdb7af199b46151565f37d8a8c3c0e04c1d78c04e857a15e3a8?s=96&d=mm&r=g\",\"contentUrl\":\"https:\/\/secure.gravatar.com\/avatar\/4364d37f6f6f9cdb7af199b46151565f37d8a8c3c0e04c1d78c04e857a15e3a8?s=96&d=mm&r=g\",\"caption\":\"PSOE Canarias\"},\"url\":\"https:\/\/psoecanarias.com\/web\/author\/admin\/\"}]}<\/script>\n<!-- \/ Yoast SEO plugin. -->","yoast_head_json":{"title":"El PSOE preguntar\u00e1 al Gobierno por el funcionamiento del aeropuerto de La Gomera | PSOE Canarias","robots":{"index":"index","follow":"follow","max-snippet":"max-snippet:-1","max-image-preview":"max-image-preview:large","max-video-preview":"max-video-preview:-1"},"canonical":"https:\/\/psoecanarias.com\/web\/el-psoe-preguntara-al-gobierno-por-el-funcionamiento-del-aeropuerto-de-la-gomera\/","og_locale":"es_ES","og_type":"article","og_title":"El PSOE preguntar\u00e1 al Gobierno por el funcionamiento del aeropuerto de La Gomera | PSOE Canarias","og_description":"Ventura del Carmen Rodr\u00edguez expresa su preocupaci\u00f3n por la cancelaci\u00f3n reiterada de vuelos con Tenerife sin que en todos los casos parezca haber justificaci\u00f3n","og_url":"https:\/\/psoecanarias.com\/web\/el-psoe-preguntara-al-gobierno-por-el-funcionamiento-del-aeropuerto-de-la-gomera\/","og_site_name":"PSOE Canarias","article_published_time":"2016-03-16T18:11:42+00:00","article_modified_time":"2016-03-16T18:13:00+00:00","og_image":[{"width":900,"height":506,"url":"https:\/\/psoecanarias.com\/web\/wp-content\/uploads\/2016\/02\/IMG_23331-e1456333595606.jpg","type":"image\/jpeg"}],"author":"PSOE Canarias","twitter_card":"summary_large_image","schema":{"@context":"https:\/\/schema.org","@graph":[{"@type":"Article","@id":"https:\/\/psoecanarias.com\/web\/el-psoe-preguntara-al-gobierno-por-el-funcionamiento-del-aeropuerto-de-la-gomera\/#article","isPartOf":{"@id":"https:\/\/psoecanarias.com\/web\/el-psoe-preguntara-al-gobierno-por-el-funcionamiento-del-aeropuerto-de-la-gomera\/"},"author":{"name":"PSOE Canarias","@id":"https:\/\/psoecanarias.com\/web\/#\/schema\/person\/1ae43f9659d2fc599ca69c11e1dbf26f"},"headline":"El PSOE preguntar\u00e1 al Gobierno por el funcionamiento del aeropuerto de La Gomera","datePublished":"2016-03-16T18:11:42+00:00","dateModified":"2016-03-16T18:13:00+00:00","mainEntityOfPage":{"@id":"https:\/\/psoecanarias.com\/web\/el-psoe-preguntara-al-gobierno-por-el-funcionamiento-del-aeropuerto-de-la-gomera\/"},"wordCount":258,"commentCount":0,"image":{"@id":"https:\/\/psoecanarias.com\/web\/el-psoe-preguntara-al-gobierno-por-el-funcionamiento-del-aeropuerto-de-la-gomera\/#primaryimage"},"thumbnailUrl":"https:\/\/psoecanarias.com\/web\/wp-content\/uploads\/2016\/02\/IMG_23331-e1456333595606.jpg","keywords":["Aeropuerto de La Gomera","Diputada","Parlamento","Ventura del Carmen Rodr\u00edguez Herrera"],"articleSection":["Pol\u00edtica"],"inLanguage":"es","potentialAction":[{"@type":"CommentAction","name":"Comment","target":["https:\/\/psoecanarias.com\/web\/el-psoe-preguntara-al-gobierno-por-el-funcionamiento-del-aeropuerto-de-la-gomera\/#respond"]}]},{"@type":"WebPage","@id":"https:\/\/psoecanarias.com\/web\/el-psoe-preguntara-al-gobierno-por-el-funcionamiento-del-aeropuerto-de-la-gomera\/","url":"https:\/\/psoecanarias.com\/web\/el-psoe-preguntara-al-gobierno-por-el-funcionamiento-del-aeropuerto-de-la-gomera\/","name":"El PSOE preguntar\u00e1 al Gobierno por el funcionamiento del aeropuerto de La Gomera | PSOE Canarias","isPartOf":{"@id":"https:\/\/psoecanarias.com\/web\/#website"},"primaryImageOfPage":{"@id":"https:\/\/psoecanarias.com\/web\/el-psoe-preguntara-al-gobierno-por-el-funcionamiento-del-aeropuerto-de-la-gomera\/#primaryimage"},"image":{"@id":"https:\/\/psoecanarias.com\/web\/el-psoe-preguntara-al-gobierno-por-el-funcionamiento-del-aeropuerto-de-la-gomera\/#primaryimage"},"thumbnailUrl":"https:\/\/psoecanarias.com\/web\/wp-content\/uploads\/2016\/02\/IMG_23331-e1456333595606.jpg","datePublished":"2016-03-16T18:11:42+00:00","dateModified":"2016-03-16T18:13:00+00:00","author":{"@id":"https:\/\/psoecanarias.com\/web\/#\/schema\/person\/1ae43f9659d2fc599ca69c11e1dbf26f"},"breadcrumb":{"@id":"https:\/\/psoecanarias.com\/web\/el-psoe-preguntara-al-gobierno-por-el-funcionamiento-del-aeropuerto-de-la-gomera\/#breadcrumb"},"inLanguage":"es","potentialAction":[{"@type":"ReadAction","target":["https:\/\/psoecanarias.com\/web\/el-psoe-preguntara-al-gobierno-por-el-funcionamiento-del-aeropuerto-de-la-gomera\/"]}]},{"@type":"ImageObject","inLanguage":"es","@id":"https:\/\/psoecanarias.com\/web\/el-psoe-preguntara-al-gobierno-por-el-funcionamiento-del-aeropuerto-de-la-gomera\/#primaryimage","url":"https:\/\/psoecanarias.com\/web\/wp-content\/uploads\/2016\/02\/IMG_23331-e1456333595606.jpg","contentUrl":"https:\/\/psoecanarias.com\/web\/wp-content\/uploads\/2016\/02\/IMG_23331-e1456333595606.jpg","width":900,"height":506},{"@type":"BreadcrumbList","@id":"https:\/\/psoecanarias.com\/web\/el-psoe-preguntara-al-gobierno-por-el-funcionamiento-del-aeropuerto-de-la-gomera\/#breadcrumb","itemListElement":[{"@type":"ListItem","position":1,"name":"Portada","item":"https:\/\/psoecanarias.com\/web\/"},{"@type":"ListItem","position":2,"name":"El PSOE preguntar\u00e1 al Gobierno por el funcionamiento del aeropuerto de La Gomera"}]},{"@type":"WebSite","@id":"https:\/\/psoecanarias.com\/web\/#website","url":"https:\/\/psoecanarias.com\/web\/","name":"PSOE Canarias","description":"Partido Socialista Obrero Espa\u00f1ol Canarias","potentialAction":[{"@type":"SearchAction","target":{"@type":"EntryPoint","urlTemplate":"https:\/\/psoecanarias.com\/web\/?s={search_term_string}"},"query-input":{"@type":"PropertyValueSpecification","valueRequired":true,"valueName":"search_term_string"}}],"inLanguage":"es"},{"@type":"Person","@id":"https:\/\/psoecanarias.com\/web\/#\/schema\/person\/1ae43f9659d2fc599ca69c11e1dbf26f","name":"PSOE Canarias","image":{"@type":"ImageObject","inLanguage":"es","@id":"https:\/\/secure.gravatar.com\/avatar\/4364d37f6f6f9cdb7af199b46151565f37d8a8c3c0e04c1d78c04e857a15e3a8?s=96&d=mm&r=g","url":"https:\/\/secure.gravatar.com\/avatar\/4364d37f6f6f9cdb7af199b46151565f37d8a8c3c0e04c1d78c04e857a15e3a8?s=96&d=mm&r=g","contentUrl":"https:\/\/secure.gravatar.com\/avatar\/4364d37f6f6f9cdb7af199b46151565f37d8a8c3c0e04c1d78c04e857a15e3a8?s=96&d=mm&r=g","caption":"PSOE Canarias"},"url":"https:\/\/psoecanarias.com\/web\/author\/admin\/"}]}},"_links":{"self":[{"href":"https:\/\/psoecanarias.com\/web\/wp-json\/wp\/v2\/posts\/1641","targetHints":{"allow":["GET"]}}],"collection":[{"href":"https:\/\/psoecanarias.com\/web\/wp-json\/wp\/v2\/posts"}],"about":[{"href":"https:\/\/psoecanarias.com\/web\/wp-json\/wp\/v2\/types\/post"}],"author":[{"embeddable":true,"href":"https:\/\/psoecanarias.com\/web\/wp-json\/wp\/v2\/users\/1"}],"replies":[{"embeddable":true,"href":"https:\/\/psoecanarias.com\/web\/wp-json\/wp\/v2\/comments?post=1641"}],"version-history":[{"count":1,"href":"https:\/\/psoecanarias.com\/web\/wp-json\/wp\/v2\/posts\/1641\/revisions"}],"predecessor-version":[{"id":1642,"href":"https:\/\/psoecanarias.com\/web\/wp-json\/wp\/v2\/posts\/1641\/revisions\/1642"}],"wp:featuredmedia":[{"embeddable":true,"href":"https:\/\/psoecanarias.com\/web\/wp-json\/wp\/v2\/media\/1531"}],"wp:attachment":[{"href":"https:\/\/psoecanarias.com\/web\/wp-json\/wp\/v2\/media?parent=1641"}],"wp:term":[{"taxonomy":"category","embeddable":true,"href":"https:\/\/psoecanarias.com\/web\/wp-json\/wp\/v2\/categories?post=1641"},{"taxonomy":"post_tag","embeddable":true,"href":"https:\/\/psoecanarias.com\/web\/wp-json\/wp\/v2\/tags?post=1641"}],"curies":[{"name":"wp","href":"https:\/\/api.w.org\/{rel}","templated":true}]}}