{"id":16470,"date":"2021-02-08T14:29:00","date_gmt":"2021-02-08T14:29:00","guid":{"rendered":"http:\/\/psoecanarias.com\/web\/?p=16470"},"modified":"2021-02-08T14:30:36","modified_gmt":"2021-02-08T14:30:36","slug":"luc-andre-diouf-subraya-la-necesidad-de-contar-con-una-politica-migratoria-coordinada-con-los-paises-de-origen","status":"publish","type":"post","link":"https:\/\/psoecanarias.com\/web\/luc-andre-diouf-subraya-la-necesidad-de-contar-con-una-politica-migratoria-coordinada-con-los-paises-de-origen\/","title":{"rendered":"Luc Andr\u00e9 Diouf subraya la necesidad de contar con una pol\u00edtica migratoria coordinada con los pa\u00edses de origen"},"content":{"rendered":"<p dir=\"ltr\"><strong>Canarias, 8 de febrero de 2021<\/strong>. El diputado nacional por la provincia de Las Palmas y secretario ejecutivo de Pol\u00edtica de Refugiados del PSOE, <strong>Luc Andr\u00e9 Diouf<\/strong>, valora el trabajo que est\u00e1 realizando el Gobierno de Espa\u00f1a y el de Canarias en torno al fen\u00f3meno migratorio y destaca los encuentros bilaterales entre el Ministerio del Interior y los pa\u00edses emisores. \u201cSin el desarrollo de pol\u00edticas de cooperaci\u00f3n, con un trabajo coordinado con estos pa\u00edses, no ser\u00e1 posible controlar la llegada de migrantes a las regiones que son frontera, como Canarias\u201d, subraya.<\/p>\n<p dir=\"ltr\">El diputado resalta que la realidad de la migraci\u00f3n en las islas se ha visto agravada por la pandemia de la COVID-19 y el cierre de fronteras, y apunta que, mientras sigan existiendo problemas estructurales en el continente africano, \u201cla gente seguir\u00e1 luchando por salir de su pa\u00eds y buscar un futuro mejor\u201d.<\/p>\n<p dir=\"ltr\">Diouf rechaza las acusaciones y la poca altura de miras que est\u00e1n mostrando los representantes de Coalici\u00f3n Canaria y Partido Popular, \u201ccon cr\u00edticas vac\u00edas, falseando datos y sin aportar ni una soluci\u00f3n, pero tampoco apoyando ninguna de las propuestas planteadas por el partido socialista, que rechazan sistem\u00e1ticamente sin analizarlas\u201d, y a\u00f1ade que \u201ctanto el Gobierno de \u00c1ngel V\u00edctor Torres como el de Pedro S\u00e1nchez est\u00e1n actuando, en silencio y desde los despachos, desde donde se trabaja de forma efectiva\u201d.<\/p>\n<p dir=\"ltr\">El diputado critica las \u00faltimas declaraciones del secretario general de los nacionalistas canarios, Fernando Clavijo, \u201cque solo busca excusas para continuar con su posici\u00f3n frentista, y olvida las verg\u00fcenzas de su pol\u00edtica migratoria cuando estuvo al frente del Ejecutivo canario\u201d. En este sentido, recuerda a los nacionalistas que el Observatorio Canario de la Inmigraci\u00f3n estuvo m\u00e1s de 10 a\u00f1os sin convocarse ni una sola vez, y parte del SIVE de Lanzarote qued\u00f3 relegado en un almac\u00e9n, con CC en el Gobierno y el Cabildo.<\/p>\n<p dir=\"ltr\">\u201cTambi\u00e9n se atreven a criticar el acogimiento temporal de migrantes en hoteles, cuando Canarias fue el \u00fanico lugar de Europa que ofreci\u00f3 una soluci\u00f3n digna a estas personas, demostrando que esto no es Lesbos ni Moria\u201d, remarca Luc Andr\u00e9 Diouf.<\/p>\n<p dir=\"ltr\"><strong>Rechazo a la pol\u00edtica de asilo de la UE<\/strong><\/p>\n<p dir=\"ltr\">El secretario ejecutivo de Pol\u00edtica de Refugiados del PSOE insiste en que la migraci\u00f3n es un fen\u00f3meno global, que debe abordarse de forma global, desde el continente africano y con los pa\u00edses de tr\u00e1nsito. \u201cPor supuesto que es competencia del Estado y de la Uni\u00f3n Europea abordar esta situaci\u00f3n, pero tambi\u00e9n de la Uni\u00f3n Africana, que no est\u00e1 asumiendo sus responsabilidades en el asunto, especialmente en atajar la sangr\u00eda que supone para el continente que sus j\u00f3venes est\u00e9n muriendo en el Atl\u00e1ntico\u201d.<\/p>\n<p dir=\"ltr\">Por otro lado, el diputado apoya que se realicen derivaciones a otros territorios, \u201cporque no es operativo que regiones frontera como Canarias soporten todo el peso migratorio\u201d, aunque reconoce que este proceso, as\u00ed como las repatriaciones, se est\u00e1n ralentizando a causa de la pandemia y los controles que se deben realizar a todas las personas que llegan a las Islas.<\/p>\n<p dir=\"ltr\">Asimismo, rechaza el actual Pacto Europeo de Migraci\u00f3n y Asilo y reclama a la UE pol\u00edticas solidarias de redistribuci\u00f3n y de gesti\u00f3n de la crisis migratoria actual, \u201cpara que no se diluyan responsabilidades y se implique a todos los Estados que no son frontera\u201d.<\/p>\n<p dir=\"ltr\">Por \u00faltimo, sobre las recientes manifestaciones de odio y la divulgaci\u00f3n de bulos y mensajes xen\u00f3fobos en el Archipi\u00e9lago, insta a todos los representantes p\u00fablicos de Canarias a seguir trabajando por la igualdad y la convivencia intercultural, y, en este sentido, pide a CC \u201cque no le haga el trabajo a la ultraderecha alimentado la crispaci\u00f3n y la divisi\u00f3n con declaraciones que no tienen ninguna base argumental y que solo buscan la confrontaci\u00f3n y la mera pugna pol\u00edtica\u201d.<\/p>\n","protected":false},"excerpt":{"rendered":"<p>El diputado nacional lamenta las \u201ccr\u00edticas vac\u00edas de CC y PP y su rechazo sistem\u00e1tico a cualquier planteamiento del PSOE que intente buscar una soluci\u00f3n al problema\u201d<\/p>\n","protected":false},"author":1,"featured_media":16471,"comment_status":"open","ping_status":"open","sticky":false,"template":"","format":"standard","meta":{"footnotes":""},"categories":[1197,1184,7],"tags":[84,594,1212],"class_list":["post-16470","post","type-post","status-publish","format-standard","has-post-thumbnail","hentry","category-cortes-generales","category-noticias","category-politica","tag-congreso","tag-luc-andre-diouf","tag-migracion"],"featured_image_src":"https:\/\/psoecanarias.com\/web\/wp-content\/uploads\/2021\/02\/Luc-Andre-Diouf.jpeg","author_info":{"display_name":"PSOE Canarias","author_link":"https:\/\/psoecanarias.com\/web\/author\/admin\/"},"yoast_head":"<!-- This site is optimized with the Yoast SEO plugin v27.2 - https:\/\/yoast.com\/product\/yoast-seo-wordpress\/ -->\n<title>Luc Andr\u00e9 Diouf subraya la necesidad de contar con una pol\u00edtica migratoria coordinada con los pa\u00edses de origen | PSOE Canarias<\/title>\n<meta name=\"robots\" content=\"index, follow, max-snippet:-1, max-image-preview:large, max-video-preview:-1\" \/>\n<link rel=\"canonical\" href=\"https:\/\/psoecanarias.com\/web\/luc-andre-diouf-subraya-la-necesidad-de-contar-con-una-politica-migratoria-coordinada-con-los-paises-de-origen\/\" \/>\n<meta property=\"og:locale\" content=\"es_ES\" \/>\n<meta property=\"og:type\" content=\"article\" \/>\n<meta property=\"og:title\" content=\"Luc Andr\u00e9 Diouf subraya la necesidad de contar con una pol\u00edtica migratoria coordinada con los pa\u00edses de origen | PSOE Canarias\" \/>\n<meta property=\"og:description\" content=\"El diputado nacional lamenta las \u201ccr\u00edticas vac\u00edas de CC y PP y su rechazo sistem\u00e1tico a cualquier planteamiento del PSOE que intente buscar una soluci\u00f3n al problema\u201d\" \/>\n<meta property=\"og:url\" content=\"https:\/\/psoecanarias.com\/web\/luc-andre-diouf-subraya-la-necesidad-de-contar-con-una-politica-migratoria-coordinada-con-los-paises-de-origen\/\" \/>\n<meta property=\"og:site_name\" content=\"PSOE Canarias\" \/>\n<meta property=\"article:published_time\" content=\"2021-02-08T14:29:00+00:00\" \/>\n<meta property=\"article:modified_time\" content=\"2021-02-08T14:30:36+00:00\" \/>\n<meta property=\"og:image\" content=\"https:\/\/psoecanarias.com\/web\/wp-content\/uploads\/2021\/02\/Luc-Andre-Diouf.jpeg\" \/>\n\t<meta property=\"og:image:width\" content=\"1600\" \/>\n\t<meta property=\"og:image:height\" content=\"1066\" \/>\n\t<meta property=\"og:image:type\" content=\"image\/jpeg\" \/>\n<meta name=\"author\" content=\"PSOE Canarias\" \/>\n<meta name=\"twitter:card\" content=\"summary_large_image\" \/>\n<script type=\"application\/ld+json\" class=\"yoast-schema-graph\">{\"@context\":\"https:\/\/schema.org\",\"@graph\":[{\"@type\":\"Article\",\"@id\":\"https:\/\/psoecanarias.com\/web\/luc-andre-diouf-subraya-la-necesidad-de-contar-con-una-politica-migratoria-coordinada-con-los-paises-de-origen\/#article\",\"isPartOf\":{\"@id\":\"https:\/\/psoecanarias.com\/web\/luc-andre-diouf-subraya-la-necesidad-de-contar-con-una-politica-migratoria-coordinada-con-los-paises-de-origen\/\"},\"author\":{\"name\":\"PSOE Canarias\",\"@id\":\"https:\/\/psoecanarias.com\/web\/#\/schema\/person\/1ae43f9659d2fc599ca69c11e1dbf26f\"},\"headline\":\"Luc Andr\u00e9 Diouf subraya la necesidad de contar con una pol\u00edtica migratoria coordinada con los pa\u00edses de origen\",\"datePublished\":\"2021-02-08T14:29:00+00:00\",\"dateModified\":\"2021-02-08T14:30:36+00:00\",\"mainEntityOfPage\":{\"@id\":\"https:\/\/psoecanarias.com\/web\/luc-andre-diouf-subraya-la-necesidad-de-contar-con-una-politica-migratoria-coordinada-con-los-paises-de-origen\/\"},\"wordCount\":692,\"commentCount\":0,\"image\":{\"@id\":\"https:\/\/psoecanarias.com\/web\/luc-andre-diouf-subraya-la-necesidad-de-contar-con-una-politica-migratoria-coordinada-con-los-paises-de-origen\/#primaryimage\"},\"thumbnailUrl\":\"https:\/\/psoecanarias.com\/web\/wp-content\/uploads\/2021\/02\/Luc-Andre-Diouf.jpeg\",\"keywords\":[\"Congreso\",\"Luc Andr\u00e9 Diouf\",\"migraci\u00f3n\"],\"articleSection\":[\"Cortes Generales\",\"Noticias\",\"Pol\u00edtica\"],\"inLanguage\":\"es\",\"potentialAction\":[{\"@type\":\"CommentAction\",\"name\":\"Comment\",\"target\":[\"https:\/\/psoecanarias.com\/web\/luc-andre-diouf-subraya-la-necesidad-de-contar-con-una-politica-migratoria-coordinada-con-los-paises-de-origen\/#respond\"]}]},{\"@type\":\"WebPage\",\"@id\":\"https:\/\/psoecanarias.com\/web\/luc-andre-diouf-subraya-la-necesidad-de-contar-con-una-politica-migratoria-coordinada-con-los-paises-de-origen\/\",\"url\":\"https:\/\/psoecanarias.com\/web\/luc-andre-diouf-subraya-la-necesidad-de-contar-con-una-politica-migratoria-coordinada-con-los-paises-de-origen\/\",\"name\":\"Luc Andr\u00e9 Diouf subraya la necesidad de contar con una pol\u00edtica migratoria coordinada con los pa\u00edses de origen | PSOE Canarias\",\"isPartOf\":{\"@id\":\"https:\/\/psoecanarias.com\/web\/#website\"},\"primaryImageOfPage\":{\"@id\":\"https:\/\/psoecanarias.com\/web\/luc-andre-diouf-subraya-la-necesidad-de-contar-con-una-politica-migratoria-coordinada-con-los-paises-de-origen\/#primaryimage\"},\"image\":{\"@id\":\"https:\/\/psoecanarias.com\/web\/luc-andre-diouf-subraya-la-necesidad-de-contar-con-una-politica-migratoria-coordinada-con-los-paises-de-origen\/#primaryimage\"},\"thumbnailUrl\":\"https:\/\/psoecanarias.com\/web\/wp-content\/uploads\/2021\/02\/Luc-Andre-Diouf.jpeg\",\"datePublished\":\"2021-02-08T14:29:00+00:00\",\"dateModified\":\"2021-02-08T14:30:36+00:00\",\"author\":{\"@id\":\"https:\/\/psoecanarias.com\/web\/#\/schema\/person\/1ae43f9659d2fc599ca69c11e1dbf26f\"},\"breadcrumb\":{\"@id\":\"https:\/\/psoecanarias.com\/web\/luc-andre-diouf-subraya-la-necesidad-de-contar-con-una-politica-migratoria-coordinada-con-los-paises-de-origen\/#breadcrumb\"},\"inLanguage\":\"es\",\"potentialAction\":[{\"@type\":\"ReadAction\",\"target\":[\"https:\/\/psoecanarias.com\/web\/luc-andre-diouf-subraya-la-necesidad-de-contar-con-una-politica-migratoria-coordinada-con-los-paises-de-origen\/\"]}]},{\"@type\":\"ImageObject\",\"inLanguage\":\"es\",\"@id\":\"https:\/\/psoecanarias.com\/web\/luc-andre-diouf-subraya-la-necesidad-de-contar-con-una-politica-migratoria-coordinada-con-los-paises-de-origen\/#primaryimage\",\"url\":\"https:\/\/psoecanarias.com\/web\/wp-content\/uploads\/2021\/02\/Luc-Andre-Diouf.jpeg\",\"contentUrl\":\"https:\/\/psoecanarias.com\/web\/wp-content\/uploads\/2021\/02\/Luc-Andre-Diouf.jpeg\",\"width\":1600,\"height\":1066},{\"@type\":\"BreadcrumbList\",\"@id\":\"https:\/\/psoecanarias.com\/web\/luc-andre-diouf-subraya-la-necesidad-de-contar-con-una-politica-migratoria-coordinada-con-los-paises-de-origen\/#breadcrumb\",\"itemListElement\":[{\"@type\":\"ListItem\",\"position\":1,\"name\":\"Portada\",\"item\":\"https:\/\/psoecanarias.com\/web\/\"},{\"@type\":\"ListItem\",\"position\":2,\"name\":\"Luc Andr\u00e9 Diouf subraya la necesidad de contar con una pol\u00edtica migratoria coordinada con los pa\u00edses de origen\"}]},{\"@type\":\"WebSite\",\"@id\":\"https:\/\/psoecanarias.com\/web\/#website\",\"url\":\"https:\/\/psoecanarias.com\/web\/\",\"name\":\"PSOE Canarias\",\"description\":\"Partido Socialista Obrero Espa\u00f1ol Canarias\",\"potentialAction\":[{\"@type\":\"SearchAction\",\"target\":{\"@type\":\"EntryPoint\",\"urlTemplate\":\"https:\/\/psoecanarias.com\/web\/?s={search_term_string}\"},\"query-input\":{\"@type\":\"PropertyValueSpecification\",\"valueRequired\":true,\"valueName\":\"search_term_string\"}}],\"inLanguage\":\"es\"},{\"@type\":\"Person\",\"@id\":\"https:\/\/psoecanarias.com\/web\/#\/schema\/person\/1ae43f9659d2fc599ca69c11e1dbf26f\",\"name\":\"PSOE Canarias\",\"image\":{\"@type\":\"ImageObject\",\"inLanguage\":\"es\",\"@id\":\"https:\/\/secure.gravatar.com\/avatar\/4364d37f6f6f9cdb7af199b46151565f37d8a8c3c0e04c1d78c04e857a15e3a8?s=96&d=mm&r=g\",\"url\":\"https:\/\/secure.gravatar.com\/avatar\/4364d37f6f6f9cdb7af199b46151565f37d8a8c3c0e04c1d78c04e857a15e3a8?s=96&d=mm&r=g\",\"contentUrl\":\"https:\/\/secure.gravatar.com\/avatar\/4364d37f6f6f9cdb7af199b46151565f37d8a8c3c0e04c1d78c04e857a15e3a8?s=96&d=mm&r=g\",\"caption\":\"PSOE Canarias\"},\"url\":\"https:\/\/psoecanarias.com\/web\/author\/admin\/\"}]}<\/script>\n<!-- \/ Yoast SEO plugin. -->","yoast_head_json":{"title":"Luc Andr\u00e9 Diouf subraya la necesidad de contar con una pol\u00edtica migratoria coordinada con los pa\u00edses de origen | PSOE Canarias","robots":{"index":"index","follow":"follow","max-snippet":"max-snippet:-1","max-image-preview":"max-image-preview:large","max-video-preview":"max-video-preview:-1"},"canonical":"https:\/\/psoecanarias.com\/web\/luc-andre-diouf-subraya-la-necesidad-de-contar-con-una-politica-migratoria-coordinada-con-los-paises-de-origen\/","og_locale":"es_ES","og_type":"article","og_title":"Luc Andr\u00e9 Diouf subraya la necesidad de contar con una pol\u00edtica migratoria coordinada con los pa\u00edses de origen | PSOE Canarias","og_description":"El diputado nacional lamenta las \u201ccr\u00edticas vac\u00edas de CC y PP y su rechazo sistem\u00e1tico a cualquier planteamiento del PSOE que intente buscar una soluci\u00f3n al problema\u201d","og_url":"https:\/\/psoecanarias.com\/web\/luc-andre-diouf-subraya-la-necesidad-de-contar-con-una-politica-migratoria-coordinada-con-los-paises-de-origen\/","og_site_name":"PSOE Canarias","article_published_time":"2021-02-08T14:29:00+00:00","article_modified_time":"2021-02-08T14:30:36+00:00","og_image":[{"width":1600,"height":1066,"url":"https:\/\/psoecanarias.com\/web\/wp-content\/uploads\/2021\/02\/Luc-Andre-Diouf.jpeg","type":"image\/jpeg"}],"author":"PSOE Canarias","twitter_card":"summary_large_image","schema":{"@context":"https:\/\/schema.org","@graph":[{"@type":"Article","@id":"https:\/\/psoecanarias.com\/web\/luc-andre-diouf-subraya-la-necesidad-de-contar-con-una-politica-migratoria-coordinada-con-los-paises-de-origen\/#article","isPartOf":{"@id":"https:\/\/psoecanarias.com\/web\/luc-andre-diouf-subraya-la-necesidad-de-contar-con-una-politica-migratoria-coordinada-con-los-paises-de-origen\/"},"author":{"name":"PSOE Canarias","@id":"https:\/\/psoecanarias.com\/web\/#\/schema\/person\/1ae43f9659d2fc599ca69c11e1dbf26f"},"headline":"Luc Andr\u00e9 Diouf subraya la necesidad de contar con una pol\u00edtica migratoria coordinada con los pa\u00edses de origen","datePublished":"2021-02-08T14:29:00+00:00","dateModified":"2021-02-08T14:30:36+00:00","mainEntityOfPage":{"@id":"https:\/\/psoecanarias.com\/web\/luc-andre-diouf-subraya-la-necesidad-de-contar-con-una-politica-migratoria-coordinada-con-los-paises-de-origen\/"},"wordCount":692,"commentCount":0,"image":{"@id":"https:\/\/psoecanarias.com\/web\/luc-andre-diouf-subraya-la-necesidad-de-contar-con-una-politica-migratoria-coordinada-con-los-paises-de-origen\/#primaryimage"},"thumbnailUrl":"https:\/\/psoecanarias.com\/web\/wp-content\/uploads\/2021\/02\/Luc-Andre-Diouf.jpeg","keywords":["Congreso","Luc Andr\u00e9 Diouf","migraci\u00f3n"],"articleSection":["Cortes Generales","Noticias","Pol\u00edtica"],"inLanguage":"es","potentialAction":[{"@type":"CommentAction","name":"Comment","target":["https:\/\/psoecanarias.com\/web\/luc-andre-diouf-subraya-la-necesidad-de-contar-con-una-politica-migratoria-coordinada-con-los-paises-de-origen\/#respond"]}]},{"@type":"WebPage","@id":"https:\/\/psoecanarias.com\/web\/luc-andre-diouf-subraya-la-necesidad-de-contar-con-una-politica-migratoria-coordinada-con-los-paises-de-origen\/","url":"https:\/\/psoecanarias.com\/web\/luc-andre-diouf-subraya-la-necesidad-de-contar-con-una-politica-migratoria-coordinada-con-los-paises-de-origen\/","name":"Luc Andr\u00e9 Diouf subraya la necesidad de contar con una pol\u00edtica migratoria coordinada con los pa\u00edses de origen | PSOE Canarias","isPartOf":{"@id":"https:\/\/psoecanarias.com\/web\/#website"},"primaryImageOfPage":{"@id":"https:\/\/psoecanarias.com\/web\/luc-andre-diouf-subraya-la-necesidad-de-contar-con-una-politica-migratoria-coordinada-con-los-paises-de-origen\/#primaryimage"},"image":{"@id":"https:\/\/psoecanarias.com\/web\/luc-andre-diouf-subraya-la-necesidad-de-contar-con-una-politica-migratoria-coordinada-con-los-paises-de-origen\/#primaryimage"},"thumbnailUrl":"https:\/\/psoecanarias.com\/web\/wp-content\/uploads\/2021\/02\/Luc-Andre-Diouf.jpeg","datePublished":"2021-02-08T14:29:00+00:00","dateModified":"2021-02-08T14:30:36+00:00","author":{"@id":"https:\/\/psoecanarias.com\/web\/#\/schema\/person\/1ae43f9659d2fc599ca69c11e1dbf26f"},"breadcrumb":{"@id":"https:\/\/psoecanarias.com\/web\/luc-andre-diouf-subraya-la-necesidad-de-contar-con-una-politica-migratoria-coordinada-con-los-paises-de-origen\/#breadcrumb"},"inLanguage":"es","potentialAction":[{"@type":"ReadAction","target":["https:\/\/psoecanarias.com\/web\/luc-andre-diouf-subraya-la-necesidad-de-contar-con-una-politica-migratoria-coordinada-con-los-paises-de-origen\/"]}]},{"@type":"ImageObject","inLanguage":"es","@id":"https:\/\/psoecanarias.com\/web\/luc-andre-diouf-subraya-la-necesidad-de-contar-con-una-politica-migratoria-coordinada-con-los-paises-de-origen\/#primaryimage","url":"https:\/\/psoecanarias.com\/web\/wp-content\/uploads\/2021\/02\/Luc-Andre-Diouf.jpeg","contentUrl":"https:\/\/psoecanarias.com\/web\/wp-content\/uploads\/2021\/02\/Luc-Andre-Diouf.jpeg","width":1600,"height":1066},{"@type":"BreadcrumbList","@id":"https:\/\/psoecanarias.com\/web\/luc-andre-diouf-subraya-la-necesidad-de-contar-con-una-politica-migratoria-coordinada-con-los-paises-de-origen\/#breadcrumb","itemListElement":[{"@type":"ListItem","position":1,"name":"Portada","item":"https:\/\/psoecanarias.com\/web\/"},{"@type":"ListItem","position":2,"name":"Luc Andr\u00e9 Diouf subraya la necesidad de contar con una pol\u00edtica migratoria coordinada con los pa\u00edses de origen"}]},{"@type":"WebSite","@id":"https:\/\/psoecanarias.com\/web\/#website","url":"https:\/\/psoecanarias.com\/web\/","name":"PSOE Canarias","description":"Partido Socialista Obrero Espa\u00f1ol Canarias","potentialAction":[{"@type":"SearchAction","target":{"@type":"EntryPoint","urlTemplate":"https:\/\/psoecanarias.com\/web\/?s={search_term_string}"},"query-input":{"@type":"PropertyValueSpecification","valueRequired":true,"valueName":"search_term_string"}}],"inLanguage":"es"},{"@type":"Person","@id":"https:\/\/psoecanarias.com\/web\/#\/schema\/person\/1ae43f9659d2fc599ca69c11e1dbf26f","name":"PSOE Canarias","image":{"@type":"ImageObject","inLanguage":"es","@id":"https:\/\/secure.gravatar.com\/avatar\/4364d37f6f6f9cdb7af199b46151565f37d8a8c3c0e04c1d78c04e857a15e3a8?s=96&d=mm&r=g","url":"https:\/\/secure.gravatar.com\/avatar\/4364d37f6f6f9cdb7af199b46151565f37d8a8c3c0e04c1d78c04e857a15e3a8?s=96&d=mm&r=g","contentUrl":"https:\/\/secure.gravatar.com\/avatar\/4364d37f6f6f9cdb7af199b46151565f37d8a8c3c0e04c1d78c04e857a15e3a8?s=96&d=mm&r=g","caption":"PSOE Canarias"},"url":"https:\/\/psoecanarias.com\/web\/author\/admin\/"}]}},"_links":{"self":[{"href":"https:\/\/psoecanarias.com\/web\/wp-json\/wp\/v2\/posts\/16470","targetHints":{"allow":["GET"]}}],"collection":[{"href":"https:\/\/psoecanarias.com\/web\/wp-json\/wp\/v2\/posts"}],"about":[{"href":"https:\/\/psoecanarias.com\/web\/wp-json\/wp\/v2\/types\/post"}],"author":[{"embeddable":true,"href":"https:\/\/psoecanarias.com\/web\/wp-json\/wp\/v2\/users\/1"}],"replies":[{"embeddable":true,"href":"https:\/\/psoecanarias.com\/web\/wp-json\/wp\/v2\/comments?post=16470"}],"version-history":[{"count":3,"href":"https:\/\/psoecanarias.com\/web\/wp-json\/wp\/v2\/posts\/16470\/revisions"}],"predecessor-version":[{"id":16474,"href":"https:\/\/psoecanarias.com\/web\/wp-json\/wp\/v2\/posts\/16470\/revisions\/16474"}],"wp:featuredmedia":[{"embeddable":true,"href":"https:\/\/psoecanarias.com\/web\/wp-json\/wp\/v2\/media\/16471"}],"wp:attachment":[{"href":"https:\/\/psoecanarias.com\/web\/wp-json\/wp\/v2\/media?parent=16470"}],"wp:term":[{"taxonomy":"category","embeddable":true,"href":"https:\/\/psoecanarias.com\/web\/wp-json\/wp\/v2\/categories?post=16470"},{"taxonomy":"post_tag","embeddable":true,"href":"https:\/\/psoecanarias.com\/web\/wp-json\/wp\/v2\/tags?post=16470"}],"curies":[{"name":"wp","href":"https:\/\/api.w.org\/{rel}","templated":true}]}}