{"id":17522,"date":"2021-04-21T11:02:22","date_gmt":"2021-04-21T10:02:22","guid":{"rendered":"http:\/\/psoecanarias.com\/web\/?p=17522"},"modified":"2021-04-21T11:08:29","modified_gmt":"2021-04-21T10:08:29","slug":"el-psoe-canarias-registra-su-propuesta-para-la-junta-de-control-de-rtvc","status":"publish","type":"post","link":"https:\/\/psoecanarias.com\/web\/el-psoe-canarias-registra-su-propuesta-para-la-junta-de-control-de-rtvc\/","title":{"rendered":"El PSOE Canarias registra su propuesta para la Junta de Control de RTVC"},"content":{"rendered":"<p><b>Canarias, 21 de abril de 2021.&#8211;\u00a0<\/b>El PSOE Canarias, a propuesta de su Comisi\u00f3n Ejecutiva Permanente, ha acordado proponer a Luz Belinda Giraldo, Alfonso Campoamor y Carmen Medina para formar parte de la Junta de Control de la Radio Televisi\u00f3n Canaria, cuyo proceso de elecci\u00f3n est\u00e1 previsto que se culmine en las pr\u00f3ximas semanas con su votaci\u00f3n en el pleno del Parlamento de Canarias.<\/p>\n<p>Como parte del pacto de gobierno alcanzado con la Agrupaci\u00f3n Socialista Gomera, el Partido Socialista ha consensuado con esta organizaci\u00f3n la inclusi\u00f3n de Carmen Medina en su propuesta, la cual ha sido formalmente registrada este mi\u00e9rcoles, 21 de abril, en la c\u00e1mara regional.<\/p>\n<p>Luz Belinda Giraldo es licenciada en Filolog\u00eda Inglesa por la Universidad de La Laguna y cuenta con una amplia experiencia en los medios de comunicaci\u00f3n. En la actualidad es responsable de comunicaci\u00f3n del Cabildo de Tenerife.<\/p>\n<p>Alfonso Campoamor es licenciado en Ciencias Pol\u00edticas y Sociolog\u00eda por la Universidad Complutense y tambi\u00e9n dispone de una dilatada carrera en el sector de la comunicaci\u00f3n, especialmente en Televisi\u00f3n Espa\u00f1ola en Canarias.<\/p>\n<p>Carmen Medina es licenciada en Derecho por la Universidad de La Laguna, \u00e1mbito en el que ha desarrollado toda su trayectoria profesional, con experiencia tanto en el sector privado como en la administraci\u00f3n p\u00fablica.<\/p>\n<p>Asimismo, el PSOE Canarias, en virtud del acuerdo de la Junta de Portavoces del Parlamento de Canarias adoptado por mayor\u00eda el pasado 5 de abril, tambi\u00e9n propone a Francisco Moreno Garc\u00eda como director general de la Radio Televisi\u00f3n Canaria.<\/p>\n","protected":false},"excerpt":{"rendered":"<p>El proceso de elecci\u00f3n est\u00e1 previsto que sea culmine en las pr\u00f3ximas semanas con su votaci\u00f3n en el pleno del Parlamento de Canarias <\/p>\n","protected":false},"author":1,"featured_media":17523,"comment_status":"open","ping_status":"open","sticky":false,"template":"","format":"standard","meta":{"footnotes":""},"categories":[1185,1184],"tags":[],"class_list":["post-17522","post","type-post","status-publish","format-standard","has-post-thumbnail","hentry","category-grupo-parlamentario","category-noticias"],"featured_image_src":"https:\/\/psoecanarias.com\/web\/wp-content\/uploads\/2021\/04\/radio-televison-canaria.jpg","author_info":{"display_name":"PSOE Canarias","author_link":"https:\/\/psoecanarias.com\/web\/author\/admin\/"},"yoast_head":"<!-- This site is optimized with the Yoast SEO plugin v27.2 - https:\/\/yoast.com\/product\/yoast-seo-wordpress\/ -->\n<title>El PSOE Canarias registra su propuesta para la Junta de Control de RTVC | PSOE Canarias<\/title>\n<meta name=\"robots\" content=\"index, follow, max-snippet:-1, max-image-preview:large, max-video-preview:-1\" \/>\n<link rel=\"canonical\" href=\"https:\/\/psoecanarias.com\/web\/el-psoe-canarias-registra-su-propuesta-para-la-junta-de-control-de-rtvc\/\" \/>\n<meta property=\"og:locale\" content=\"es_ES\" \/>\n<meta property=\"og:type\" content=\"article\" \/>\n<meta property=\"og:title\" content=\"El PSOE Canarias registra su propuesta para la Junta de Control de RTVC | PSOE Canarias\" \/>\n<meta property=\"og:description\" content=\"El proceso de elecci\u00f3n est\u00e1 previsto que sea culmine en las pr\u00f3ximas semanas con su votaci\u00f3n en el pleno del Parlamento de Canarias\" \/>\n<meta property=\"og:url\" content=\"https:\/\/psoecanarias.com\/web\/el-psoe-canarias-registra-su-propuesta-para-la-junta-de-control-de-rtvc\/\" \/>\n<meta property=\"og:site_name\" content=\"PSOE Canarias\" \/>\n<meta property=\"article:published_time\" content=\"2021-04-21T10:02:22+00:00\" \/>\n<meta property=\"article:modified_time\" content=\"2021-04-21T10:08:29+00:00\" \/>\n<meta property=\"og:image\" content=\"https:\/\/psoecanarias.com\/web\/wp-content\/uploads\/2021\/04\/radio-televison-canaria.jpg\" \/>\n\t<meta property=\"og:image:width\" content=\"1050\" \/>\n\t<meta property=\"og:image:height\" content=\"700\" \/>\n\t<meta property=\"og:image:type\" content=\"image\/jpeg\" \/>\n<meta name=\"author\" content=\"PSOE Canarias\" \/>\n<meta name=\"twitter:card\" content=\"summary_large_image\" \/>\n<script type=\"application\/ld+json\" class=\"yoast-schema-graph\">{\"@context\":\"https:\/\/schema.org\",\"@graph\":[{\"@type\":\"Article\",\"@id\":\"https:\/\/psoecanarias.com\/web\/el-psoe-canarias-registra-su-propuesta-para-la-junta-de-control-de-rtvc\/#article\",\"isPartOf\":{\"@id\":\"https:\/\/psoecanarias.com\/web\/el-psoe-canarias-registra-su-propuesta-para-la-junta-de-control-de-rtvc\/\"},\"author\":{\"name\":\"PSOE Canarias\",\"@id\":\"https:\/\/psoecanarias.com\/web\/#\/schema\/person\/1ae43f9659d2fc599ca69c11e1dbf26f\"},\"headline\":\"El PSOE Canarias registra su propuesta para la Junta de Control de RTVC\",\"datePublished\":\"2021-04-21T10:02:22+00:00\",\"dateModified\":\"2021-04-21T10:08:29+00:00\",\"mainEntityOfPage\":{\"@id\":\"https:\/\/psoecanarias.com\/web\/el-psoe-canarias-registra-su-propuesta-para-la-junta-de-control-de-rtvc\/\"},\"wordCount\":283,\"commentCount\":0,\"image\":{\"@id\":\"https:\/\/psoecanarias.com\/web\/el-psoe-canarias-registra-su-propuesta-para-la-junta-de-control-de-rtvc\/#primaryimage\"},\"thumbnailUrl\":\"https:\/\/psoecanarias.com\/web\/wp-content\/uploads\/2021\/04\/radio-televison-canaria.jpg\",\"articleSection\":[\"Grupo Parlamentario\",\"Noticias\"],\"inLanguage\":\"es\",\"potentialAction\":[{\"@type\":\"CommentAction\",\"name\":\"Comment\",\"target\":[\"https:\/\/psoecanarias.com\/web\/el-psoe-canarias-registra-su-propuesta-para-la-junta-de-control-de-rtvc\/#respond\"]}]},{\"@type\":\"WebPage\",\"@id\":\"https:\/\/psoecanarias.com\/web\/el-psoe-canarias-registra-su-propuesta-para-la-junta-de-control-de-rtvc\/\",\"url\":\"https:\/\/psoecanarias.com\/web\/el-psoe-canarias-registra-su-propuesta-para-la-junta-de-control-de-rtvc\/\",\"name\":\"El PSOE Canarias registra su propuesta para la Junta de Control de RTVC | PSOE Canarias\",\"isPartOf\":{\"@id\":\"https:\/\/psoecanarias.com\/web\/#website\"},\"primaryImageOfPage\":{\"@id\":\"https:\/\/psoecanarias.com\/web\/el-psoe-canarias-registra-su-propuesta-para-la-junta-de-control-de-rtvc\/#primaryimage\"},\"image\":{\"@id\":\"https:\/\/psoecanarias.com\/web\/el-psoe-canarias-registra-su-propuesta-para-la-junta-de-control-de-rtvc\/#primaryimage\"},\"thumbnailUrl\":\"https:\/\/psoecanarias.com\/web\/wp-content\/uploads\/2021\/04\/radio-televison-canaria.jpg\",\"datePublished\":\"2021-04-21T10:02:22+00:00\",\"dateModified\":\"2021-04-21T10:08:29+00:00\",\"author\":{\"@id\":\"https:\/\/psoecanarias.com\/web\/#\/schema\/person\/1ae43f9659d2fc599ca69c11e1dbf26f\"},\"breadcrumb\":{\"@id\":\"https:\/\/psoecanarias.com\/web\/el-psoe-canarias-registra-su-propuesta-para-la-junta-de-control-de-rtvc\/#breadcrumb\"},\"inLanguage\":\"es\",\"potentialAction\":[{\"@type\":\"ReadAction\",\"target\":[\"https:\/\/psoecanarias.com\/web\/el-psoe-canarias-registra-su-propuesta-para-la-junta-de-control-de-rtvc\/\"]}]},{\"@type\":\"ImageObject\",\"inLanguage\":\"es\",\"@id\":\"https:\/\/psoecanarias.com\/web\/el-psoe-canarias-registra-su-propuesta-para-la-junta-de-control-de-rtvc\/#primaryimage\",\"url\":\"https:\/\/psoecanarias.com\/web\/wp-content\/uploads\/2021\/04\/radio-televison-canaria.jpg\",\"contentUrl\":\"https:\/\/psoecanarias.com\/web\/wp-content\/uploads\/2021\/04\/radio-televison-canaria.jpg\",\"width\":1050,\"height\":700},{\"@type\":\"BreadcrumbList\",\"@id\":\"https:\/\/psoecanarias.com\/web\/el-psoe-canarias-registra-su-propuesta-para-la-junta-de-control-de-rtvc\/#breadcrumb\",\"itemListElement\":[{\"@type\":\"ListItem\",\"position\":1,\"name\":\"Portada\",\"item\":\"https:\/\/psoecanarias.com\/web\/\"},{\"@type\":\"ListItem\",\"position\":2,\"name\":\"El PSOE Canarias registra su propuesta para la Junta de Control de RTVC\"}]},{\"@type\":\"WebSite\",\"@id\":\"https:\/\/psoecanarias.com\/web\/#website\",\"url\":\"https:\/\/psoecanarias.com\/web\/\",\"name\":\"PSOE Canarias\",\"description\":\"Partido Socialista Obrero Espa\u00f1ol Canarias\",\"potentialAction\":[{\"@type\":\"SearchAction\",\"target\":{\"@type\":\"EntryPoint\",\"urlTemplate\":\"https:\/\/psoecanarias.com\/web\/?s={search_term_string}\"},\"query-input\":{\"@type\":\"PropertyValueSpecification\",\"valueRequired\":true,\"valueName\":\"search_term_string\"}}],\"inLanguage\":\"es\"},{\"@type\":\"Person\",\"@id\":\"https:\/\/psoecanarias.com\/web\/#\/schema\/person\/1ae43f9659d2fc599ca69c11e1dbf26f\",\"name\":\"PSOE Canarias\",\"image\":{\"@type\":\"ImageObject\",\"inLanguage\":\"es\",\"@id\":\"https:\/\/secure.gravatar.com\/avatar\/4364d37f6f6f9cdb7af199b46151565f37d8a8c3c0e04c1d78c04e857a15e3a8?s=96&d=mm&r=g\",\"url\":\"https:\/\/secure.gravatar.com\/avatar\/4364d37f6f6f9cdb7af199b46151565f37d8a8c3c0e04c1d78c04e857a15e3a8?s=96&d=mm&r=g\",\"contentUrl\":\"https:\/\/secure.gravatar.com\/avatar\/4364d37f6f6f9cdb7af199b46151565f37d8a8c3c0e04c1d78c04e857a15e3a8?s=96&d=mm&r=g\",\"caption\":\"PSOE Canarias\"},\"url\":\"https:\/\/psoecanarias.com\/web\/author\/admin\/\"}]}<\/script>\n<!-- \/ Yoast SEO plugin. -->","yoast_head_json":{"title":"El PSOE Canarias registra su propuesta para la Junta de Control de RTVC | PSOE Canarias","robots":{"index":"index","follow":"follow","max-snippet":"max-snippet:-1","max-image-preview":"max-image-preview:large","max-video-preview":"max-video-preview:-1"},"canonical":"https:\/\/psoecanarias.com\/web\/el-psoe-canarias-registra-su-propuesta-para-la-junta-de-control-de-rtvc\/","og_locale":"es_ES","og_type":"article","og_title":"El PSOE Canarias registra su propuesta para la Junta de Control de RTVC | PSOE Canarias","og_description":"El proceso de elecci\u00f3n est\u00e1 previsto que sea culmine en las pr\u00f3ximas semanas con su votaci\u00f3n en el pleno del Parlamento de Canarias","og_url":"https:\/\/psoecanarias.com\/web\/el-psoe-canarias-registra-su-propuesta-para-la-junta-de-control-de-rtvc\/","og_site_name":"PSOE Canarias","article_published_time":"2021-04-21T10:02:22+00:00","article_modified_time":"2021-04-21T10:08:29+00:00","og_image":[{"width":1050,"height":700,"url":"https:\/\/psoecanarias.com\/web\/wp-content\/uploads\/2021\/04\/radio-televison-canaria.jpg","type":"image\/jpeg"}],"author":"PSOE Canarias","twitter_card":"summary_large_image","schema":{"@context":"https:\/\/schema.org","@graph":[{"@type":"Article","@id":"https:\/\/psoecanarias.com\/web\/el-psoe-canarias-registra-su-propuesta-para-la-junta-de-control-de-rtvc\/#article","isPartOf":{"@id":"https:\/\/psoecanarias.com\/web\/el-psoe-canarias-registra-su-propuesta-para-la-junta-de-control-de-rtvc\/"},"author":{"name":"PSOE Canarias","@id":"https:\/\/psoecanarias.com\/web\/#\/schema\/person\/1ae43f9659d2fc599ca69c11e1dbf26f"},"headline":"El PSOE Canarias registra su propuesta para la Junta de Control de RTVC","datePublished":"2021-04-21T10:02:22+00:00","dateModified":"2021-04-21T10:08:29+00:00","mainEntityOfPage":{"@id":"https:\/\/psoecanarias.com\/web\/el-psoe-canarias-registra-su-propuesta-para-la-junta-de-control-de-rtvc\/"},"wordCount":283,"commentCount":0,"image":{"@id":"https:\/\/psoecanarias.com\/web\/el-psoe-canarias-registra-su-propuesta-para-la-junta-de-control-de-rtvc\/#primaryimage"},"thumbnailUrl":"https:\/\/psoecanarias.com\/web\/wp-content\/uploads\/2021\/04\/radio-televison-canaria.jpg","articleSection":["Grupo Parlamentario","Noticias"],"inLanguage":"es","potentialAction":[{"@type":"CommentAction","name":"Comment","target":["https:\/\/psoecanarias.com\/web\/el-psoe-canarias-registra-su-propuesta-para-la-junta-de-control-de-rtvc\/#respond"]}]},{"@type":"WebPage","@id":"https:\/\/psoecanarias.com\/web\/el-psoe-canarias-registra-su-propuesta-para-la-junta-de-control-de-rtvc\/","url":"https:\/\/psoecanarias.com\/web\/el-psoe-canarias-registra-su-propuesta-para-la-junta-de-control-de-rtvc\/","name":"El PSOE Canarias registra su propuesta para la Junta de Control de RTVC | PSOE Canarias","isPartOf":{"@id":"https:\/\/psoecanarias.com\/web\/#website"},"primaryImageOfPage":{"@id":"https:\/\/psoecanarias.com\/web\/el-psoe-canarias-registra-su-propuesta-para-la-junta-de-control-de-rtvc\/#primaryimage"},"image":{"@id":"https:\/\/psoecanarias.com\/web\/el-psoe-canarias-registra-su-propuesta-para-la-junta-de-control-de-rtvc\/#primaryimage"},"thumbnailUrl":"https:\/\/psoecanarias.com\/web\/wp-content\/uploads\/2021\/04\/radio-televison-canaria.jpg","datePublished":"2021-04-21T10:02:22+00:00","dateModified":"2021-04-21T10:08:29+00:00","author":{"@id":"https:\/\/psoecanarias.com\/web\/#\/schema\/person\/1ae43f9659d2fc599ca69c11e1dbf26f"},"breadcrumb":{"@id":"https:\/\/psoecanarias.com\/web\/el-psoe-canarias-registra-su-propuesta-para-la-junta-de-control-de-rtvc\/#breadcrumb"},"inLanguage":"es","potentialAction":[{"@type":"ReadAction","target":["https:\/\/psoecanarias.com\/web\/el-psoe-canarias-registra-su-propuesta-para-la-junta-de-control-de-rtvc\/"]}]},{"@type":"ImageObject","inLanguage":"es","@id":"https:\/\/psoecanarias.com\/web\/el-psoe-canarias-registra-su-propuesta-para-la-junta-de-control-de-rtvc\/#primaryimage","url":"https:\/\/psoecanarias.com\/web\/wp-content\/uploads\/2021\/04\/radio-televison-canaria.jpg","contentUrl":"https:\/\/psoecanarias.com\/web\/wp-content\/uploads\/2021\/04\/radio-televison-canaria.jpg","width":1050,"height":700},{"@type":"BreadcrumbList","@id":"https:\/\/psoecanarias.com\/web\/el-psoe-canarias-registra-su-propuesta-para-la-junta-de-control-de-rtvc\/#breadcrumb","itemListElement":[{"@type":"ListItem","position":1,"name":"Portada","item":"https:\/\/psoecanarias.com\/web\/"},{"@type":"ListItem","position":2,"name":"El PSOE Canarias registra su propuesta para la Junta de Control de RTVC"}]},{"@type":"WebSite","@id":"https:\/\/psoecanarias.com\/web\/#website","url":"https:\/\/psoecanarias.com\/web\/","name":"PSOE Canarias","description":"Partido Socialista Obrero Espa\u00f1ol Canarias","potentialAction":[{"@type":"SearchAction","target":{"@type":"EntryPoint","urlTemplate":"https:\/\/psoecanarias.com\/web\/?s={search_term_string}"},"query-input":{"@type":"PropertyValueSpecification","valueRequired":true,"valueName":"search_term_string"}}],"inLanguage":"es"},{"@type":"Person","@id":"https:\/\/psoecanarias.com\/web\/#\/schema\/person\/1ae43f9659d2fc599ca69c11e1dbf26f","name":"PSOE Canarias","image":{"@type":"ImageObject","inLanguage":"es","@id":"https:\/\/secure.gravatar.com\/avatar\/4364d37f6f6f9cdb7af199b46151565f37d8a8c3c0e04c1d78c04e857a15e3a8?s=96&d=mm&r=g","url":"https:\/\/secure.gravatar.com\/avatar\/4364d37f6f6f9cdb7af199b46151565f37d8a8c3c0e04c1d78c04e857a15e3a8?s=96&d=mm&r=g","contentUrl":"https:\/\/secure.gravatar.com\/avatar\/4364d37f6f6f9cdb7af199b46151565f37d8a8c3c0e04c1d78c04e857a15e3a8?s=96&d=mm&r=g","caption":"PSOE Canarias"},"url":"https:\/\/psoecanarias.com\/web\/author\/admin\/"}]}},"_links":{"self":[{"href":"https:\/\/psoecanarias.com\/web\/wp-json\/wp\/v2\/posts\/17522","targetHints":{"allow":["GET"]}}],"collection":[{"href":"https:\/\/psoecanarias.com\/web\/wp-json\/wp\/v2\/posts"}],"about":[{"href":"https:\/\/psoecanarias.com\/web\/wp-json\/wp\/v2\/types\/post"}],"author":[{"embeddable":true,"href":"https:\/\/psoecanarias.com\/web\/wp-json\/wp\/v2\/users\/1"}],"replies":[{"embeddable":true,"href":"https:\/\/psoecanarias.com\/web\/wp-json\/wp\/v2\/comments?post=17522"}],"version-history":[{"count":1,"href":"https:\/\/psoecanarias.com\/web\/wp-json\/wp\/v2\/posts\/17522\/revisions"}],"predecessor-version":[{"id":17524,"href":"https:\/\/psoecanarias.com\/web\/wp-json\/wp\/v2\/posts\/17522\/revisions\/17524"}],"wp:featuredmedia":[{"embeddable":true,"href":"https:\/\/psoecanarias.com\/web\/wp-json\/wp\/v2\/media\/17523"}],"wp:attachment":[{"href":"https:\/\/psoecanarias.com\/web\/wp-json\/wp\/v2\/media?parent=17522"}],"wp:term":[{"taxonomy":"category","embeddable":true,"href":"https:\/\/psoecanarias.com\/web\/wp-json\/wp\/v2\/categories?post=17522"},{"taxonomy":"post_tag","embeddable":true,"href":"https:\/\/psoecanarias.com\/web\/wp-json\/wp\/v2\/tags?post=17522"}],"curies":[{"name":"wp","href":"https:\/\/api.w.org\/{rel}","templated":true}]}}