{"id":17541,"date":"2021-04-22T11:45:42","date_gmt":"2021-04-22T10:45:42","guid":{"rendered":"http:\/\/psoecanarias.com\/web\/?p=17541"},"modified":"2021-04-22T12:16:28","modified_gmt":"2021-04-22T11:16:28","slug":"fierro-la-apertura-de-los-quirofanos-del-hospital-del-sur-es-una-grandisima-noticia-para-tenerife","status":"publish","type":"post","link":"https:\/\/psoecanarias.com\/web\/fierro-la-apertura-de-los-quirofanos-del-hospital-del-sur-es-una-grandisima-noticia-para-tenerife\/","title":{"rendered":"Fierro: \u201cLa apertura de los quir\u00f3fanos del Hospital del Sur es una grand\u00edsima noticia para Tenerife&#8221;"},"content":{"rendered":"<p><strong><i>Canarias, 22 de abril de 2021.-<\/i><\/strong><i>\u00a0<\/i>La presidenta del Grupo Parlamentario Socialista y diputada por Tenerife, Nira Fierro, ha celebrado este jueves [22] el anuncio de la Consejer\u00eda de Sanidad del Gobierno de Canarias sobre la apertura de los quir\u00f3fanos del Hospital del Sur de Tenerife, lo que ha calificado de \u201cgrand\u00edsima noticia\u201d para la isla tras m\u00e1s de 30 a\u00f1os de espera. \u201c\u00c9sta es la Canarias que se hace desde este Gobierno y la Canarias que queremos\u201d.<u><\/u><u><\/u><\/p>\n<p>Fierro recuerda que con esta apertura, se demuestra la \u201ceficacia, el compromiso y la sensibilidad\u201d de este Gobierno por atender la demanda de la ciudadan\u00eda del sur de la isla, que \u201clleva esperando\u201d muchos a\u00f1os por este servicio p\u00fablico. \u201cSe llevaba hablando m\u00e1s de 30 a\u00f1os del Hospital del Sur, pero la anterior gesti\u00f3n en el Ejecutivo canario nunca estuvo a la altura para ofrecer los servicios que necesitaba la poblaci\u00f3n de la isla\u201d.<u><\/u><u><\/u><\/p>\n<blockquote class=\"twitter-tweet\">\n<p lang=\"es\" dir=\"ltr\">Esta es <a href=\"https:\/\/twitter.com\/hashtag\/LaCanariasQueHacemos?src=hash&amp;ref_src=twsrc%5Etfw\">#LaCanariasQueHacemos<\/a><\/p>\n<p>\ud83d\udc49Ma\u00f1ana abren por fin los quir\u00f3fanos del Hospital del Sur tras 40 a\u00f1os de espera <a href=\"https:\/\/t.co\/xsRj5jw4bZ\">https:\/\/t.co\/xsRj5jw4bZ<\/a> <a href=\"https:\/\/twitter.com\/PSOECanarias?ref_src=twsrc%5Etfw\">@PSOECanarias<\/a> <a href=\"https:\/\/twitter.com\/avtorresp?ref_src=twsrc%5Etfw\">@avtorresp<\/a> <a href=\"https:\/\/twitter.com\/GPSocialista?ref_src=twsrc%5Etfw\">@GPSocialista<\/a><\/p>\n<p>&mdash; Nira Fierro D\u00edaz \/\u2764\ufe0f (@NiraFierro) <a href=\"https:\/\/twitter.com\/NiraFierro\/status\/1385116253396873216?ref_src=twsrc%5Etfw\">April 22, 2021<\/a><\/p><\/blockquote>\n<p> <script async src=\"https:\/\/platform.twitter.com\/widgets.js\" charset=\"utf-8\"><\/script><\/p>\n<p>La diputada socialista destaca en este sentido la gesti\u00f3n tanto del actual consejero de Sanidad, Blas Trujillo, como de la anterior consejera, Teresa Cruz, que trabaj\u00f3 de forma coordinada con el Cabildo de Tenerife para conseguir el convenio\u00a0mediante el cual ambas instituciones permutaron infraestructuras de su propiedad para la mejora de la atenci\u00f3n sanitaria y sociosanitaria en la zona. \u201cEsto permiti\u00f3 el compromiso de 300 nuevas camas y 18 quir\u00f3fanos\u201d.<u><\/u><u><\/u><\/p>\n<p><u><\/u>\u00a0<u><\/u>\u201cSe est\u00e1 demostrando la apuesta de este Gobierno por desbloquear y agilizar proyectos que dan respuesta a las demandas de la ciudadan\u00eda de hace m\u00e1s de dos d\u00e9cadas, y dimensionar, en este caso, un centro hospitalario que da cobertura a alrededor de 500.000 personas, entre residentes y poblaci\u00f3n desplazada\u201d, a\u00f1adi\u00f3.<u><\/u><u><\/u><\/p>\n<p>Para Fierro, la \u201caut\u00e9ntica prioridad\u201d para este Gobierno ha sido disponer de atenci\u00f3n m\u00e9dica p\u00fablica hospitalaria con una cartera de servicios completa, tanto en el Sur como en el Norte de la isla, sobre todo tras la necesidad de contar con una sanidad p\u00fablica eficaz que se ha puesto de manifiesto en esta pandemia.<\/p>\n","protected":false},"excerpt":{"rendered":"<p>La presidenta del GP celebra el anuncio de la Consejer\u00eda de Sanidad sobre las primeras operaciones en el centro de El Moj\u00f3n <\/p>\n","protected":false},"author":1,"featured_media":17542,"comment_status":"open","ping_status":"open","sticky":false,"template":"","format":"standard","meta":{"footnotes":""},"categories":[1185,1184],"tags":[],"class_list":["post-17541","post","type-post","status-publish","format-standard","has-post-thumbnail","hentry","category-grupo-parlamentario","category-noticias"],"featured_image_src":"https:\/\/psoecanarias.com\/web\/wp-content\/uploads\/2021\/04\/nira-fierro-foto.jpeg","author_info":{"display_name":"PSOE Canarias","author_link":"https:\/\/psoecanarias.com\/web\/author\/admin\/"},"yoast_head":"<!-- This site is optimized with the Yoast SEO plugin v27.2 - https:\/\/yoast.com\/product\/yoast-seo-wordpress\/ -->\n<title>Fierro: \u201cLa apertura de los quir\u00f3fanos del Hospital del Sur es una grand\u00edsima noticia para Tenerife&quot; | PSOE Canarias<\/title>\n<meta name=\"robots\" content=\"index, follow, max-snippet:-1, max-image-preview:large, max-video-preview:-1\" \/>\n<link rel=\"canonical\" href=\"https:\/\/psoecanarias.com\/web\/fierro-la-apertura-de-los-quirofanos-del-hospital-del-sur-es-una-grandisima-noticia-para-tenerife\/\" \/>\n<meta property=\"og:locale\" content=\"es_ES\" \/>\n<meta property=\"og:type\" content=\"article\" \/>\n<meta property=\"og:title\" content=\"Fierro: \u201cLa apertura de los quir\u00f3fanos del Hospital del Sur es una grand\u00edsima noticia para Tenerife&quot; | PSOE Canarias\" \/>\n<meta property=\"og:description\" content=\"La presidenta del GP celebra el anuncio de la Consejer\u00eda de Sanidad sobre las primeras operaciones en el centro de El Moj\u00f3n\" \/>\n<meta property=\"og:url\" content=\"https:\/\/psoecanarias.com\/web\/fierro-la-apertura-de-los-quirofanos-del-hospital-del-sur-es-una-grandisima-noticia-para-tenerife\/\" \/>\n<meta property=\"og:site_name\" content=\"PSOE Canarias\" \/>\n<meta property=\"article:published_time\" content=\"2021-04-22T10:45:42+00:00\" \/>\n<meta property=\"article:modified_time\" content=\"2021-04-22T11:16:28+00:00\" \/>\n<meta property=\"og:image\" content=\"https:\/\/psoecanarias.com\/web\/wp-content\/uploads\/2021\/04\/nira-fierro-foto.jpeg\" \/>\n\t<meta property=\"og:image:width\" content=\"1280\" \/>\n\t<meta property=\"og:image:height\" content=\"720\" \/>\n\t<meta property=\"og:image:type\" content=\"image\/jpeg\" \/>\n<meta name=\"author\" content=\"PSOE Canarias\" \/>\n<meta name=\"twitter:card\" content=\"summary_large_image\" \/>\n<script type=\"application\/ld+json\" class=\"yoast-schema-graph\">{\"@context\":\"https:\/\/schema.org\",\"@graph\":[{\"@type\":\"Article\",\"@id\":\"https:\/\/psoecanarias.com\/web\/fierro-la-apertura-de-los-quirofanos-del-hospital-del-sur-es-una-grandisima-noticia-para-tenerife\/#article\",\"isPartOf\":{\"@id\":\"https:\/\/psoecanarias.com\/web\/fierro-la-apertura-de-los-quirofanos-del-hospital-del-sur-es-una-grandisima-noticia-para-tenerife\/\"},\"author\":{\"name\":\"PSOE Canarias\",\"@id\":\"https:\/\/psoecanarias.com\/web\/#\/schema\/person\/1ae43f9659d2fc599ca69c11e1dbf26f\"},\"headline\":\"Fierro: \u201cLa apertura de los quir\u00f3fanos del Hospital del Sur es una grand\u00edsima noticia para Tenerife&#8221;\",\"datePublished\":\"2021-04-22T10:45:42+00:00\",\"dateModified\":\"2021-04-22T11:16:28+00:00\",\"mainEntityOfPage\":{\"@id\":\"https:\/\/psoecanarias.com\/web\/fierro-la-apertura-de-los-quirofanos-del-hospital-del-sur-es-una-grandisima-noticia-para-tenerife\/\"},\"wordCount\":399,\"commentCount\":0,\"image\":{\"@id\":\"https:\/\/psoecanarias.com\/web\/fierro-la-apertura-de-los-quirofanos-del-hospital-del-sur-es-una-grandisima-noticia-para-tenerife\/#primaryimage\"},\"thumbnailUrl\":\"https:\/\/psoecanarias.com\/web\/wp-content\/uploads\/2021\/04\/nira-fierro-foto.jpeg\",\"articleSection\":[\"Grupo Parlamentario\",\"Noticias\"],\"inLanguage\":\"es\",\"potentialAction\":[{\"@type\":\"CommentAction\",\"name\":\"Comment\",\"target\":[\"https:\/\/psoecanarias.com\/web\/fierro-la-apertura-de-los-quirofanos-del-hospital-del-sur-es-una-grandisima-noticia-para-tenerife\/#respond\"]}]},{\"@type\":\"WebPage\",\"@id\":\"https:\/\/psoecanarias.com\/web\/fierro-la-apertura-de-los-quirofanos-del-hospital-del-sur-es-una-grandisima-noticia-para-tenerife\/\",\"url\":\"https:\/\/psoecanarias.com\/web\/fierro-la-apertura-de-los-quirofanos-del-hospital-del-sur-es-una-grandisima-noticia-para-tenerife\/\",\"name\":\"Fierro: \u201cLa apertura de los quir\u00f3fanos del Hospital del Sur es una grand\u00edsima noticia para Tenerife\\\" | PSOE Canarias\",\"isPartOf\":{\"@id\":\"https:\/\/psoecanarias.com\/web\/#website\"},\"primaryImageOfPage\":{\"@id\":\"https:\/\/psoecanarias.com\/web\/fierro-la-apertura-de-los-quirofanos-del-hospital-del-sur-es-una-grandisima-noticia-para-tenerife\/#primaryimage\"},\"image\":{\"@id\":\"https:\/\/psoecanarias.com\/web\/fierro-la-apertura-de-los-quirofanos-del-hospital-del-sur-es-una-grandisima-noticia-para-tenerife\/#primaryimage\"},\"thumbnailUrl\":\"https:\/\/psoecanarias.com\/web\/wp-content\/uploads\/2021\/04\/nira-fierro-foto.jpeg\",\"datePublished\":\"2021-04-22T10:45:42+00:00\",\"dateModified\":\"2021-04-22T11:16:28+00:00\",\"author\":{\"@id\":\"https:\/\/psoecanarias.com\/web\/#\/schema\/person\/1ae43f9659d2fc599ca69c11e1dbf26f\"},\"breadcrumb\":{\"@id\":\"https:\/\/psoecanarias.com\/web\/fierro-la-apertura-de-los-quirofanos-del-hospital-del-sur-es-una-grandisima-noticia-para-tenerife\/#breadcrumb\"},\"inLanguage\":\"es\",\"potentialAction\":[{\"@type\":\"ReadAction\",\"target\":[\"https:\/\/psoecanarias.com\/web\/fierro-la-apertura-de-los-quirofanos-del-hospital-del-sur-es-una-grandisima-noticia-para-tenerife\/\"]}]},{\"@type\":\"ImageObject\",\"inLanguage\":\"es\",\"@id\":\"https:\/\/psoecanarias.com\/web\/fierro-la-apertura-de-los-quirofanos-del-hospital-del-sur-es-una-grandisima-noticia-para-tenerife\/#primaryimage\",\"url\":\"https:\/\/psoecanarias.com\/web\/wp-content\/uploads\/2021\/04\/nira-fierro-foto.jpeg\",\"contentUrl\":\"https:\/\/psoecanarias.com\/web\/wp-content\/uploads\/2021\/04\/nira-fierro-foto.jpeg\",\"width\":1280,\"height\":720},{\"@type\":\"BreadcrumbList\",\"@id\":\"https:\/\/psoecanarias.com\/web\/fierro-la-apertura-de-los-quirofanos-del-hospital-del-sur-es-una-grandisima-noticia-para-tenerife\/#breadcrumb\",\"itemListElement\":[{\"@type\":\"ListItem\",\"position\":1,\"name\":\"Portada\",\"item\":\"https:\/\/psoecanarias.com\/web\/\"},{\"@type\":\"ListItem\",\"position\":2,\"name\":\"Fierro: \u201cLa apertura de los quir\u00f3fanos del Hospital del Sur es una grand\u00edsima noticia para Tenerife\\\"\"}]},{\"@type\":\"WebSite\",\"@id\":\"https:\/\/psoecanarias.com\/web\/#website\",\"url\":\"https:\/\/psoecanarias.com\/web\/\",\"name\":\"PSOE Canarias\",\"description\":\"Partido Socialista Obrero Espa\u00f1ol Canarias\",\"potentialAction\":[{\"@type\":\"SearchAction\",\"target\":{\"@type\":\"EntryPoint\",\"urlTemplate\":\"https:\/\/psoecanarias.com\/web\/?s={search_term_string}\"},\"query-input\":{\"@type\":\"PropertyValueSpecification\",\"valueRequired\":true,\"valueName\":\"search_term_string\"}}],\"inLanguage\":\"es\"},{\"@type\":\"Person\",\"@id\":\"https:\/\/psoecanarias.com\/web\/#\/schema\/person\/1ae43f9659d2fc599ca69c11e1dbf26f\",\"name\":\"PSOE Canarias\",\"image\":{\"@type\":\"ImageObject\",\"inLanguage\":\"es\",\"@id\":\"https:\/\/secure.gravatar.com\/avatar\/4364d37f6f6f9cdb7af199b46151565f37d8a8c3c0e04c1d78c04e857a15e3a8?s=96&d=mm&r=g\",\"url\":\"https:\/\/secure.gravatar.com\/avatar\/4364d37f6f6f9cdb7af199b46151565f37d8a8c3c0e04c1d78c04e857a15e3a8?s=96&d=mm&r=g\",\"contentUrl\":\"https:\/\/secure.gravatar.com\/avatar\/4364d37f6f6f9cdb7af199b46151565f37d8a8c3c0e04c1d78c04e857a15e3a8?s=96&d=mm&r=g\",\"caption\":\"PSOE Canarias\"},\"url\":\"https:\/\/psoecanarias.com\/web\/author\/admin\/\"}]}<\/script>\n<!-- \/ Yoast SEO plugin. -->","yoast_head_json":{"title":"Fierro: \u201cLa apertura de los quir\u00f3fanos del Hospital del Sur es una grand\u00edsima noticia para Tenerife\" | PSOE Canarias","robots":{"index":"index","follow":"follow","max-snippet":"max-snippet:-1","max-image-preview":"max-image-preview:large","max-video-preview":"max-video-preview:-1"},"canonical":"https:\/\/psoecanarias.com\/web\/fierro-la-apertura-de-los-quirofanos-del-hospital-del-sur-es-una-grandisima-noticia-para-tenerife\/","og_locale":"es_ES","og_type":"article","og_title":"Fierro: \u201cLa apertura de los quir\u00f3fanos del Hospital del Sur es una grand\u00edsima noticia para Tenerife\" | PSOE Canarias","og_description":"La presidenta del GP celebra el anuncio de la Consejer\u00eda de Sanidad sobre las primeras operaciones en el centro de El Moj\u00f3n","og_url":"https:\/\/psoecanarias.com\/web\/fierro-la-apertura-de-los-quirofanos-del-hospital-del-sur-es-una-grandisima-noticia-para-tenerife\/","og_site_name":"PSOE Canarias","article_published_time":"2021-04-22T10:45:42+00:00","article_modified_time":"2021-04-22T11:16:28+00:00","og_image":[{"width":1280,"height":720,"url":"https:\/\/psoecanarias.com\/web\/wp-content\/uploads\/2021\/04\/nira-fierro-foto.jpeg","type":"image\/jpeg"}],"author":"PSOE Canarias","twitter_card":"summary_large_image","schema":{"@context":"https:\/\/schema.org","@graph":[{"@type":"Article","@id":"https:\/\/psoecanarias.com\/web\/fierro-la-apertura-de-los-quirofanos-del-hospital-del-sur-es-una-grandisima-noticia-para-tenerife\/#article","isPartOf":{"@id":"https:\/\/psoecanarias.com\/web\/fierro-la-apertura-de-los-quirofanos-del-hospital-del-sur-es-una-grandisima-noticia-para-tenerife\/"},"author":{"name":"PSOE Canarias","@id":"https:\/\/psoecanarias.com\/web\/#\/schema\/person\/1ae43f9659d2fc599ca69c11e1dbf26f"},"headline":"Fierro: \u201cLa apertura de los quir\u00f3fanos del Hospital del Sur es una grand\u00edsima noticia para Tenerife&#8221;","datePublished":"2021-04-22T10:45:42+00:00","dateModified":"2021-04-22T11:16:28+00:00","mainEntityOfPage":{"@id":"https:\/\/psoecanarias.com\/web\/fierro-la-apertura-de-los-quirofanos-del-hospital-del-sur-es-una-grandisima-noticia-para-tenerife\/"},"wordCount":399,"commentCount":0,"image":{"@id":"https:\/\/psoecanarias.com\/web\/fierro-la-apertura-de-los-quirofanos-del-hospital-del-sur-es-una-grandisima-noticia-para-tenerife\/#primaryimage"},"thumbnailUrl":"https:\/\/psoecanarias.com\/web\/wp-content\/uploads\/2021\/04\/nira-fierro-foto.jpeg","articleSection":["Grupo Parlamentario","Noticias"],"inLanguage":"es","potentialAction":[{"@type":"CommentAction","name":"Comment","target":["https:\/\/psoecanarias.com\/web\/fierro-la-apertura-de-los-quirofanos-del-hospital-del-sur-es-una-grandisima-noticia-para-tenerife\/#respond"]}]},{"@type":"WebPage","@id":"https:\/\/psoecanarias.com\/web\/fierro-la-apertura-de-los-quirofanos-del-hospital-del-sur-es-una-grandisima-noticia-para-tenerife\/","url":"https:\/\/psoecanarias.com\/web\/fierro-la-apertura-de-los-quirofanos-del-hospital-del-sur-es-una-grandisima-noticia-para-tenerife\/","name":"Fierro: \u201cLa apertura de los quir\u00f3fanos del Hospital del Sur es una grand\u00edsima noticia para Tenerife\" | PSOE Canarias","isPartOf":{"@id":"https:\/\/psoecanarias.com\/web\/#website"},"primaryImageOfPage":{"@id":"https:\/\/psoecanarias.com\/web\/fierro-la-apertura-de-los-quirofanos-del-hospital-del-sur-es-una-grandisima-noticia-para-tenerife\/#primaryimage"},"image":{"@id":"https:\/\/psoecanarias.com\/web\/fierro-la-apertura-de-los-quirofanos-del-hospital-del-sur-es-una-grandisima-noticia-para-tenerife\/#primaryimage"},"thumbnailUrl":"https:\/\/psoecanarias.com\/web\/wp-content\/uploads\/2021\/04\/nira-fierro-foto.jpeg","datePublished":"2021-04-22T10:45:42+00:00","dateModified":"2021-04-22T11:16:28+00:00","author":{"@id":"https:\/\/psoecanarias.com\/web\/#\/schema\/person\/1ae43f9659d2fc599ca69c11e1dbf26f"},"breadcrumb":{"@id":"https:\/\/psoecanarias.com\/web\/fierro-la-apertura-de-los-quirofanos-del-hospital-del-sur-es-una-grandisima-noticia-para-tenerife\/#breadcrumb"},"inLanguage":"es","potentialAction":[{"@type":"ReadAction","target":["https:\/\/psoecanarias.com\/web\/fierro-la-apertura-de-los-quirofanos-del-hospital-del-sur-es-una-grandisima-noticia-para-tenerife\/"]}]},{"@type":"ImageObject","inLanguage":"es","@id":"https:\/\/psoecanarias.com\/web\/fierro-la-apertura-de-los-quirofanos-del-hospital-del-sur-es-una-grandisima-noticia-para-tenerife\/#primaryimage","url":"https:\/\/psoecanarias.com\/web\/wp-content\/uploads\/2021\/04\/nira-fierro-foto.jpeg","contentUrl":"https:\/\/psoecanarias.com\/web\/wp-content\/uploads\/2021\/04\/nira-fierro-foto.jpeg","width":1280,"height":720},{"@type":"BreadcrumbList","@id":"https:\/\/psoecanarias.com\/web\/fierro-la-apertura-de-los-quirofanos-del-hospital-del-sur-es-una-grandisima-noticia-para-tenerife\/#breadcrumb","itemListElement":[{"@type":"ListItem","position":1,"name":"Portada","item":"https:\/\/psoecanarias.com\/web\/"},{"@type":"ListItem","position":2,"name":"Fierro: \u201cLa apertura de los quir\u00f3fanos del Hospital del Sur es una grand\u00edsima noticia para Tenerife\""}]},{"@type":"WebSite","@id":"https:\/\/psoecanarias.com\/web\/#website","url":"https:\/\/psoecanarias.com\/web\/","name":"PSOE Canarias","description":"Partido Socialista Obrero Espa\u00f1ol Canarias","potentialAction":[{"@type":"SearchAction","target":{"@type":"EntryPoint","urlTemplate":"https:\/\/psoecanarias.com\/web\/?s={search_term_string}"},"query-input":{"@type":"PropertyValueSpecification","valueRequired":true,"valueName":"search_term_string"}}],"inLanguage":"es"},{"@type":"Person","@id":"https:\/\/psoecanarias.com\/web\/#\/schema\/person\/1ae43f9659d2fc599ca69c11e1dbf26f","name":"PSOE Canarias","image":{"@type":"ImageObject","inLanguage":"es","@id":"https:\/\/secure.gravatar.com\/avatar\/4364d37f6f6f9cdb7af199b46151565f37d8a8c3c0e04c1d78c04e857a15e3a8?s=96&d=mm&r=g","url":"https:\/\/secure.gravatar.com\/avatar\/4364d37f6f6f9cdb7af199b46151565f37d8a8c3c0e04c1d78c04e857a15e3a8?s=96&d=mm&r=g","contentUrl":"https:\/\/secure.gravatar.com\/avatar\/4364d37f6f6f9cdb7af199b46151565f37d8a8c3c0e04c1d78c04e857a15e3a8?s=96&d=mm&r=g","caption":"PSOE Canarias"},"url":"https:\/\/psoecanarias.com\/web\/author\/admin\/"}]}},"_links":{"self":[{"href":"https:\/\/psoecanarias.com\/web\/wp-json\/wp\/v2\/posts\/17541","targetHints":{"allow":["GET"]}}],"collection":[{"href":"https:\/\/psoecanarias.com\/web\/wp-json\/wp\/v2\/posts"}],"about":[{"href":"https:\/\/psoecanarias.com\/web\/wp-json\/wp\/v2\/types\/post"}],"author":[{"embeddable":true,"href":"https:\/\/psoecanarias.com\/web\/wp-json\/wp\/v2\/users\/1"}],"replies":[{"embeddable":true,"href":"https:\/\/psoecanarias.com\/web\/wp-json\/wp\/v2\/comments?post=17541"}],"version-history":[{"count":1,"href":"https:\/\/psoecanarias.com\/web\/wp-json\/wp\/v2\/posts\/17541\/revisions"}],"predecessor-version":[{"id":17543,"href":"https:\/\/psoecanarias.com\/web\/wp-json\/wp\/v2\/posts\/17541\/revisions\/17543"}],"wp:featuredmedia":[{"embeddable":true,"href":"https:\/\/psoecanarias.com\/web\/wp-json\/wp\/v2\/media\/17542"}],"wp:attachment":[{"href":"https:\/\/psoecanarias.com\/web\/wp-json\/wp\/v2\/media?parent=17541"}],"wp:term":[{"taxonomy":"category","embeddable":true,"href":"https:\/\/psoecanarias.com\/web\/wp-json\/wp\/v2\/categories?post=17541"},{"taxonomy":"post_tag","embeddable":true,"href":"https:\/\/psoecanarias.com\/web\/wp-json\/wp\/v2\/tags?post=17541"}],"curies":[{"name":"wp","href":"https:\/\/api.w.org\/{rel}","templated":true}]}}