{"id":17598,"date":"2021-04-27T16:40:28","date_gmt":"2021-04-27T15:40:28","guid":{"rendered":"http:\/\/psoecanarias.com\/web\/?p=17598"},"modified":"2021-04-27T16:57:26","modified_gmt":"2021-04-27T15:57:26","slug":"el-psoe-lamenta-que-cc-fomente-conflictividad-en-materia-migratoria","status":"publish","type":"post","link":"https:\/\/psoecanarias.com\/web\/el-psoe-lamenta-que-cc-fomente-conflictividad-en-materia-migratoria\/","title":{"rendered":"El PSOE lamenta que CC fomente la conflictividad en materia migratoria"},"content":{"rendered":"<p><strong>Canarias, 27 de abril de 2021.-<\/strong> El senador auton\u00f3mico del PSOE, Santiago P\u00e9rez, y el diputado por Las Palmas, Luc Andr\u00e9 Diouf, han valorado este martes el an\u00e1lisis evolutivo realizado por el Defensor del Pueblo, Francisco Miguel Fern\u00e1ndez Marug\u00e1n, sobre el fen\u00f3meno migratorio en Canarias, en el que queda patente la mejora progresiva de la gesti\u00f3n a lo largo del \u00faltimo a\u00f1o, a pesar de los recortes del Gobierno de Rajoy, cuyas consecuencias se siguen sufriendo a d\u00eda de hoy.<\/p>\n<p>Los dos representantes de los socialistas canarios han intervenido en la <a href=\"https:\/\/www.senado.es\/web\/actividadparlamentaria\/actualidad\/video\/index.html?s=14_G013002_010_01\" target=\"_blank\" rel=\"noopener\">Comisi\u00f3n Mixta de Relaciones con el Defensor del Pueblo<\/a>, donde han agradecido al m\u00e1ximo representante de esta instituci\u00f3n las conclusiones y sugerencias que ha expuesto tras la realizaci\u00f3n del informe \u2018La migraci\u00f3n en Canarias\u2019, que ha elaborado durante el \u00faltimo a\u00f1o.<\/p>\n<p>\u201cParece que muchos olvidan el desmantelamiento de los recursos de acogida por el Gobierno de Rajoy, que dej\u00f3 menos de 100 plazas habilitadas para este fin en las Islas, y a lo que el gobierno socialista tuvo que hacer frente pr\u00e1cticamente desde cero, habilitando dispositivos temporales, como hoteles, naves industriales, campamentos, lo que fuera para no dejar a estos ciudadanos en desamparo\u201d, han lamentado los representantes socialistas.<\/p>\n<blockquote class=\"twitter-tweet\">\n<p dir=\"ltr\" lang=\"es\">\ud83d\udde3\ufe0f <a href=\"https:\/\/twitter.com\/sperezlaguna?ref_src=twsrc%5Etfw\">@sperezlaguna<\/a>: En <a href=\"https:\/\/twitter.com\/hashtag\/Canarias?src=hash&amp;ref_src=twsrc%5Etfw\">#Canarias<\/a> la sociedad civil ha sacado su mejor cara con la inmigraci\u00f3n, pese al conflicto que alientan algunos.<\/p>\n<p>\u274c No se puede asociar migraci\u00f3n a inseguridad.<a href=\"https:\/\/twitter.com\/hashtag\/LaEspa%C3%B1aQueHacemos_?src=hash&amp;ref_src=twsrc%5Etfw\">#LaEspa\u00f1aQueHacemos_<\/a><\/p>\n<p>\ud83c\udfdb\ufe0f Comparecencia <a href=\"https:\/\/twitter.com\/hashtag\/Senado?src=hash&amp;ref_src=twsrc%5Etfw\">#Senado<\/a> del <a href=\"https:\/\/twitter.com\/DefensorPuebloE?ref_src=twsrc%5Etfw\">@DefensorPuebloE<\/a>, Francisco Fern\u00e1ndez Marug\u00e1n. <a href=\"https:\/\/t.co\/rdHksgtcZR\">pic.twitter.com\/rdHksgtcZR<\/a><\/p>\n<p>\u2014 PSOE SENADO (@gpssenado) <a href=\"https:\/\/twitter.com\/gpssenado\/status\/1387007822249009158?ref_src=twsrc%5Etfw\">April 27, 2021<\/a><\/p><\/blockquote>\n<p><script async src=\"https:\/\/platform.twitter.com\/widgets.js\" charset=\"utf-8\"><\/script><\/p>\n<p>En este sentido, Fern\u00e1ndez Marug\u00e1n ha reconocido en su intervenci\u00f3n que la puesta en marcha del Plan Canarias ha dado respuesta a la carencia de infraestructuras de emergencia.<\/p>\n<p>Luc Andr\u00e9 Diouf y Santiago P\u00e9rez han recriminado a la oposici\u00f3n que no se detengan a reconocer los puntos positivos enumerados por Fern\u00e1ndez Marug\u00e1n, en los que reconoce el esfuerzo realizado por parte de las administraciones para buscar soluciones de emergencia y hacer frente a una planificaci\u00f3n que no hab\u00eda sido la m\u00e1s adecuada, adem\u00e1s de desarrollar todas las medidas posibles para resolver los problemas de gesti\u00f3n urgente que requieren las llegadas.<\/p>\n<p>Santiago P\u00e9rez ha lamentado que los partidos de la oposici\u00f3n contin\u00faen con una posici\u00f3n frentista, especialmente Coalici\u00f3n Canaria. \u201cEl Defensor del Pueblo ha analizado, de forma evolutiva, la gesti\u00f3n del fen\u00f3meno migratorio, se\u00f1alando deficiencias, pero tambi\u00e9n destacando una clara mejor\u00eda detectada en el \u00faltimo a\u00f1o, algo que el representante de CC no ha tenido el menor detalle de tomar en cuenta\u201d, ha destacado P\u00e9rez, a la vez que se\u00f1alaba que \u201caunque algunos intenten abanderar hoy la defensa de los derechos humanos, en Canarias fomentan elementos de conflictividad. No se puede pedir en el Senado, como se pidi\u00f3 en octubre de 2007, que se utilicen los centros militares en desuso para efectuar una acogida y, al mismo tiempo en Canarias, pedir el cierre de esas instalaciones\u201d.<\/p>\n<p>Asimismo, ha criticado que CC \u201chable de derecho fundamentales y jalee entre la poblaci\u00f3n el elemento del agravio comparativo, que es caracter\u00edstico de la manipulaci\u00f3n del fen\u00f3meno migratorio que realizan, se\u00f1alando que los canarios tambi\u00e9n pedir\u00e1n que se les aloje en hoteles; y, por otro lado, asociando la inmigraci\u00f3n con la inseguridad y la delincuencia\u201d.<\/p>\n<p>Por su parte, el diputado Luc Andr\u00e9 Diouf ha reconocido que la realidad de la migraci\u00f3n en las islas contin\u00faa agravada por la pandemia de la COVID-19 y el cierre de fronteras, pero ha asegurado que el Gobierno de Pedro S\u00e1nchez no ha dejado de trabajar para firmar convenios con los pa\u00edses de origen, establecer reuniones bilaterales y, sobre todo, \u201cpara que en el acogimiento temporal en las Islas se garantice la atenci\u00f3n humanitaria de manera eficaz, eficiente y segura, y se fomenten todas las actuaciones necesarias que permitan avanzar hacia un modelo de migraci\u00f3n regular, seguro y ordenado\u201d.<\/p>\n<p><strong>Corresponsabilidad europea<\/strong><\/p>\n<p>Durante la sesi\u00f3n, el senador auton\u00f3mico del PSOE ha recordado que los Tratados de la Uni\u00f3n Europea convirtieron a las materias de cruce de fronteras, asilo e inmigraci\u00f3n en competencias de la propia UE, donde su propio Tratado de Funcionamiento incluye, adem\u00e1s, que este tipo de pol\u00edticas se aplicar\u00e1n bajo los principios de solidaridad, equidad y apoyo financiero.<\/p>\n<blockquote class=\"twitter-tweet\">\n<p dir=\"ltr\" lang=\"es\">La pol\u00edtica migratoria de una naci\u00f3n democr\u00e1tica no se construye desde la mentira. Dejen de hablar de efecto llamada.<\/p>\n<p>\u274c Se\u00f1ores del PP, la libertad que tanto abander\u00e1is no puede apoyarse ni ser cogobernada por Vox.<\/p>\n<p>\ud83d\udde3\ufe0f <a href=\"https:\/\/twitter.com\/DioufLuc?ref_src=twsrc%5Etfw\">@DioufLuc<\/a> en la Comisi\u00f3n de <a href=\"https:\/\/twitter.com\/hashtag\/DefensorDelPueblo?src=hash&amp;ref_src=twsrc%5Etfw\">#DefensorDelPueblo<\/a> <a href=\"https:\/\/t.co\/gDgW43uVNW\">pic.twitter.com\/gDgW43uVNW<\/a><\/p>\n<p>\u2014 PSOE Congreso (@gpscongreso) <a href=\"https:\/\/twitter.com\/gpscongreso\/status\/1387037977541419018?ref_src=twsrc%5Etfw\">April 27, 2021<\/a><\/p><\/blockquote>\n<p><script async src=\"https:\/\/platform.twitter.com\/widgets.js\" charset=\"utf-8\"><\/script><\/p>\n<p>\u201cCuando se quiere manipular este asunto normalmente se descontextualiza, y se trata de focalizar en el Gobierno de Espa\u00f1a, haciendo un ejercicio muy particular de la memoria, de tal manera que el abandono de los Planes \u00c1frica, durante toda una d\u00e9cada, se ningunea, se desprecia. La propia existencia de los planes \u00c1frica, y del tercer Plan \u00c1frica, tienen unos objetivos muy precisos: ofrecer seguridad cooperativa, desarrollo sostenible inclusivo, aprovechamiento de las sinergias de acci\u00f3n humanitaria, inversi\u00f3n e investigaci\u00f3n\u201d, ha detallado P\u00e9rez.<\/p>\n<p>En este sentido, tambi\u00e9n ha apuntado la voluntad del Gobierno central para actuar desde todos los frentes, a pesar de los serios obst\u00e1culos que est\u00e1 encontrando en la UE, por diferencias de enfoque y el incumplimiento del reglamento Schengen, donde muchos estados miembros est\u00e1n cerrando puntos fronterizos en contra de la legislaci\u00f3n europea.<\/p>\n<p>El tambi\u00e9n secretario ejecutivo de Pol\u00edtica de Refugiados del PSOE, Luc Andr\u00e9 Diouf, ha insistido en que la migraci\u00f3n es un fen\u00f3meno global, que debe abordarse de forma global, y ha reiterado la importancia de que no se diluyan responsabilidades y se implique a todos los Estados que no son frontera.<\/p>\n","protected":false},"excerpt":{"rendered":"<p>&#8220;Muchos olvidan el desmantelamiento de los recursos de acogida efectuados en la etapa de Rajoy&#8221;, recuerdan Santiago P\u00e9rez y Luc Andr\u00e9 Diouf<\/p>\n","protected":false},"author":1,"featured_media":17604,"comment_status":"open","ping_status":"open","sticky":false,"template":"","format":"standard","meta":{"footnotes":""},"categories":[1197,1184],"tags":[],"class_list":["post-17598","post","type-post","status-publish","format-standard","has-post-thumbnail","hentry","category-cortes-generales","category-noticias"],"featured_image_src":"https:\/\/psoecanarias.com\/web\/wp-content\/uploads\/2021\/04\/foto-senado11.png","author_info":{"display_name":"PSOE Canarias","author_link":"https:\/\/psoecanarias.com\/web\/author\/admin\/"},"yoast_head":"<!-- This site is optimized with the Yoast SEO plugin v27.2 - https:\/\/yoast.com\/product\/yoast-seo-wordpress\/ -->\n<title>El PSOE lamenta que CC fomente la conflictividad en materia migratoria | PSOE Canarias<\/title>\n<meta name=\"robots\" content=\"index, follow, max-snippet:-1, max-image-preview:large, max-video-preview:-1\" \/>\n<link rel=\"canonical\" href=\"https:\/\/psoecanarias.com\/web\/el-psoe-lamenta-que-cc-fomente-conflictividad-en-materia-migratoria\/\" \/>\n<meta property=\"og:locale\" content=\"es_ES\" \/>\n<meta property=\"og:type\" content=\"article\" \/>\n<meta property=\"og:title\" content=\"El PSOE lamenta que CC fomente la conflictividad en materia migratoria | PSOE Canarias\" \/>\n<meta property=\"og:description\" content=\"&quot;Muchos olvidan el desmantelamiento de los recursos de acogida efectuados en la etapa de Rajoy&quot;, recuerdan Santiago P\u00e9rez y Luc Andr\u00e9 Diouf\" \/>\n<meta property=\"og:url\" content=\"https:\/\/psoecanarias.com\/web\/el-psoe-lamenta-que-cc-fomente-conflictividad-en-materia-migratoria\/\" \/>\n<meta property=\"og:site_name\" content=\"PSOE Canarias\" \/>\n<meta property=\"article:published_time\" content=\"2021-04-27T15:40:28+00:00\" \/>\n<meta property=\"article:modified_time\" content=\"2021-04-27T15:57:26+00:00\" \/>\n<meta property=\"og:image\" content=\"https:\/\/psoecanarias.com\/web\/wp-content\/uploads\/2021\/04\/foto-senado11.png\" \/>\n\t<meta property=\"og:image:width\" content=\"1714\" \/>\n\t<meta property=\"og:image:height\" content=\"842\" \/>\n\t<meta property=\"og:image:type\" content=\"image\/png\" \/>\n<meta name=\"author\" content=\"PSOE Canarias\" \/>\n<meta name=\"twitter:card\" content=\"summary_large_image\" \/>\n<script type=\"application\/ld+json\" class=\"yoast-schema-graph\">{\"@context\":\"https:\/\/schema.org\",\"@graph\":[{\"@type\":\"Article\",\"@id\":\"https:\/\/psoecanarias.com\/web\/el-psoe-lamenta-que-cc-fomente-conflictividad-en-materia-migratoria\/#article\",\"isPartOf\":{\"@id\":\"https:\/\/psoecanarias.com\/web\/el-psoe-lamenta-que-cc-fomente-conflictividad-en-materia-migratoria\/\"},\"author\":{\"name\":\"PSOE Canarias\",\"@id\":\"https:\/\/psoecanarias.com\/web\/#\/schema\/person\/1ae43f9659d2fc599ca69c11e1dbf26f\"},\"headline\":\"El PSOE lamenta que CC fomente la conflictividad en materia migratoria\",\"datePublished\":\"2021-04-27T15:40:28+00:00\",\"dateModified\":\"2021-04-27T15:57:26+00:00\",\"mainEntityOfPage\":{\"@id\":\"https:\/\/psoecanarias.com\/web\/el-psoe-lamenta-que-cc-fomente-conflictividad-en-materia-migratoria\/\"},\"wordCount\":1011,\"commentCount\":0,\"image\":{\"@id\":\"https:\/\/psoecanarias.com\/web\/el-psoe-lamenta-que-cc-fomente-conflictividad-en-materia-migratoria\/#primaryimage\"},\"thumbnailUrl\":\"https:\/\/psoecanarias.com\/web\/wp-content\/uploads\/2021\/04\/foto-senado11.png\",\"articleSection\":[\"Cortes Generales\",\"Noticias\"],\"inLanguage\":\"es\",\"potentialAction\":[{\"@type\":\"CommentAction\",\"name\":\"Comment\",\"target\":[\"https:\/\/psoecanarias.com\/web\/el-psoe-lamenta-que-cc-fomente-conflictividad-en-materia-migratoria\/#respond\"]}]},{\"@type\":\"WebPage\",\"@id\":\"https:\/\/psoecanarias.com\/web\/el-psoe-lamenta-que-cc-fomente-conflictividad-en-materia-migratoria\/\",\"url\":\"https:\/\/psoecanarias.com\/web\/el-psoe-lamenta-que-cc-fomente-conflictividad-en-materia-migratoria\/\",\"name\":\"El PSOE lamenta que CC fomente la conflictividad en materia migratoria | PSOE Canarias\",\"isPartOf\":{\"@id\":\"https:\/\/psoecanarias.com\/web\/#website\"},\"primaryImageOfPage\":{\"@id\":\"https:\/\/psoecanarias.com\/web\/el-psoe-lamenta-que-cc-fomente-conflictividad-en-materia-migratoria\/#primaryimage\"},\"image\":{\"@id\":\"https:\/\/psoecanarias.com\/web\/el-psoe-lamenta-que-cc-fomente-conflictividad-en-materia-migratoria\/#primaryimage\"},\"thumbnailUrl\":\"https:\/\/psoecanarias.com\/web\/wp-content\/uploads\/2021\/04\/foto-senado11.png\",\"datePublished\":\"2021-04-27T15:40:28+00:00\",\"dateModified\":\"2021-04-27T15:57:26+00:00\",\"author\":{\"@id\":\"https:\/\/psoecanarias.com\/web\/#\/schema\/person\/1ae43f9659d2fc599ca69c11e1dbf26f\"},\"breadcrumb\":{\"@id\":\"https:\/\/psoecanarias.com\/web\/el-psoe-lamenta-que-cc-fomente-conflictividad-en-materia-migratoria\/#breadcrumb\"},\"inLanguage\":\"es\",\"potentialAction\":[{\"@type\":\"ReadAction\",\"target\":[\"https:\/\/psoecanarias.com\/web\/el-psoe-lamenta-que-cc-fomente-conflictividad-en-materia-migratoria\/\"]}]},{\"@type\":\"ImageObject\",\"inLanguage\":\"es\",\"@id\":\"https:\/\/psoecanarias.com\/web\/el-psoe-lamenta-que-cc-fomente-conflictividad-en-materia-migratoria\/#primaryimage\",\"url\":\"https:\/\/psoecanarias.com\/web\/wp-content\/uploads\/2021\/04\/foto-senado11.png\",\"contentUrl\":\"https:\/\/psoecanarias.com\/web\/wp-content\/uploads\/2021\/04\/foto-senado11.png\",\"width\":1714,\"height\":842},{\"@type\":\"BreadcrumbList\",\"@id\":\"https:\/\/psoecanarias.com\/web\/el-psoe-lamenta-que-cc-fomente-conflictividad-en-materia-migratoria\/#breadcrumb\",\"itemListElement\":[{\"@type\":\"ListItem\",\"position\":1,\"name\":\"Portada\",\"item\":\"https:\/\/psoecanarias.com\/web\/\"},{\"@type\":\"ListItem\",\"position\":2,\"name\":\"El PSOE lamenta que CC fomente la conflictividad en materia migratoria\"}]},{\"@type\":\"WebSite\",\"@id\":\"https:\/\/psoecanarias.com\/web\/#website\",\"url\":\"https:\/\/psoecanarias.com\/web\/\",\"name\":\"PSOE Canarias\",\"description\":\"Partido Socialista Obrero Espa\u00f1ol Canarias\",\"potentialAction\":[{\"@type\":\"SearchAction\",\"target\":{\"@type\":\"EntryPoint\",\"urlTemplate\":\"https:\/\/psoecanarias.com\/web\/?s={search_term_string}\"},\"query-input\":{\"@type\":\"PropertyValueSpecification\",\"valueRequired\":true,\"valueName\":\"search_term_string\"}}],\"inLanguage\":\"es\"},{\"@type\":\"Person\",\"@id\":\"https:\/\/psoecanarias.com\/web\/#\/schema\/person\/1ae43f9659d2fc599ca69c11e1dbf26f\",\"name\":\"PSOE Canarias\",\"image\":{\"@type\":\"ImageObject\",\"inLanguage\":\"es\",\"@id\":\"https:\/\/secure.gravatar.com\/avatar\/4364d37f6f6f9cdb7af199b46151565f37d8a8c3c0e04c1d78c04e857a15e3a8?s=96&d=mm&r=g\",\"url\":\"https:\/\/secure.gravatar.com\/avatar\/4364d37f6f6f9cdb7af199b46151565f37d8a8c3c0e04c1d78c04e857a15e3a8?s=96&d=mm&r=g\",\"contentUrl\":\"https:\/\/secure.gravatar.com\/avatar\/4364d37f6f6f9cdb7af199b46151565f37d8a8c3c0e04c1d78c04e857a15e3a8?s=96&d=mm&r=g\",\"caption\":\"PSOE Canarias\"},\"url\":\"https:\/\/psoecanarias.com\/web\/author\/admin\/\"}]}<\/script>\n<!-- \/ Yoast SEO plugin. -->","yoast_head_json":{"title":"El PSOE lamenta que CC fomente la conflictividad en materia migratoria | PSOE Canarias","robots":{"index":"index","follow":"follow","max-snippet":"max-snippet:-1","max-image-preview":"max-image-preview:large","max-video-preview":"max-video-preview:-1"},"canonical":"https:\/\/psoecanarias.com\/web\/el-psoe-lamenta-que-cc-fomente-conflictividad-en-materia-migratoria\/","og_locale":"es_ES","og_type":"article","og_title":"El PSOE lamenta que CC fomente la conflictividad en materia migratoria | PSOE Canarias","og_description":"\"Muchos olvidan el desmantelamiento de los recursos de acogida efectuados en la etapa de Rajoy\", recuerdan Santiago P\u00e9rez y Luc Andr\u00e9 Diouf","og_url":"https:\/\/psoecanarias.com\/web\/el-psoe-lamenta-que-cc-fomente-conflictividad-en-materia-migratoria\/","og_site_name":"PSOE Canarias","article_published_time":"2021-04-27T15:40:28+00:00","article_modified_time":"2021-04-27T15:57:26+00:00","og_image":[{"width":1714,"height":842,"url":"https:\/\/psoecanarias.com\/web\/wp-content\/uploads\/2021\/04\/foto-senado11.png","type":"image\/png"}],"author":"PSOE Canarias","twitter_card":"summary_large_image","schema":{"@context":"https:\/\/schema.org","@graph":[{"@type":"Article","@id":"https:\/\/psoecanarias.com\/web\/el-psoe-lamenta-que-cc-fomente-conflictividad-en-materia-migratoria\/#article","isPartOf":{"@id":"https:\/\/psoecanarias.com\/web\/el-psoe-lamenta-que-cc-fomente-conflictividad-en-materia-migratoria\/"},"author":{"name":"PSOE Canarias","@id":"https:\/\/psoecanarias.com\/web\/#\/schema\/person\/1ae43f9659d2fc599ca69c11e1dbf26f"},"headline":"El PSOE lamenta que CC fomente la conflictividad en materia migratoria","datePublished":"2021-04-27T15:40:28+00:00","dateModified":"2021-04-27T15:57:26+00:00","mainEntityOfPage":{"@id":"https:\/\/psoecanarias.com\/web\/el-psoe-lamenta-que-cc-fomente-conflictividad-en-materia-migratoria\/"},"wordCount":1011,"commentCount":0,"image":{"@id":"https:\/\/psoecanarias.com\/web\/el-psoe-lamenta-que-cc-fomente-conflictividad-en-materia-migratoria\/#primaryimage"},"thumbnailUrl":"https:\/\/psoecanarias.com\/web\/wp-content\/uploads\/2021\/04\/foto-senado11.png","articleSection":["Cortes Generales","Noticias"],"inLanguage":"es","potentialAction":[{"@type":"CommentAction","name":"Comment","target":["https:\/\/psoecanarias.com\/web\/el-psoe-lamenta-que-cc-fomente-conflictividad-en-materia-migratoria\/#respond"]}]},{"@type":"WebPage","@id":"https:\/\/psoecanarias.com\/web\/el-psoe-lamenta-que-cc-fomente-conflictividad-en-materia-migratoria\/","url":"https:\/\/psoecanarias.com\/web\/el-psoe-lamenta-que-cc-fomente-conflictividad-en-materia-migratoria\/","name":"El PSOE lamenta que CC fomente la conflictividad en materia migratoria | PSOE Canarias","isPartOf":{"@id":"https:\/\/psoecanarias.com\/web\/#website"},"primaryImageOfPage":{"@id":"https:\/\/psoecanarias.com\/web\/el-psoe-lamenta-que-cc-fomente-conflictividad-en-materia-migratoria\/#primaryimage"},"image":{"@id":"https:\/\/psoecanarias.com\/web\/el-psoe-lamenta-que-cc-fomente-conflictividad-en-materia-migratoria\/#primaryimage"},"thumbnailUrl":"https:\/\/psoecanarias.com\/web\/wp-content\/uploads\/2021\/04\/foto-senado11.png","datePublished":"2021-04-27T15:40:28+00:00","dateModified":"2021-04-27T15:57:26+00:00","author":{"@id":"https:\/\/psoecanarias.com\/web\/#\/schema\/person\/1ae43f9659d2fc599ca69c11e1dbf26f"},"breadcrumb":{"@id":"https:\/\/psoecanarias.com\/web\/el-psoe-lamenta-que-cc-fomente-conflictividad-en-materia-migratoria\/#breadcrumb"},"inLanguage":"es","potentialAction":[{"@type":"ReadAction","target":["https:\/\/psoecanarias.com\/web\/el-psoe-lamenta-que-cc-fomente-conflictividad-en-materia-migratoria\/"]}]},{"@type":"ImageObject","inLanguage":"es","@id":"https:\/\/psoecanarias.com\/web\/el-psoe-lamenta-que-cc-fomente-conflictividad-en-materia-migratoria\/#primaryimage","url":"https:\/\/psoecanarias.com\/web\/wp-content\/uploads\/2021\/04\/foto-senado11.png","contentUrl":"https:\/\/psoecanarias.com\/web\/wp-content\/uploads\/2021\/04\/foto-senado11.png","width":1714,"height":842},{"@type":"BreadcrumbList","@id":"https:\/\/psoecanarias.com\/web\/el-psoe-lamenta-que-cc-fomente-conflictividad-en-materia-migratoria\/#breadcrumb","itemListElement":[{"@type":"ListItem","position":1,"name":"Portada","item":"https:\/\/psoecanarias.com\/web\/"},{"@type":"ListItem","position":2,"name":"El PSOE lamenta que CC fomente la conflictividad en materia migratoria"}]},{"@type":"WebSite","@id":"https:\/\/psoecanarias.com\/web\/#website","url":"https:\/\/psoecanarias.com\/web\/","name":"PSOE Canarias","description":"Partido Socialista Obrero Espa\u00f1ol Canarias","potentialAction":[{"@type":"SearchAction","target":{"@type":"EntryPoint","urlTemplate":"https:\/\/psoecanarias.com\/web\/?s={search_term_string}"},"query-input":{"@type":"PropertyValueSpecification","valueRequired":true,"valueName":"search_term_string"}}],"inLanguage":"es"},{"@type":"Person","@id":"https:\/\/psoecanarias.com\/web\/#\/schema\/person\/1ae43f9659d2fc599ca69c11e1dbf26f","name":"PSOE Canarias","image":{"@type":"ImageObject","inLanguage":"es","@id":"https:\/\/secure.gravatar.com\/avatar\/4364d37f6f6f9cdb7af199b46151565f37d8a8c3c0e04c1d78c04e857a15e3a8?s=96&d=mm&r=g","url":"https:\/\/secure.gravatar.com\/avatar\/4364d37f6f6f9cdb7af199b46151565f37d8a8c3c0e04c1d78c04e857a15e3a8?s=96&d=mm&r=g","contentUrl":"https:\/\/secure.gravatar.com\/avatar\/4364d37f6f6f9cdb7af199b46151565f37d8a8c3c0e04c1d78c04e857a15e3a8?s=96&d=mm&r=g","caption":"PSOE Canarias"},"url":"https:\/\/psoecanarias.com\/web\/author\/admin\/"}]}},"_links":{"self":[{"href":"https:\/\/psoecanarias.com\/web\/wp-json\/wp\/v2\/posts\/17598","targetHints":{"allow":["GET"]}}],"collection":[{"href":"https:\/\/psoecanarias.com\/web\/wp-json\/wp\/v2\/posts"}],"about":[{"href":"https:\/\/psoecanarias.com\/web\/wp-json\/wp\/v2\/types\/post"}],"author":[{"embeddable":true,"href":"https:\/\/psoecanarias.com\/web\/wp-json\/wp\/v2\/users\/1"}],"replies":[{"embeddable":true,"href":"https:\/\/psoecanarias.com\/web\/wp-json\/wp\/v2\/comments?post=17598"}],"version-history":[{"count":5,"href":"https:\/\/psoecanarias.com\/web\/wp-json\/wp\/v2\/posts\/17598\/revisions"}],"predecessor-version":[{"id":17607,"href":"https:\/\/psoecanarias.com\/web\/wp-json\/wp\/v2\/posts\/17598\/revisions\/17607"}],"wp:featuredmedia":[{"embeddable":true,"href":"https:\/\/psoecanarias.com\/web\/wp-json\/wp\/v2\/media\/17604"}],"wp:attachment":[{"href":"https:\/\/psoecanarias.com\/web\/wp-json\/wp\/v2\/media?parent=17598"}],"wp:term":[{"taxonomy":"category","embeddable":true,"href":"https:\/\/psoecanarias.com\/web\/wp-json\/wp\/v2\/categories?post=17598"},{"taxonomy":"post_tag","embeddable":true,"href":"https:\/\/psoecanarias.com\/web\/wp-json\/wp\/v2\/tags?post=17598"}],"curies":[{"name":"wp","href":"https:\/\/api.w.org\/{rel}","templated":true}]}}