{"id":17630,"date":"2021-04-28T21:09:54","date_gmt":"2021-04-28T20:09:54","guid":{"rendered":"http:\/\/psoecanarias.com\/web\/?p=17630"},"modified":"2021-11-22T22:05:44","modified_gmt":"2021-11-22T22:05:44","slug":"torres-y-su-ejecutiva-reciben-el-respaldo-del-comite-regional-socialista","status":"publish","type":"post","link":"https:\/\/psoecanarias.com\/web\/torres-y-su-ejecutiva-reciben-el-respaldo-del-comite-regional-socialista\/","title":{"rendered":"Torres y su Ejecutiva reciben el respaldo del Comit\u00e9 Regional"},"content":{"rendered":"<p><b>Canarias, 28 de abril de 2021.<\/b>&#8211; El secretario general socialista y presidente del Gobierno de Canarias,<b>\u00a0\u00c1ngel V\u00edctor Torres<\/b>, ha reconocido el enorme esfuerzo realizado por todos los representantes socialistas presentes en las administraciones p\u00fablicas canarias, que han trabajado hasta la extenuaci\u00f3n para dar\u00a0\u00a0los una respuesta r\u00e1pida ante la crisis generada por la COVID-19. \u201cLa ciudadan\u00eda est\u00e1 reconociendo el esfuerzo de todos los socialistas para combatir esta pandemia y dar una respuesta social acorde a las necesidades de todos los canarios y canarias. Estamos haciendo historia\u201d.<\/p>\n<p>Torres ha realizado estas declaraciones durante la celebraci\u00f3n del Comit\u00e9 Regional ordinario de los socialistas canarios, celebrado este mi\u00e9rcoles de forma semipresencial en el Hotel Escuela de Santa Cruz de Tenerife, donde realiz\u00f3 un balance de la situaci\u00f3n vivida en el \u00faltimo a\u00f1o y medio y obtuvo el respaldo casi un\u00e1nime del m\u00e1ximo \u00f3rgano entre congresos de la organizaci\u00f3n.<\/p>\n<blockquote class=\"twitter-tweet\">\n<p dir=\"ltr\" lang=\"es\">Esta crisis ha tenido una respuesta distinta porque gobernamos nosotros, los progresistas \u270a<\/p>\n<p>\ud83d\udc49 No tengamos complejo por decirlo.<\/p>\n<p>\ud83c\udf39 <a href=\"https:\/\/twitter.com\/avtorresp?ref_src=twsrc%5Etfw\">@avtorresp<\/a><\/p>\n<p><a href=\"https:\/\/twitter.com\/hashtag\/LaCanariasqueHacemos?src=hash&amp;ref_src=twsrc%5Etfw\">#LaCanariasqueHacemos<\/a> <a href=\"https:\/\/t.co\/8Hmn99xxNc\">pic.twitter.com\/8Hmn99xxNc<\/a><\/p>\n<p>\u2014 PSOE Canarias (@PSOECanarias) <a href=\"https:\/\/twitter.com\/PSOECanarias\/status\/1387481284541308932?ref_src=twsrc%5Etfw\">April 28, 2021<\/a><\/p><\/blockquote>\n<p><script async src=\"https:\/\/platform.twitter.com\/widgets.js\" charset=\"utf-8\"><\/script><\/p>\n<p>Tal y como ha confirmado, su Ejecutivo ha alcanzado logros de gran calado durante su mandato, un hecho que atribuye a la lealtad de los representantes socialistas en el Archipi\u00e9lago hacia el Estado. \u201cLa lealtad ha demostrado ser una f\u00f3rmula m\u00e1s apropiada, que ha servido para obtener mejores resultados que en pasadas legislaturas\u201d, ha dicho.<\/p>\n<p>El secretario general de los socialistas canarios ha destacado la unidad de acci\u00f3n que ha habido en Canarias en asuntos trascendentales, tomando decisiones conjuntas con todos los agentes sociales, pol\u00edticos y econ\u00f3micos del Archipi\u00e9lago; a la vez que reconoci\u00f3 la lealtad y apoyo del Gobierno central con las Islas.<\/p>\n<blockquote class=\"twitter-tweet\">\n<p dir=\"ltr\" lang=\"es\">Estoy muy orgulloso de mis compa\u00f1eros en el Gobierno de <a href=\"https:\/\/twitter.com\/hashtag\/Canarias?src=hash&amp;ref_src=twsrc%5Etfw\">#Canarias<\/a>, y tambi\u00e9n del <a href=\"https:\/\/twitter.com\/GPSocialista?ref_src=twsrc%5Etfw\">@GPSocialista<\/a>. Y junto a ellos nuestros representantes en los cabildos y ayuntamientos.<\/p>\n<p>\ud83d\udc49 La ciudadan\u00eda est\u00e1 reconociendo nuestro esfuerzo.<\/p>\n<p>\ud83c\udf39 <a href=\"https:\/\/twitter.com\/avtorresp?ref_src=twsrc%5Etfw\">@avtorresp<\/a> <a href=\"https:\/\/twitter.com\/hashtag\/LaCanariasqueHacemos?src=hash&amp;ref_src=twsrc%5Etfw\">#LaCanariasqueHacemos<\/a> <a href=\"https:\/\/t.co\/j4tJMjBCUC\">pic.twitter.com\/j4tJMjBCUC<\/a><\/p>\n<p>\u2014 PSOE Canarias (@PSOECanarias) <a href=\"https:\/\/twitter.com\/PSOECanarias\/status\/1387481893940105224?ref_src=twsrc%5Etfw\">April 28, 2021<\/a><\/p><\/blockquote>\n<p><script async src=\"https:\/\/platform.twitter.com\/widgets.js\" charset=\"utf-8\"><\/script><\/p>\n<p>\u201cLlev\u00e1bamos m\u00e1s de 26 a\u00f1os escuchando que Madrid martirizaba a Canarias, que no le dejaba usar el super\u00e1vit y este Ejecutivo, en menos de un a\u00f1o, consigui\u00f3, mucho antes de que la Uni\u00f3n Europea actualizara las normas fiscales, el uso del super\u00e1vit; as\u00ed como la disposici\u00f3n adicional de los ERTE; la pr\u00f3rroga de la reserva de inversiones;\u00a0\u00a0ayudas directas; la asignaci\u00f3n m\u00e1s alta de la historia en los Presupuestos Generales del Estado\u2026 En definitiva, una serie de logros que permitir\u00e1n que las Islas reciban m\u00e1s fondos que cualquier otra comunidad aut\u00f3noma\u201d, ha apuntado.<\/p>\n<p>En este sentido, \u00c1ngel V\u00edctor Torres reconoci\u00f3 el trabajo de todos los compa\u00f1eros socialistas en el Gobierno de Canarias, as\u00ed como en el Grupo Parlamentario Socialista y de todos los representantes p\u00fablicos, \u201cya que hemos demostrado que la unidad de acci\u00f3n es un manifiesto de gesti\u00f3n pol\u00edtica. Es escuchar a todos los que est\u00e1n con nosotros y a los que necesitamos que est\u00e9n al lado nuestro. Es colocar en la misma mesa a quienes son gobierno y oposici\u00f3n\u201d. Ha a\u00f1adido que \u201ccuando hay una guerra no existe oposici\u00f3n, porque el enemigo es otro externo, y la prioridad es salvar vidas\u201d, en referencia a la situaci\u00f3n provocada por la pandemia.<\/p>\n<blockquote class=\"twitter-tweet\">\n<p dir=\"ltr\" lang=\"es\">Dec\u00edan que no durar\u00edamos un invierno y llevamos dos primaveras, y nos quedan algunas m\u00e1s.<\/p>\n<p>Estamos haciendo historia \u270a\ud83d\udcaa<a href=\"https:\/\/twitter.com\/hashtag\/Canarias?src=hash&amp;ref_src=twsrc%5Etfw\">#Canarias<\/a> ser\u00e1 otra con la gesti\u00f3n de los fondos que van a llegar.<\/p>\n<p>\ud83c\udf39 <a href=\"https:\/\/twitter.com\/avtorresp?ref_src=twsrc%5Etfw\">@avtorresp<\/a> <a href=\"https:\/\/twitter.com\/hashtag\/LaCanariasqueHacemos?src=hash&amp;ref_src=twsrc%5Etfw\">#LaCanariasqueHacemos<\/a> <a href=\"https:\/\/t.co\/kncSNrSPxE\">pic.twitter.com\/kncSNrSPxE<\/a><\/p>\n<p>\u2014 PSOE Canarias (@PSOECanarias) <a href=\"https:\/\/twitter.com\/PSOECanarias\/status\/1387482852627996682?ref_src=twsrc%5Etfw\">April 28, 2021<\/a><\/p><\/blockquote>\n<p><script async src=\"https:\/\/platform.twitter.com\/widgets.js\" charset=\"utf-8\"><\/script><\/p>\n<p>Por otro lado, el tambi\u00e9n presidente de Canarias ha hecho referencia a la salud del pacto de gobierno en el Ejecutivo canario, \u201cdec\u00edan que no durar\u00edamos un invierno y llevamos dos primaveras, y a\u00fan nos quedan algunas m\u00e1s\u201d. Torres ha destacado que el actual Ejecutivo est\u00e1 trabajando firmemente para cambiar la situaci\u00f3n estructural del Archipi\u00e9lago durante m\u00e1s de dos d\u00e9cadas, donde las cifras de paro no bajaban del 20%, \u201crechazando de plano el victimismo como arma pol\u00edtica\u201d, y avanzando hacia una Canarias m\u00e1s\u00a0\u00a0igualitaria.<\/p>\n<p>\u201cTrabajar desde los gobiernos significa proteger a los m\u00e1s d\u00e9biles, a la clase trabajadora, a los que sufren, activando mecanismo como los ERTE, el Ingreso Canario de Emergencia, el Ingreso M\u00ednimo Vital o activando incentivos para las pensiones no contributivas, entre otros. Esta crisis ha tenido una respuesta distinta porque gobernamos nosotros, los progresistas\u201d, ha enfatizado.<\/p>\n<p>Por \u00faltimo, \u00c1ngel V\u00edctor Torres ha animado a toda la militancia a seguir confiando en el proyecto socialista, \u201ccaminando juntos, como lo hemos hecho siempre, con la cr\u00edtica interna y el apoyo externo, haci\u00e9ndonos m\u00e1s fuertes, como el partido hist\u00f3rico que somos\u201d.<\/p>\n<div class=\"fb-post\" data-href=\"https:\/\/www.facebook.com\/PSOECanarias\/photos\/a.4282737025103928\/4282738988437065\/\" data-width=\"500\" data-show-text=\"true\">\n<blockquote class=\"fb-xfbml-parse-ignore\" cite=\"https:\/\/www.facebook.com\/PSOECanarias\/photos\/a.4282737025103928\/4282738988437065\/?type=3\"><p>\ud83d\udcf8 #Galer\u00edaDeFotos | Reuni\u00f3n del Comit\u00e9 Regional de PSOE Canarias, celebrada este mi\u00e9rcoles de forma semipresencia desde Tenerife con la participaci\u00f3n del SG y presidente de Canarias, \u00c1ngel V\u00edctor Torres<\/p>\n<p>Publicado por <a href=\"https:\/\/www.facebook.com\/PSOECanarias\/\">PSOE Canarias<\/a> en\u00a0<a href=\"https:\/\/www.facebook.com\/PSOECanarias\/photos\/a.4282737025103928\/4282738988437065\/?type=3\">Mi\u00e9rcoles, 28 de abril de 2021<\/a><\/p><\/blockquote>\n<\/div>\n","protected":false},"excerpt":{"rendered":"<p>El m\u00e1ximo \u00f3rgano entre congresos aprueba casi por unanimidad la gesti\u00f3n del SG y su equipo<\/p>\n","protected":false},"author":1,"featured_media":17631,"comment_status":"open","ping_status":"open","sticky":false,"template":"","format":"standard","meta":{"footnotes":""},"categories":[1184,7],"tags":[892,26,1201,1200],"class_list":["post-17630","post","type-post","status-publish","format-standard","has-post-thumbnail","hentry","category-noticias","category-politica","tag-angel-victor-torres","tag-comite-regional","tag-jorge-gonzalez","tag-nira-fierro"],"featured_image_src":"https:\/\/psoecanarias.com\/web\/wp-content\/uploads\/2021\/04\/210428_comite_regional_PSOE_H_escuela_tc__-03.jpg","author_info":{"display_name":"PSOE Canarias","author_link":"https:\/\/psoecanarias.com\/web\/author\/admin\/"},"yoast_head":"<!-- This site is optimized with the Yoast SEO plugin v27.2 - https:\/\/yoast.com\/product\/yoast-seo-wordpress\/ -->\n<title>Torres y su Ejecutiva reciben el respaldo del Comit\u00e9 Regional | PSOE Canarias<\/title>\n<meta name=\"robots\" content=\"index, follow, max-snippet:-1, max-image-preview:large, max-video-preview:-1\" \/>\n<link rel=\"canonical\" href=\"https:\/\/psoecanarias.com\/web\/torres-y-su-ejecutiva-reciben-el-respaldo-del-comite-regional-socialista\/\" \/>\n<meta property=\"og:locale\" content=\"es_ES\" \/>\n<meta property=\"og:type\" content=\"article\" \/>\n<meta property=\"og:title\" content=\"Torres y su Ejecutiva reciben el respaldo del Comit\u00e9 Regional | PSOE Canarias\" \/>\n<meta property=\"og:description\" content=\"El m\u00e1ximo \u00f3rgano entre congresos aprueba casi por unanimidad la gesti\u00f3n del SG y su equipo\" \/>\n<meta property=\"og:url\" content=\"https:\/\/psoecanarias.com\/web\/torres-y-su-ejecutiva-reciben-el-respaldo-del-comite-regional-socialista\/\" \/>\n<meta property=\"og:site_name\" content=\"PSOE Canarias\" \/>\n<meta property=\"article:published_time\" content=\"2021-04-28T20:09:54+00:00\" \/>\n<meta property=\"article:modified_time\" content=\"2021-11-22T22:05:44+00:00\" \/>\n<meta property=\"og:image\" content=\"https:\/\/psoecanarias.com\/web\/wp-content\/uploads\/2021\/04\/210428_comite_regional_PSOE_H_escuela_tc__-03-1024x743.jpg\" \/>\n\t<meta property=\"og:image:width\" content=\"1024\" \/>\n\t<meta property=\"og:image:height\" content=\"743\" \/>\n\t<meta property=\"og:image:type\" content=\"image\/jpeg\" \/>\n<meta name=\"author\" content=\"PSOE Canarias\" \/>\n<meta name=\"twitter:card\" content=\"summary_large_image\" \/>\n<script type=\"application\/ld+json\" class=\"yoast-schema-graph\">{\"@context\":\"https:\/\/schema.org\",\"@graph\":[{\"@type\":\"Article\",\"@id\":\"https:\/\/psoecanarias.com\/web\/torres-y-su-ejecutiva-reciben-el-respaldo-del-comite-regional-socialista\/#article\",\"isPartOf\":{\"@id\":\"https:\/\/psoecanarias.com\/web\/torres-y-su-ejecutiva-reciben-el-respaldo-del-comite-regional-socialista\/\"},\"author\":{\"name\":\"PSOE Canarias\",\"@id\":\"https:\/\/psoecanarias.com\/web\/#\/schema\/person\/1ae43f9659d2fc599ca69c11e1dbf26f\"},\"headline\":\"Torres y su Ejecutiva reciben el respaldo del Comit\u00e9 Regional\",\"datePublished\":\"2021-04-28T20:09:54+00:00\",\"dateModified\":\"2021-11-22T22:05:44+00:00\",\"mainEntityOfPage\":{\"@id\":\"https:\/\/psoecanarias.com\/web\/torres-y-su-ejecutiva-reciben-el-respaldo-del-comite-regional-socialista\/\"},\"wordCount\":867,\"commentCount\":0,\"image\":{\"@id\":\"https:\/\/psoecanarias.com\/web\/torres-y-su-ejecutiva-reciben-el-respaldo-del-comite-regional-socialista\/#primaryimage\"},\"thumbnailUrl\":\"https:\/\/psoecanarias.com\/web\/wp-content\/uploads\/2021\/04\/210428_comite_regional_PSOE_H_escuela_tc__-03.jpg\",\"keywords\":[\"\u00c1ngel V\u00edctor Torres\",\"Comit\u00e9 Regional\",\"Jorge Gonz\u00e1lez\",\"Nira Fierro\"],\"articleSection\":[\"Noticias\",\"Pol\u00edtica\"],\"inLanguage\":\"es\",\"potentialAction\":[{\"@type\":\"CommentAction\",\"name\":\"Comment\",\"target\":[\"https:\/\/psoecanarias.com\/web\/torres-y-su-ejecutiva-reciben-el-respaldo-del-comite-regional-socialista\/#respond\"]}]},{\"@type\":\"WebPage\",\"@id\":\"https:\/\/psoecanarias.com\/web\/torres-y-su-ejecutiva-reciben-el-respaldo-del-comite-regional-socialista\/\",\"url\":\"https:\/\/psoecanarias.com\/web\/torres-y-su-ejecutiva-reciben-el-respaldo-del-comite-regional-socialista\/\",\"name\":\"Torres y su Ejecutiva reciben el respaldo del Comit\u00e9 Regional | PSOE Canarias\",\"isPartOf\":{\"@id\":\"https:\/\/psoecanarias.com\/web\/#website\"},\"primaryImageOfPage\":{\"@id\":\"https:\/\/psoecanarias.com\/web\/torres-y-su-ejecutiva-reciben-el-respaldo-del-comite-regional-socialista\/#primaryimage\"},\"image\":{\"@id\":\"https:\/\/psoecanarias.com\/web\/torres-y-su-ejecutiva-reciben-el-respaldo-del-comite-regional-socialista\/#primaryimage\"},\"thumbnailUrl\":\"https:\/\/psoecanarias.com\/web\/wp-content\/uploads\/2021\/04\/210428_comite_regional_PSOE_H_escuela_tc__-03.jpg\",\"datePublished\":\"2021-04-28T20:09:54+00:00\",\"dateModified\":\"2021-11-22T22:05:44+00:00\",\"author\":{\"@id\":\"https:\/\/psoecanarias.com\/web\/#\/schema\/person\/1ae43f9659d2fc599ca69c11e1dbf26f\"},\"breadcrumb\":{\"@id\":\"https:\/\/psoecanarias.com\/web\/torres-y-su-ejecutiva-reciben-el-respaldo-del-comite-regional-socialista\/#breadcrumb\"},\"inLanguage\":\"es\",\"potentialAction\":[{\"@type\":\"ReadAction\",\"target\":[\"https:\/\/psoecanarias.com\/web\/torres-y-su-ejecutiva-reciben-el-respaldo-del-comite-regional-socialista\/\"]}]},{\"@type\":\"ImageObject\",\"inLanguage\":\"es\",\"@id\":\"https:\/\/psoecanarias.com\/web\/torres-y-su-ejecutiva-reciben-el-respaldo-del-comite-regional-socialista\/#primaryimage\",\"url\":\"https:\/\/psoecanarias.com\/web\/wp-content\/uploads\/2021\/04\/210428_comite_regional_PSOE_H_escuela_tc__-03.jpg\",\"contentUrl\":\"https:\/\/psoecanarias.com\/web\/wp-content\/uploads\/2021\/04\/210428_comite_regional_PSOE_H_escuela_tc__-03.jpg\",\"width\":1700,\"height\":1233,\"caption\":\"Torres, entre Nira Fierro y Jorge Gonz\u00e1lez, momentos antes de iniciar el Comit\u00e9 Regional celebrado este mi\u00e9rcoles.\"},{\"@type\":\"BreadcrumbList\",\"@id\":\"https:\/\/psoecanarias.com\/web\/torres-y-su-ejecutiva-reciben-el-respaldo-del-comite-regional-socialista\/#breadcrumb\",\"itemListElement\":[{\"@type\":\"ListItem\",\"position\":1,\"name\":\"Portada\",\"item\":\"https:\/\/psoecanarias.com\/web\/\"},{\"@type\":\"ListItem\",\"position\":2,\"name\":\"Torres y su Ejecutiva reciben el respaldo del Comit\u00e9 Regional\"}]},{\"@type\":\"WebSite\",\"@id\":\"https:\/\/psoecanarias.com\/web\/#website\",\"url\":\"https:\/\/psoecanarias.com\/web\/\",\"name\":\"PSOE Canarias\",\"description\":\"Partido Socialista Obrero Espa\u00f1ol Canarias\",\"potentialAction\":[{\"@type\":\"SearchAction\",\"target\":{\"@type\":\"EntryPoint\",\"urlTemplate\":\"https:\/\/psoecanarias.com\/web\/?s={search_term_string}\"},\"query-input\":{\"@type\":\"PropertyValueSpecification\",\"valueRequired\":true,\"valueName\":\"search_term_string\"}}],\"inLanguage\":\"es\"},{\"@type\":\"Person\",\"@id\":\"https:\/\/psoecanarias.com\/web\/#\/schema\/person\/1ae43f9659d2fc599ca69c11e1dbf26f\",\"name\":\"PSOE Canarias\",\"image\":{\"@type\":\"ImageObject\",\"inLanguage\":\"es\",\"@id\":\"https:\/\/secure.gravatar.com\/avatar\/4364d37f6f6f9cdb7af199b46151565f37d8a8c3c0e04c1d78c04e857a15e3a8?s=96&d=mm&r=g\",\"url\":\"https:\/\/secure.gravatar.com\/avatar\/4364d37f6f6f9cdb7af199b46151565f37d8a8c3c0e04c1d78c04e857a15e3a8?s=96&d=mm&r=g\",\"contentUrl\":\"https:\/\/secure.gravatar.com\/avatar\/4364d37f6f6f9cdb7af199b46151565f37d8a8c3c0e04c1d78c04e857a15e3a8?s=96&d=mm&r=g\",\"caption\":\"PSOE Canarias\"},\"url\":\"https:\/\/psoecanarias.com\/web\/author\/admin\/\"}]}<\/script>\n<!-- \/ Yoast SEO plugin. -->","yoast_head_json":{"title":"Torres y su Ejecutiva reciben el respaldo del Comit\u00e9 Regional | PSOE Canarias","robots":{"index":"index","follow":"follow","max-snippet":"max-snippet:-1","max-image-preview":"max-image-preview:large","max-video-preview":"max-video-preview:-1"},"canonical":"https:\/\/psoecanarias.com\/web\/torres-y-su-ejecutiva-reciben-el-respaldo-del-comite-regional-socialista\/","og_locale":"es_ES","og_type":"article","og_title":"Torres y su Ejecutiva reciben el respaldo del Comit\u00e9 Regional | PSOE Canarias","og_description":"El m\u00e1ximo \u00f3rgano entre congresos aprueba casi por unanimidad la gesti\u00f3n del SG y su equipo","og_url":"https:\/\/psoecanarias.com\/web\/torres-y-su-ejecutiva-reciben-el-respaldo-del-comite-regional-socialista\/","og_site_name":"PSOE Canarias","article_published_time":"2021-04-28T20:09:54+00:00","article_modified_time":"2021-11-22T22:05:44+00:00","og_image":[{"width":1024,"height":743,"url":"https:\/\/psoecanarias.com\/web\/wp-content\/uploads\/2021\/04\/210428_comite_regional_PSOE_H_escuela_tc__-03-1024x743.jpg","type":"image\/jpeg"}],"author":"PSOE Canarias","twitter_card":"summary_large_image","schema":{"@context":"https:\/\/schema.org","@graph":[{"@type":"Article","@id":"https:\/\/psoecanarias.com\/web\/torres-y-su-ejecutiva-reciben-el-respaldo-del-comite-regional-socialista\/#article","isPartOf":{"@id":"https:\/\/psoecanarias.com\/web\/torres-y-su-ejecutiva-reciben-el-respaldo-del-comite-regional-socialista\/"},"author":{"name":"PSOE Canarias","@id":"https:\/\/psoecanarias.com\/web\/#\/schema\/person\/1ae43f9659d2fc599ca69c11e1dbf26f"},"headline":"Torres y su Ejecutiva reciben el respaldo del Comit\u00e9 Regional","datePublished":"2021-04-28T20:09:54+00:00","dateModified":"2021-11-22T22:05:44+00:00","mainEntityOfPage":{"@id":"https:\/\/psoecanarias.com\/web\/torres-y-su-ejecutiva-reciben-el-respaldo-del-comite-regional-socialista\/"},"wordCount":867,"commentCount":0,"image":{"@id":"https:\/\/psoecanarias.com\/web\/torres-y-su-ejecutiva-reciben-el-respaldo-del-comite-regional-socialista\/#primaryimage"},"thumbnailUrl":"https:\/\/psoecanarias.com\/web\/wp-content\/uploads\/2021\/04\/210428_comite_regional_PSOE_H_escuela_tc__-03.jpg","keywords":["\u00c1ngel V\u00edctor Torres","Comit\u00e9 Regional","Jorge Gonz\u00e1lez","Nira Fierro"],"articleSection":["Noticias","Pol\u00edtica"],"inLanguage":"es","potentialAction":[{"@type":"CommentAction","name":"Comment","target":["https:\/\/psoecanarias.com\/web\/torres-y-su-ejecutiva-reciben-el-respaldo-del-comite-regional-socialista\/#respond"]}]},{"@type":"WebPage","@id":"https:\/\/psoecanarias.com\/web\/torres-y-su-ejecutiva-reciben-el-respaldo-del-comite-regional-socialista\/","url":"https:\/\/psoecanarias.com\/web\/torres-y-su-ejecutiva-reciben-el-respaldo-del-comite-regional-socialista\/","name":"Torres y su Ejecutiva reciben el respaldo del Comit\u00e9 Regional | PSOE Canarias","isPartOf":{"@id":"https:\/\/psoecanarias.com\/web\/#website"},"primaryImageOfPage":{"@id":"https:\/\/psoecanarias.com\/web\/torres-y-su-ejecutiva-reciben-el-respaldo-del-comite-regional-socialista\/#primaryimage"},"image":{"@id":"https:\/\/psoecanarias.com\/web\/torres-y-su-ejecutiva-reciben-el-respaldo-del-comite-regional-socialista\/#primaryimage"},"thumbnailUrl":"https:\/\/psoecanarias.com\/web\/wp-content\/uploads\/2021\/04\/210428_comite_regional_PSOE_H_escuela_tc__-03.jpg","datePublished":"2021-04-28T20:09:54+00:00","dateModified":"2021-11-22T22:05:44+00:00","author":{"@id":"https:\/\/psoecanarias.com\/web\/#\/schema\/person\/1ae43f9659d2fc599ca69c11e1dbf26f"},"breadcrumb":{"@id":"https:\/\/psoecanarias.com\/web\/torres-y-su-ejecutiva-reciben-el-respaldo-del-comite-regional-socialista\/#breadcrumb"},"inLanguage":"es","potentialAction":[{"@type":"ReadAction","target":["https:\/\/psoecanarias.com\/web\/torres-y-su-ejecutiva-reciben-el-respaldo-del-comite-regional-socialista\/"]}]},{"@type":"ImageObject","inLanguage":"es","@id":"https:\/\/psoecanarias.com\/web\/torres-y-su-ejecutiva-reciben-el-respaldo-del-comite-regional-socialista\/#primaryimage","url":"https:\/\/psoecanarias.com\/web\/wp-content\/uploads\/2021\/04\/210428_comite_regional_PSOE_H_escuela_tc__-03.jpg","contentUrl":"https:\/\/psoecanarias.com\/web\/wp-content\/uploads\/2021\/04\/210428_comite_regional_PSOE_H_escuela_tc__-03.jpg","width":1700,"height":1233,"caption":"Torres, entre Nira Fierro y Jorge Gonz\u00e1lez, momentos antes de iniciar el Comit\u00e9 Regional celebrado este mi\u00e9rcoles."},{"@type":"BreadcrumbList","@id":"https:\/\/psoecanarias.com\/web\/torres-y-su-ejecutiva-reciben-el-respaldo-del-comite-regional-socialista\/#breadcrumb","itemListElement":[{"@type":"ListItem","position":1,"name":"Portada","item":"https:\/\/psoecanarias.com\/web\/"},{"@type":"ListItem","position":2,"name":"Torres y su Ejecutiva reciben el respaldo del Comit\u00e9 Regional"}]},{"@type":"WebSite","@id":"https:\/\/psoecanarias.com\/web\/#website","url":"https:\/\/psoecanarias.com\/web\/","name":"PSOE Canarias","description":"Partido Socialista Obrero Espa\u00f1ol Canarias","potentialAction":[{"@type":"SearchAction","target":{"@type":"EntryPoint","urlTemplate":"https:\/\/psoecanarias.com\/web\/?s={search_term_string}"},"query-input":{"@type":"PropertyValueSpecification","valueRequired":true,"valueName":"search_term_string"}}],"inLanguage":"es"},{"@type":"Person","@id":"https:\/\/psoecanarias.com\/web\/#\/schema\/person\/1ae43f9659d2fc599ca69c11e1dbf26f","name":"PSOE Canarias","image":{"@type":"ImageObject","inLanguage":"es","@id":"https:\/\/secure.gravatar.com\/avatar\/4364d37f6f6f9cdb7af199b46151565f37d8a8c3c0e04c1d78c04e857a15e3a8?s=96&d=mm&r=g","url":"https:\/\/secure.gravatar.com\/avatar\/4364d37f6f6f9cdb7af199b46151565f37d8a8c3c0e04c1d78c04e857a15e3a8?s=96&d=mm&r=g","contentUrl":"https:\/\/secure.gravatar.com\/avatar\/4364d37f6f6f9cdb7af199b46151565f37d8a8c3c0e04c1d78c04e857a15e3a8?s=96&d=mm&r=g","caption":"PSOE Canarias"},"url":"https:\/\/psoecanarias.com\/web\/author\/admin\/"}]}},"_links":{"self":[{"href":"https:\/\/psoecanarias.com\/web\/wp-json\/wp\/v2\/posts\/17630","targetHints":{"allow":["GET"]}}],"collection":[{"href":"https:\/\/psoecanarias.com\/web\/wp-json\/wp\/v2\/posts"}],"about":[{"href":"https:\/\/psoecanarias.com\/web\/wp-json\/wp\/v2\/types\/post"}],"author":[{"embeddable":true,"href":"https:\/\/psoecanarias.com\/web\/wp-json\/wp\/v2\/users\/1"}],"replies":[{"embeddable":true,"href":"https:\/\/psoecanarias.com\/web\/wp-json\/wp\/v2\/comments?post=17630"}],"version-history":[{"count":11,"href":"https:\/\/psoecanarias.com\/web\/wp-json\/wp\/v2\/posts\/17630\/revisions"}],"predecessor-version":[{"id":19124,"href":"https:\/\/psoecanarias.com\/web\/wp-json\/wp\/v2\/posts\/17630\/revisions\/19124"}],"wp:featuredmedia":[{"embeddable":true,"href":"https:\/\/psoecanarias.com\/web\/wp-json\/wp\/v2\/media\/17631"}],"wp:attachment":[{"href":"https:\/\/psoecanarias.com\/web\/wp-json\/wp\/v2\/media?parent=17630"}],"wp:term":[{"taxonomy":"category","embeddable":true,"href":"https:\/\/psoecanarias.com\/web\/wp-json\/wp\/v2\/categories?post=17630"},{"taxonomy":"post_tag","embeddable":true,"href":"https:\/\/psoecanarias.com\/web\/wp-json\/wp\/v2\/tags?post=17630"}],"curies":[{"name":"wp","href":"https:\/\/api.w.org\/{rel}","templated":true}]}}