{"id":17703,"date":"2021-05-04T16:02:34","date_gmt":"2021-05-04T15:02:34","guid":{"rendered":"http:\/\/psoecanarias.com\/web\/?p=17703"},"modified":"2021-05-04T16:11:44","modified_gmt":"2021-05-04T15:11:44","slug":"el-psoe-defiende-que-las-ayudas-directas-lleguen-a-quienes-mas-han-sufrido-la-crisis-en-canarias","status":"publish","type":"post","link":"https:\/\/psoecanarias.com\/web\/el-psoe-defiende-que-las-ayudas-directas-lleguen-a-quienes-mas-han-sufrido-la-crisis-en-canarias\/","title":{"rendered":"El PSOE defiende que las ayudas directas lleguen a quienes m\u00e1s han sufrido la crisis en Canarias"},"content":{"rendered":"<p><strong>Canarias, 4 de mayo de 2021.&#8211;<\/strong> El secretario de Organizaci\u00f3n y diputado socialista Jorge Gonz\u00e1lez ha expresado el apoyo de su partido a la propuesta del Gobierno de Canarias de que las ayudas directas procedentes del fondo estatal lleguen a quienes m\u00e1s han sufrido la crisis en el Archipi\u00e9lago sin dejar ninguna isla atr\u00e1s, y ha pedido a Coalici\u00f3n Canaria que sea coherente y que se aclare con sus planteamientos.<\/p>\n<p>Gonz\u00e1lez ha se\u00f1alado que la propuesta del PSOE respecto a los 1.144 millones de euros de ayudas estatales es la misma que la del Ejecutivo aut\u00f3nomo, y es que estos importantes recursos vayan dirigidos \u201ca los lugares que m\u00e1s da\u00f1o econ\u00f3mico han sufrido en la crisis, sean el lugar que sean y sin dejar a ning\u00fan territorio ni isla atr\u00e1s\u201d.<\/p>\n<p>Por el contrario, ha lamentado la incoherencia y el sinsentido de Coalici\u00f3n Canaria, solicitando primero en el Parlamento que se priorice a las islas m\u00e1s afectadas por la crisis y exigiendo luego que el reparto sea en base a un criterio territorial.<\/p>\n<p>\u201cOyendo al se\u00f1or Fernando Clavijo y al se\u00f1or Mario Cabrera uno queda estupefacto: piden cosas contrarias. Que se pongan de acuerdo. Lo peor para un partido que quiere gobernar es ser incoherente\u201d.<\/p>\n<p>Jorge Gonz\u00e1lez recuerda que las ayudas van a llegar a todos los sectores, y que Canarias, adem\u00e1s, tiene libertad para modificar el tope de 200.000 euros por empresa.<\/p>\n<p>Asimismo, ha calificado de rid\u00edculo el postureo de Coalici\u00f3n Canaria, comparando el FDCAN, dotado con 1.600 millones para una d\u00e9cada y que en modo alguno ha servido para transformar la econom\u00eda de Canarias., con las ayudas a pymes puestas en marcha por el Gobierno de Canarias y el de Espa\u00f1a, que suman m\u00e1s de 1.300 millones de euros en menos de un a\u00f1o.<\/p>\n<p>Gonz\u00e1lez ha aprovechado para agradecer al Gobierno de Espa\u00f1a que haya atendido la petici\u00f3n de Canarias para que m\u00e1s empresas puedan acogerse a esta l\u00ednea de ayudas, adapt\u00e1ndose as\u00ed \u201ca las circunstancias del Archipi\u00e9lago\u201d.<\/p>\n<p>\u201cEl Gobierno de Espa\u00f1a atiende a Canarias y a nuestras peticiones. Ahora de lo que se trata es que seamos capaces de gastar esos recursos. Son fondos que hay que hacer llegar a las empresas por su urgencia de forma inmediata y entre todos debemos trabajar para que sea posible gastarlos antes de que acabe el ejercicio actual\u201d, ha manifestado Jorge Gonz\u00e1lez.<\/p>\n","protected":false},"excerpt":{"rendered":"<p>&#8220;Oyendo a Clavijo y Cabrera uno queda estupefacto: quieren cosas contrarias. Que se pongan de acuerdo\u201d, dice Jorge Gonz\u00e1lez <\/p>\n","protected":false},"author":1,"featured_media":17704,"comment_status":"open","ping_status":"open","sticky":false,"template":"","format":"standard","meta":{"footnotes":""},"categories":[1185,1184],"tags":[1201],"class_list":["post-17703","post","type-post","status-publish","format-standard","has-post-thumbnail","hentry","category-grupo-parlamentario","category-noticias","tag-jorge-gonzalez"],"featured_image_src":"https:\/\/psoecanarias.com\/web\/wp-content\/uploads\/2021\/05\/Jorge-Glez-01.jpg","author_info":{"display_name":"PSOE Canarias","author_link":"https:\/\/psoecanarias.com\/web\/author\/admin\/"},"yoast_head":"<!-- This site is optimized with the Yoast SEO plugin v27.2 - https:\/\/yoast.com\/product\/yoast-seo-wordpress\/ -->\n<title>El PSOE defiende que las ayudas directas lleguen a quienes m\u00e1s han sufrido la crisis en Canarias | PSOE Canarias<\/title>\n<meta name=\"robots\" content=\"index, follow, max-snippet:-1, max-image-preview:large, max-video-preview:-1\" \/>\n<link rel=\"canonical\" href=\"https:\/\/psoecanarias.com\/web\/el-psoe-defiende-que-las-ayudas-directas-lleguen-a-quienes-mas-han-sufrido-la-crisis-en-canarias\/\" \/>\n<meta property=\"og:locale\" content=\"es_ES\" \/>\n<meta property=\"og:type\" content=\"article\" \/>\n<meta property=\"og:title\" content=\"El PSOE defiende que las ayudas directas lleguen a quienes m\u00e1s han sufrido la crisis en Canarias | PSOE Canarias\" \/>\n<meta property=\"og:description\" content=\"&quot;Oyendo a Clavijo y Cabrera uno queda estupefacto: quieren cosas contrarias. Que se pongan de acuerdo\u201d, dice Jorge Gonz\u00e1lez\" \/>\n<meta property=\"og:url\" content=\"https:\/\/psoecanarias.com\/web\/el-psoe-defiende-que-las-ayudas-directas-lleguen-a-quienes-mas-han-sufrido-la-crisis-en-canarias\/\" \/>\n<meta property=\"og:site_name\" content=\"PSOE Canarias\" \/>\n<meta property=\"article:published_time\" content=\"2021-05-04T15:02:34+00:00\" \/>\n<meta property=\"article:modified_time\" content=\"2021-05-04T15:11:44+00:00\" \/>\n<meta property=\"og:image\" content=\"https:\/\/psoecanarias.com\/web\/wp-content\/uploads\/2021\/05\/Jorge-Glez-01.jpg\" \/>\n\t<meta property=\"og:image:width\" content=\"1024\" \/>\n\t<meta property=\"og:image:height\" content=\"639\" \/>\n\t<meta property=\"og:image:type\" content=\"image\/jpeg\" \/>\n<meta name=\"author\" content=\"PSOE Canarias\" \/>\n<meta name=\"twitter:card\" content=\"summary_large_image\" \/>\n<script type=\"application\/ld+json\" class=\"yoast-schema-graph\">{\"@context\":\"https:\/\/schema.org\",\"@graph\":[{\"@type\":\"Article\",\"@id\":\"https:\/\/psoecanarias.com\/web\/el-psoe-defiende-que-las-ayudas-directas-lleguen-a-quienes-mas-han-sufrido-la-crisis-en-canarias\/#article\",\"isPartOf\":{\"@id\":\"https:\/\/psoecanarias.com\/web\/el-psoe-defiende-que-las-ayudas-directas-lleguen-a-quienes-mas-han-sufrido-la-crisis-en-canarias\/\"},\"author\":{\"name\":\"PSOE Canarias\",\"@id\":\"https:\/\/psoecanarias.com\/web\/#\/schema\/person\/1ae43f9659d2fc599ca69c11e1dbf26f\"},\"headline\":\"El PSOE defiende que las ayudas directas lleguen a quienes m\u00e1s han sufrido la crisis en Canarias\",\"datePublished\":\"2021-05-04T15:02:34+00:00\",\"dateModified\":\"2021-05-04T15:11:44+00:00\",\"mainEntityOfPage\":{\"@id\":\"https:\/\/psoecanarias.com\/web\/el-psoe-defiende-que-las-ayudas-directas-lleguen-a-quienes-mas-han-sufrido-la-crisis-en-canarias\/\"},\"wordCount\":440,\"commentCount\":0,\"image\":{\"@id\":\"https:\/\/psoecanarias.com\/web\/el-psoe-defiende-que-las-ayudas-directas-lleguen-a-quienes-mas-han-sufrido-la-crisis-en-canarias\/#primaryimage\"},\"thumbnailUrl\":\"https:\/\/psoecanarias.com\/web\/wp-content\/uploads\/2021\/05\/Jorge-Glez-01.jpg\",\"keywords\":[\"Jorge Gonz\u00e1lez\"],\"articleSection\":[\"Grupo Parlamentario\",\"Noticias\"],\"inLanguage\":\"es\",\"potentialAction\":[{\"@type\":\"CommentAction\",\"name\":\"Comment\",\"target\":[\"https:\/\/psoecanarias.com\/web\/el-psoe-defiende-que-las-ayudas-directas-lleguen-a-quienes-mas-han-sufrido-la-crisis-en-canarias\/#respond\"]}]},{\"@type\":\"WebPage\",\"@id\":\"https:\/\/psoecanarias.com\/web\/el-psoe-defiende-que-las-ayudas-directas-lleguen-a-quienes-mas-han-sufrido-la-crisis-en-canarias\/\",\"url\":\"https:\/\/psoecanarias.com\/web\/el-psoe-defiende-que-las-ayudas-directas-lleguen-a-quienes-mas-han-sufrido-la-crisis-en-canarias\/\",\"name\":\"El PSOE defiende que las ayudas directas lleguen a quienes m\u00e1s han sufrido la crisis en Canarias | PSOE Canarias\",\"isPartOf\":{\"@id\":\"https:\/\/psoecanarias.com\/web\/#website\"},\"primaryImageOfPage\":{\"@id\":\"https:\/\/psoecanarias.com\/web\/el-psoe-defiende-que-las-ayudas-directas-lleguen-a-quienes-mas-han-sufrido-la-crisis-en-canarias\/#primaryimage\"},\"image\":{\"@id\":\"https:\/\/psoecanarias.com\/web\/el-psoe-defiende-que-las-ayudas-directas-lleguen-a-quienes-mas-han-sufrido-la-crisis-en-canarias\/#primaryimage\"},\"thumbnailUrl\":\"https:\/\/psoecanarias.com\/web\/wp-content\/uploads\/2021\/05\/Jorge-Glez-01.jpg\",\"datePublished\":\"2021-05-04T15:02:34+00:00\",\"dateModified\":\"2021-05-04T15:11:44+00:00\",\"author\":{\"@id\":\"https:\/\/psoecanarias.com\/web\/#\/schema\/person\/1ae43f9659d2fc599ca69c11e1dbf26f\"},\"breadcrumb\":{\"@id\":\"https:\/\/psoecanarias.com\/web\/el-psoe-defiende-que-las-ayudas-directas-lleguen-a-quienes-mas-han-sufrido-la-crisis-en-canarias\/#breadcrumb\"},\"inLanguage\":\"es\",\"potentialAction\":[{\"@type\":\"ReadAction\",\"target\":[\"https:\/\/psoecanarias.com\/web\/el-psoe-defiende-que-las-ayudas-directas-lleguen-a-quienes-mas-han-sufrido-la-crisis-en-canarias\/\"]}]},{\"@type\":\"ImageObject\",\"inLanguage\":\"es\",\"@id\":\"https:\/\/psoecanarias.com\/web\/el-psoe-defiende-que-las-ayudas-directas-lleguen-a-quienes-mas-han-sufrido-la-crisis-en-canarias\/#primaryimage\",\"url\":\"https:\/\/psoecanarias.com\/web\/wp-content\/uploads\/2021\/05\/Jorge-Glez-01.jpg\",\"contentUrl\":\"https:\/\/psoecanarias.com\/web\/wp-content\/uploads\/2021\/05\/Jorge-Glez-01.jpg\",\"width\":1024,\"height\":639},{\"@type\":\"BreadcrumbList\",\"@id\":\"https:\/\/psoecanarias.com\/web\/el-psoe-defiende-que-las-ayudas-directas-lleguen-a-quienes-mas-han-sufrido-la-crisis-en-canarias\/#breadcrumb\",\"itemListElement\":[{\"@type\":\"ListItem\",\"position\":1,\"name\":\"Portada\",\"item\":\"https:\/\/psoecanarias.com\/web\/\"},{\"@type\":\"ListItem\",\"position\":2,\"name\":\"El PSOE defiende que las ayudas directas lleguen a quienes m\u00e1s han sufrido la crisis en Canarias\"}]},{\"@type\":\"WebSite\",\"@id\":\"https:\/\/psoecanarias.com\/web\/#website\",\"url\":\"https:\/\/psoecanarias.com\/web\/\",\"name\":\"PSOE Canarias\",\"description\":\"Partido Socialista Obrero Espa\u00f1ol Canarias\",\"potentialAction\":[{\"@type\":\"SearchAction\",\"target\":{\"@type\":\"EntryPoint\",\"urlTemplate\":\"https:\/\/psoecanarias.com\/web\/?s={search_term_string}\"},\"query-input\":{\"@type\":\"PropertyValueSpecification\",\"valueRequired\":true,\"valueName\":\"search_term_string\"}}],\"inLanguage\":\"es\"},{\"@type\":\"Person\",\"@id\":\"https:\/\/psoecanarias.com\/web\/#\/schema\/person\/1ae43f9659d2fc599ca69c11e1dbf26f\",\"name\":\"PSOE Canarias\",\"image\":{\"@type\":\"ImageObject\",\"inLanguage\":\"es\",\"@id\":\"https:\/\/secure.gravatar.com\/avatar\/4364d37f6f6f9cdb7af199b46151565f37d8a8c3c0e04c1d78c04e857a15e3a8?s=96&d=mm&r=g\",\"url\":\"https:\/\/secure.gravatar.com\/avatar\/4364d37f6f6f9cdb7af199b46151565f37d8a8c3c0e04c1d78c04e857a15e3a8?s=96&d=mm&r=g\",\"contentUrl\":\"https:\/\/secure.gravatar.com\/avatar\/4364d37f6f6f9cdb7af199b46151565f37d8a8c3c0e04c1d78c04e857a15e3a8?s=96&d=mm&r=g\",\"caption\":\"PSOE Canarias\"},\"url\":\"https:\/\/psoecanarias.com\/web\/author\/admin\/\"}]}<\/script>\n<!-- \/ Yoast SEO plugin. -->","yoast_head_json":{"title":"El PSOE defiende que las ayudas directas lleguen a quienes m\u00e1s han sufrido la crisis en Canarias | PSOE Canarias","robots":{"index":"index","follow":"follow","max-snippet":"max-snippet:-1","max-image-preview":"max-image-preview:large","max-video-preview":"max-video-preview:-1"},"canonical":"https:\/\/psoecanarias.com\/web\/el-psoe-defiende-que-las-ayudas-directas-lleguen-a-quienes-mas-han-sufrido-la-crisis-en-canarias\/","og_locale":"es_ES","og_type":"article","og_title":"El PSOE defiende que las ayudas directas lleguen a quienes m\u00e1s han sufrido la crisis en Canarias | PSOE Canarias","og_description":"\"Oyendo a Clavijo y Cabrera uno queda estupefacto: quieren cosas contrarias. Que se pongan de acuerdo\u201d, dice Jorge Gonz\u00e1lez","og_url":"https:\/\/psoecanarias.com\/web\/el-psoe-defiende-que-las-ayudas-directas-lleguen-a-quienes-mas-han-sufrido-la-crisis-en-canarias\/","og_site_name":"PSOE Canarias","article_published_time":"2021-05-04T15:02:34+00:00","article_modified_time":"2021-05-04T15:11:44+00:00","og_image":[{"width":1024,"height":639,"url":"https:\/\/psoecanarias.com\/web\/wp-content\/uploads\/2021\/05\/Jorge-Glez-01.jpg","type":"image\/jpeg"}],"author":"PSOE Canarias","twitter_card":"summary_large_image","schema":{"@context":"https:\/\/schema.org","@graph":[{"@type":"Article","@id":"https:\/\/psoecanarias.com\/web\/el-psoe-defiende-que-las-ayudas-directas-lleguen-a-quienes-mas-han-sufrido-la-crisis-en-canarias\/#article","isPartOf":{"@id":"https:\/\/psoecanarias.com\/web\/el-psoe-defiende-que-las-ayudas-directas-lleguen-a-quienes-mas-han-sufrido-la-crisis-en-canarias\/"},"author":{"name":"PSOE Canarias","@id":"https:\/\/psoecanarias.com\/web\/#\/schema\/person\/1ae43f9659d2fc599ca69c11e1dbf26f"},"headline":"El PSOE defiende que las ayudas directas lleguen a quienes m\u00e1s han sufrido la crisis en Canarias","datePublished":"2021-05-04T15:02:34+00:00","dateModified":"2021-05-04T15:11:44+00:00","mainEntityOfPage":{"@id":"https:\/\/psoecanarias.com\/web\/el-psoe-defiende-que-las-ayudas-directas-lleguen-a-quienes-mas-han-sufrido-la-crisis-en-canarias\/"},"wordCount":440,"commentCount":0,"image":{"@id":"https:\/\/psoecanarias.com\/web\/el-psoe-defiende-que-las-ayudas-directas-lleguen-a-quienes-mas-han-sufrido-la-crisis-en-canarias\/#primaryimage"},"thumbnailUrl":"https:\/\/psoecanarias.com\/web\/wp-content\/uploads\/2021\/05\/Jorge-Glez-01.jpg","keywords":["Jorge Gonz\u00e1lez"],"articleSection":["Grupo Parlamentario","Noticias"],"inLanguage":"es","potentialAction":[{"@type":"CommentAction","name":"Comment","target":["https:\/\/psoecanarias.com\/web\/el-psoe-defiende-que-las-ayudas-directas-lleguen-a-quienes-mas-han-sufrido-la-crisis-en-canarias\/#respond"]}]},{"@type":"WebPage","@id":"https:\/\/psoecanarias.com\/web\/el-psoe-defiende-que-las-ayudas-directas-lleguen-a-quienes-mas-han-sufrido-la-crisis-en-canarias\/","url":"https:\/\/psoecanarias.com\/web\/el-psoe-defiende-que-las-ayudas-directas-lleguen-a-quienes-mas-han-sufrido-la-crisis-en-canarias\/","name":"El PSOE defiende que las ayudas directas lleguen a quienes m\u00e1s han sufrido la crisis en Canarias | PSOE Canarias","isPartOf":{"@id":"https:\/\/psoecanarias.com\/web\/#website"},"primaryImageOfPage":{"@id":"https:\/\/psoecanarias.com\/web\/el-psoe-defiende-que-las-ayudas-directas-lleguen-a-quienes-mas-han-sufrido-la-crisis-en-canarias\/#primaryimage"},"image":{"@id":"https:\/\/psoecanarias.com\/web\/el-psoe-defiende-que-las-ayudas-directas-lleguen-a-quienes-mas-han-sufrido-la-crisis-en-canarias\/#primaryimage"},"thumbnailUrl":"https:\/\/psoecanarias.com\/web\/wp-content\/uploads\/2021\/05\/Jorge-Glez-01.jpg","datePublished":"2021-05-04T15:02:34+00:00","dateModified":"2021-05-04T15:11:44+00:00","author":{"@id":"https:\/\/psoecanarias.com\/web\/#\/schema\/person\/1ae43f9659d2fc599ca69c11e1dbf26f"},"breadcrumb":{"@id":"https:\/\/psoecanarias.com\/web\/el-psoe-defiende-que-las-ayudas-directas-lleguen-a-quienes-mas-han-sufrido-la-crisis-en-canarias\/#breadcrumb"},"inLanguage":"es","potentialAction":[{"@type":"ReadAction","target":["https:\/\/psoecanarias.com\/web\/el-psoe-defiende-que-las-ayudas-directas-lleguen-a-quienes-mas-han-sufrido-la-crisis-en-canarias\/"]}]},{"@type":"ImageObject","inLanguage":"es","@id":"https:\/\/psoecanarias.com\/web\/el-psoe-defiende-que-las-ayudas-directas-lleguen-a-quienes-mas-han-sufrido-la-crisis-en-canarias\/#primaryimage","url":"https:\/\/psoecanarias.com\/web\/wp-content\/uploads\/2021\/05\/Jorge-Glez-01.jpg","contentUrl":"https:\/\/psoecanarias.com\/web\/wp-content\/uploads\/2021\/05\/Jorge-Glez-01.jpg","width":1024,"height":639},{"@type":"BreadcrumbList","@id":"https:\/\/psoecanarias.com\/web\/el-psoe-defiende-que-las-ayudas-directas-lleguen-a-quienes-mas-han-sufrido-la-crisis-en-canarias\/#breadcrumb","itemListElement":[{"@type":"ListItem","position":1,"name":"Portada","item":"https:\/\/psoecanarias.com\/web\/"},{"@type":"ListItem","position":2,"name":"El PSOE defiende que las ayudas directas lleguen a quienes m\u00e1s han sufrido la crisis en Canarias"}]},{"@type":"WebSite","@id":"https:\/\/psoecanarias.com\/web\/#website","url":"https:\/\/psoecanarias.com\/web\/","name":"PSOE Canarias","description":"Partido Socialista Obrero Espa\u00f1ol Canarias","potentialAction":[{"@type":"SearchAction","target":{"@type":"EntryPoint","urlTemplate":"https:\/\/psoecanarias.com\/web\/?s={search_term_string}"},"query-input":{"@type":"PropertyValueSpecification","valueRequired":true,"valueName":"search_term_string"}}],"inLanguage":"es"},{"@type":"Person","@id":"https:\/\/psoecanarias.com\/web\/#\/schema\/person\/1ae43f9659d2fc599ca69c11e1dbf26f","name":"PSOE Canarias","image":{"@type":"ImageObject","inLanguage":"es","@id":"https:\/\/secure.gravatar.com\/avatar\/4364d37f6f6f9cdb7af199b46151565f37d8a8c3c0e04c1d78c04e857a15e3a8?s=96&d=mm&r=g","url":"https:\/\/secure.gravatar.com\/avatar\/4364d37f6f6f9cdb7af199b46151565f37d8a8c3c0e04c1d78c04e857a15e3a8?s=96&d=mm&r=g","contentUrl":"https:\/\/secure.gravatar.com\/avatar\/4364d37f6f6f9cdb7af199b46151565f37d8a8c3c0e04c1d78c04e857a15e3a8?s=96&d=mm&r=g","caption":"PSOE Canarias"},"url":"https:\/\/psoecanarias.com\/web\/author\/admin\/"}]}},"_links":{"self":[{"href":"https:\/\/psoecanarias.com\/web\/wp-json\/wp\/v2\/posts\/17703","targetHints":{"allow":["GET"]}}],"collection":[{"href":"https:\/\/psoecanarias.com\/web\/wp-json\/wp\/v2\/posts"}],"about":[{"href":"https:\/\/psoecanarias.com\/web\/wp-json\/wp\/v2\/types\/post"}],"author":[{"embeddable":true,"href":"https:\/\/psoecanarias.com\/web\/wp-json\/wp\/v2\/users\/1"}],"replies":[{"embeddable":true,"href":"https:\/\/psoecanarias.com\/web\/wp-json\/wp\/v2\/comments?post=17703"}],"version-history":[{"count":1,"href":"https:\/\/psoecanarias.com\/web\/wp-json\/wp\/v2\/posts\/17703\/revisions"}],"predecessor-version":[{"id":17705,"href":"https:\/\/psoecanarias.com\/web\/wp-json\/wp\/v2\/posts\/17703\/revisions\/17705"}],"wp:featuredmedia":[{"embeddable":true,"href":"https:\/\/psoecanarias.com\/web\/wp-json\/wp\/v2\/media\/17704"}],"wp:attachment":[{"href":"https:\/\/psoecanarias.com\/web\/wp-json\/wp\/v2\/media?parent=17703"}],"wp:term":[{"taxonomy":"category","embeddable":true,"href":"https:\/\/psoecanarias.com\/web\/wp-json\/wp\/v2\/categories?post=17703"},{"taxonomy":"post_tag","embeddable":true,"href":"https:\/\/psoecanarias.com\/web\/wp-json\/wp\/v2\/tags?post=17703"}],"curies":[{"name":"wp","href":"https:\/\/api.w.org\/{rel}","templated":true}]}}