{"id":1775,"date":"2016-04-05T11:50:55","date_gmt":"2016-04-05T10:50:55","guid":{"rendered":"http:\/\/psoecanarias.com\/web\/?p=1775"},"modified":"2016-04-05T11:50:55","modified_gmt":"2016-04-05T10:50:55","slug":"1775-2","status":"publish","type":"post","link":"https:\/\/psoecanarias.com\/web\/1775-2\/","title":{"rendered":"Para derogar la LOMCE"},"content":{"rendered":"<p style=\"text-align: justify;\">En gran medida, la LOMCE retrotrae al sistema educativo espa\u00f1ol a 1970, a los debates que super\u00f3 \u00a0la Ley de Villar Palas\u00ed.. Aquel intento reformador en pleno franquismo \u00a0no termin\u00f3 de calar en una parte de la derecha que ahora, como entonces, sigue empe\u00f1ada en sacar a Espa\u00f1a de las l\u00edneas maestras que presiden la pol\u00edtica educativa europea.<\/p>\n<p style=\"text-align: justify;\">Para reconducir el desaguisado normativo en que nos ha metido el Gobierno de Rajoy se precisa, antes que nada, la convicci\u00f3n de un acuerdo pol\u00edtico que no solo permita \u00a0estabilidad del sistema sino que sea el resorte desde el que se impulsen las reformas que tengan por objetivo el binomio de equidad y excelencia.<\/p>\n<p style=\"text-align: justify;\">Tal y como est\u00e1 articulada la LOMCE, su mera derogaci\u00f3n nos deja en el vac\u00edo normativo. La incorporaci\u00f3n del calendario de implantaci\u00f3n en la propia ley org\u00e1nica forma parte de una estrategia para evitar que fuera paralizada como ocurri\u00f3 con la LOCE. Esta forma de actuar pone de manifiesto que al PP le pudo m\u00e1s el oportunismo que la buena praxis jur\u00eddica. Todos deseamos acabar con la LOMCE cuanto antes, pero debemos recordar que una vez derogada no quedar\u00eda norma que pueda aplicarse mientras no se apruebe un nuevo marco legal. En ning\u00fan caso volver\u00eda a estar en vigor la ley anterior.<\/p>\n<p style=\"text-align: justify;\">Todas estas razones justifican la necesidad de proceder a la previa paralizaci\u00f3n del calendario de implantaci\u00f3n de la ley de Wert. Solo as\u00ed se podr\u00eda suplir el vac\u00edo normativo con las leyes precedentes, aunque se tengan que sortear m\u00faltiples problemas de encaje. Es necesario derogar la LOMCE pero de forma que no quede en el limbo jur\u00eddico el sistema educativo, sino que al tiempo que se construye desde el acuerdo una nueva Ley, se eliminen paralelamente algunas de las m\u00e1s nocivas e inmediatas consecuencias de aqu\u00e9lla. Un mero repaso de algunos ejemplos de lo que se nos viene encima en los pr\u00f3ximos meses, hace aconsejable la propuesta de paralizaci\u00f3n que el PSOE ha llevado al Congreso de Diputados esta semana.<\/p>\n<p style=\"text-align: justify;\">Por cercan\u00eda en el tiempo, la vuelta a las rev\u00e1lidas, eliminadas por la Ley de 1970, y que se \u00a0pretenden llevar a cabo en fechas pr\u00f3ximas. Siguiendo el calendario ministerial queda apenas un mes para efectuarlas, pese al rechazo de la inmensa mayor\u00eda de la comunidad educativa. Todav\u00eda est\u00e1 por ver c\u00f3mo cumple con ello el MEC en su propio territorio de gesti\u00f3n. Pero, ante el previsible fun\u00e1mbulismo ministerial y el nulo rigor de su preparaci\u00f3n en casi todas partes ser\u00eda aconsejable paralizarla. Se prepara ya el pr\u00f3ximo curso acad\u00e9mico y es preciso adoptar decisiones con urgencia que, en alg\u00fan caso, ser\u00e1n muy dif\u00edciles de revertir para algunas generaciones de estudiantes. Ocurre con los que van a cursar cuarto de la ESO. Se tendr\u00e1n que enfrentar a una temprana elecci\u00f3n que condicionar\u00e1 el resto de su vida acad\u00e9mica. Convendr\u00eda aqu\u00ed tambi\u00e9n adoptar una moratoria. Sucede lo mismo con las d\u00e9biles bases y las incertidumbres producidas por las normas que regulan el acceso a los distintos ciclos de FP. Incluyen par\u00e1metros poco definidos, injustos y que vuelven a meter a la Formaci\u00f3n Profesional en la segunda divisi\u00f3n, cuando es \u00a0vez m\u00e1s necesaria su puesta en valor acad\u00e9mico, profesional y en la estima social.<\/p>\n<p style=\"text-align: justify;\">Fruto tambi\u00e9n de la improvisaci\u00f3n y de las prisas impuestas por los calendarios ministeriales encontramos lo que va a ocurrir con el alumnado que tenga que repetir segundo de bachillerato el pr\u00f3ximo curso. Ahora ha venido a darse cuenta el MEC que hay que darles cauce y acaba de prorrogar la vigencia del anterior curr\u00edculum previo a la LOMCE. Pero, \u00bfqui\u00e9n asumir\u00e1 el coste econ\u00f3mico de esos cursos que hay que organizar en muchos centros? Supongo que el MEC pretender\u00e1 que sean las Comunidades Aut\u00f3nomas, traslad\u00e1ndoles un nuevo sobrecoste este mismo a\u00f1o. Desde luego no estar\u00e1n encantadas con esta nueva factura que a\u00f1adir\u00e1 Montoro a sus arcas.<\/p>\n<p style=\"text-align: justify;\">No son estos los \u00fanicos problemas inmediatos. Ah\u00ed est\u00e1n tambi\u00e9n las nuevas rev\u00e1lidas \u00a0para el final de bachillerato y las nuevas formas de acceso a la Universidad, cuyos rectores por cierto tambi\u00e9n vienen clamando al \u00a0MEC por una moratoria. En todo caso, es conveniente parar este dislate y trabajar de otra manera. Con firmeza para lograr acuerdos b\u00e1sicos. Con la convicci\u00f3n de que la educaci\u00f3n es un asunto que requiere la participaci\u00f3n activa del conjunto de ella sociedad y con el rigor que exige el esfuerzo para hacer posible que equidad y excelencia no sean t\u00e9rminos antag\u00f3nicos. La Educaci\u00f3n ha sufrido en estos cuatro a\u00f1os del Gobierno de Rajoy fuertes\u00a0 varapalos y retrocesos. \u00c9l actual Ministerio mantiene intactos los prop\u00f3sitos de Wert y la nula disposici\u00f3n para dialogar en serio con la Comunidad educativa. La propuesta que presenta el PSOE esta semana al Congreso persigue un cambio de rumbo hacia cimientos m\u00e1s firmes y modernos para la Educaci\u00f3n en Espa\u00f1a.<\/p>\n","protected":false},"excerpt":{"rendered":"<p>En gran medida, la LOMCE retrotrae al sistema educativo espa\u00f1ol a 1970, a los debates que super\u00f3 \u00a0la Ley de Villar Palas\u00ed.. Aquel intento reformador en pleno franquismo \u00a0no termin\u00f3 de calar en una parte de la derecha que ahora, como entonces, sigue empe\u00f1ada en sacar a Espa\u00f1a de las l\u00edneas maestras que presiden la [&hellip;]<\/p>\n","protected":false},"author":1,"featured_media":1663,"comment_status":"open","ping_status":"open","sticky":false,"template":"","format":"standard","meta":{"footnotes":""},"categories":[7],"tags":[494,493,399,23,282,10,310,447,444],"class_list":["post-1775","post","type-post","status-publish","format-standard","has-post-thumbnail","hentry","category-politica","tag-articulo-de-opinion","tag-comision-ejecutiva-federal","tag-derogacion","tag-jose-miguel-perez","tag-lomce","tag-psoe","tag-psoe-canarias","tag-secretario-de-educacion","tag-secretario-general"],"featured_image_src":"https:\/\/psoecanarias.com\/web\/wp-content\/uploads\/2016\/03\/DSC_7312-e1458222623565.jpg","author_info":{"display_name":"PSOE Canarias","author_link":"https:\/\/psoecanarias.com\/web\/author\/admin\/"},"yoast_head":"<!-- This site is optimized with the Yoast SEO plugin v27.2 - https:\/\/yoast.com\/product\/yoast-seo-wordpress\/ -->\n<title>Para derogar la LOMCE | PSOE Canarias<\/title>\n<meta name=\"robots\" content=\"index, follow, max-snippet:-1, max-image-preview:large, max-video-preview:-1\" \/>\n<link rel=\"canonical\" href=\"https:\/\/psoecanarias.com\/web\/1775-2\/\" \/>\n<meta property=\"og:locale\" content=\"es_ES\" \/>\n<meta property=\"og:type\" content=\"article\" \/>\n<meta property=\"og:title\" content=\"Para derogar la LOMCE | PSOE Canarias\" \/>\n<meta property=\"og:description\" content=\"En gran medida, la LOMCE retrotrae al sistema educativo espa\u00f1ol a 1970, a los debates que super\u00f3 \u00a0la Ley de Villar Palas\u00ed.. Aquel intento reformador en pleno franquismo \u00a0no termin\u00f3 de calar en una parte de la derecha que ahora, como entonces, sigue empe\u00f1ada en sacar a Espa\u00f1a de las l\u00edneas maestras que presiden la [&hellip;]\" \/>\n<meta property=\"og:url\" content=\"https:\/\/psoecanarias.com\/web\/1775-2\/\" \/>\n<meta property=\"og:site_name\" content=\"PSOE Canarias\" \/>\n<meta property=\"article:published_time\" content=\"2016-04-05T10:50:55+00:00\" \/>\n<meta property=\"og:image\" content=\"https:\/\/psoecanarias.com\/web\/wp-content\/uploads\/2016\/03\/DSC_7312-e1458222623565.jpg\" \/>\n\t<meta property=\"og:image:width\" content=\"900\" \/>\n\t<meta property=\"og:image:height\" content=\"1348\" \/>\n\t<meta property=\"og:image:type\" content=\"image\/jpeg\" \/>\n<meta name=\"author\" content=\"PSOE Canarias\" \/>\n<meta name=\"twitter:card\" content=\"summary_large_image\" \/>\n<script type=\"application\/ld+json\" class=\"yoast-schema-graph\">{\"@context\":\"https:\/\/schema.org\",\"@graph\":[{\"@type\":\"Article\",\"@id\":\"https:\/\/psoecanarias.com\/web\/1775-2\/#article\",\"isPartOf\":{\"@id\":\"https:\/\/psoecanarias.com\/web\/1775-2\/\"},\"author\":{\"name\":\"PSOE Canarias\",\"@id\":\"https:\/\/psoecanarias.com\/web\/#\/schema\/person\/1ae43f9659d2fc599ca69c11e1dbf26f\"},\"headline\":\"Para derogar la LOMCE\",\"datePublished\":\"2016-04-05T10:50:55+00:00\",\"mainEntityOfPage\":{\"@id\":\"https:\/\/psoecanarias.com\/web\/1775-2\/\"},\"wordCount\":886,\"commentCount\":0,\"image\":{\"@id\":\"https:\/\/psoecanarias.com\/web\/1775-2\/#primaryimage\"},\"thumbnailUrl\":\"https:\/\/psoecanarias.com\/web\/wp-content\/uploads\/2016\/03\/DSC_7312-e1458222623565.jpg\",\"keywords\":[\"Art\u00edculo de opini\u00f3n\",\"Comisi\u00f3n Ejecutiva Federal\",\"Derogaci\u00f3n\",\"Jos\u00e9 Miguel P\u00e9rez\",\"LOMCE\",\"PSOE\",\"PSOE Canarias\",\"Secretario de Educaci\u00f3n\",\"Secretario General\"],\"articleSection\":[\"Pol\u00edtica\"],\"inLanguage\":\"es\",\"potentialAction\":[{\"@type\":\"CommentAction\",\"name\":\"Comment\",\"target\":[\"https:\/\/psoecanarias.com\/web\/1775-2\/#respond\"]}]},{\"@type\":\"WebPage\",\"@id\":\"https:\/\/psoecanarias.com\/web\/1775-2\/\",\"url\":\"https:\/\/psoecanarias.com\/web\/1775-2\/\",\"name\":\"Para derogar la LOMCE | PSOE Canarias\",\"isPartOf\":{\"@id\":\"https:\/\/psoecanarias.com\/web\/#website\"},\"primaryImageOfPage\":{\"@id\":\"https:\/\/psoecanarias.com\/web\/1775-2\/#primaryimage\"},\"image\":{\"@id\":\"https:\/\/psoecanarias.com\/web\/1775-2\/#primaryimage\"},\"thumbnailUrl\":\"https:\/\/psoecanarias.com\/web\/wp-content\/uploads\/2016\/03\/DSC_7312-e1458222623565.jpg\",\"datePublished\":\"2016-04-05T10:50:55+00:00\",\"author\":{\"@id\":\"https:\/\/psoecanarias.com\/web\/#\/schema\/person\/1ae43f9659d2fc599ca69c11e1dbf26f\"},\"breadcrumb\":{\"@id\":\"https:\/\/psoecanarias.com\/web\/1775-2\/#breadcrumb\"},\"inLanguage\":\"es\",\"potentialAction\":[{\"@type\":\"ReadAction\",\"target\":[\"https:\/\/psoecanarias.com\/web\/1775-2\/\"]}]},{\"@type\":\"ImageObject\",\"inLanguage\":\"es\",\"@id\":\"https:\/\/psoecanarias.com\/web\/1775-2\/#primaryimage\",\"url\":\"https:\/\/psoecanarias.com\/web\/wp-content\/uploads\/2016\/03\/DSC_7312-e1458222623565.jpg\",\"contentUrl\":\"https:\/\/psoecanarias.com\/web\/wp-content\/uploads\/2016\/03\/DSC_7312-e1458222623565.jpg\",\"width\":900,\"height\":1348},{\"@type\":\"BreadcrumbList\",\"@id\":\"https:\/\/psoecanarias.com\/web\/1775-2\/#breadcrumb\",\"itemListElement\":[{\"@type\":\"ListItem\",\"position\":1,\"name\":\"Portada\",\"item\":\"https:\/\/psoecanarias.com\/web\/\"},{\"@type\":\"ListItem\",\"position\":2,\"name\":\"Para derogar la LOMCE\"}]},{\"@type\":\"WebSite\",\"@id\":\"https:\/\/psoecanarias.com\/web\/#website\",\"url\":\"https:\/\/psoecanarias.com\/web\/\",\"name\":\"PSOE Canarias\",\"description\":\"Partido Socialista Obrero Espa\u00f1ol Canarias\",\"potentialAction\":[{\"@type\":\"SearchAction\",\"target\":{\"@type\":\"EntryPoint\",\"urlTemplate\":\"https:\/\/psoecanarias.com\/web\/?s={search_term_string}\"},\"query-input\":{\"@type\":\"PropertyValueSpecification\",\"valueRequired\":true,\"valueName\":\"search_term_string\"}}],\"inLanguage\":\"es\"},{\"@type\":\"Person\",\"@id\":\"https:\/\/psoecanarias.com\/web\/#\/schema\/person\/1ae43f9659d2fc599ca69c11e1dbf26f\",\"name\":\"PSOE Canarias\",\"image\":{\"@type\":\"ImageObject\",\"inLanguage\":\"es\",\"@id\":\"https:\/\/secure.gravatar.com\/avatar\/4364d37f6f6f9cdb7af199b46151565f37d8a8c3c0e04c1d78c04e857a15e3a8?s=96&d=mm&r=g\",\"url\":\"https:\/\/secure.gravatar.com\/avatar\/4364d37f6f6f9cdb7af199b46151565f37d8a8c3c0e04c1d78c04e857a15e3a8?s=96&d=mm&r=g\",\"contentUrl\":\"https:\/\/secure.gravatar.com\/avatar\/4364d37f6f6f9cdb7af199b46151565f37d8a8c3c0e04c1d78c04e857a15e3a8?s=96&d=mm&r=g\",\"caption\":\"PSOE Canarias\"},\"url\":\"https:\/\/psoecanarias.com\/web\/author\/admin\/\"}]}<\/script>\n<!-- \/ Yoast SEO plugin. -->","yoast_head_json":{"title":"Para derogar la LOMCE | PSOE Canarias","robots":{"index":"index","follow":"follow","max-snippet":"max-snippet:-1","max-image-preview":"max-image-preview:large","max-video-preview":"max-video-preview:-1"},"canonical":"https:\/\/psoecanarias.com\/web\/1775-2\/","og_locale":"es_ES","og_type":"article","og_title":"Para derogar la LOMCE | PSOE Canarias","og_description":"En gran medida, la LOMCE retrotrae al sistema educativo espa\u00f1ol a 1970, a los debates que super\u00f3 \u00a0la Ley de Villar Palas\u00ed.. Aquel intento reformador en pleno franquismo \u00a0no termin\u00f3 de calar en una parte de la derecha que ahora, como entonces, sigue empe\u00f1ada en sacar a Espa\u00f1a de las l\u00edneas maestras que presiden la [&hellip;]","og_url":"https:\/\/psoecanarias.com\/web\/1775-2\/","og_site_name":"PSOE Canarias","article_published_time":"2016-04-05T10:50:55+00:00","og_image":[{"width":900,"height":1348,"url":"https:\/\/psoecanarias.com\/web\/wp-content\/uploads\/2016\/03\/DSC_7312-e1458222623565.jpg","type":"image\/jpeg"}],"author":"PSOE Canarias","twitter_card":"summary_large_image","schema":{"@context":"https:\/\/schema.org","@graph":[{"@type":"Article","@id":"https:\/\/psoecanarias.com\/web\/1775-2\/#article","isPartOf":{"@id":"https:\/\/psoecanarias.com\/web\/1775-2\/"},"author":{"name":"PSOE Canarias","@id":"https:\/\/psoecanarias.com\/web\/#\/schema\/person\/1ae43f9659d2fc599ca69c11e1dbf26f"},"headline":"Para derogar la LOMCE","datePublished":"2016-04-05T10:50:55+00:00","mainEntityOfPage":{"@id":"https:\/\/psoecanarias.com\/web\/1775-2\/"},"wordCount":886,"commentCount":0,"image":{"@id":"https:\/\/psoecanarias.com\/web\/1775-2\/#primaryimage"},"thumbnailUrl":"https:\/\/psoecanarias.com\/web\/wp-content\/uploads\/2016\/03\/DSC_7312-e1458222623565.jpg","keywords":["Art\u00edculo de opini\u00f3n","Comisi\u00f3n Ejecutiva Federal","Derogaci\u00f3n","Jos\u00e9 Miguel P\u00e9rez","LOMCE","PSOE","PSOE Canarias","Secretario de Educaci\u00f3n","Secretario General"],"articleSection":["Pol\u00edtica"],"inLanguage":"es","potentialAction":[{"@type":"CommentAction","name":"Comment","target":["https:\/\/psoecanarias.com\/web\/1775-2\/#respond"]}]},{"@type":"WebPage","@id":"https:\/\/psoecanarias.com\/web\/1775-2\/","url":"https:\/\/psoecanarias.com\/web\/1775-2\/","name":"Para derogar la LOMCE | PSOE Canarias","isPartOf":{"@id":"https:\/\/psoecanarias.com\/web\/#website"},"primaryImageOfPage":{"@id":"https:\/\/psoecanarias.com\/web\/1775-2\/#primaryimage"},"image":{"@id":"https:\/\/psoecanarias.com\/web\/1775-2\/#primaryimage"},"thumbnailUrl":"https:\/\/psoecanarias.com\/web\/wp-content\/uploads\/2016\/03\/DSC_7312-e1458222623565.jpg","datePublished":"2016-04-05T10:50:55+00:00","author":{"@id":"https:\/\/psoecanarias.com\/web\/#\/schema\/person\/1ae43f9659d2fc599ca69c11e1dbf26f"},"breadcrumb":{"@id":"https:\/\/psoecanarias.com\/web\/1775-2\/#breadcrumb"},"inLanguage":"es","potentialAction":[{"@type":"ReadAction","target":["https:\/\/psoecanarias.com\/web\/1775-2\/"]}]},{"@type":"ImageObject","inLanguage":"es","@id":"https:\/\/psoecanarias.com\/web\/1775-2\/#primaryimage","url":"https:\/\/psoecanarias.com\/web\/wp-content\/uploads\/2016\/03\/DSC_7312-e1458222623565.jpg","contentUrl":"https:\/\/psoecanarias.com\/web\/wp-content\/uploads\/2016\/03\/DSC_7312-e1458222623565.jpg","width":900,"height":1348},{"@type":"BreadcrumbList","@id":"https:\/\/psoecanarias.com\/web\/1775-2\/#breadcrumb","itemListElement":[{"@type":"ListItem","position":1,"name":"Portada","item":"https:\/\/psoecanarias.com\/web\/"},{"@type":"ListItem","position":2,"name":"Para derogar la LOMCE"}]},{"@type":"WebSite","@id":"https:\/\/psoecanarias.com\/web\/#website","url":"https:\/\/psoecanarias.com\/web\/","name":"PSOE Canarias","description":"Partido Socialista Obrero Espa\u00f1ol Canarias","potentialAction":[{"@type":"SearchAction","target":{"@type":"EntryPoint","urlTemplate":"https:\/\/psoecanarias.com\/web\/?s={search_term_string}"},"query-input":{"@type":"PropertyValueSpecification","valueRequired":true,"valueName":"search_term_string"}}],"inLanguage":"es"},{"@type":"Person","@id":"https:\/\/psoecanarias.com\/web\/#\/schema\/person\/1ae43f9659d2fc599ca69c11e1dbf26f","name":"PSOE Canarias","image":{"@type":"ImageObject","inLanguage":"es","@id":"https:\/\/secure.gravatar.com\/avatar\/4364d37f6f6f9cdb7af199b46151565f37d8a8c3c0e04c1d78c04e857a15e3a8?s=96&d=mm&r=g","url":"https:\/\/secure.gravatar.com\/avatar\/4364d37f6f6f9cdb7af199b46151565f37d8a8c3c0e04c1d78c04e857a15e3a8?s=96&d=mm&r=g","contentUrl":"https:\/\/secure.gravatar.com\/avatar\/4364d37f6f6f9cdb7af199b46151565f37d8a8c3c0e04c1d78c04e857a15e3a8?s=96&d=mm&r=g","caption":"PSOE Canarias"},"url":"https:\/\/psoecanarias.com\/web\/author\/admin\/"}]}},"_links":{"self":[{"href":"https:\/\/psoecanarias.com\/web\/wp-json\/wp\/v2\/posts\/1775","targetHints":{"allow":["GET"]}}],"collection":[{"href":"https:\/\/psoecanarias.com\/web\/wp-json\/wp\/v2\/posts"}],"about":[{"href":"https:\/\/psoecanarias.com\/web\/wp-json\/wp\/v2\/types\/post"}],"author":[{"embeddable":true,"href":"https:\/\/psoecanarias.com\/web\/wp-json\/wp\/v2\/users\/1"}],"replies":[{"embeddable":true,"href":"https:\/\/psoecanarias.com\/web\/wp-json\/wp\/v2\/comments?post=1775"}],"version-history":[{"count":1,"href":"https:\/\/psoecanarias.com\/web\/wp-json\/wp\/v2\/posts\/1775\/revisions"}],"predecessor-version":[{"id":1776,"href":"https:\/\/psoecanarias.com\/web\/wp-json\/wp\/v2\/posts\/1775\/revisions\/1776"}],"wp:featuredmedia":[{"embeddable":true,"href":"https:\/\/psoecanarias.com\/web\/wp-json\/wp\/v2\/media\/1663"}],"wp:attachment":[{"href":"https:\/\/psoecanarias.com\/web\/wp-json\/wp\/v2\/media?parent=1775"}],"wp:term":[{"taxonomy":"category","embeddable":true,"href":"https:\/\/psoecanarias.com\/web\/wp-json\/wp\/v2\/categories?post=1775"},{"taxonomy":"post_tag","embeddable":true,"href":"https:\/\/psoecanarias.com\/web\/wp-json\/wp\/v2\/tags?post=1775"}],"curies":[{"name":"wp","href":"https:\/\/api.w.org\/{rel}","templated":true}]}}