{"id":1807,"date":"2016-04-11T11:17:57","date_gmt":"2016-04-11T10:17:57","guid":{"rendered":"http:\/\/psoecanarias.com\/web\/?p=1807"},"modified":"2016-04-11T11:17:57","modified_gmt":"2016-04-11T10:17:57","slug":"el-psoe-preguntara-en-este-pleno-por-la-ley-de-mecenazgo","status":"publish","type":"post","link":"https:\/\/psoecanarias.com\/web\/el-psoe-preguntara-en-este-pleno-por-la-ley-de-mecenazgo\/","title":{"rendered":"El PSOE preguntar\u00e1 en este pleno por la ley de mecenazgo"},"content":{"rendered":"<p style=\"text-align: justify;\"><em>XH\/<\/em>\u00a0La portavoz de Cultura del Grupo Parlamentario Socialista, Mar\u00eda Victoria Hern\u00e1ndez, preguntar\u00e1 en el pleno de la pr\u00f3xima semana por la ley de mecenazgo, \u201cuna de las cuatro leyes culturales pendientes de redacci\u00f3n para esta legislatura y de la misma importancia y urgencia que archivos, bibliotecas y patrimonio hist\u00f3rico\u201d.<\/p>\n<p style=\"text-align: justify;\">La parlamentaria del PSOE recuerda que la ley de mecenazgo viene de la pasada legislatura y se vio ralentizada ante la noticia de que el Gobierno de Rajoy iba a tramitar la modificaci\u00f3n de la actual ley estatal \u201cy que se convirti\u00f3 en proyecto estrella del ministro Wert\u201d. Lamenta el \u201cmaltrato\u201d al que se ha visto sometida la cultura en estos cuatro a\u00f1os de Ejecutivo del PP y subraya la necesidad de abrir nuevas fuentes de ingresos que complementen las de las administraciones p\u00fablicas.<\/p>\n<p style=\"text-align: justify;\">\u201cLa aprobaci\u00f3n de esta ley, como tambi\u00e9n de las otras tres pendientes en Canarias, repercutir\u00e1 favorablemente en una mejora de los ingresos para un sector que se ha visto especialmente maltratado en esta legislatura del Partido Popular\u201d, expresa Hern\u00e1ndez, quien reitera la apuesta del PSOE por que la cultura en las Islas cuente con l\u00edneas de financiaci\u00f3n propias y definidas, con el objetivo de que en el futuro, situaciones cr\u00edticas como la de estos \u00faltimos a\u00f1os no afecten tanto a la pol\u00edtica cultural.<\/p>\n<p style=\"text-align: justify;\">Por otra parte, considera que el Gobierno de Canarias debe continuar invirtiendo en el sector y hace hincapi\u00e9 en que la crisis de los \u00faltimos a\u00f1os debe dejarnos, como moraleja, que se hace imprescindible introducir mejoras de cara al futuro, como medidas de prevenci\u00f3n.<\/p>\n<p style=\"text-align: justify;\">\n","protected":false},"excerpt":{"rendered":"<p>\nMar\u00eda Victoria Hern\u00e1ndez subraya que el PSOE considera igual de importantes y urgentes las leyes de archivo, bibliotecas, patrimonio hist\u00f3rico y mecenazgo<\/p>\n","protected":false},"author":1,"featured_media":1808,"comment_status":"open","ping_status":"open","sticky":false,"template":"","format":"standard","meta":{"footnotes":""},"categories":[7],"tags":[512,302,293,511,292,37],"class_list":["post-1807","post","type-post","status-publish","format-standard","has-post-thumbnail","hentry","category-politica","tag-cultura","tag-diputada","tag-grupo-parlamentario-socialista-canario","tag-ley-de-mecenazgo","tag-maria-victoria-hernandez-perez","tag-parlamento"],"featured_image_src":"https:\/\/psoecanarias.com\/web\/wp-content\/uploads\/2016\/04\/20160331-097-e1460369865275.jpg","author_info":{"display_name":"PSOE Canarias","author_link":"https:\/\/psoecanarias.com\/web\/author\/admin\/"},"yoast_head":"<!-- This site is optimized with the Yoast SEO plugin v27.2 - https:\/\/yoast.com\/product\/yoast-seo-wordpress\/ -->\n<title>El PSOE preguntar\u00e1 en este pleno por la ley de mecenazgo | PSOE Canarias<\/title>\n<meta name=\"robots\" content=\"index, follow, max-snippet:-1, max-image-preview:large, max-video-preview:-1\" \/>\n<link rel=\"canonical\" href=\"https:\/\/psoecanarias.com\/web\/el-psoe-preguntara-en-este-pleno-por-la-ley-de-mecenazgo\/\" \/>\n<meta property=\"og:locale\" content=\"es_ES\" \/>\n<meta property=\"og:type\" content=\"article\" \/>\n<meta property=\"og:title\" content=\"El PSOE preguntar\u00e1 en este pleno por la ley de mecenazgo | PSOE Canarias\" \/>\n<meta property=\"og:description\" content=\"Mar\u00eda Victoria Hern\u00e1ndez subraya que el PSOE considera igual de importantes y urgentes las leyes de archivo, bibliotecas, patrimonio hist\u00f3rico y mecenazgo\" \/>\n<meta property=\"og:url\" content=\"https:\/\/psoecanarias.com\/web\/el-psoe-preguntara-en-este-pleno-por-la-ley-de-mecenazgo\/\" \/>\n<meta property=\"og:site_name\" content=\"PSOE Canarias\" \/>\n<meta property=\"article:published_time\" content=\"2016-04-11T10:17:57+00:00\" \/>\n<meta property=\"og:image\" content=\"https:\/\/psoecanarias.com\/web\/wp-content\/uploads\/2016\/04\/20160331-097-e1460369865275.jpg\" \/>\n\t<meta property=\"og:image:width\" content=\"900\" \/>\n\t<meta property=\"og:image:height\" content=\"600\" \/>\n\t<meta property=\"og:image:type\" content=\"image\/jpeg\" \/>\n<meta name=\"author\" content=\"PSOE Canarias\" \/>\n<meta name=\"twitter:card\" content=\"summary_large_image\" \/>\n<script type=\"application\/ld+json\" class=\"yoast-schema-graph\">{\"@context\":\"https:\/\/schema.org\",\"@graph\":[{\"@type\":\"Article\",\"@id\":\"https:\/\/psoecanarias.com\/web\/el-psoe-preguntara-en-este-pleno-por-la-ley-de-mecenazgo\/#article\",\"isPartOf\":{\"@id\":\"https:\/\/psoecanarias.com\/web\/el-psoe-preguntara-en-este-pleno-por-la-ley-de-mecenazgo\/\"},\"author\":{\"name\":\"PSOE Canarias\",\"@id\":\"https:\/\/psoecanarias.com\/web\/#\/schema\/person\/1ae43f9659d2fc599ca69c11e1dbf26f\"},\"headline\":\"El PSOE preguntar\u00e1 en este pleno por la ley de mecenazgo\",\"datePublished\":\"2016-04-11T10:17:57+00:00\",\"mainEntityOfPage\":{\"@id\":\"https:\/\/psoecanarias.com\/web\/el-psoe-preguntara-en-este-pleno-por-la-ley-de-mecenazgo\/\"},\"wordCount\":290,\"commentCount\":0,\"image\":{\"@id\":\"https:\/\/psoecanarias.com\/web\/el-psoe-preguntara-en-este-pleno-por-la-ley-de-mecenazgo\/#primaryimage\"},\"thumbnailUrl\":\"https:\/\/psoecanarias.com\/web\/wp-content\/uploads\/2016\/04\/20160331-097-e1460369865275.jpg\",\"keywords\":[\"Cultura\",\"Diputada\",\"Grupo Parlamentario Socialista Canario\",\"Ley de mecenazgo\",\"Mar\u00eda Victoria Hern\u00e1ndez P\u00e9rez\",\"Parlamento\"],\"articleSection\":[\"Pol\u00edtica\"],\"inLanguage\":\"es\",\"potentialAction\":[{\"@type\":\"CommentAction\",\"name\":\"Comment\",\"target\":[\"https:\/\/psoecanarias.com\/web\/el-psoe-preguntara-en-este-pleno-por-la-ley-de-mecenazgo\/#respond\"]}]},{\"@type\":\"WebPage\",\"@id\":\"https:\/\/psoecanarias.com\/web\/el-psoe-preguntara-en-este-pleno-por-la-ley-de-mecenazgo\/\",\"url\":\"https:\/\/psoecanarias.com\/web\/el-psoe-preguntara-en-este-pleno-por-la-ley-de-mecenazgo\/\",\"name\":\"El PSOE preguntar\u00e1 en este pleno por la ley de mecenazgo | PSOE Canarias\",\"isPartOf\":{\"@id\":\"https:\/\/psoecanarias.com\/web\/#website\"},\"primaryImageOfPage\":{\"@id\":\"https:\/\/psoecanarias.com\/web\/el-psoe-preguntara-en-este-pleno-por-la-ley-de-mecenazgo\/#primaryimage\"},\"image\":{\"@id\":\"https:\/\/psoecanarias.com\/web\/el-psoe-preguntara-en-este-pleno-por-la-ley-de-mecenazgo\/#primaryimage\"},\"thumbnailUrl\":\"https:\/\/psoecanarias.com\/web\/wp-content\/uploads\/2016\/04\/20160331-097-e1460369865275.jpg\",\"datePublished\":\"2016-04-11T10:17:57+00:00\",\"author\":{\"@id\":\"https:\/\/psoecanarias.com\/web\/#\/schema\/person\/1ae43f9659d2fc599ca69c11e1dbf26f\"},\"breadcrumb\":{\"@id\":\"https:\/\/psoecanarias.com\/web\/el-psoe-preguntara-en-este-pleno-por-la-ley-de-mecenazgo\/#breadcrumb\"},\"inLanguage\":\"es\",\"potentialAction\":[{\"@type\":\"ReadAction\",\"target\":[\"https:\/\/psoecanarias.com\/web\/el-psoe-preguntara-en-este-pleno-por-la-ley-de-mecenazgo\/\"]}]},{\"@type\":\"ImageObject\",\"inLanguage\":\"es\",\"@id\":\"https:\/\/psoecanarias.com\/web\/el-psoe-preguntara-en-este-pleno-por-la-ley-de-mecenazgo\/#primaryimage\",\"url\":\"https:\/\/psoecanarias.com\/web\/wp-content\/uploads\/2016\/04\/20160331-097-e1460369865275.jpg\",\"contentUrl\":\"https:\/\/psoecanarias.com\/web\/wp-content\/uploads\/2016\/04\/20160331-097-e1460369865275.jpg\",\"width\":900,\"height\":600},{\"@type\":\"BreadcrumbList\",\"@id\":\"https:\/\/psoecanarias.com\/web\/el-psoe-preguntara-en-este-pleno-por-la-ley-de-mecenazgo\/#breadcrumb\",\"itemListElement\":[{\"@type\":\"ListItem\",\"position\":1,\"name\":\"Portada\",\"item\":\"https:\/\/psoecanarias.com\/web\/\"},{\"@type\":\"ListItem\",\"position\":2,\"name\":\"El PSOE preguntar\u00e1 en este pleno por la ley de mecenazgo\"}]},{\"@type\":\"WebSite\",\"@id\":\"https:\/\/psoecanarias.com\/web\/#website\",\"url\":\"https:\/\/psoecanarias.com\/web\/\",\"name\":\"PSOE Canarias\",\"description\":\"Partido Socialista Obrero Espa\u00f1ol Canarias\",\"potentialAction\":[{\"@type\":\"SearchAction\",\"target\":{\"@type\":\"EntryPoint\",\"urlTemplate\":\"https:\/\/psoecanarias.com\/web\/?s={search_term_string}\"},\"query-input\":{\"@type\":\"PropertyValueSpecification\",\"valueRequired\":true,\"valueName\":\"search_term_string\"}}],\"inLanguage\":\"es\"},{\"@type\":\"Person\",\"@id\":\"https:\/\/psoecanarias.com\/web\/#\/schema\/person\/1ae43f9659d2fc599ca69c11e1dbf26f\",\"name\":\"PSOE Canarias\",\"image\":{\"@type\":\"ImageObject\",\"inLanguage\":\"es\",\"@id\":\"https:\/\/secure.gravatar.com\/avatar\/4364d37f6f6f9cdb7af199b46151565f37d8a8c3c0e04c1d78c04e857a15e3a8?s=96&d=mm&r=g\",\"url\":\"https:\/\/secure.gravatar.com\/avatar\/4364d37f6f6f9cdb7af199b46151565f37d8a8c3c0e04c1d78c04e857a15e3a8?s=96&d=mm&r=g\",\"contentUrl\":\"https:\/\/secure.gravatar.com\/avatar\/4364d37f6f6f9cdb7af199b46151565f37d8a8c3c0e04c1d78c04e857a15e3a8?s=96&d=mm&r=g\",\"caption\":\"PSOE Canarias\"},\"url\":\"https:\/\/psoecanarias.com\/web\/author\/admin\/\"}]}<\/script>\n<!-- \/ Yoast SEO plugin. -->","yoast_head_json":{"title":"El PSOE preguntar\u00e1 en este pleno por la ley de mecenazgo | PSOE Canarias","robots":{"index":"index","follow":"follow","max-snippet":"max-snippet:-1","max-image-preview":"max-image-preview:large","max-video-preview":"max-video-preview:-1"},"canonical":"https:\/\/psoecanarias.com\/web\/el-psoe-preguntara-en-este-pleno-por-la-ley-de-mecenazgo\/","og_locale":"es_ES","og_type":"article","og_title":"El PSOE preguntar\u00e1 en este pleno por la ley de mecenazgo | PSOE Canarias","og_description":"Mar\u00eda Victoria Hern\u00e1ndez subraya que el PSOE considera igual de importantes y urgentes las leyes de archivo, bibliotecas, patrimonio hist\u00f3rico y mecenazgo","og_url":"https:\/\/psoecanarias.com\/web\/el-psoe-preguntara-en-este-pleno-por-la-ley-de-mecenazgo\/","og_site_name":"PSOE Canarias","article_published_time":"2016-04-11T10:17:57+00:00","og_image":[{"width":900,"height":600,"url":"https:\/\/psoecanarias.com\/web\/wp-content\/uploads\/2016\/04\/20160331-097-e1460369865275.jpg","type":"image\/jpeg"}],"author":"PSOE Canarias","twitter_card":"summary_large_image","schema":{"@context":"https:\/\/schema.org","@graph":[{"@type":"Article","@id":"https:\/\/psoecanarias.com\/web\/el-psoe-preguntara-en-este-pleno-por-la-ley-de-mecenazgo\/#article","isPartOf":{"@id":"https:\/\/psoecanarias.com\/web\/el-psoe-preguntara-en-este-pleno-por-la-ley-de-mecenazgo\/"},"author":{"name":"PSOE Canarias","@id":"https:\/\/psoecanarias.com\/web\/#\/schema\/person\/1ae43f9659d2fc599ca69c11e1dbf26f"},"headline":"El PSOE preguntar\u00e1 en este pleno por la ley de mecenazgo","datePublished":"2016-04-11T10:17:57+00:00","mainEntityOfPage":{"@id":"https:\/\/psoecanarias.com\/web\/el-psoe-preguntara-en-este-pleno-por-la-ley-de-mecenazgo\/"},"wordCount":290,"commentCount":0,"image":{"@id":"https:\/\/psoecanarias.com\/web\/el-psoe-preguntara-en-este-pleno-por-la-ley-de-mecenazgo\/#primaryimage"},"thumbnailUrl":"https:\/\/psoecanarias.com\/web\/wp-content\/uploads\/2016\/04\/20160331-097-e1460369865275.jpg","keywords":["Cultura","Diputada","Grupo Parlamentario Socialista Canario","Ley de mecenazgo","Mar\u00eda Victoria Hern\u00e1ndez P\u00e9rez","Parlamento"],"articleSection":["Pol\u00edtica"],"inLanguage":"es","potentialAction":[{"@type":"CommentAction","name":"Comment","target":["https:\/\/psoecanarias.com\/web\/el-psoe-preguntara-en-este-pleno-por-la-ley-de-mecenazgo\/#respond"]}]},{"@type":"WebPage","@id":"https:\/\/psoecanarias.com\/web\/el-psoe-preguntara-en-este-pleno-por-la-ley-de-mecenazgo\/","url":"https:\/\/psoecanarias.com\/web\/el-psoe-preguntara-en-este-pleno-por-la-ley-de-mecenazgo\/","name":"El PSOE preguntar\u00e1 en este pleno por la ley de mecenazgo | PSOE Canarias","isPartOf":{"@id":"https:\/\/psoecanarias.com\/web\/#website"},"primaryImageOfPage":{"@id":"https:\/\/psoecanarias.com\/web\/el-psoe-preguntara-en-este-pleno-por-la-ley-de-mecenazgo\/#primaryimage"},"image":{"@id":"https:\/\/psoecanarias.com\/web\/el-psoe-preguntara-en-este-pleno-por-la-ley-de-mecenazgo\/#primaryimage"},"thumbnailUrl":"https:\/\/psoecanarias.com\/web\/wp-content\/uploads\/2016\/04\/20160331-097-e1460369865275.jpg","datePublished":"2016-04-11T10:17:57+00:00","author":{"@id":"https:\/\/psoecanarias.com\/web\/#\/schema\/person\/1ae43f9659d2fc599ca69c11e1dbf26f"},"breadcrumb":{"@id":"https:\/\/psoecanarias.com\/web\/el-psoe-preguntara-en-este-pleno-por-la-ley-de-mecenazgo\/#breadcrumb"},"inLanguage":"es","potentialAction":[{"@type":"ReadAction","target":["https:\/\/psoecanarias.com\/web\/el-psoe-preguntara-en-este-pleno-por-la-ley-de-mecenazgo\/"]}]},{"@type":"ImageObject","inLanguage":"es","@id":"https:\/\/psoecanarias.com\/web\/el-psoe-preguntara-en-este-pleno-por-la-ley-de-mecenazgo\/#primaryimage","url":"https:\/\/psoecanarias.com\/web\/wp-content\/uploads\/2016\/04\/20160331-097-e1460369865275.jpg","contentUrl":"https:\/\/psoecanarias.com\/web\/wp-content\/uploads\/2016\/04\/20160331-097-e1460369865275.jpg","width":900,"height":600},{"@type":"BreadcrumbList","@id":"https:\/\/psoecanarias.com\/web\/el-psoe-preguntara-en-este-pleno-por-la-ley-de-mecenazgo\/#breadcrumb","itemListElement":[{"@type":"ListItem","position":1,"name":"Portada","item":"https:\/\/psoecanarias.com\/web\/"},{"@type":"ListItem","position":2,"name":"El PSOE preguntar\u00e1 en este pleno por la ley de mecenazgo"}]},{"@type":"WebSite","@id":"https:\/\/psoecanarias.com\/web\/#website","url":"https:\/\/psoecanarias.com\/web\/","name":"PSOE Canarias","description":"Partido Socialista Obrero Espa\u00f1ol Canarias","potentialAction":[{"@type":"SearchAction","target":{"@type":"EntryPoint","urlTemplate":"https:\/\/psoecanarias.com\/web\/?s={search_term_string}"},"query-input":{"@type":"PropertyValueSpecification","valueRequired":true,"valueName":"search_term_string"}}],"inLanguage":"es"},{"@type":"Person","@id":"https:\/\/psoecanarias.com\/web\/#\/schema\/person\/1ae43f9659d2fc599ca69c11e1dbf26f","name":"PSOE Canarias","image":{"@type":"ImageObject","inLanguage":"es","@id":"https:\/\/secure.gravatar.com\/avatar\/4364d37f6f6f9cdb7af199b46151565f37d8a8c3c0e04c1d78c04e857a15e3a8?s=96&d=mm&r=g","url":"https:\/\/secure.gravatar.com\/avatar\/4364d37f6f6f9cdb7af199b46151565f37d8a8c3c0e04c1d78c04e857a15e3a8?s=96&d=mm&r=g","contentUrl":"https:\/\/secure.gravatar.com\/avatar\/4364d37f6f6f9cdb7af199b46151565f37d8a8c3c0e04c1d78c04e857a15e3a8?s=96&d=mm&r=g","caption":"PSOE Canarias"},"url":"https:\/\/psoecanarias.com\/web\/author\/admin\/"}]}},"_links":{"self":[{"href":"https:\/\/psoecanarias.com\/web\/wp-json\/wp\/v2\/posts\/1807","targetHints":{"allow":["GET"]}}],"collection":[{"href":"https:\/\/psoecanarias.com\/web\/wp-json\/wp\/v2\/posts"}],"about":[{"href":"https:\/\/psoecanarias.com\/web\/wp-json\/wp\/v2\/types\/post"}],"author":[{"embeddable":true,"href":"https:\/\/psoecanarias.com\/web\/wp-json\/wp\/v2\/users\/1"}],"replies":[{"embeddable":true,"href":"https:\/\/psoecanarias.com\/web\/wp-json\/wp\/v2\/comments?post=1807"}],"version-history":[{"count":1,"href":"https:\/\/psoecanarias.com\/web\/wp-json\/wp\/v2\/posts\/1807\/revisions"}],"predecessor-version":[{"id":1809,"href":"https:\/\/psoecanarias.com\/web\/wp-json\/wp\/v2\/posts\/1807\/revisions\/1809"}],"wp:featuredmedia":[{"embeddable":true,"href":"https:\/\/psoecanarias.com\/web\/wp-json\/wp\/v2\/media\/1808"}],"wp:attachment":[{"href":"https:\/\/psoecanarias.com\/web\/wp-json\/wp\/v2\/media?parent=1807"}],"wp:term":[{"taxonomy":"category","embeddable":true,"href":"https:\/\/psoecanarias.com\/web\/wp-json\/wp\/v2\/categories?post=1807"},{"taxonomy":"post_tag","embeddable":true,"href":"https:\/\/psoecanarias.com\/web\/wp-json\/wp\/v2\/tags?post=1807"}],"curies":[{"name":"wp","href":"https:\/\/api.w.org\/{rel}","templated":true}]}}