{"id":1813,"date":"2016-04-11T13:37:52","date_gmt":"2016-04-11T12:37:52","guid":{"rendered":"http:\/\/psoecanarias.com\/web\/?p=1813"},"modified":"2016-04-11T13:37:52","modified_gmt":"2016-04-11T12:37:52","slug":"el-psoe-pregunta-manana-a-educacion-por-las-acciones-que-desarrolla-en-igualdad-y-contra-la-violencia-de-genero","status":"publish","type":"post","link":"https:\/\/psoecanarias.com\/web\/el-psoe-pregunta-manana-a-educacion-por-las-acciones-que-desarrolla-en-igualdad-y-contra-la-violencia-de-genero\/","title":{"rendered":"El PSOE pregunta ma\u00f1ana a Educaci\u00f3n por las acciones que desarrolla en igualdad y contra la violencia de g\u00e9nero"},"content":{"rendered":"<p style=\"text-align: justify;\"><em>XH\/<\/em>\u00a0El Grupo Parlamentario Socialista preguntar\u00e1 al Gobierno, en el pleno previsto para esta semana, por las acciones que est\u00e1 desarrollando la Consejer\u00eda de Educaci\u00f3n en materia de igualdad de g\u00e9nero y para luchar en la prevenci\u00f3n de la violencia hacia las mujeres.<\/p>\n<p style=\"text-align: justify;\">La portavoz de Igualdad del PSOE en la C\u00e1mara, Ventura del Carmen Rodr\u00edguez, se\u00f1ala que, pese a los logros alcanzados en los \u00faltimos a\u00f1os, \u201cvivimos a\u00fan en una sociedad que contin\u00faa siendo desigual, donde se repiten los roles y se perpet\u00faan los estereotipos\u201d. Subraya que el exponente m\u00e1ximo de esa cultura desigual lo representa la violencia hacia las mujeres.<\/p>\n<p style=\"text-align: justify;\">\u201cLa lucha por la igualdad de las mujeres ha sido siempre una se\u00f1a de identidad del PSOE\u201d, recuerda la parlamentaria del PSOE, quien hace hincapi\u00e9 en que el \u00e1mbito educativo es clave, \u201ces la llave hacia un futuro mejor\u201d. Rodr\u00edguez Herrera considera que para conseguir una sociedad m\u00e1s justa es preciso desarrollar pol\u00edticas de promoci\u00f3n de la igualdad desde distintos \u00e1mbitos: familiar, social, laboral y educativo, \u201ceste \u00faltimo como mejor instrumento para la prevenci\u00f3n\u201d.<\/p>\n<p style=\"text-align: justify;\">Otra de las iniciativas que en materia de educaci\u00f3n lleva el PSOE a este pleno es la pregunta que la diputada Ana Gonz\u00e1lez formular\u00e1 al Gobierno acerca de la decisi\u00f3n del Congreso de los Diputados de paralizar la aplicaci\u00f3n del calendario de la Lomce. Al respecto, recuerda que la mayor\u00eda de la C\u00e1mara Baja apoy\u00f3 el pasado martes la proposici\u00f3n de ley del PSOE por la que se pide la paralizaci\u00f3n del calendario de implantaci\u00f3n de la norma, en concreto las rev\u00e1lidas de 6\u00ba de Educaci\u00f3n Primaria, previstas para mayo de esta a\u00f1o y que afectan a m\u00e1s de 400.000 alumnos y alumnas en toda Espa\u00f1a.<\/p>\n<p style=\"text-align: justify;\">\n<p style=\"text-align: justify;\"><strong>PARO Y D\u00c9FICIT<\/strong><\/p>\n<p style=\"text-align: justify;\">La presidenta del Grupo Socialista, Dolores Corujo, pedir\u00e1 en este pleno al presidente del Gobierno su valoraci\u00f3n de los \u00faltimos datos del paro en Canarias, de los que se desprende un descenso de de 744 demandantes de empleo en las islas, esto es, una reducci\u00f3n del 0,3 por ciento en relaci\u00f3n con febrero. Los datos interanuales apuntan a una bajada de 13.963 personas (-5,4 por ciento), mientras que los datos de afiliaci\u00f3n a la Seguridad Social tambi\u00e9n son positivos en el Archipi\u00e9lago. Corujo valora que marzo haya registrado un nuevo descenso del desempleo que en ning\u00fan caso se puede vincular a la estacionalidad, aunque subraya la necesidad de continuar trabajando para reducir las cifras del que es uno de los problemas m\u00e1s graves que sufren las islas.<\/p>\n<p style=\"text-align: justify;\">El PSOE tambi\u00e9n preguntar\u00e1 al Gobierno por la afecci\u00f3n de las recomendaciones de la Comisi\u00f3n Europea ante el incumplimiento del objetivo del d\u00e9ficit por el Gobierno de Espa\u00f1a. En este caso, el diputado Manuel Marcos P\u00e9rez Hern\u00e1ndez insistir\u00e1 en que Canarias es una de las comunidades aut\u00f3nomas peores financiadas, pese a ser de las m\u00e1s cumplidoras del objetivo del d\u00e9ficit y estar a la cabeza en la mejora de pol\u00edticas sociales, educativas y sanitarias.<\/p>\n<p style=\"text-align: justify;\">\n<p>&nbsp;<\/p>\n","protected":false},"excerpt":{"rendered":"<p>El Grupo Socialista tambi\u00e9n pondr\u00e1 sobre la mesa los \u00faltimos datos del paro, el d\u00e9ficit y la Lomce, entre otros asuntos<\/p>\n","protected":false},"author":1,"featured_media":1814,"comment_status":"open","ping_status":"open","sticky":false,"template":"","format":"standard","meta":{"footnotes":""},"categories":[7],"tags":[302,132,293,124,37,151],"class_list":["post-1813","post","type-post","status-publish","format-standard","has-post-thumbnail","hentry","category-politica","tag-diputada","tag-educacion","tag-grupo-parlamentario-socialista-canario","tag-igualdad","tag-parlamento","tag-ventura-del-carmen-rodriguez"],"featured_image_src":"https:\/\/psoecanarias.com\/web\/wp-content\/uploads\/2016\/04\/20160331-038-e1460378250367.jpg","author_info":{"display_name":"PSOE Canarias","author_link":"https:\/\/psoecanarias.com\/web\/author\/admin\/"},"yoast_head":"<!-- This site is optimized with the Yoast SEO plugin v27.2 - https:\/\/yoast.com\/product\/yoast-seo-wordpress\/ -->\n<title>El PSOE pregunta ma\u00f1ana a Educaci\u00f3n por las acciones que desarrolla en igualdad y contra la violencia de g\u00e9nero | PSOE Canarias<\/title>\n<meta name=\"robots\" content=\"index, follow, max-snippet:-1, max-image-preview:large, max-video-preview:-1\" \/>\n<link rel=\"canonical\" href=\"https:\/\/psoecanarias.com\/web\/el-psoe-pregunta-manana-a-educacion-por-las-acciones-que-desarrolla-en-igualdad-y-contra-la-violencia-de-genero\/\" \/>\n<meta property=\"og:locale\" content=\"es_ES\" \/>\n<meta property=\"og:type\" content=\"article\" \/>\n<meta property=\"og:title\" content=\"El PSOE pregunta ma\u00f1ana a Educaci\u00f3n por las acciones que desarrolla en igualdad y contra la violencia de g\u00e9nero | PSOE Canarias\" \/>\n<meta property=\"og:description\" content=\"El Grupo Socialista tambi\u00e9n pondr\u00e1 sobre la mesa los \u00faltimos datos del paro, el d\u00e9ficit y la Lomce, entre otros asuntos\" \/>\n<meta property=\"og:url\" content=\"https:\/\/psoecanarias.com\/web\/el-psoe-pregunta-manana-a-educacion-por-las-acciones-que-desarrolla-en-igualdad-y-contra-la-violencia-de-genero\/\" \/>\n<meta property=\"og:site_name\" content=\"PSOE Canarias\" \/>\n<meta property=\"article:published_time\" content=\"2016-04-11T12:37:52+00:00\" \/>\n<meta property=\"og:image\" content=\"https:\/\/psoecanarias.com\/web\/wp-content\/uploads\/2016\/04\/20160331-038-e1460378250367.jpg\" \/>\n\t<meta property=\"og:image:width\" content=\"900\" \/>\n\t<meta property=\"og:image:height\" content=\"600\" \/>\n\t<meta property=\"og:image:type\" content=\"image\/jpeg\" \/>\n<meta name=\"author\" content=\"PSOE Canarias\" \/>\n<meta name=\"twitter:card\" content=\"summary_large_image\" \/>\n<script type=\"application\/ld+json\" class=\"yoast-schema-graph\">{\"@context\":\"https:\/\/schema.org\",\"@graph\":[{\"@type\":\"Article\",\"@id\":\"https:\/\/psoecanarias.com\/web\/el-psoe-pregunta-manana-a-educacion-por-las-acciones-que-desarrolla-en-igualdad-y-contra-la-violencia-de-genero\/#article\",\"isPartOf\":{\"@id\":\"https:\/\/psoecanarias.com\/web\/el-psoe-pregunta-manana-a-educacion-por-las-acciones-que-desarrolla-en-igualdad-y-contra-la-violencia-de-genero\/\"},\"author\":{\"name\":\"PSOE Canarias\",\"@id\":\"https:\/\/psoecanarias.com\/web\/#\/schema\/person\/1ae43f9659d2fc599ca69c11e1dbf26f\"},\"headline\":\"El PSOE pregunta ma\u00f1ana a Educaci\u00f3n por las acciones que desarrolla en igualdad y contra la violencia de g\u00e9nero\",\"datePublished\":\"2016-04-11T12:37:52+00:00\",\"mainEntityOfPage\":{\"@id\":\"https:\/\/psoecanarias.com\/web\/el-psoe-pregunta-manana-a-educacion-por-las-acciones-que-desarrolla-en-igualdad-y-contra-la-violencia-de-genero\/\"},\"wordCount\":556,\"commentCount\":0,\"image\":{\"@id\":\"https:\/\/psoecanarias.com\/web\/el-psoe-pregunta-manana-a-educacion-por-las-acciones-que-desarrolla-en-igualdad-y-contra-la-violencia-de-genero\/#primaryimage\"},\"thumbnailUrl\":\"https:\/\/psoecanarias.com\/web\/wp-content\/uploads\/2016\/04\/20160331-038-e1460378250367.jpg\",\"keywords\":[\"Diputada\",\"educaci\u00f3n\",\"Grupo Parlamentario Socialista Canario\",\"igualdad\",\"Parlamento\",\"Ventura del Carmen Rodr\u00edguez\"],\"articleSection\":[\"Pol\u00edtica\"],\"inLanguage\":\"es\",\"potentialAction\":[{\"@type\":\"CommentAction\",\"name\":\"Comment\",\"target\":[\"https:\/\/psoecanarias.com\/web\/el-psoe-pregunta-manana-a-educacion-por-las-acciones-que-desarrolla-en-igualdad-y-contra-la-violencia-de-genero\/#respond\"]}]},{\"@type\":\"WebPage\",\"@id\":\"https:\/\/psoecanarias.com\/web\/el-psoe-pregunta-manana-a-educacion-por-las-acciones-que-desarrolla-en-igualdad-y-contra-la-violencia-de-genero\/\",\"url\":\"https:\/\/psoecanarias.com\/web\/el-psoe-pregunta-manana-a-educacion-por-las-acciones-que-desarrolla-en-igualdad-y-contra-la-violencia-de-genero\/\",\"name\":\"El PSOE pregunta ma\u00f1ana a Educaci\u00f3n por las acciones que desarrolla en igualdad y contra la violencia de g\u00e9nero | PSOE Canarias\",\"isPartOf\":{\"@id\":\"https:\/\/psoecanarias.com\/web\/#website\"},\"primaryImageOfPage\":{\"@id\":\"https:\/\/psoecanarias.com\/web\/el-psoe-pregunta-manana-a-educacion-por-las-acciones-que-desarrolla-en-igualdad-y-contra-la-violencia-de-genero\/#primaryimage\"},\"image\":{\"@id\":\"https:\/\/psoecanarias.com\/web\/el-psoe-pregunta-manana-a-educacion-por-las-acciones-que-desarrolla-en-igualdad-y-contra-la-violencia-de-genero\/#primaryimage\"},\"thumbnailUrl\":\"https:\/\/psoecanarias.com\/web\/wp-content\/uploads\/2016\/04\/20160331-038-e1460378250367.jpg\",\"datePublished\":\"2016-04-11T12:37:52+00:00\",\"author\":{\"@id\":\"https:\/\/psoecanarias.com\/web\/#\/schema\/person\/1ae43f9659d2fc599ca69c11e1dbf26f\"},\"breadcrumb\":{\"@id\":\"https:\/\/psoecanarias.com\/web\/el-psoe-pregunta-manana-a-educacion-por-las-acciones-que-desarrolla-en-igualdad-y-contra-la-violencia-de-genero\/#breadcrumb\"},\"inLanguage\":\"es\",\"potentialAction\":[{\"@type\":\"ReadAction\",\"target\":[\"https:\/\/psoecanarias.com\/web\/el-psoe-pregunta-manana-a-educacion-por-las-acciones-que-desarrolla-en-igualdad-y-contra-la-violencia-de-genero\/\"]}]},{\"@type\":\"ImageObject\",\"inLanguage\":\"es\",\"@id\":\"https:\/\/psoecanarias.com\/web\/el-psoe-pregunta-manana-a-educacion-por-las-acciones-que-desarrolla-en-igualdad-y-contra-la-violencia-de-genero\/#primaryimage\",\"url\":\"https:\/\/psoecanarias.com\/web\/wp-content\/uploads\/2016\/04\/20160331-038-e1460378250367.jpg\",\"contentUrl\":\"https:\/\/psoecanarias.com\/web\/wp-content\/uploads\/2016\/04\/20160331-038-e1460378250367.jpg\",\"width\":900,\"height\":600},{\"@type\":\"BreadcrumbList\",\"@id\":\"https:\/\/psoecanarias.com\/web\/el-psoe-pregunta-manana-a-educacion-por-las-acciones-que-desarrolla-en-igualdad-y-contra-la-violencia-de-genero\/#breadcrumb\",\"itemListElement\":[{\"@type\":\"ListItem\",\"position\":1,\"name\":\"Portada\",\"item\":\"https:\/\/psoecanarias.com\/web\/\"},{\"@type\":\"ListItem\",\"position\":2,\"name\":\"El PSOE pregunta ma\u00f1ana a Educaci\u00f3n por las acciones que desarrolla en igualdad y contra la violencia de g\u00e9nero\"}]},{\"@type\":\"WebSite\",\"@id\":\"https:\/\/psoecanarias.com\/web\/#website\",\"url\":\"https:\/\/psoecanarias.com\/web\/\",\"name\":\"PSOE Canarias\",\"description\":\"Partido Socialista Obrero Espa\u00f1ol Canarias\",\"potentialAction\":[{\"@type\":\"SearchAction\",\"target\":{\"@type\":\"EntryPoint\",\"urlTemplate\":\"https:\/\/psoecanarias.com\/web\/?s={search_term_string}\"},\"query-input\":{\"@type\":\"PropertyValueSpecification\",\"valueRequired\":true,\"valueName\":\"search_term_string\"}}],\"inLanguage\":\"es\"},{\"@type\":\"Person\",\"@id\":\"https:\/\/psoecanarias.com\/web\/#\/schema\/person\/1ae43f9659d2fc599ca69c11e1dbf26f\",\"name\":\"PSOE Canarias\",\"image\":{\"@type\":\"ImageObject\",\"inLanguage\":\"es\",\"@id\":\"https:\/\/secure.gravatar.com\/avatar\/4364d37f6f6f9cdb7af199b46151565f37d8a8c3c0e04c1d78c04e857a15e3a8?s=96&d=mm&r=g\",\"url\":\"https:\/\/secure.gravatar.com\/avatar\/4364d37f6f6f9cdb7af199b46151565f37d8a8c3c0e04c1d78c04e857a15e3a8?s=96&d=mm&r=g\",\"contentUrl\":\"https:\/\/secure.gravatar.com\/avatar\/4364d37f6f6f9cdb7af199b46151565f37d8a8c3c0e04c1d78c04e857a15e3a8?s=96&d=mm&r=g\",\"caption\":\"PSOE Canarias\"},\"url\":\"https:\/\/psoecanarias.com\/web\/author\/admin\/\"}]}<\/script>\n<!-- \/ Yoast SEO plugin. -->","yoast_head_json":{"title":"El PSOE pregunta ma\u00f1ana a Educaci\u00f3n por las acciones que desarrolla en igualdad y contra la violencia de g\u00e9nero | PSOE Canarias","robots":{"index":"index","follow":"follow","max-snippet":"max-snippet:-1","max-image-preview":"max-image-preview:large","max-video-preview":"max-video-preview:-1"},"canonical":"https:\/\/psoecanarias.com\/web\/el-psoe-pregunta-manana-a-educacion-por-las-acciones-que-desarrolla-en-igualdad-y-contra-la-violencia-de-genero\/","og_locale":"es_ES","og_type":"article","og_title":"El PSOE pregunta ma\u00f1ana a Educaci\u00f3n por las acciones que desarrolla en igualdad y contra la violencia de g\u00e9nero | PSOE Canarias","og_description":"El Grupo Socialista tambi\u00e9n pondr\u00e1 sobre la mesa los \u00faltimos datos del paro, el d\u00e9ficit y la Lomce, entre otros asuntos","og_url":"https:\/\/psoecanarias.com\/web\/el-psoe-pregunta-manana-a-educacion-por-las-acciones-que-desarrolla-en-igualdad-y-contra-la-violencia-de-genero\/","og_site_name":"PSOE Canarias","article_published_time":"2016-04-11T12:37:52+00:00","og_image":[{"width":900,"height":600,"url":"https:\/\/psoecanarias.com\/web\/wp-content\/uploads\/2016\/04\/20160331-038-e1460378250367.jpg","type":"image\/jpeg"}],"author":"PSOE Canarias","twitter_card":"summary_large_image","schema":{"@context":"https:\/\/schema.org","@graph":[{"@type":"Article","@id":"https:\/\/psoecanarias.com\/web\/el-psoe-pregunta-manana-a-educacion-por-las-acciones-que-desarrolla-en-igualdad-y-contra-la-violencia-de-genero\/#article","isPartOf":{"@id":"https:\/\/psoecanarias.com\/web\/el-psoe-pregunta-manana-a-educacion-por-las-acciones-que-desarrolla-en-igualdad-y-contra-la-violencia-de-genero\/"},"author":{"name":"PSOE Canarias","@id":"https:\/\/psoecanarias.com\/web\/#\/schema\/person\/1ae43f9659d2fc599ca69c11e1dbf26f"},"headline":"El PSOE pregunta ma\u00f1ana a Educaci\u00f3n por las acciones que desarrolla en igualdad y contra la violencia de g\u00e9nero","datePublished":"2016-04-11T12:37:52+00:00","mainEntityOfPage":{"@id":"https:\/\/psoecanarias.com\/web\/el-psoe-pregunta-manana-a-educacion-por-las-acciones-que-desarrolla-en-igualdad-y-contra-la-violencia-de-genero\/"},"wordCount":556,"commentCount":0,"image":{"@id":"https:\/\/psoecanarias.com\/web\/el-psoe-pregunta-manana-a-educacion-por-las-acciones-que-desarrolla-en-igualdad-y-contra-la-violencia-de-genero\/#primaryimage"},"thumbnailUrl":"https:\/\/psoecanarias.com\/web\/wp-content\/uploads\/2016\/04\/20160331-038-e1460378250367.jpg","keywords":["Diputada","educaci\u00f3n","Grupo Parlamentario Socialista Canario","igualdad","Parlamento","Ventura del Carmen Rodr\u00edguez"],"articleSection":["Pol\u00edtica"],"inLanguage":"es","potentialAction":[{"@type":"CommentAction","name":"Comment","target":["https:\/\/psoecanarias.com\/web\/el-psoe-pregunta-manana-a-educacion-por-las-acciones-que-desarrolla-en-igualdad-y-contra-la-violencia-de-genero\/#respond"]}]},{"@type":"WebPage","@id":"https:\/\/psoecanarias.com\/web\/el-psoe-pregunta-manana-a-educacion-por-las-acciones-que-desarrolla-en-igualdad-y-contra-la-violencia-de-genero\/","url":"https:\/\/psoecanarias.com\/web\/el-psoe-pregunta-manana-a-educacion-por-las-acciones-que-desarrolla-en-igualdad-y-contra-la-violencia-de-genero\/","name":"El PSOE pregunta ma\u00f1ana a Educaci\u00f3n por las acciones que desarrolla en igualdad y contra la violencia de g\u00e9nero | PSOE Canarias","isPartOf":{"@id":"https:\/\/psoecanarias.com\/web\/#website"},"primaryImageOfPage":{"@id":"https:\/\/psoecanarias.com\/web\/el-psoe-pregunta-manana-a-educacion-por-las-acciones-que-desarrolla-en-igualdad-y-contra-la-violencia-de-genero\/#primaryimage"},"image":{"@id":"https:\/\/psoecanarias.com\/web\/el-psoe-pregunta-manana-a-educacion-por-las-acciones-que-desarrolla-en-igualdad-y-contra-la-violencia-de-genero\/#primaryimage"},"thumbnailUrl":"https:\/\/psoecanarias.com\/web\/wp-content\/uploads\/2016\/04\/20160331-038-e1460378250367.jpg","datePublished":"2016-04-11T12:37:52+00:00","author":{"@id":"https:\/\/psoecanarias.com\/web\/#\/schema\/person\/1ae43f9659d2fc599ca69c11e1dbf26f"},"breadcrumb":{"@id":"https:\/\/psoecanarias.com\/web\/el-psoe-pregunta-manana-a-educacion-por-las-acciones-que-desarrolla-en-igualdad-y-contra-la-violencia-de-genero\/#breadcrumb"},"inLanguage":"es","potentialAction":[{"@type":"ReadAction","target":["https:\/\/psoecanarias.com\/web\/el-psoe-pregunta-manana-a-educacion-por-las-acciones-que-desarrolla-en-igualdad-y-contra-la-violencia-de-genero\/"]}]},{"@type":"ImageObject","inLanguage":"es","@id":"https:\/\/psoecanarias.com\/web\/el-psoe-pregunta-manana-a-educacion-por-las-acciones-que-desarrolla-en-igualdad-y-contra-la-violencia-de-genero\/#primaryimage","url":"https:\/\/psoecanarias.com\/web\/wp-content\/uploads\/2016\/04\/20160331-038-e1460378250367.jpg","contentUrl":"https:\/\/psoecanarias.com\/web\/wp-content\/uploads\/2016\/04\/20160331-038-e1460378250367.jpg","width":900,"height":600},{"@type":"BreadcrumbList","@id":"https:\/\/psoecanarias.com\/web\/el-psoe-pregunta-manana-a-educacion-por-las-acciones-que-desarrolla-en-igualdad-y-contra-la-violencia-de-genero\/#breadcrumb","itemListElement":[{"@type":"ListItem","position":1,"name":"Portada","item":"https:\/\/psoecanarias.com\/web\/"},{"@type":"ListItem","position":2,"name":"El PSOE pregunta ma\u00f1ana a Educaci\u00f3n por las acciones que desarrolla en igualdad y contra la violencia de g\u00e9nero"}]},{"@type":"WebSite","@id":"https:\/\/psoecanarias.com\/web\/#website","url":"https:\/\/psoecanarias.com\/web\/","name":"PSOE Canarias","description":"Partido Socialista Obrero Espa\u00f1ol Canarias","potentialAction":[{"@type":"SearchAction","target":{"@type":"EntryPoint","urlTemplate":"https:\/\/psoecanarias.com\/web\/?s={search_term_string}"},"query-input":{"@type":"PropertyValueSpecification","valueRequired":true,"valueName":"search_term_string"}}],"inLanguage":"es"},{"@type":"Person","@id":"https:\/\/psoecanarias.com\/web\/#\/schema\/person\/1ae43f9659d2fc599ca69c11e1dbf26f","name":"PSOE Canarias","image":{"@type":"ImageObject","inLanguage":"es","@id":"https:\/\/secure.gravatar.com\/avatar\/4364d37f6f6f9cdb7af199b46151565f37d8a8c3c0e04c1d78c04e857a15e3a8?s=96&d=mm&r=g","url":"https:\/\/secure.gravatar.com\/avatar\/4364d37f6f6f9cdb7af199b46151565f37d8a8c3c0e04c1d78c04e857a15e3a8?s=96&d=mm&r=g","contentUrl":"https:\/\/secure.gravatar.com\/avatar\/4364d37f6f6f9cdb7af199b46151565f37d8a8c3c0e04c1d78c04e857a15e3a8?s=96&d=mm&r=g","caption":"PSOE Canarias"},"url":"https:\/\/psoecanarias.com\/web\/author\/admin\/"}]}},"_links":{"self":[{"href":"https:\/\/psoecanarias.com\/web\/wp-json\/wp\/v2\/posts\/1813","targetHints":{"allow":["GET"]}}],"collection":[{"href":"https:\/\/psoecanarias.com\/web\/wp-json\/wp\/v2\/posts"}],"about":[{"href":"https:\/\/psoecanarias.com\/web\/wp-json\/wp\/v2\/types\/post"}],"author":[{"embeddable":true,"href":"https:\/\/psoecanarias.com\/web\/wp-json\/wp\/v2\/users\/1"}],"replies":[{"embeddable":true,"href":"https:\/\/psoecanarias.com\/web\/wp-json\/wp\/v2\/comments?post=1813"}],"version-history":[{"count":1,"href":"https:\/\/psoecanarias.com\/web\/wp-json\/wp\/v2\/posts\/1813\/revisions"}],"predecessor-version":[{"id":1815,"href":"https:\/\/psoecanarias.com\/web\/wp-json\/wp\/v2\/posts\/1813\/revisions\/1815"}],"wp:featuredmedia":[{"embeddable":true,"href":"https:\/\/psoecanarias.com\/web\/wp-json\/wp\/v2\/media\/1814"}],"wp:attachment":[{"href":"https:\/\/psoecanarias.com\/web\/wp-json\/wp\/v2\/media?parent=1813"}],"wp:term":[{"taxonomy":"category","embeddable":true,"href":"https:\/\/psoecanarias.com\/web\/wp-json\/wp\/v2\/categories?post=1813"},{"taxonomy":"post_tag","embeddable":true,"href":"https:\/\/psoecanarias.com\/web\/wp-json\/wp\/v2\/tags?post=1813"}],"curies":[{"name":"wp","href":"https:\/\/api.w.org\/{rel}","templated":true}]}}