{"id":18498,"date":"2021-06-26T13:39:00","date_gmt":"2021-06-26T12:39:00","guid":{"rendered":"http:\/\/psoecanarias.com\/web\/?p=18498"},"modified":"2021-06-26T13:40:20","modified_gmt":"2021-06-26T12:40:20","slug":"nira-fierro-reivindica-el-compromiso-socialista-con-los-avances-sociales-el-feminismo-y-la-diversidad","status":"publish","type":"post","link":"https:\/\/psoecanarias.com\/web\/nira-fierro-reivindica-el-compromiso-socialista-con-los-avances-sociales-el-feminismo-y-la-diversidad\/","title":{"rendered":"Nira Fierro reivindica el compromiso socialista con los avances sociales, el feminismo y la diversidad"},"content":{"rendered":"<p><strong>Canarias, 26 de junio de 2021.\u2014 <\/strong>El PSOE ha celebrado este s\u00e1bado en Torremolinos (M\u00e1laga) la presentaci\u00f3n del cap\u00edtulo sobre \u2018Nuevos Derechos y Libertades, Pol\u00edticas de Diversidad y LGTBI\u2019, de su Ponencia Marco para el 40 Congreso, documento entre cuyas responsables est\u00e1 la vicesecretaria y presidenta del Grupo Parlamentario del PSOE de Canarias, Nira Fierro.<\/p>\n<p>\u201cEl objetivo es llegar al Congreso Federal del pr\u00f3ximo mes de octubre con un Partido Socialista muy fuerte, avanzando en derechos, que es lo que nos hizo convertirnos un d\u00eda en militantes de este partido que tiene m\u00e1s de 140 a\u00f1os de historia\u201d, ha manifestado Nira Fierro en la intervenci\u00f3n que ha abierto el acto.<\/p>\n<blockquote class=\"twitter-tweet\">\n<p dir=\"ltr\" lang=\"es\">Hay que decirle a la derecha que utiliza a los m\u00e1s vulnerables, que BASTA YA \u203c\ufe0f\ud83e\udd1a\ud83c\udffd<\/p>\n<p>El <a href=\"https:\/\/twitter.com\/hashtag\/PSOE?src=hash&amp;ref_src=twsrc%5Etfw\">#PSOE<\/a> est\u00e1 aqu\u00ed para defender la justicia social, el feminismo y la diversidad.<\/p>\n<p>\ud83c\udf39<a href=\"https:\/\/twitter.com\/NiraFierro?ref_src=twsrc%5Etfw\">@NiraFierro<\/a><\/p>\n<p>\u2764\ufe0f\ud83e\udde1\ud83d\udc9b\ud83d\udc9a\ud83d\udc99\ud83d\udc9c<a href=\"https:\/\/twitter.com\/hashtag\/DerechoASerT%C3%BA?src=hash&amp;ref_src=twsrc%5Etfw\">#DerechoASerT\u00fa<\/a> \ud83c\udff3\ufe0f\u200d\ud83c\udf08 <a href=\"https:\/\/twitter.com\/hashtag\/PonenciaPSOE?src=hash&amp;ref_src=twsrc%5Etfw\">#PonenciaPSOE<\/a> <a href=\"https:\/\/t.co\/KsrDK6ZrXq\">pic.twitter.com\/KsrDK6ZrXq<\/a><\/p>\n<p>\u2014 PSOE (@PSOE) <a href=\"https:\/\/twitter.com\/PSOE\/status\/1408721652293177346?ref_src=twsrc%5Etfw\">June 26, 2021<\/a><\/p><\/blockquote>\n<p><script async src=\"https:\/\/platform.twitter.com\/widgets.js\" charset=\"utf-8\"><\/script><\/p>\n<p>Entre los asistentes han estado, entre otros, el ministro Grande Marlaska; el alcalde de Sevilla y candidato a la comunidad aut\u00f3noma de Andaluc\u00eda, Juan Espada; Hana Jalloul, portavoz en la Asamblea de Madrid, la eurodiputada Lina G\u00e1lvez o el portavoz en el Senado, Ander Gil.<\/p>\n<p>\u201cHay que decirle a quienes intentan canjear nuestros derechos por votos, que no. A quienes utilizan nuestros derechos, especialmente de las personas m\u00e1s vulnerables, a cambio de presidencias de gobiernos auton\u00f3micos, que no. Basta ya. Que aqu\u00ed est\u00e1 el Partido Socialista. El Partido Socialista de siempre, el de la justicia social, el feminismo y la diversidad\u201d, ha afirmado la dirigente canaria.<\/p>\n<p>Fierro ha reivindicado al PSOE como \u201cel partido de los avances, pese a los recursos ante el Tribunal Constitucional\u201d, planteados por los partidos conservadores. \u201cEs una cuesti\u00f3n de derechos humanos, de dignidad, de socialismo\u201d, ha se\u00f1alado.<\/p>\n","protected":false},"excerpt":{"rendered":"<p>Presenta en M\u00e1laga la ponencia sobre diversidad que el PSOE aprobar\u00e1 en su 40 Congreso, documento del que es coordinadora <\/p>\n","protected":false},"author":1,"featured_media":18499,"comment_status":"open","ping_status":"open","sticky":false,"template":"","format":"standard","meta":{"footnotes":""},"categories":[1197,1184,7],"tags":[1200],"class_list":["post-18498","post","type-post","status-publish","format-standard","has-post-thumbnail","hentry","category-cortes-generales","category-noticias","category-politica","tag-nira-fierro"],"featured_image_src":"https:\/\/psoecanarias.com\/web\/wp-content\/uploads\/2021\/06\/Nira-Fierro-en-Malaga-01.png","author_info":{"display_name":"PSOE Canarias","author_link":"https:\/\/psoecanarias.com\/web\/author\/admin\/"},"yoast_head":"<!-- This site is optimized with the Yoast SEO plugin v27.2 - https:\/\/yoast.com\/product\/yoast-seo-wordpress\/ -->\n<title>Nira Fierro reivindica el compromiso socialista con los avances sociales, el feminismo y la diversidad | PSOE Canarias<\/title>\n<meta name=\"robots\" content=\"index, follow, max-snippet:-1, max-image-preview:large, max-video-preview:-1\" \/>\n<link rel=\"canonical\" href=\"https:\/\/psoecanarias.com\/web\/nira-fierro-reivindica-el-compromiso-socialista-con-los-avances-sociales-el-feminismo-y-la-diversidad\/\" \/>\n<meta property=\"og:locale\" content=\"es_ES\" \/>\n<meta property=\"og:type\" content=\"article\" \/>\n<meta property=\"og:title\" content=\"Nira Fierro reivindica el compromiso socialista con los avances sociales, el feminismo y la diversidad | PSOE Canarias\" \/>\n<meta property=\"og:description\" content=\"Presenta en M\u00e1laga la ponencia sobre diversidad que el PSOE aprobar\u00e1 en su 40 Congreso, documento del que es coordinadora\" \/>\n<meta property=\"og:url\" content=\"https:\/\/psoecanarias.com\/web\/nira-fierro-reivindica-el-compromiso-socialista-con-los-avances-sociales-el-feminismo-y-la-diversidad\/\" \/>\n<meta property=\"og:site_name\" content=\"PSOE Canarias\" \/>\n<meta property=\"article:published_time\" content=\"2021-06-26T12:39:00+00:00\" \/>\n<meta property=\"article:modified_time\" content=\"2021-06-26T12:40:20+00:00\" \/>\n<meta property=\"og:image\" content=\"https:\/\/psoecanarias.com\/web\/wp-content\/uploads\/2021\/06\/Nira-Fierro-en-Malaga-01.png\" \/>\n\t<meta property=\"og:image:width\" content=\"1121\" \/>\n\t<meta property=\"og:image:height\" content=\"585\" \/>\n\t<meta property=\"og:image:type\" content=\"image\/png\" \/>\n<meta name=\"author\" content=\"PSOE Canarias\" \/>\n<meta name=\"twitter:card\" content=\"summary_large_image\" \/>\n<script type=\"application\/ld+json\" class=\"yoast-schema-graph\">{\"@context\":\"https:\/\/schema.org\",\"@graph\":[{\"@type\":\"Article\",\"@id\":\"https:\/\/psoecanarias.com\/web\/nira-fierro-reivindica-el-compromiso-socialista-con-los-avances-sociales-el-feminismo-y-la-diversidad\/#article\",\"isPartOf\":{\"@id\":\"https:\/\/psoecanarias.com\/web\/nira-fierro-reivindica-el-compromiso-socialista-con-los-avances-sociales-el-feminismo-y-la-diversidad\/\"},\"author\":{\"name\":\"PSOE Canarias\",\"@id\":\"https:\/\/psoecanarias.com\/web\/#\/schema\/person\/1ae43f9659d2fc599ca69c11e1dbf26f\"},\"headline\":\"Nira Fierro reivindica el compromiso socialista con los avances sociales, el feminismo y la diversidad\",\"datePublished\":\"2021-06-26T12:39:00+00:00\",\"dateModified\":\"2021-06-26T12:40:20+00:00\",\"mainEntityOfPage\":{\"@id\":\"https:\/\/psoecanarias.com\/web\/nira-fierro-reivindica-el-compromiso-socialista-con-los-avances-sociales-el-feminismo-y-la-diversidad\/\"},\"wordCount\":321,\"commentCount\":0,\"image\":{\"@id\":\"https:\/\/psoecanarias.com\/web\/nira-fierro-reivindica-el-compromiso-socialista-con-los-avances-sociales-el-feminismo-y-la-diversidad\/#primaryimage\"},\"thumbnailUrl\":\"https:\/\/psoecanarias.com\/web\/wp-content\/uploads\/2021\/06\/Nira-Fierro-en-Malaga-01.png\",\"keywords\":[\"Nira Fierro\"],\"articleSection\":[\"Cortes Generales\",\"Noticias\",\"Pol\u00edtica\"],\"inLanguage\":\"es\",\"potentialAction\":[{\"@type\":\"CommentAction\",\"name\":\"Comment\",\"target\":[\"https:\/\/psoecanarias.com\/web\/nira-fierro-reivindica-el-compromiso-socialista-con-los-avances-sociales-el-feminismo-y-la-diversidad\/#respond\"]}]},{\"@type\":\"WebPage\",\"@id\":\"https:\/\/psoecanarias.com\/web\/nira-fierro-reivindica-el-compromiso-socialista-con-los-avances-sociales-el-feminismo-y-la-diversidad\/\",\"url\":\"https:\/\/psoecanarias.com\/web\/nira-fierro-reivindica-el-compromiso-socialista-con-los-avances-sociales-el-feminismo-y-la-diversidad\/\",\"name\":\"Nira Fierro reivindica el compromiso socialista con los avances sociales, el feminismo y la diversidad | PSOE Canarias\",\"isPartOf\":{\"@id\":\"https:\/\/psoecanarias.com\/web\/#website\"},\"primaryImageOfPage\":{\"@id\":\"https:\/\/psoecanarias.com\/web\/nira-fierro-reivindica-el-compromiso-socialista-con-los-avances-sociales-el-feminismo-y-la-diversidad\/#primaryimage\"},\"image\":{\"@id\":\"https:\/\/psoecanarias.com\/web\/nira-fierro-reivindica-el-compromiso-socialista-con-los-avances-sociales-el-feminismo-y-la-diversidad\/#primaryimage\"},\"thumbnailUrl\":\"https:\/\/psoecanarias.com\/web\/wp-content\/uploads\/2021\/06\/Nira-Fierro-en-Malaga-01.png\",\"datePublished\":\"2021-06-26T12:39:00+00:00\",\"dateModified\":\"2021-06-26T12:40:20+00:00\",\"author\":{\"@id\":\"https:\/\/psoecanarias.com\/web\/#\/schema\/person\/1ae43f9659d2fc599ca69c11e1dbf26f\"},\"breadcrumb\":{\"@id\":\"https:\/\/psoecanarias.com\/web\/nira-fierro-reivindica-el-compromiso-socialista-con-los-avances-sociales-el-feminismo-y-la-diversidad\/#breadcrumb\"},\"inLanguage\":\"es\",\"potentialAction\":[{\"@type\":\"ReadAction\",\"target\":[\"https:\/\/psoecanarias.com\/web\/nira-fierro-reivindica-el-compromiso-socialista-con-los-avances-sociales-el-feminismo-y-la-diversidad\/\"]}]},{\"@type\":\"ImageObject\",\"inLanguage\":\"es\",\"@id\":\"https:\/\/psoecanarias.com\/web\/nira-fierro-reivindica-el-compromiso-socialista-con-los-avances-sociales-el-feminismo-y-la-diversidad\/#primaryimage\",\"url\":\"https:\/\/psoecanarias.com\/web\/wp-content\/uploads\/2021\/06\/Nira-Fierro-en-Malaga-01.png\",\"contentUrl\":\"https:\/\/psoecanarias.com\/web\/wp-content\/uploads\/2021\/06\/Nira-Fierro-en-Malaga-01.png\",\"width\":1121,\"height\":585,\"caption\":\"La secretaria de Organizaci\u00f3n socialista, Nira Fierro\"},{\"@type\":\"BreadcrumbList\",\"@id\":\"https:\/\/psoecanarias.com\/web\/nira-fierro-reivindica-el-compromiso-socialista-con-los-avances-sociales-el-feminismo-y-la-diversidad\/#breadcrumb\",\"itemListElement\":[{\"@type\":\"ListItem\",\"position\":1,\"name\":\"Portada\",\"item\":\"https:\/\/psoecanarias.com\/web\/\"},{\"@type\":\"ListItem\",\"position\":2,\"name\":\"Nira Fierro reivindica el compromiso socialista con los avances sociales, el feminismo y la diversidad\"}]},{\"@type\":\"WebSite\",\"@id\":\"https:\/\/psoecanarias.com\/web\/#website\",\"url\":\"https:\/\/psoecanarias.com\/web\/\",\"name\":\"PSOE Canarias\",\"description\":\"Partido Socialista Obrero Espa\u00f1ol Canarias\",\"potentialAction\":[{\"@type\":\"SearchAction\",\"target\":{\"@type\":\"EntryPoint\",\"urlTemplate\":\"https:\/\/psoecanarias.com\/web\/?s={search_term_string}\"},\"query-input\":{\"@type\":\"PropertyValueSpecification\",\"valueRequired\":true,\"valueName\":\"search_term_string\"}}],\"inLanguage\":\"es\"},{\"@type\":\"Person\",\"@id\":\"https:\/\/psoecanarias.com\/web\/#\/schema\/person\/1ae43f9659d2fc599ca69c11e1dbf26f\",\"name\":\"PSOE Canarias\",\"image\":{\"@type\":\"ImageObject\",\"inLanguage\":\"es\",\"@id\":\"https:\/\/secure.gravatar.com\/avatar\/4364d37f6f6f9cdb7af199b46151565f37d8a8c3c0e04c1d78c04e857a15e3a8?s=96&d=mm&r=g\",\"url\":\"https:\/\/secure.gravatar.com\/avatar\/4364d37f6f6f9cdb7af199b46151565f37d8a8c3c0e04c1d78c04e857a15e3a8?s=96&d=mm&r=g\",\"contentUrl\":\"https:\/\/secure.gravatar.com\/avatar\/4364d37f6f6f9cdb7af199b46151565f37d8a8c3c0e04c1d78c04e857a15e3a8?s=96&d=mm&r=g\",\"caption\":\"PSOE Canarias\"},\"url\":\"https:\/\/psoecanarias.com\/web\/author\/admin\/\"}]}<\/script>\n<!-- \/ Yoast SEO plugin. -->","yoast_head_json":{"title":"Nira Fierro reivindica el compromiso socialista con los avances sociales, el feminismo y la diversidad | PSOE Canarias","robots":{"index":"index","follow":"follow","max-snippet":"max-snippet:-1","max-image-preview":"max-image-preview:large","max-video-preview":"max-video-preview:-1"},"canonical":"https:\/\/psoecanarias.com\/web\/nira-fierro-reivindica-el-compromiso-socialista-con-los-avances-sociales-el-feminismo-y-la-diversidad\/","og_locale":"es_ES","og_type":"article","og_title":"Nira Fierro reivindica el compromiso socialista con los avances sociales, el feminismo y la diversidad | PSOE Canarias","og_description":"Presenta en M\u00e1laga la ponencia sobre diversidad que el PSOE aprobar\u00e1 en su 40 Congreso, documento del que es coordinadora","og_url":"https:\/\/psoecanarias.com\/web\/nira-fierro-reivindica-el-compromiso-socialista-con-los-avances-sociales-el-feminismo-y-la-diversidad\/","og_site_name":"PSOE Canarias","article_published_time":"2021-06-26T12:39:00+00:00","article_modified_time":"2021-06-26T12:40:20+00:00","og_image":[{"width":1121,"height":585,"url":"https:\/\/psoecanarias.com\/web\/wp-content\/uploads\/2021\/06\/Nira-Fierro-en-Malaga-01.png","type":"image\/png"}],"author":"PSOE Canarias","twitter_card":"summary_large_image","schema":{"@context":"https:\/\/schema.org","@graph":[{"@type":"Article","@id":"https:\/\/psoecanarias.com\/web\/nira-fierro-reivindica-el-compromiso-socialista-con-los-avances-sociales-el-feminismo-y-la-diversidad\/#article","isPartOf":{"@id":"https:\/\/psoecanarias.com\/web\/nira-fierro-reivindica-el-compromiso-socialista-con-los-avances-sociales-el-feminismo-y-la-diversidad\/"},"author":{"name":"PSOE Canarias","@id":"https:\/\/psoecanarias.com\/web\/#\/schema\/person\/1ae43f9659d2fc599ca69c11e1dbf26f"},"headline":"Nira Fierro reivindica el compromiso socialista con los avances sociales, el feminismo y la diversidad","datePublished":"2021-06-26T12:39:00+00:00","dateModified":"2021-06-26T12:40:20+00:00","mainEntityOfPage":{"@id":"https:\/\/psoecanarias.com\/web\/nira-fierro-reivindica-el-compromiso-socialista-con-los-avances-sociales-el-feminismo-y-la-diversidad\/"},"wordCount":321,"commentCount":0,"image":{"@id":"https:\/\/psoecanarias.com\/web\/nira-fierro-reivindica-el-compromiso-socialista-con-los-avances-sociales-el-feminismo-y-la-diversidad\/#primaryimage"},"thumbnailUrl":"https:\/\/psoecanarias.com\/web\/wp-content\/uploads\/2021\/06\/Nira-Fierro-en-Malaga-01.png","keywords":["Nira Fierro"],"articleSection":["Cortes Generales","Noticias","Pol\u00edtica"],"inLanguage":"es","potentialAction":[{"@type":"CommentAction","name":"Comment","target":["https:\/\/psoecanarias.com\/web\/nira-fierro-reivindica-el-compromiso-socialista-con-los-avances-sociales-el-feminismo-y-la-diversidad\/#respond"]}]},{"@type":"WebPage","@id":"https:\/\/psoecanarias.com\/web\/nira-fierro-reivindica-el-compromiso-socialista-con-los-avances-sociales-el-feminismo-y-la-diversidad\/","url":"https:\/\/psoecanarias.com\/web\/nira-fierro-reivindica-el-compromiso-socialista-con-los-avances-sociales-el-feminismo-y-la-diversidad\/","name":"Nira Fierro reivindica el compromiso socialista con los avances sociales, el feminismo y la diversidad | PSOE Canarias","isPartOf":{"@id":"https:\/\/psoecanarias.com\/web\/#website"},"primaryImageOfPage":{"@id":"https:\/\/psoecanarias.com\/web\/nira-fierro-reivindica-el-compromiso-socialista-con-los-avances-sociales-el-feminismo-y-la-diversidad\/#primaryimage"},"image":{"@id":"https:\/\/psoecanarias.com\/web\/nira-fierro-reivindica-el-compromiso-socialista-con-los-avances-sociales-el-feminismo-y-la-diversidad\/#primaryimage"},"thumbnailUrl":"https:\/\/psoecanarias.com\/web\/wp-content\/uploads\/2021\/06\/Nira-Fierro-en-Malaga-01.png","datePublished":"2021-06-26T12:39:00+00:00","dateModified":"2021-06-26T12:40:20+00:00","author":{"@id":"https:\/\/psoecanarias.com\/web\/#\/schema\/person\/1ae43f9659d2fc599ca69c11e1dbf26f"},"breadcrumb":{"@id":"https:\/\/psoecanarias.com\/web\/nira-fierro-reivindica-el-compromiso-socialista-con-los-avances-sociales-el-feminismo-y-la-diversidad\/#breadcrumb"},"inLanguage":"es","potentialAction":[{"@type":"ReadAction","target":["https:\/\/psoecanarias.com\/web\/nira-fierro-reivindica-el-compromiso-socialista-con-los-avances-sociales-el-feminismo-y-la-diversidad\/"]}]},{"@type":"ImageObject","inLanguage":"es","@id":"https:\/\/psoecanarias.com\/web\/nira-fierro-reivindica-el-compromiso-socialista-con-los-avances-sociales-el-feminismo-y-la-diversidad\/#primaryimage","url":"https:\/\/psoecanarias.com\/web\/wp-content\/uploads\/2021\/06\/Nira-Fierro-en-Malaga-01.png","contentUrl":"https:\/\/psoecanarias.com\/web\/wp-content\/uploads\/2021\/06\/Nira-Fierro-en-Malaga-01.png","width":1121,"height":585,"caption":"La secretaria de Organizaci\u00f3n socialista, Nira Fierro"},{"@type":"BreadcrumbList","@id":"https:\/\/psoecanarias.com\/web\/nira-fierro-reivindica-el-compromiso-socialista-con-los-avances-sociales-el-feminismo-y-la-diversidad\/#breadcrumb","itemListElement":[{"@type":"ListItem","position":1,"name":"Portada","item":"https:\/\/psoecanarias.com\/web\/"},{"@type":"ListItem","position":2,"name":"Nira Fierro reivindica el compromiso socialista con los avances sociales, el feminismo y la diversidad"}]},{"@type":"WebSite","@id":"https:\/\/psoecanarias.com\/web\/#website","url":"https:\/\/psoecanarias.com\/web\/","name":"PSOE Canarias","description":"Partido Socialista Obrero Espa\u00f1ol Canarias","potentialAction":[{"@type":"SearchAction","target":{"@type":"EntryPoint","urlTemplate":"https:\/\/psoecanarias.com\/web\/?s={search_term_string}"},"query-input":{"@type":"PropertyValueSpecification","valueRequired":true,"valueName":"search_term_string"}}],"inLanguage":"es"},{"@type":"Person","@id":"https:\/\/psoecanarias.com\/web\/#\/schema\/person\/1ae43f9659d2fc599ca69c11e1dbf26f","name":"PSOE Canarias","image":{"@type":"ImageObject","inLanguage":"es","@id":"https:\/\/secure.gravatar.com\/avatar\/4364d37f6f6f9cdb7af199b46151565f37d8a8c3c0e04c1d78c04e857a15e3a8?s=96&d=mm&r=g","url":"https:\/\/secure.gravatar.com\/avatar\/4364d37f6f6f9cdb7af199b46151565f37d8a8c3c0e04c1d78c04e857a15e3a8?s=96&d=mm&r=g","contentUrl":"https:\/\/secure.gravatar.com\/avatar\/4364d37f6f6f9cdb7af199b46151565f37d8a8c3c0e04c1d78c04e857a15e3a8?s=96&d=mm&r=g","caption":"PSOE Canarias"},"url":"https:\/\/psoecanarias.com\/web\/author\/admin\/"}]}},"_links":{"self":[{"href":"https:\/\/psoecanarias.com\/web\/wp-json\/wp\/v2\/posts\/18498","targetHints":{"allow":["GET"]}}],"collection":[{"href":"https:\/\/psoecanarias.com\/web\/wp-json\/wp\/v2\/posts"}],"about":[{"href":"https:\/\/psoecanarias.com\/web\/wp-json\/wp\/v2\/types\/post"}],"author":[{"embeddable":true,"href":"https:\/\/psoecanarias.com\/web\/wp-json\/wp\/v2\/users\/1"}],"replies":[{"embeddable":true,"href":"https:\/\/psoecanarias.com\/web\/wp-json\/wp\/v2\/comments?post=18498"}],"version-history":[{"count":4,"href":"https:\/\/psoecanarias.com\/web\/wp-json\/wp\/v2\/posts\/18498\/revisions"}],"predecessor-version":[{"id":18503,"href":"https:\/\/psoecanarias.com\/web\/wp-json\/wp\/v2\/posts\/18498\/revisions\/18503"}],"wp:featuredmedia":[{"embeddable":true,"href":"https:\/\/psoecanarias.com\/web\/wp-json\/wp\/v2\/media\/18499"}],"wp:attachment":[{"href":"https:\/\/psoecanarias.com\/web\/wp-json\/wp\/v2\/media?parent=18498"}],"wp:term":[{"taxonomy":"category","embeddable":true,"href":"https:\/\/psoecanarias.com\/web\/wp-json\/wp\/v2\/categories?post=18498"},{"taxonomy":"post_tag","embeddable":true,"href":"https:\/\/psoecanarias.com\/web\/wp-json\/wp\/v2\/tags?post=18498"}],"curies":[{"name":"wp","href":"https:\/\/api.w.org\/{rel}","templated":true}]}}