{"id":19021,"date":"2021-07-25T01:23:35","date_gmt":"2021-07-25T00:23:35","guid":{"rendered":"http:\/\/psoecanarias.com\/web\/?p=19021"},"modified":"2021-09-20T23:23:51","modified_gmt":"2021-09-20T22:23:51","slug":"torres-no-hay-nada-mejor-que-ser-y-sentirse-socialista","status":"publish","type":"post","link":"https:\/\/psoecanarias.com\/web\/torres-no-hay-nada-mejor-que-ser-y-sentirse-socialista\/","title":{"rendered":"Torres: \u201cNo hay nada mejor que ser socialista\u201d"},"content":{"rendered":"<p class=\"p1\"><span class=\"s1\"><b>Canarias, 25 de julio de 2021.\u2014 <\/b>El secretario regional del PSOE y presidente del Gobierno de Canarias, \u00c1ngel V\u00edctor Torres, ha se\u00f1alado que \u201cno hay nada mejor que ser y sentirse socialista\u201d, y ha garantizado que su Ejecutivo se va \u201ca dejar la piel\u201d por transformar Canarias. <\/span><\/p>\n<p class=\"p1\"><span class=\"s1\">En su intervenci\u00f3n en el acto de clausura de la Escuela Feminista Mar\u00eda Dom\u00ednguez, celebrada este fin de semana en Infecar de Las Palmas de Gran Canaria, Torres ha reivindicado el orgullo de pertenecer al partido m\u00e1s veterano del arco parlamentario.<\/span><\/p>\n<blockquote class=\"twitter-tweet\">\n<p dir=\"ltr\" lang=\"es\">No lo olviden nunca, aunque algunos quieran escribir la historia, la dictadura hizo sufrir a mucho gente.<\/p>\n<p>Hay que pelear contra los totalitarismos.<\/p>\n<p>Hay que preservar lo logrado. Y ah\u00ed el papel de la juventud es clave.<\/p>\n<p>\ud83c\udf37 <a href=\"https:\/\/twitter.com\/avtorresp?ref_src=twsrc%5Etfw\">@avtorresp<\/a> <a href=\"https:\/\/twitter.com\/hashtag\/EscuelaFeministaJSE?src=hash&amp;ref_src=twsrc%5Etfw\">#EscuelaFeministaJSE<\/a> <a href=\"https:\/\/t.co\/QYvLWkb6w7\">pic.twitter.com\/QYvLWkb6w7<\/a><\/p>\n<p>\u2014 PSOE Canarias (@PSOECanarias) <a href=\"https:\/\/twitter.com\/PSOECanarias\/status\/1419009258478358529?ref_src=twsrc%5Etfw\">July 24, 2021<\/a><\/p><\/blockquote>\n<p><script async src=\"https:\/\/platform.twitter.com\/widgets.js\" charset=\"utf-8\"><\/script><\/p>\n<p class=\"p1\"><span class=\"s1\">\u201cSeamos una pi\u00f1a, seamos fuertes, Estemos unidos. No hay nada mejor que ser y sentirse socialista. Es una filosof\u00eda de vida. Un sentimiento interno. Y sobre todas las cosas, sirve para transformar la realidad, para mejorarla\u201d, ha dicho.<\/span><\/p>\n<p class=\"p1\"><span class=\"s1\">Ante un aforo por formado por representantes de Juventudes Socialistas de todo el pa\u00eds, el dirigente de los socialistas canarios ha subrayado el importante papel que tienen los j\u00f3venes en la defensa de \u201ctodo lo que hemos logrado\u201d, y ha a\u00f1adido que \u201csi feminismo es socialismo y socialismo es feminismo, los totalitarismo son antifeministas. Hay que pelear contra ellos, contra todo totalitarismo\u201d.<\/span><\/p>\n<blockquote class=\"twitter-tweet\" data-width=\"550\" data-dnt=\"true\">\n<p lang=\"es\" dir=\"ltr\">En <a href=\"https:\/\/twitter.com\/hashtag\/Canarias?src=hash&amp;ref_src=twsrc%5Etfw\">#Canarias<\/a> tenemos un SG que comprende, respalda y apoya a cada uno de nosotros, los j\u00f3venes <br \/>GRACIAS <a href=\"https:\/\/twitter.com\/avtorresp?ref_src=twsrc%5Etfw\">@avtorresp<\/a> <br \/>\ud83d\udc4f\ud83d\udc4f\ud83d\udc4f\ud83d\udc4f<\/p>\n<p>\ud83c\udf37 <a href=\"https:\/\/twitter.com\/NiraFierro?ref_src=twsrc%5Etfw\">@NiraFierro<\/a> <a href=\"https:\/\/twitter.com\/hashtag\/EscuelaFeministaJSE?src=hash&amp;ref_src=twsrc%5Etfw\">#EscuelaFeministaJSE<\/a> <a href=\"https:\/\/t.co\/eBEHzTElDY\">pic.twitter.com\/eBEHzTElDY<\/a><\/p>\n<p>&mdash; PSOE Canarias (@PSOECanarias) <a href=\"https:\/\/twitter.com\/PSOECanarias\/status\/1419001158413258762?ref_src=twsrc%5Etfw\">July 24, 2021<\/a><\/p><\/blockquote>\n<p><script async src=\"https:\/\/platform.twitter.com\/widgets.js\" charset=\"utf-8\"><\/script><\/p>\n<p class=\"p1\"><span class=\"s1\">Torres ha afirmado que los fondos europeos \u201ctienen que ser fondos para la formaci\u00f3n y la igualdad\u201d y que, para que eso ocurra,<span class=\"Apple-converted-space\">\u00a0 <\/span>\u201ces importante que los gestionen gobiernos socialistas, que apuesten por la integraci\u00f3n y la pluralidad territorial\u201d. <\/span><\/p>\n<p class=\"p1\"><span class=\"s1\">El presidente del Ejecutivo regional ha recordado que \u201cla lucha por la igualdad, la lucha por el feminismo, las grandes leyes, se dieron siempre bajo gobiernos socialistas\u201d, por lo que ha subrayado: \u201cNadie nos puede dar lecciones de nada\u201d.<\/span><\/p>\n<blockquote class=\"twitter-tweet\">\n<p dir=\"ltr\" lang=\"es\">Decir que ser socialista es ser feminista es mucho m\u00e1s que una declaraci\u00f3n de intenciones<\/p>\n<p>Todos y cada uno de los avances en igualdad han sido gracias al <a href=\"https:\/\/twitter.com\/hashtag\/PSOE?src=hash&amp;ref_src=twsrc%5Etfw\">#PSOE<\/a> <a href=\"https:\/\/twitter.com\/avtorresp?ref_src=twsrc%5Etfw\">@avtorresp<\/a> es un ejemplo de hacer y creer en el feminismo.<\/p>\n<p>\ud83c\udf37<a href=\"https:\/\/twitter.com\/davgodoys?ref_src=twsrc%5Etfw\">@davgodoys<\/a> <a href=\"https:\/\/twitter.com\/hashtag\/EscuelaFeministaJSE?src=hash&amp;ref_src=twsrc%5Etfw\">#EscuelaFeministaJSE<\/a> <a href=\"https:\/\/t.co\/1LNyG1K5Ed\">pic.twitter.com\/1LNyG1K5Ed<\/a><\/p>\n<p>\u2014 PSOE Canarias (@PSOECanarias) <a href=\"https:\/\/twitter.com\/PSOECanarias\/status\/1419000131333103623?ref_src=twsrc%5Etfw\">July 24, 2021<\/a><\/p><\/blockquote>\n<p><script async src=\"https:\/\/platform.twitter.com\/widgets.js\" charset=\"utf-8\"><\/script><\/p>\n<p class=\"p1\"><span class=\"s1\">En su opini\u00f3n, al Partido Socialista no solo le avalan sus m\u00e1s de 140 a\u00f1os de historia, sino tambi\u00e9n su capacidad para renovarse generacionalmente. \u201cLos partidos est\u00e1n por encima de los individualismos. Renovar es no morir y el Partido Socialista jam\u00e1s morir\u00e1\u201d, ha afirmado. <\/span><\/p>\n<p class=\"p3\"><span class=\"s1\">La Escuela Feminista Mar\u00eda Dom\u00ednguez ha sido la primera actividad de alcance nacional que Juventudes Socialistas de Espa\u00f1a desarrolla en el Archipi\u00e9lago. Como reconocimiento a ese esfuerzo organizativo y sobre todo en se\u00f1al de apoyo al trabajo que viene desarrollando Juventudes Socialistas de Canarias (JSC), con su secretario general David Godoy al frente, la direcci\u00f3n regional del PSOE no quiso faltar al acto de clausura.<\/span><\/p>\n<blockquote class=\"twitter-tweet\">\n<p dir=\"ltr\" lang=\"es\">Seamos una pi\u00f1a, seamos fuerte<\/p>\n<p>No hay nada mejor que ser y sentirse socialistas.<\/p>\n<p>\ud83d\udc49\ud83c\udffb Nos vamos a dejar la piel por transformar <a href=\"https:\/\/twitter.com\/hashtag\/Canarias?src=hash&amp;ref_src=twsrc%5Etfw\">#Canarias<\/a><\/p>\n<p>\ud83c\udf37 <a href=\"https:\/\/twitter.com\/avtorresp?ref_src=twsrc%5Etfw\">@avtorresp<\/a> <a href=\"https:\/\/twitter.com\/hashtag\/EscuelaFeministaJSE?src=hash&amp;ref_src=twsrc%5Etfw\">#EscuelaFeministaJSE<\/a> <a href=\"https:\/\/t.co\/dTLVRgpt0b\">pic.twitter.com\/dTLVRgpt0b<\/a><\/p>\n<p>\u2014 PSOE Canarias (@PSOECanarias) <a href=\"https:\/\/twitter.com\/PSOECanarias\/status\/1419010095250292744?ref_src=twsrc%5Etfw\">July 24, 2021<\/a><\/p><\/blockquote>\n<p><script async src=\"https:\/\/platform.twitter.com\/widgets.js\" charset=\"utf-8\"><\/script><\/p>\n<p class=\"p3\"><span class=\"s1\">\u00c1ngel V\u00edctor Torres ha asistido acompa\u00f1ado de sus dos vicesecretarias, la diputada regional Nira Fierro y la consejera de Econom\u00eda del Gobierno de Canarias, Elena M\u00e1\u00f1ez, quienes tambi\u00e9n han intervenido en la ceremonia final. <\/span><\/p>\n<p class=\"p3\"><span class=\"s1\">La primera edici\u00f3n de la Escuela Feminista Mar\u00eda Dom\u00ednguez ha contado con la participaci\u00f3n de m\u00e1s de un centenar de representantes territoriales de la organizaci\u00f3n, entre ellos, los diputados nacionales Andrea Fern\u00e1ndez y Omar Anguita, que adem\u00e1s es secretario general de JSE, as\u00ed como el senador Fran L\u00f3pez, todos ellos j\u00f3venes y prometedores valores del partido.\u00a0<\/span><\/p>\n","protected":false},"excerpt":{"rendered":"<p>El SG socialista clausura la Escuela Feminista Mar\u00eda Dom\u00ednguez de Juventudes Socialistas<\/p>\n","protected":false},"author":1,"featured_media":19022,"comment_status":"open","ping_status":"open","sticky":false,"template":"","format":"standard","meta":{"footnotes":""},"categories":[1184,7],"tags":[],"class_list":["post-19021","post","type-post","status-publish","format-standard","has-post-thumbnail","hentry","category-noticias","category-politica"],"featured_image_src":"https:\/\/psoecanarias.com\/web\/wp-content\/uploads\/2021\/07\/GOM6277-scaled.jpg","author_info":{"display_name":"PSOE Canarias","author_link":"https:\/\/psoecanarias.com\/web\/author\/admin\/"},"yoast_head":"<!-- This site is optimized with the Yoast SEO plugin v27.2 - https:\/\/yoast.com\/product\/yoast-seo-wordpress\/ -->\n<title>Torres: \u201cNo hay nada mejor que ser socialista\u201d | PSOE Canarias<\/title>\n<meta name=\"robots\" content=\"index, follow, max-snippet:-1, max-image-preview:large, max-video-preview:-1\" \/>\n<link rel=\"canonical\" href=\"https:\/\/psoecanarias.com\/web\/torres-no-hay-nada-mejor-que-ser-y-sentirse-socialista\/\" \/>\n<meta property=\"og:locale\" content=\"es_ES\" \/>\n<meta property=\"og:type\" content=\"article\" \/>\n<meta property=\"og:title\" content=\"Torres: \u201cNo hay nada mejor que ser socialista\u201d | PSOE Canarias\" \/>\n<meta property=\"og:description\" content=\"El SG socialista clausura la Escuela Feminista Mar\u00eda Dom\u00ednguez de Juventudes Socialistas\" \/>\n<meta property=\"og:url\" content=\"https:\/\/psoecanarias.com\/web\/torres-no-hay-nada-mejor-que-ser-y-sentirse-socialista\/\" \/>\n<meta property=\"og:site_name\" content=\"PSOE Canarias\" \/>\n<meta property=\"article:published_time\" content=\"2021-07-25T00:23:35+00:00\" \/>\n<meta property=\"article:modified_time\" content=\"2021-09-20T22:23:51+00:00\" \/>\n<meta property=\"og:image\" content=\"https:\/\/psoecanarias.com\/web\/wp-content\/uploads\/2021\/07\/GOM6277-scaled.jpg\" \/>\n\t<meta property=\"og:image:width\" content=\"2560\" \/>\n\t<meta property=\"og:image:height\" content=\"1706\" \/>\n\t<meta property=\"og:image:type\" content=\"image\/jpeg\" \/>\n<meta name=\"author\" content=\"PSOE Canarias\" \/>\n<meta name=\"twitter:card\" content=\"summary_large_image\" \/>\n<script type=\"application\/ld+json\" class=\"yoast-schema-graph\">{\"@context\":\"https:\/\/schema.org\",\"@graph\":[{\"@type\":\"Article\",\"@id\":\"https:\/\/psoecanarias.com\/web\/torres-no-hay-nada-mejor-que-ser-y-sentirse-socialista\/#article\",\"isPartOf\":{\"@id\":\"https:\/\/psoecanarias.com\/web\/torres-no-hay-nada-mejor-que-ser-y-sentirse-socialista\/\"},\"author\":{\"name\":\"PSOE Canarias\",\"@id\":\"https:\/\/psoecanarias.com\/web\/#\/schema\/person\/1ae43f9659d2fc599ca69c11e1dbf26f\"},\"headline\":\"Torres: \u201cNo hay nada mejor que ser socialista\u201d\",\"datePublished\":\"2021-07-25T00:23:35+00:00\",\"dateModified\":\"2021-09-20T22:23:51+00:00\",\"mainEntityOfPage\":{\"@id\":\"https:\/\/psoecanarias.com\/web\/torres-no-hay-nada-mejor-que-ser-y-sentirse-socialista\/\"},\"wordCount\":653,\"commentCount\":0,\"image\":{\"@id\":\"https:\/\/psoecanarias.com\/web\/torres-no-hay-nada-mejor-que-ser-y-sentirse-socialista\/#primaryimage\"},\"thumbnailUrl\":\"https:\/\/psoecanarias.com\/web\/wp-content\/uploads\/2021\/07\/GOM6277-scaled.jpg\",\"articleSection\":[\"Noticias\",\"Pol\u00edtica\"],\"inLanguage\":\"es\",\"potentialAction\":[{\"@type\":\"CommentAction\",\"name\":\"Comment\",\"target\":[\"https:\/\/psoecanarias.com\/web\/torres-no-hay-nada-mejor-que-ser-y-sentirse-socialista\/#respond\"]}]},{\"@type\":\"WebPage\",\"@id\":\"https:\/\/psoecanarias.com\/web\/torres-no-hay-nada-mejor-que-ser-y-sentirse-socialista\/\",\"url\":\"https:\/\/psoecanarias.com\/web\/torres-no-hay-nada-mejor-que-ser-y-sentirse-socialista\/\",\"name\":\"Torres: \u201cNo hay nada mejor que ser socialista\u201d | PSOE Canarias\",\"isPartOf\":{\"@id\":\"https:\/\/psoecanarias.com\/web\/#website\"},\"primaryImageOfPage\":{\"@id\":\"https:\/\/psoecanarias.com\/web\/torres-no-hay-nada-mejor-que-ser-y-sentirse-socialista\/#primaryimage\"},\"image\":{\"@id\":\"https:\/\/psoecanarias.com\/web\/torres-no-hay-nada-mejor-que-ser-y-sentirse-socialista\/#primaryimage\"},\"thumbnailUrl\":\"https:\/\/psoecanarias.com\/web\/wp-content\/uploads\/2021\/07\/GOM6277-scaled.jpg\",\"datePublished\":\"2021-07-25T00:23:35+00:00\",\"dateModified\":\"2021-09-20T22:23:51+00:00\",\"author\":{\"@id\":\"https:\/\/psoecanarias.com\/web\/#\/schema\/person\/1ae43f9659d2fc599ca69c11e1dbf26f\"},\"breadcrumb\":{\"@id\":\"https:\/\/psoecanarias.com\/web\/torres-no-hay-nada-mejor-que-ser-y-sentirse-socialista\/#breadcrumb\"},\"inLanguage\":\"es\",\"potentialAction\":[{\"@type\":\"ReadAction\",\"target\":[\"https:\/\/psoecanarias.com\/web\/torres-no-hay-nada-mejor-que-ser-y-sentirse-socialista\/\"]}]},{\"@type\":\"ImageObject\",\"inLanguage\":\"es\",\"@id\":\"https:\/\/psoecanarias.com\/web\/torres-no-hay-nada-mejor-que-ser-y-sentirse-socialista\/#primaryimage\",\"url\":\"https:\/\/psoecanarias.com\/web\/wp-content\/uploads\/2021\/07\/GOM6277-scaled.jpg\",\"contentUrl\":\"https:\/\/psoecanarias.com\/web\/wp-content\/uploads\/2021\/07\/GOM6277-scaled.jpg\",\"width\":2560,\"height\":1706,\"caption\":\"De izquierda a derecha, David Godoy, Nira Fierro, Elena Ma\u00f1ez, \u00c1ngel V\u00edctor Torres y Omar Anguita.\"},{\"@type\":\"BreadcrumbList\",\"@id\":\"https:\/\/psoecanarias.com\/web\/torres-no-hay-nada-mejor-que-ser-y-sentirse-socialista\/#breadcrumb\",\"itemListElement\":[{\"@type\":\"ListItem\",\"position\":1,\"name\":\"Portada\",\"item\":\"https:\/\/psoecanarias.com\/web\/\"},{\"@type\":\"ListItem\",\"position\":2,\"name\":\"Torres: \u201cNo hay nada mejor que ser socialista\u201d\"}]},{\"@type\":\"WebSite\",\"@id\":\"https:\/\/psoecanarias.com\/web\/#website\",\"url\":\"https:\/\/psoecanarias.com\/web\/\",\"name\":\"PSOE Canarias\",\"description\":\"Partido Socialista Obrero Espa\u00f1ol Canarias\",\"potentialAction\":[{\"@type\":\"SearchAction\",\"target\":{\"@type\":\"EntryPoint\",\"urlTemplate\":\"https:\/\/psoecanarias.com\/web\/?s={search_term_string}\"},\"query-input\":{\"@type\":\"PropertyValueSpecification\",\"valueRequired\":true,\"valueName\":\"search_term_string\"}}],\"inLanguage\":\"es\"},{\"@type\":\"Person\",\"@id\":\"https:\/\/psoecanarias.com\/web\/#\/schema\/person\/1ae43f9659d2fc599ca69c11e1dbf26f\",\"name\":\"PSOE Canarias\",\"image\":{\"@type\":\"ImageObject\",\"inLanguage\":\"es\",\"@id\":\"https:\/\/secure.gravatar.com\/avatar\/4364d37f6f6f9cdb7af199b46151565f37d8a8c3c0e04c1d78c04e857a15e3a8?s=96&d=mm&r=g\",\"url\":\"https:\/\/secure.gravatar.com\/avatar\/4364d37f6f6f9cdb7af199b46151565f37d8a8c3c0e04c1d78c04e857a15e3a8?s=96&d=mm&r=g\",\"contentUrl\":\"https:\/\/secure.gravatar.com\/avatar\/4364d37f6f6f9cdb7af199b46151565f37d8a8c3c0e04c1d78c04e857a15e3a8?s=96&d=mm&r=g\",\"caption\":\"PSOE Canarias\"},\"url\":\"https:\/\/psoecanarias.com\/web\/author\/admin\/\"}]}<\/script>\n<!-- \/ Yoast SEO plugin. -->","yoast_head_json":{"title":"Torres: \u201cNo hay nada mejor que ser socialista\u201d | PSOE Canarias","robots":{"index":"index","follow":"follow","max-snippet":"max-snippet:-1","max-image-preview":"max-image-preview:large","max-video-preview":"max-video-preview:-1"},"canonical":"https:\/\/psoecanarias.com\/web\/torres-no-hay-nada-mejor-que-ser-y-sentirse-socialista\/","og_locale":"es_ES","og_type":"article","og_title":"Torres: \u201cNo hay nada mejor que ser socialista\u201d | PSOE Canarias","og_description":"El SG socialista clausura la Escuela Feminista Mar\u00eda Dom\u00ednguez de Juventudes Socialistas","og_url":"https:\/\/psoecanarias.com\/web\/torres-no-hay-nada-mejor-que-ser-y-sentirse-socialista\/","og_site_name":"PSOE Canarias","article_published_time":"2021-07-25T00:23:35+00:00","article_modified_time":"2021-09-20T22:23:51+00:00","og_image":[{"width":2560,"height":1706,"url":"https:\/\/psoecanarias.com\/web\/wp-content\/uploads\/2021\/07\/GOM6277-scaled.jpg","type":"image\/jpeg"}],"author":"PSOE Canarias","twitter_card":"summary_large_image","schema":{"@context":"https:\/\/schema.org","@graph":[{"@type":"Article","@id":"https:\/\/psoecanarias.com\/web\/torres-no-hay-nada-mejor-que-ser-y-sentirse-socialista\/#article","isPartOf":{"@id":"https:\/\/psoecanarias.com\/web\/torres-no-hay-nada-mejor-que-ser-y-sentirse-socialista\/"},"author":{"name":"PSOE Canarias","@id":"https:\/\/psoecanarias.com\/web\/#\/schema\/person\/1ae43f9659d2fc599ca69c11e1dbf26f"},"headline":"Torres: \u201cNo hay nada mejor que ser socialista\u201d","datePublished":"2021-07-25T00:23:35+00:00","dateModified":"2021-09-20T22:23:51+00:00","mainEntityOfPage":{"@id":"https:\/\/psoecanarias.com\/web\/torres-no-hay-nada-mejor-que-ser-y-sentirse-socialista\/"},"wordCount":653,"commentCount":0,"image":{"@id":"https:\/\/psoecanarias.com\/web\/torres-no-hay-nada-mejor-que-ser-y-sentirse-socialista\/#primaryimage"},"thumbnailUrl":"https:\/\/psoecanarias.com\/web\/wp-content\/uploads\/2021\/07\/GOM6277-scaled.jpg","articleSection":["Noticias","Pol\u00edtica"],"inLanguage":"es","potentialAction":[{"@type":"CommentAction","name":"Comment","target":["https:\/\/psoecanarias.com\/web\/torres-no-hay-nada-mejor-que-ser-y-sentirse-socialista\/#respond"]}]},{"@type":"WebPage","@id":"https:\/\/psoecanarias.com\/web\/torres-no-hay-nada-mejor-que-ser-y-sentirse-socialista\/","url":"https:\/\/psoecanarias.com\/web\/torres-no-hay-nada-mejor-que-ser-y-sentirse-socialista\/","name":"Torres: \u201cNo hay nada mejor que ser socialista\u201d | PSOE Canarias","isPartOf":{"@id":"https:\/\/psoecanarias.com\/web\/#website"},"primaryImageOfPage":{"@id":"https:\/\/psoecanarias.com\/web\/torres-no-hay-nada-mejor-que-ser-y-sentirse-socialista\/#primaryimage"},"image":{"@id":"https:\/\/psoecanarias.com\/web\/torres-no-hay-nada-mejor-que-ser-y-sentirse-socialista\/#primaryimage"},"thumbnailUrl":"https:\/\/psoecanarias.com\/web\/wp-content\/uploads\/2021\/07\/GOM6277-scaled.jpg","datePublished":"2021-07-25T00:23:35+00:00","dateModified":"2021-09-20T22:23:51+00:00","author":{"@id":"https:\/\/psoecanarias.com\/web\/#\/schema\/person\/1ae43f9659d2fc599ca69c11e1dbf26f"},"breadcrumb":{"@id":"https:\/\/psoecanarias.com\/web\/torres-no-hay-nada-mejor-que-ser-y-sentirse-socialista\/#breadcrumb"},"inLanguage":"es","potentialAction":[{"@type":"ReadAction","target":["https:\/\/psoecanarias.com\/web\/torres-no-hay-nada-mejor-que-ser-y-sentirse-socialista\/"]}]},{"@type":"ImageObject","inLanguage":"es","@id":"https:\/\/psoecanarias.com\/web\/torres-no-hay-nada-mejor-que-ser-y-sentirse-socialista\/#primaryimage","url":"https:\/\/psoecanarias.com\/web\/wp-content\/uploads\/2021\/07\/GOM6277-scaled.jpg","contentUrl":"https:\/\/psoecanarias.com\/web\/wp-content\/uploads\/2021\/07\/GOM6277-scaled.jpg","width":2560,"height":1706,"caption":"De izquierda a derecha, David Godoy, Nira Fierro, Elena Ma\u00f1ez, \u00c1ngel V\u00edctor Torres y Omar Anguita."},{"@type":"BreadcrumbList","@id":"https:\/\/psoecanarias.com\/web\/torres-no-hay-nada-mejor-que-ser-y-sentirse-socialista\/#breadcrumb","itemListElement":[{"@type":"ListItem","position":1,"name":"Portada","item":"https:\/\/psoecanarias.com\/web\/"},{"@type":"ListItem","position":2,"name":"Torres: \u201cNo hay nada mejor que ser socialista\u201d"}]},{"@type":"WebSite","@id":"https:\/\/psoecanarias.com\/web\/#website","url":"https:\/\/psoecanarias.com\/web\/","name":"PSOE Canarias","description":"Partido Socialista Obrero Espa\u00f1ol Canarias","potentialAction":[{"@type":"SearchAction","target":{"@type":"EntryPoint","urlTemplate":"https:\/\/psoecanarias.com\/web\/?s={search_term_string}"},"query-input":{"@type":"PropertyValueSpecification","valueRequired":true,"valueName":"search_term_string"}}],"inLanguage":"es"},{"@type":"Person","@id":"https:\/\/psoecanarias.com\/web\/#\/schema\/person\/1ae43f9659d2fc599ca69c11e1dbf26f","name":"PSOE Canarias","image":{"@type":"ImageObject","inLanguage":"es","@id":"https:\/\/secure.gravatar.com\/avatar\/4364d37f6f6f9cdb7af199b46151565f37d8a8c3c0e04c1d78c04e857a15e3a8?s=96&d=mm&r=g","url":"https:\/\/secure.gravatar.com\/avatar\/4364d37f6f6f9cdb7af199b46151565f37d8a8c3c0e04c1d78c04e857a15e3a8?s=96&d=mm&r=g","contentUrl":"https:\/\/secure.gravatar.com\/avatar\/4364d37f6f6f9cdb7af199b46151565f37d8a8c3c0e04c1d78c04e857a15e3a8?s=96&d=mm&r=g","caption":"PSOE Canarias"},"url":"https:\/\/psoecanarias.com\/web\/author\/admin\/"}]}},"_links":{"self":[{"href":"https:\/\/psoecanarias.com\/web\/wp-json\/wp\/v2\/posts\/19021","targetHints":{"allow":["GET"]}}],"collection":[{"href":"https:\/\/psoecanarias.com\/web\/wp-json\/wp\/v2\/posts"}],"about":[{"href":"https:\/\/psoecanarias.com\/web\/wp-json\/wp\/v2\/types\/post"}],"author":[{"embeddable":true,"href":"https:\/\/psoecanarias.com\/web\/wp-json\/wp\/v2\/users\/1"}],"replies":[{"embeddable":true,"href":"https:\/\/psoecanarias.com\/web\/wp-json\/wp\/v2\/comments?post=19021"}],"version-history":[{"count":8,"href":"https:\/\/psoecanarias.com\/web\/wp-json\/wp\/v2\/posts\/19021\/revisions"}],"predecessor-version":[{"id":19122,"href":"https:\/\/psoecanarias.com\/web\/wp-json\/wp\/v2\/posts\/19021\/revisions\/19122"}],"wp:featuredmedia":[{"embeddable":true,"href":"https:\/\/psoecanarias.com\/web\/wp-json\/wp\/v2\/media\/19022"}],"wp:attachment":[{"href":"https:\/\/psoecanarias.com\/web\/wp-json\/wp\/v2\/media?parent=19021"}],"wp:term":[{"taxonomy":"category","embeddable":true,"href":"https:\/\/psoecanarias.com\/web\/wp-json\/wp\/v2\/categories?post=19021"},{"taxonomy":"post_tag","embeddable":true,"href":"https:\/\/psoecanarias.com\/web\/wp-json\/wp\/v2\/tags?post=19021"}],"curies":[{"name":"wp","href":"https:\/\/api.w.org\/{rel}","templated":true}]}}