{"id":19091,"date":"2021-07-28T21:05:22","date_gmt":"2021-07-28T20:05:22","guid":{"rendered":"http:\/\/psoecanarias.com\/web\/?p=19091"},"modified":"2021-11-22T22:05:01","modified_gmt":"2021-11-22T22:05:01","slug":"el-psoe-de-canarias-celebrara-su-14-congreso-entre-los-dias-19-y-21-de-noviembre-en-tenerife","status":"publish","type":"post","link":"https:\/\/psoecanarias.com\/web\/el-psoe-de-canarias-celebrara-su-14-congreso-entre-los-dias-19-y-21-de-noviembre-en-tenerife\/","title":{"rendered":"El 14\u00ba Congreso regional ser\u00e1 del 19 al 21 de noviembre"},"content":{"rendered":"<p class=\"p1\"><span class=\"s1\"><b>Canarias, 28 de julio 2021.&#8211; <\/b>El PSOE de Canarias celebrar\u00e1 su 14 Congreso entre los <strong>d\u00edas 19 y 21 de noviembre<\/strong>. As\u00ed lo ha acordado el Comit\u00e9 Regional de la organizaci\u00f3n, a propuesta de la Comisi\u00f3n Ejecutiva, en una reuni\u00f3n semipresencial celebrada este mi\u00e9rcoles desde el Hotel Escuela de Santa Cruz de Tenerife. <\/span><\/p>\n<p class=\"p1\"><span class=\"s1\">En esa cita congresual, los socialistas canarios deber\u00e1n elegir a su nueva direcci\u00f3n regional y definir las l\u00edneas estrat\u00e9gicas del proyecto pol\u00edtico que marcar\u00e1 esta nueva etapa.<\/span><\/p>\n<p class=\"p1\"><span class=\"s1\">El Comit\u00e9 Regional celebrado este mi\u00e9rcoles con car\u00e1cter extraordinario tambi\u00e9n ha acordado que <strong>Mari Brito<\/strong>, alcaldesa del municipio tinerfe\u00f1o de Candelaria y presidenta de la FECAM, sea la coordinadora del trabajo de elaboraci\u00f3n de la Ponencia Marco, documento a debatir en el 14 Congreso del que saldr\u00e1n los ejes program\u00e1ticos para los pr\u00f3ximos cuatro a\u00f1os.\u00a0<\/span><\/p>\n<p class=\"p1\"><span class=\"s1\">Los ponentes para las distintas \u00e1reas ser\u00e1n <strong>Jovita Monterrey<\/strong>, vicepresidenta del Cabildo de La Palma, para la Lucha contra la Pobreza y Exclusi\u00f3n Social; <strong>Sandra Celis<\/strong>, abogada y directora de \u00e1rea del Hospital de Fuerteventura, para Sanidad; <strong>Rossana Gonz\u00e1lez Garc\u00eda<\/strong>, docente y concejala de Valverde (El Hierro), para Educaci\u00f3n y Deportes; <strong>Teresa Cruz Oval<\/strong>, diputada regional por la isla de Tenerife y experta en Intervenci\u00f3n Familiar y Menores, para Dependencia, Discapacidad e Infancia; <strong>Elena Su\u00e1rez<\/strong>, concejala de Igualdad de Ingenio (Gran Canaria), para Feminismo; <strong>Rayco Bejarano<\/strong>, periodista experto en sostenibilidad y miembro del equipo de la Consejer\u00eda de Transici\u00f3n Ecol\u00f3gica, para Sostenibilidad y Medio Ambiente; <strong>Margarita Ramos<\/strong>, catedr\u00e1tica de Derecho de la Universidad de La Laguna, para Econom\u00eda y Empleo; <strong>Carlos Navarro<\/strong>, director de la Agencia Canaria de Investigaci\u00f3n e Innovaci\u00f3n, para Ciencia, Investigaci\u00f3n y Digitalizaci\u00f3n; <strong>Alba Oramas<\/strong>, abogada y secretaria general de Juventudes Socialistas de Canarias, para Juventud y futuro; <strong>Jos\u00e9 Antonio Godoy<\/strong>, creador del Aula de diversidad e interculturalidad Dar\u00edo Ja\u00e9n, para Diversidades; <strong>Manuel Ram\u00f3n Plasencia<\/strong>, alcalde de Alajer\u00f3 (La Gomera) y expresidente de la FECAM, para Municipalismo; <strong>Mario Alberto Perdomo<\/strong>, economista y patrono de la Fundaci\u00f3n C\u00e9sar Manrique, para Sectores Tradicionales y Nuevas Oportunidades; <strong>Alejandro Krawietz<\/strong>, Premio Garc\u00eda Cabrera y Premio Emeterio Guti\u00e9rrez Arbelo de poes\u00eda y director de Cultura del Cabildo de Tenerife, para Cultura; <strong>Ram\u00f3n Morales<\/strong>, senador por la isla de Gran Canaria y miembro de la Comisi\u00f3n Ejecutiva Regional, para el cap\u00edtulo org\u00e1nico PSOE 2030; y <strong>\u00c1ngel Trist\u00e1n Pimienta<\/strong>, periodista y miembro del Instituto de Estudios Canarios, para Canariedad. <\/span><\/p>\n<p class=\"p1\"><span class=\"s1\">El Congreso regional del pr\u00f3ximo mes de noviembre tendr\u00e1 car\u00e1cter presencial si as\u00ed lo permite la evoluci\u00f3n de la pandemia. <\/span><\/p>\n","protected":false},"excerpt":{"rendered":"<p>Mari Brito, alcaldesa de Candelaria y presidenta de la FECAM, ser\u00e1 la coordinadora de la Ponencia Marco<\/p>\n","protected":false},"author":1,"featured_media":19092,"comment_status":"open","ping_status":"open","sticky":false,"template":"","format":"standard","meta":{"footnotes":""},"categories":[1184,7],"tags":[],"class_list":["post-19091","post","type-post","status-publish","format-standard","has-post-thumbnail","hentry","category-noticias","category-politica"],"featured_image_src":"https:\/\/psoecanarias.com\/web\/wp-content\/uploads\/2021\/07\/Comite---Regional-PSOE-07-scaled.jpg","author_info":{"display_name":"PSOE Canarias","author_link":"https:\/\/psoecanarias.com\/web\/author\/admin\/"},"yoast_head":"<!-- This site is optimized with the Yoast SEO plugin v27.2 - https:\/\/yoast.com\/product\/yoast-seo-wordpress\/ -->\n<title>El 14\u00ba Congreso regional ser\u00e1 del 19 al 21 de noviembre | PSOE Canarias<\/title>\n<meta name=\"robots\" content=\"index, follow, max-snippet:-1, max-image-preview:large, max-video-preview:-1\" \/>\n<link rel=\"canonical\" href=\"https:\/\/psoecanarias.com\/web\/el-psoe-de-canarias-celebrara-su-14-congreso-entre-los-dias-19-y-21-de-noviembre-en-tenerife\/\" \/>\n<meta property=\"og:locale\" content=\"es_ES\" \/>\n<meta property=\"og:type\" content=\"article\" \/>\n<meta property=\"og:title\" content=\"El 14\u00ba Congreso regional ser\u00e1 del 19 al 21 de noviembre | PSOE Canarias\" \/>\n<meta property=\"og:description\" content=\"Mari Brito, alcaldesa de Candelaria y presidenta de la FECAM, ser\u00e1 la coordinadora de la Ponencia Marco\" \/>\n<meta property=\"og:url\" content=\"https:\/\/psoecanarias.com\/web\/el-psoe-de-canarias-celebrara-su-14-congreso-entre-los-dias-19-y-21-de-noviembre-en-tenerife\/\" \/>\n<meta property=\"og:site_name\" content=\"PSOE Canarias\" \/>\n<meta property=\"article:published_time\" content=\"2021-07-28T20:05:22+00:00\" \/>\n<meta property=\"article:modified_time\" content=\"2021-11-22T22:05:01+00:00\" \/>\n<meta property=\"og:image\" content=\"https:\/\/psoecanarias.com\/web\/wp-content\/uploads\/2021\/07\/Comite---Regional-PSOE-07-scaled.jpg\" \/>\n\t<meta property=\"og:image:width\" content=\"2560\" \/>\n\t<meta property=\"og:image:height\" content=\"1706\" \/>\n\t<meta property=\"og:image:type\" content=\"image\/jpeg\" \/>\n<meta name=\"author\" content=\"PSOE Canarias\" \/>\n<meta name=\"twitter:card\" content=\"summary_large_image\" \/>\n<script type=\"application\/ld+json\" class=\"yoast-schema-graph\">{\"@context\":\"https:\/\/schema.org\",\"@graph\":[{\"@type\":\"Article\",\"@id\":\"https:\/\/psoecanarias.com\/web\/el-psoe-de-canarias-celebrara-su-14-congreso-entre-los-dias-19-y-21-de-noviembre-en-tenerife\/#article\",\"isPartOf\":{\"@id\":\"https:\/\/psoecanarias.com\/web\/el-psoe-de-canarias-celebrara-su-14-congreso-entre-los-dias-19-y-21-de-noviembre-en-tenerife\/\"},\"author\":{\"name\":\"PSOE Canarias\",\"@id\":\"https:\/\/psoecanarias.com\/web\/#\/schema\/person\/1ae43f9659d2fc599ca69c11e1dbf26f\"},\"headline\":\"El 14\u00ba Congreso regional ser\u00e1 del 19 al 21 de noviembre\",\"datePublished\":\"2021-07-28T20:05:22+00:00\",\"dateModified\":\"2021-11-22T22:05:01+00:00\",\"mainEntityOfPage\":{\"@id\":\"https:\/\/psoecanarias.com\/web\/el-psoe-de-canarias-celebrara-su-14-congreso-entre-los-dias-19-y-21-de-noviembre-en-tenerife\/\"},\"wordCount\":463,\"commentCount\":0,\"image\":{\"@id\":\"https:\/\/psoecanarias.com\/web\/el-psoe-de-canarias-celebrara-su-14-congreso-entre-los-dias-19-y-21-de-noviembre-en-tenerife\/#primaryimage\"},\"thumbnailUrl\":\"https:\/\/psoecanarias.com\/web\/wp-content\/uploads\/2021\/07\/Comite---Regional-PSOE-07-scaled.jpg\",\"articleSection\":[\"Noticias\",\"Pol\u00edtica\"],\"inLanguage\":\"es\",\"potentialAction\":[{\"@type\":\"CommentAction\",\"name\":\"Comment\",\"target\":[\"https:\/\/psoecanarias.com\/web\/el-psoe-de-canarias-celebrara-su-14-congreso-entre-los-dias-19-y-21-de-noviembre-en-tenerife\/#respond\"]}]},{\"@type\":\"WebPage\",\"@id\":\"https:\/\/psoecanarias.com\/web\/el-psoe-de-canarias-celebrara-su-14-congreso-entre-los-dias-19-y-21-de-noviembre-en-tenerife\/\",\"url\":\"https:\/\/psoecanarias.com\/web\/el-psoe-de-canarias-celebrara-su-14-congreso-entre-los-dias-19-y-21-de-noviembre-en-tenerife\/\",\"name\":\"El 14\u00ba Congreso regional ser\u00e1 del 19 al 21 de noviembre | PSOE Canarias\",\"isPartOf\":{\"@id\":\"https:\/\/psoecanarias.com\/web\/#website\"},\"primaryImageOfPage\":{\"@id\":\"https:\/\/psoecanarias.com\/web\/el-psoe-de-canarias-celebrara-su-14-congreso-entre-los-dias-19-y-21-de-noviembre-en-tenerife\/#primaryimage\"},\"image\":{\"@id\":\"https:\/\/psoecanarias.com\/web\/el-psoe-de-canarias-celebrara-su-14-congreso-entre-los-dias-19-y-21-de-noviembre-en-tenerife\/#primaryimage\"},\"thumbnailUrl\":\"https:\/\/psoecanarias.com\/web\/wp-content\/uploads\/2021\/07\/Comite---Regional-PSOE-07-scaled.jpg\",\"datePublished\":\"2021-07-28T20:05:22+00:00\",\"dateModified\":\"2021-11-22T22:05:01+00:00\",\"author\":{\"@id\":\"https:\/\/psoecanarias.com\/web\/#\/schema\/person\/1ae43f9659d2fc599ca69c11e1dbf26f\"},\"breadcrumb\":{\"@id\":\"https:\/\/psoecanarias.com\/web\/el-psoe-de-canarias-celebrara-su-14-congreso-entre-los-dias-19-y-21-de-noviembre-en-tenerife\/#breadcrumb\"},\"inLanguage\":\"es\",\"potentialAction\":[{\"@type\":\"ReadAction\",\"target\":[\"https:\/\/psoecanarias.com\/web\/el-psoe-de-canarias-celebrara-su-14-congreso-entre-los-dias-19-y-21-de-noviembre-en-tenerife\/\"]}]},{\"@type\":\"ImageObject\",\"inLanguage\":\"es\",\"@id\":\"https:\/\/psoecanarias.com\/web\/el-psoe-de-canarias-celebrara-su-14-congreso-entre-los-dias-19-y-21-de-noviembre-en-tenerife\/#primaryimage\",\"url\":\"https:\/\/psoecanarias.com\/web\/wp-content\/uploads\/2021\/07\/Comite---Regional-PSOE-07-scaled.jpg\",\"contentUrl\":\"https:\/\/psoecanarias.com\/web\/wp-content\/uploads\/2021\/07\/Comite---Regional-PSOE-07-scaled.jpg\",\"width\":2560,\"height\":1706},{\"@type\":\"BreadcrumbList\",\"@id\":\"https:\/\/psoecanarias.com\/web\/el-psoe-de-canarias-celebrara-su-14-congreso-entre-los-dias-19-y-21-de-noviembre-en-tenerife\/#breadcrumb\",\"itemListElement\":[{\"@type\":\"ListItem\",\"position\":1,\"name\":\"Portada\",\"item\":\"https:\/\/psoecanarias.com\/web\/\"},{\"@type\":\"ListItem\",\"position\":2,\"name\":\"El 14\u00ba Congreso regional ser\u00e1 del 19 al 21 de noviembre\"}]},{\"@type\":\"WebSite\",\"@id\":\"https:\/\/psoecanarias.com\/web\/#website\",\"url\":\"https:\/\/psoecanarias.com\/web\/\",\"name\":\"PSOE Canarias\",\"description\":\"Partido Socialista Obrero Espa\u00f1ol Canarias\",\"potentialAction\":[{\"@type\":\"SearchAction\",\"target\":{\"@type\":\"EntryPoint\",\"urlTemplate\":\"https:\/\/psoecanarias.com\/web\/?s={search_term_string}\"},\"query-input\":{\"@type\":\"PropertyValueSpecification\",\"valueRequired\":true,\"valueName\":\"search_term_string\"}}],\"inLanguage\":\"es\"},{\"@type\":\"Person\",\"@id\":\"https:\/\/psoecanarias.com\/web\/#\/schema\/person\/1ae43f9659d2fc599ca69c11e1dbf26f\",\"name\":\"PSOE Canarias\",\"image\":{\"@type\":\"ImageObject\",\"inLanguage\":\"es\",\"@id\":\"https:\/\/secure.gravatar.com\/avatar\/4364d37f6f6f9cdb7af199b46151565f37d8a8c3c0e04c1d78c04e857a15e3a8?s=96&d=mm&r=g\",\"url\":\"https:\/\/secure.gravatar.com\/avatar\/4364d37f6f6f9cdb7af199b46151565f37d8a8c3c0e04c1d78c04e857a15e3a8?s=96&d=mm&r=g\",\"contentUrl\":\"https:\/\/secure.gravatar.com\/avatar\/4364d37f6f6f9cdb7af199b46151565f37d8a8c3c0e04c1d78c04e857a15e3a8?s=96&d=mm&r=g\",\"caption\":\"PSOE Canarias\"},\"url\":\"https:\/\/psoecanarias.com\/web\/author\/admin\/\"}]}<\/script>\n<!-- \/ Yoast SEO plugin. -->","yoast_head_json":{"title":"El 14\u00ba Congreso regional ser\u00e1 del 19 al 21 de noviembre | PSOE Canarias","robots":{"index":"index","follow":"follow","max-snippet":"max-snippet:-1","max-image-preview":"max-image-preview:large","max-video-preview":"max-video-preview:-1"},"canonical":"https:\/\/psoecanarias.com\/web\/el-psoe-de-canarias-celebrara-su-14-congreso-entre-los-dias-19-y-21-de-noviembre-en-tenerife\/","og_locale":"es_ES","og_type":"article","og_title":"El 14\u00ba Congreso regional ser\u00e1 del 19 al 21 de noviembre | PSOE Canarias","og_description":"Mari Brito, alcaldesa de Candelaria y presidenta de la FECAM, ser\u00e1 la coordinadora de la Ponencia Marco","og_url":"https:\/\/psoecanarias.com\/web\/el-psoe-de-canarias-celebrara-su-14-congreso-entre-los-dias-19-y-21-de-noviembre-en-tenerife\/","og_site_name":"PSOE Canarias","article_published_time":"2021-07-28T20:05:22+00:00","article_modified_time":"2021-11-22T22:05:01+00:00","og_image":[{"width":2560,"height":1706,"url":"https:\/\/psoecanarias.com\/web\/wp-content\/uploads\/2021\/07\/Comite---Regional-PSOE-07-scaled.jpg","type":"image\/jpeg"}],"author":"PSOE Canarias","twitter_card":"summary_large_image","schema":{"@context":"https:\/\/schema.org","@graph":[{"@type":"Article","@id":"https:\/\/psoecanarias.com\/web\/el-psoe-de-canarias-celebrara-su-14-congreso-entre-los-dias-19-y-21-de-noviembre-en-tenerife\/#article","isPartOf":{"@id":"https:\/\/psoecanarias.com\/web\/el-psoe-de-canarias-celebrara-su-14-congreso-entre-los-dias-19-y-21-de-noviembre-en-tenerife\/"},"author":{"name":"PSOE Canarias","@id":"https:\/\/psoecanarias.com\/web\/#\/schema\/person\/1ae43f9659d2fc599ca69c11e1dbf26f"},"headline":"El 14\u00ba Congreso regional ser\u00e1 del 19 al 21 de noviembre","datePublished":"2021-07-28T20:05:22+00:00","dateModified":"2021-11-22T22:05:01+00:00","mainEntityOfPage":{"@id":"https:\/\/psoecanarias.com\/web\/el-psoe-de-canarias-celebrara-su-14-congreso-entre-los-dias-19-y-21-de-noviembre-en-tenerife\/"},"wordCount":463,"commentCount":0,"image":{"@id":"https:\/\/psoecanarias.com\/web\/el-psoe-de-canarias-celebrara-su-14-congreso-entre-los-dias-19-y-21-de-noviembre-en-tenerife\/#primaryimage"},"thumbnailUrl":"https:\/\/psoecanarias.com\/web\/wp-content\/uploads\/2021\/07\/Comite---Regional-PSOE-07-scaled.jpg","articleSection":["Noticias","Pol\u00edtica"],"inLanguage":"es","potentialAction":[{"@type":"CommentAction","name":"Comment","target":["https:\/\/psoecanarias.com\/web\/el-psoe-de-canarias-celebrara-su-14-congreso-entre-los-dias-19-y-21-de-noviembre-en-tenerife\/#respond"]}]},{"@type":"WebPage","@id":"https:\/\/psoecanarias.com\/web\/el-psoe-de-canarias-celebrara-su-14-congreso-entre-los-dias-19-y-21-de-noviembre-en-tenerife\/","url":"https:\/\/psoecanarias.com\/web\/el-psoe-de-canarias-celebrara-su-14-congreso-entre-los-dias-19-y-21-de-noviembre-en-tenerife\/","name":"El 14\u00ba Congreso regional ser\u00e1 del 19 al 21 de noviembre | PSOE Canarias","isPartOf":{"@id":"https:\/\/psoecanarias.com\/web\/#website"},"primaryImageOfPage":{"@id":"https:\/\/psoecanarias.com\/web\/el-psoe-de-canarias-celebrara-su-14-congreso-entre-los-dias-19-y-21-de-noviembre-en-tenerife\/#primaryimage"},"image":{"@id":"https:\/\/psoecanarias.com\/web\/el-psoe-de-canarias-celebrara-su-14-congreso-entre-los-dias-19-y-21-de-noviembre-en-tenerife\/#primaryimage"},"thumbnailUrl":"https:\/\/psoecanarias.com\/web\/wp-content\/uploads\/2021\/07\/Comite---Regional-PSOE-07-scaled.jpg","datePublished":"2021-07-28T20:05:22+00:00","dateModified":"2021-11-22T22:05:01+00:00","author":{"@id":"https:\/\/psoecanarias.com\/web\/#\/schema\/person\/1ae43f9659d2fc599ca69c11e1dbf26f"},"breadcrumb":{"@id":"https:\/\/psoecanarias.com\/web\/el-psoe-de-canarias-celebrara-su-14-congreso-entre-los-dias-19-y-21-de-noviembre-en-tenerife\/#breadcrumb"},"inLanguage":"es","potentialAction":[{"@type":"ReadAction","target":["https:\/\/psoecanarias.com\/web\/el-psoe-de-canarias-celebrara-su-14-congreso-entre-los-dias-19-y-21-de-noviembre-en-tenerife\/"]}]},{"@type":"ImageObject","inLanguage":"es","@id":"https:\/\/psoecanarias.com\/web\/el-psoe-de-canarias-celebrara-su-14-congreso-entre-los-dias-19-y-21-de-noviembre-en-tenerife\/#primaryimage","url":"https:\/\/psoecanarias.com\/web\/wp-content\/uploads\/2021\/07\/Comite---Regional-PSOE-07-scaled.jpg","contentUrl":"https:\/\/psoecanarias.com\/web\/wp-content\/uploads\/2021\/07\/Comite---Regional-PSOE-07-scaled.jpg","width":2560,"height":1706},{"@type":"BreadcrumbList","@id":"https:\/\/psoecanarias.com\/web\/el-psoe-de-canarias-celebrara-su-14-congreso-entre-los-dias-19-y-21-de-noviembre-en-tenerife\/#breadcrumb","itemListElement":[{"@type":"ListItem","position":1,"name":"Portada","item":"https:\/\/psoecanarias.com\/web\/"},{"@type":"ListItem","position":2,"name":"El 14\u00ba Congreso regional ser\u00e1 del 19 al 21 de noviembre"}]},{"@type":"WebSite","@id":"https:\/\/psoecanarias.com\/web\/#website","url":"https:\/\/psoecanarias.com\/web\/","name":"PSOE Canarias","description":"Partido Socialista Obrero Espa\u00f1ol Canarias","potentialAction":[{"@type":"SearchAction","target":{"@type":"EntryPoint","urlTemplate":"https:\/\/psoecanarias.com\/web\/?s={search_term_string}"},"query-input":{"@type":"PropertyValueSpecification","valueRequired":true,"valueName":"search_term_string"}}],"inLanguage":"es"},{"@type":"Person","@id":"https:\/\/psoecanarias.com\/web\/#\/schema\/person\/1ae43f9659d2fc599ca69c11e1dbf26f","name":"PSOE Canarias","image":{"@type":"ImageObject","inLanguage":"es","@id":"https:\/\/secure.gravatar.com\/avatar\/4364d37f6f6f9cdb7af199b46151565f37d8a8c3c0e04c1d78c04e857a15e3a8?s=96&d=mm&r=g","url":"https:\/\/secure.gravatar.com\/avatar\/4364d37f6f6f9cdb7af199b46151565f37d8a8c3c0e04c1d78c04e857a15e3a8?s=96&d=mm&r=g","contentUrl":"https:\/\/secure.gravatar.com\/avatar\/4364d37f6f6f9cdb7af199b46151565f37d8a8c3c0e04c1d78c04e857a15e3a8?s=96&d=mm&r=g","caption":"PSOE Canarias"},"url":"https:\/\/psoecanarias.com\/web\/author\/admin\/"}]}},"_links":{"self":[{"href":"https:\/\/psoecanarias.com\/web\/wp-json\/wp\/v2\/posts\/19091","targetHints":{"allow":["GET"]}}],"collection":[{"href":"https:\/\/psoecanarias.com\/web\/wp-json\/wp\/v2\/posts"}],"about":[{"href":"https:\/\/psoecanarias.com\/web\/wp-json\/wp\/v2\/types\/post"}],"author":[{"embeddable":true,"href":"https:\/\/psoecanarias.com\/web\/wp-json\/wp\/v2\/users\/1"}],"replies":[{"embeddable":true,"href":"https:\/\/psoecanarias.com\/web\/wp-json\/wp\/v2\/comments?post=19091"}],"version-history":[{"count":6,"href":"https:\/\/psoecanarias.com\/web\/wp-json\/wp\/v2\/posts\/19091\/revisions"}],"predecessor-version":[{"id":20707,"href":"https:\/\/psoecanarias.com\/web\/wp-json\/wp\/v2\/posts\/19091\/revisions\/20707"}],"wp:featuredmedia":[{"embeddable":true,"href":"https:\/\/psoecanarias.com\/web\/wp-json\/wp\/v2\/media\/19092"}],"wp:attachment":[{"href":"https:\/\/psoecanarias.com\/web\/wp-json\/wp\/v2\/media?parent=19091"}],"wp:term":[{"taxonomy":"category","embeddable":true,"href":"https:\/\/psoecanarias.com\/web\/wp-json\/wp\/v2\/categories?post=19091"},{"taxonomy":"post_tag","embeddable":true,"href":"https:\/\/psoecanarias.com\/web\/wp-json\/wp\/v2\/tags?post=19091"}],"curies":[{"name":"wp","href":"https:\/\/api.w.org\/{rel}","templated":true}]}}