{"id":1937,"date":"2016-04-29T13:58:32","date_gmt":"2016-04-29T12:58:32","guid":{"rendered":"http:\/\/psoecanarias.com\/web\/?p=1937"},"modified":"2016-04-29T13:58:32","modified_gmt":"2016-04-29T12:58:32","slug":"el-psoe-pide-que-la-mejora-de-la-carretera-hi-500-sea-declarada-obra-de-emergencia","status":"publish","type":"post","link":"https:\/\/psoecanarias.com\/web\/el-psoe-pide-que-la-mejora-de-la-carretera-hi-500-sea-declarada-obra-de-emergencia\/","title":{"rendered":"El PSOE pide que la mejora de la carretera HI-500 sea declarada obra de emergencia"},"content":{"rendered":"<p style=\"text-align: justify;\"><em>XH\/\u00a0<\/em>La diputada del PSOE por El Hierro, Ana Gonz\u00e1lez, preguntar\u00e1 al Gobierno por sus previsiones respecto a las obras de la carretera HI-500 que da acceso a la playa de La Madera. \u201cSolicitamos la declaraci\u00f3n de de emergencia de esta obra, sobre todo teniendo en cuenta que en poco m\u00e1s de un a\u00f1o se celebra la Bajada de la Virgen de Los Reyes\u201d, expone la diputada, quien recuerda que la v\u00eda comunica el t\u00e9rmino municipal de La Frontera con la Ermita de La Dehesa, tramo en el que, previsiblemente, se triplicar\u00eda la afluencia de veh\u00edculos con motivo de las fiestas insulares.<\/p>\n<p style=\"text-align: justify;\">Como recuerda, esta carretera se cierra con demasiada frecuencia debido a los desprendimientos continuos que se producen en la zona. Como consecuencia de ello, el firme se encuentra bastante deteriorado, situaci\u00f3n ante la que la Consejer\u00eda de Obras P\u00fablicas y Transportes del Gobierno de Canarias ha proyectado la extensi\u00f3n de una nueva capa de rodadura y se\u00f1alizaci\u00f3n horizontal, as\u00ed como la instalaci\u00f3n en algunos tramos de barrera de seguridad, incluyendo protecci\u00f3n para los motoristas.<\/p>\n<p style=\"text-align: justify;\">Por otra parte, desde la isla se solicita la construcci\u00f3n de un t\u00fanel semiabierto para garantizar la seguridad de la v\u00eda por la que se accede a zonas tur\u00edsticas como son el Faro Orchilla, El Sabinar o La Dehesa, desde La Frontera. Gonz\u00e1lez insiste en la necesidad de que se priorice esta obra, en el marco de las mejoras a ejecutar en las carreteras de la isla.<\/p>\n","protected":false},"excerpt":{"rendered":"<p>Ana Gonz\u00e1lez subraya la necesidad de que se priorice esta obra, en el marco de las mejoras a ejecutar en las carreteras de El Hierro <\/p>\n","protected":false},"author":1,"featured_media":1938,"comment_status":"open","ping_status":"open","sticky":false,"template":"","format":"standard","meta":{"footnotes":""},"categories":[7],"tags":[110,302,109,293,545],"class_list":["post-1937","post","type-post","status-publish","format-standard","has-post-thumbnail","hentry","category-politica","tag-ana-gonzalez","tag-diputada","tag-el-hierro","tag-grupo-parlamentario-socialista-canario","tag-obras-publicas-y-transportes"],"featured_image_src":"https:\/\/psoecanarias.com\/web\/wp-content\/uploads\/2016\/04\/AGLEZ.jpg","author_info":{"display_name":"PSOE Canarias","author_link":"https:\/\/psoecanarias.com\/web\/author\/admin\/"},"yoast_head":"<!-- This site is optimized with the Yoast SEO plugin v27.2 - https:\/\/yoast.com\/product\/yoast-seo-wordpress\/ -->\n<title>El PSOE pide que la mejora de la carretera HI-500 sea declarada obra de emergencia | PSOE Canarias<\/title>\n<meta name=\"robots\" content=\"index, follow, max-snippet:-1, max-image-preview:large, max-video-preview:-1\" \/>\n<link rel=\"canonical\" href=\"https:\/\/psoecanarias.com\/web\/el-psoe-pide-que-la-mejora-de-la-carretera-hi-500-sea-declarada-obra-de-emergencia\/\" \/>\n<meta property=\"og:locale\" content=\"es_ES\" \/>\n<meta property=\"og:type\" content=\"article\" \/>\n<meta property=\"og:title\" content=\"El PSOE pide que la mejora de la carretera HI-500 sea declarada obra de emergencia | PSOE Canarias\" \/>\n<meta property=\"og:description\" content=\"Ana Gonz\u00e1lez subraya la necesidad de que se priorice esta obra, en el marco de las mejoras a ejecutar en las carreteras de El Hierro\" \/>\n<meta property=\"og:url\" content=\"https:\/\/psoecanarias.com\/web\/el-psoe-pide-que-la-mejora-de-la-carretera-hi-500-sea-declarada-obra-de-emergencia\/\" \/>\n<meta property=\"og:site_name\" content=\"PSOE Canarias\" \/>\n<meta property=\"article:published_time\" content=\"2016-04-29T12:58:32+00:00\" \/>\n<meta property=\"og:image\" content=\"https:\/\/psoecanarias.com\/web\/wp-content\/uploads\/2016\/04\/AGLEZ.jpg\" \/>\n\t<meta property=\"og:image:width\" content=\"415\" \/>\n\t<meta property=\"og:image:height\" content=\"572\" \/>\n\t<meta property=\"og:image:type\" content=\"image\/jpeg\" \/>\n<meta name=\"author\" content=\"PSOE Canarias\" \/>\n<meta name=\"twitter:card\" content=\"summary_large_image\" \/>\n<script type=\"application\/ld+json\" class=\"yoast-schema-graph\">{\"@context\":\"https:\/\/schema.org\",\"@graph\":[{\"@type\":\"Article\",\"@id\":\"https:\/\/psoecanarias.com\/web\/el-psoe-pide-que-la-mejora-de-la-carretera-hi-500-sea-declarada-obra-de-emergencia\/#article\",\"isPartOf\":{\"@id\":\"https:\/\/psoecanarias.com\/web\/el-psoe-pide-que-la-mejora-de-la-carretera-hi-500-sea-declarada-obra-de-emergencia\/\"},\"author\":{\"name\":\"PSOE Canarias\",\"@id\":\"https:\/\/psoecanarias.com\/web\/#\/schema\/person\/1ae43f9659d2fc599ca69c11e1dbf26f\"},\"headline\":\"El PSOE pide que la mejora de la carretera HI-500 sea declarada obra de emergencia\",\"datePublished\":\"2016-04-29T12:58:32+00:00\",\"mainEntityOfPage\":{\"@id\":\"https:\/\/psoecanarias.com\/web\/el-psoe-pide-que-la-mejora-de-la-carretera-hi-500-sea-declarada-obra-de-emergencia\/\"},\"wordCount\":279,\"commentCount\":0,\"image\":{\"@id\":\"https:\/\/psoecanarias.com\/web\/el-psoe-pide-que-la-mejora-de-la-carretera-hi-500-sea-declarada-obra-de-emergencia\/#primaryimage\"},\"thumbnailUrl\":\"https:\/\/psoecanarias.com\/web\/wp-content\/uploads\/2016\/04\/AGLEZ.jpg\",\"keywords\":[\"Ana Gonz\u00e1lez\",\"Diputada\",\"El HIerro\",\"Grupo Parlamentario Socialista Canario\",\"Obras P\u00fablicas y Transportes\"],\"articleSection\":[\"Pol\u00edtica\"],\"inLanguage\":\"es\",\"potentialAction\":[{\"@type\":\"CommentAction\",\"name\":\"Comment\",\"target\":[\"https:\/\/psoecanarias.com\/web\/el-psoe-pide-que-la-mejora-de-la-carretera-hi-500-sea-declarada-obra-de-emergencia\/#respond\"]}]},{\"@type\":\"WebPage\",\"@id\":\"https:\/\/psoecanarias.com\/web\/el-psoe-pide-que-la-mejora-de-la-carretera-hi-500-sea-declarada-obra-de-emergencia\/\",\"url\":\"https:\/\/psoecanarias.com\/web\/el-psoe-pide-que-la-mejora-de-la-carretera-hi-500-sea-declarada-obra-de-emergencia\/\",\"name\":\"El PSOE pide que la mejora de la carretera HI-500 sea declarada obra de emergencia | PSOE Canarias\",\"isPartOf\":{\"@id\":\"https:\/\/psoecanarias.com\/web\/#website\"},\"primaryImageOfPage\":{\"@id\":\"https:\/\/psoecanarias.com\/web\/el-psoe-pide-que-la-mejora-de-la-carretera-hi-500-sea-declarada-obra-de-emergencia\/#primaryimage\"},\"image\":{\"@id\":\"https:\/\/psoecanarias.com\/web\/el-psoe-pide-que-la-mejora-de-la-carretera-hi-500-sea-declarada-obra-de-emergencia\/#primaryimage\"},\"thumbnailUrl\":\"https:\/\/psoecanarias.com\/web\/wp-content\/uploads\/2016\/04\/AGLEZ.jpg\",\"datePublished\":\"2016-04-29T12:58:32+00:00\",\"author\":{\"@id\":\"https:\/\/psoecanarias.com\/web\/#\/schema\/person\/1ae43f9659d2fc599ca69c11e1dbf26f\"},\"breadcrumb\":{\"@id\":\"https:\/\/psoecanarias.com\/web\/el-psoe-pide-que-la-mejora-de-la-carretera-hi-500-sea-declarada-obra-de-emergencia\/#breadcrumb\"},\"inLanguage\":\"es\",\"potentialAction\":[{\"@type\":\"ReadAction\",\"target\":[\"https:\/\/psoecanarias.com\/web\/el-psoe-pide-que-la-mejora-de-la-carretera-hi-500-sea-declarada-obra-de-emergencia\/\"]}]},{\"@type\":\"ImageObject\",\"inLanguage\":\"es\",\"@id\":\"https:\/\/psoecanarias.com\/web\/el-psoe-pide-que-la-mejora-de-la-carretera-hi-500-sea-declarada-obra-de-emergencia\/#primaryimage\",\"url\":\"https:\/\/psoecanarias.com\/web\/wp-content\/uploads\/2016\/04\/AGLEZ.jpg\",\"contentUrl\":\"https:\/\/psoecanarias.com\/web\/wp-content\/uploads\/2016\/04\/AGLEZ.jpg\",\"width\":415,\"height\":572},{\"@type\":\"BreadcrumbList\",\"@id\":\"https:\/\/psoecanarias.com\/web\/el-psoe-pide-que-la-mejora-de-la-carretera-hi-500-sea-declarada-obra-de-emergencia\/#breadcrumb\",\"itemListElement\":[{\"@type\":\"ListItem\",\"position\":1,\"name\":\"Portada\",\"item\":\"https:\/\/psoecanarias.com\/web\/\"},{\"@type\":\"ListItem\",\"position\":2,\"name\":\"El PSOE pide que la mejora de la carretera HI-500 sea declarada obra de emergencia\"}]},{\"@type\":\"WebSite\",\"@id\":\"https:\/\/psoecanarias.com\/web\/#website\",\"url\":\"https:\/\/psoecanarias.com\/web\/\",\"name\":\"PSOE Canarias\",\"description\":\"Partido Socialista Obrero Espa\u00f1ol Canarias\",\"potentialAction\":[{\"@type\":\"SearchAction\",\"target\":{\"@type\":\"EntryPoint\",\"urlTemplate\":\"https:\/\/psoecanarias.com\/web\/?s={search_term_string}\"},\"query-input\":{\"@type\":\"PropertyValueSpecification\",\"valueRequired\":true,\"valueName\":\"search_term_string\"}}],\"inLanguage\":\"es\"},{\"@type\":\"Person\",\"@id\":\"https:\/\/psoecanarias.com\/web\/#\/schema\/person\/1ae43f9659d2fc599ca69c11e1dbf26f\",\"name\":\"PSOE Canarias\",\"image\":{\"@type\":\"ImageObject\",\"inLanguage\":\"es\",\"@id\":\"https:\/\/secure.gravatar.com\/avatar\/4364d37f6f6f9cdb7af199b46151565f37d8a8c3c0e04c1d78c04e857a15e3a8?s=96&d=mm&r=g\",\"url\":\"https:\/\/secure.gravatar.com\/avatar\/4364d37f6f6f9cdb7af199b46151565f37d8a8c3c0e04c1d78c04e857a15e3a8?s=96&d=mm&r=g\",\"contentUrl\":\"https:\/\/secure.gravatar.com\/avatar\/4364d37f6f6f9cdb7af199b46151565f37d8a8c3c0e04c1d78c04e857a15e3a8?s=96&d=mm&r=g\",\"caption\":\"PSOE Canarias\"},\"url\":\"https:\/\/psoecanarias.com\/web\/author\/admin\/\"}]}<\/script>\n<!-- \/ Yoast SEO plugin. -->","yoast_head_json":{"title":"El PSOE pide que la mejora de la carretera HI-500 sea declarada obra de emergencia | PSOE Canarias","robots":{"index":"index","follow":"follow","max-snippet":"max-snippet:-1","max-image-preview":"max-image-preview:large","max-video-preview":"max-video-preview:-1"},"canonical":"https:\/\/psoecanarias.com\/web\/el-psoe-pide-que-la-mejora-de-la-carretera-hi-500-sea-declarada-obra-de-emergencia\/","og_locale":"es_ES","og_type":"article","og_title":"El PSOE pide que la mejora de la carretera HI-500 sea declarada obra de emergencia | PSOE Canarias","og_description":"Ana Gonz\u00e1lez subraya la necesidad de que se priorice esta obra, en el marco de las mejoras a ejecutar en las carreteras de El Hierro","og_url":"https:\/\/psoecanarias.com\/web\/el-psoe-pide-que-la-mejora-de-la-carretera-hi-500-sea-declarada-obra-de-emergencia\/","og_site_name":"PSOE Canarias","article_published_time":"2016-04-29T12:58:32+00:00","og_image":[{"width":415,"height":572,"url":"https:\/\/psoecanarias.com\/web\/wp-content\/uploads\/2016\/04\/AGLEZ.jpg","type":"image\/jpeg"}],"author":"PSOE Canarias","twitter_card":"summary_large_image","schema":{"@context":"https:\/\/schema.org","@graph":[{"@type":"Article","@id":"https:\/\/psoecanarias.com\/web\/el-psoe-pide-que-la-mejora-de-la-carretera-hi-500-sea-declarada-obra-de-emergencia\/#article","isPartOf":{"@id":"https:\/\/psoecanarias.com\/web\/el-psoe-pide-que-la-mejora-de-la-carretera-hi-500-sea-declarada-obra-de-emergencia\/"},"author":{"name":"PSOE Canarias","@id":"https:\/\/psoecanarias.com\/web\/#\/schema\/person\/1ae43f9659d2fc599ca69c11e1dbf26f"},"headline":"El PSOE pide que la mejora de la carretera HI-500 sea declarada obra de emergencia","datePublished":"2016-04-29T12:58:32+00:00","mainEntityOfPage":{"@id":"https:\/\/psoecanarias.com\/web\/el-psoe-pide-que-la-mejora-de-la-carretera-hi-500-sea-declarada-obra-de-emergencia\/"},"wordCount":279,"commentCount":0,"image":{"@id":"https:\/\/psoecanarias.com\/web\/el-psoe-pide-que-la-mejora-de-la-carretera-hi-500-sea-declarada-obra-de-emergencia\/#primaryimage"},"thumbnailUrl":"https:\/\/psoecanarias.com\/web\/wp-content\/uploads\/2016\/04\/AGLEZ.jpg","keywords":["Ana Gonz\u00e1lez","Diputada","El HIerro","Grupo Parlamentario Socialista Canario","Obras P\u00fablicas y Transportes"],"articleSection":["Pol\u00edtica"],"inLanguage":"es","potentialAction":[{"@type":"CommentAction","name":"Comment","target":["https:\/\/psoecanarias.com\/web\/el-psoe-pide-que-la-mejora-de-la-carretera-hi-500-sea-declarada-obra-de-emergencia\/#respond"]}]},{"@type":"WebPage","@id":"https:\/\/psoecanarias.com\/web\/el-psoe-pide-que-la-mejora-de-la-carretera-hi-500-sea-declarada-obra-de-emergencia\/","url":"https:\/\/psoecanarias.com\/web\/el-psoe-pide-que-la-mejora-de-la-carretera-hi-500-sea-declarada-obra-de-emergencia\/","name":"El PSOE pide que la mejora de la carretera HI-500 sea declarada obra de emergencia | PSOE Canarias","isPartOf":{"@id":"https:\/\/psoecanarias.com\/web\/#website"},"primaryImageOfPage":{"@id":"https:\/\/psoecanarias.com\/web\/el-psoe-pide-que-la-mejora-de-la-carretera-hi-500-sea-declarada-obra-de-emergencia\/#primaryimage"},"image":{"@id":"https:\/\/psoecanarias.com\/web\/el-psoe-pide-que-la-mejora-de-la-carretera-hi-500-sea-declarada-obra-de-emergencia\/#primaryimage"},"thumbnailUrl":"https:\/\/psoecanarias.com\/web\/wp-content\/uploads\/2016\/04\/AGLEZ.jpg","datePublished":"2016-04-29T12:58:32+00:00","author":{"@id":"https:\/\/psoecanarias.com\/web\/#\/schema\/person\/1ae43f9659d2fc599ca69c11e1dbf26f"},"breadcrumb":{"@id":"https:\/\/psoecanarias.com\/web\/el-psoe-pide-que-la-mejora-de-la-carretera-hi-500-sea-declarada-obra-de-emergencia\/#breadcrumb"},"inLanguage":"es","potentialAction":[{"@type":"ReadAction","target":["https:\/\/psoecanarias.com\/web\/el-psoe-pide-que-la-mejora-de-la-carretera-hi-500-sea-declarada-obra-de-emergencia\/"]}]},{"@type":"ImageObject","inLanguage":"es","@id":"https:\/\/psoecanarias.com\/web\/el-psoe-pide-que-la-mejora-de-la-carretera-hi-500-sea-declarada-obra-de-emergencia\/#primaryimage","url":"https:\/\/psoecanarias.com\/web\/wp-content\/uploads\/2016\/04\/AGLEZ.jpg","contentUrl":"https:\/\/psoecanarias.com\/web\/wp-content\/uploads\/2016\/04\/AGLEZ.jpg","width":415,"height":572},{"@type":"BreadcrumbList","@id":"https:\/\/psoecanarias.com\/web\/el-psoe-pide-que-la-mejora-de-la-carretera-hi-500-sea-declarada-obra-de-emergencia\/#breadcrumb","itemListElement":[{"@type":"ListItem","position":1,"name":"Portada","item":"https:\/\/psoecanarias.com\/web\/"},{"@type":"ListItem","position":2,"name":"El PSOE pide que la mejora de la carretera HI-500 sea declarada obra de emergencia"}]},{"@type":"WebSite","@id":"https:\/\/psoecanarias.com\/web\/#website","url":"https:\/\/psoecanarias.com\/web\/","name":"PSOE Canarias","description":"Partido Socialista Obrero Espa\u00f1ol Canarias","potentialAction":[{"@type":"SearchAction","target":{"@type":"EntryPoint","urlTemplate":"https:\/\/psoecanarias.com\/web\/?s={search_term_string}"},"query-input":{"@type":"PropertyValueSpecification","valueRequired":true,"valueName":"search_term_string"}}],"inLanguage":"es"},{"@type":"Person","@id":"https:\/\/psoecanarias.com\/web\/#\/schema\/person\/1ae43f9659d2fc599ca69c11e1dbf26f","name":"PSOE Canarias","image":{"@type":"ImageObject","inLanguage":"es","@id":"https:\/\/secure.gravatar.com\/avatar\/4364d37f6f6f9cdb7af199b46151565f37d8a8c3c0e04c1d78c04e857a15e3a8?s=96&d=mm&r=g","url":"https:\/\/secure.gravatar.com\/avatar\/4364d37f6f6f9cdb7af199b46151565f37d8a8c3c0e04c1d78c04e857a15e3a8?s=96&d=mm&r=g","contentUrl":"https:\/\/secure.gravatar.com\/avatar\/4364d37f6f6f9cdb7af199b46151565f37d8a8c3c0e04c1d78c04e857a15e3a8?s=96&d=mm&r=g","caption":"PSOE Canarias"},"url":"https:\/\/psoecanarias.com\/web\/author\/admin\/"}]}},"_links":{"self":[{"href":"https:\/\/psoecanarias.com\/web\/wp-json\/wp\/v2\/posts\/1937","targetHints":{"allow":["GET"]}}],"collection":[{"href":"https:\/\/psoecanarias.com\/web\/wp-json\/wp\/v2\/posts"}],"about":[{"href":"https:\/\/psoecanarias.com\/web\/wp-json\/wp\/v2\/types\/post"}],"author":[{"embeddable":true,"href":"https:\/\/psoecanarias.com\/web\/wp-json\/wp\/v2\/users\/1"}],"replies":[{"embeddable":true,"href":"https:\/\/psoecanarias.com\/web\/wp-json\/wp\/v2\/comments?post=1937"}],"version-history":[{"count":1,"href":"https:\/\/psoecanarias.com\/web\/wp-json\/wp\/v2\/posts\/1937\/revisions"}],"predecessor-version":[{"id":1939,"href":"https:\/\/psoecanarias.com\/web\/wp-json\/wp\/v2\/posts\/1937\/revisions\/1939"}],"wp:featuredmedia":[{"embeddable":true,"href":"https:\/\/psoecanarias.com\/web\/wp-json\/wp\/v2\/media\/1938"}],"wp:attachment":[{"href":"https:\/\/psoecanarias.com\/web\/wp-json\/wp\/v2\/media?parent=1937"}],"wp:term":[{"taxonomy":"category","embeddable":true,"href":"https:\/\/psoecanarias.com\/web\/wp-json\/wp\/v2\/categories?post=1937"},{"taxonomy":"post_tag","embeddable":true,"href":"https:\/\/psoecanarias.com\/web\/wp-json\/wp\/v2\/tags?post=1937"}],"curies":[{"name":"wp","href":"https:\/\/api.w.org\/{rel}","templated":true}]}}