{"id":19997,"date":"2021-09-14T13:26:12","date_gmt":"2021-09-14T12:26:12","guid":{"rendered":"http:\/\/psoecanarias.com\/web\/?p=19997"},"modified":"2021-09-14T13:26:12","modified_gmt":"2021-09-14T12:26:12","slug":"el-psoe-de-canarias-avanza-hacia-su-14o-congreso-con-la-presentacion-de-la-ponencia-marco","status":"publish","type":"post","link":"https:\/\/psoecanarias.com\/web\/el-psoe-de-canarias-avanza-hacia-su-14o-congreso-con-la-presentacion-de-la-ponencia-marco\/","title":{"rendered":"El PSOE de Canarias avanza hacia su 14\u00ba Congreso con la presentaci\u00f3n de la Ponencia Marco"},"content":{"rendered":"<p><b>Canarias, 14 de septiembre de 2021.-\u00a0<\/b><span style=\"font-size: large;\">El PSOE de Canarias celebrar\u00e1 el s\u00e1bado 18 de septiembre en Gran Canaria un Comit\u00e9 Regional de car\u00e1cter extraordinario en el que presentar\u00e1 su Ponencia Marco, el documento que recoge las l\u00edneas program\u00e1ticas de la organizaci\u00f3n para los pr\u00f3ximos cuatro a\u00f1os y que ser\u00e1 debatido en la cita congresual del mes de noviembre.<\/p>\n<p>Con este trabajo, los socialistas canarios renuevan y afianzan su compromiso pol\u00edtico en materia de sostenibilidad y medio ambiente, feminismo, memoria hist\u00f3rica, justicia social, singularidad canaria y defensa de la educaci\u00f3n y sanidad p\u00fablica como pilares de los valores socialista, definiendo, adem\u00e1s, los ejes de progreso hacia una Canarias m\u00e1s igualitaria, competitiva y orgullosa de su identidad.<\/span><\/p>\n<div><span style=\"font-size: large;\">\u00a0<\/span><\/div>\n<div><span style=\"font-size: large;\">El Secretario General socialista y presidente de Canarias,\u00a0<b>\u00c1ngel V\u00edctor Torres<\/b>, abrir\u00e1 el encuentro, a partir de las\u00a0<b>11.30 horas<\/b>, con una intervenci\u00f3n que podr\u00e1 ser seguida en directo a trav\u00e9s de los perfiles sociales del PSOE de Canarias en <a href=\"https:\/\/www.facebook.com\/PSOECanarias\" target=\"_blank\" rel=\"noopener\">Facebook<\/a> y <a href=\"https:\/\/twitter.com\/PSOECanarias\" target=\"_blank\" rel=\"noopener\">Twitter<\/a>.<\/p>\n<p>La elaboraci\u00f3n de la Ponencia Marco ha estado coordinada por Mari Brito, alcaldesa del municipio tinerfe\u00f1o de Candelaria y presidenta de la FECAM, y ha contado con las aportaciones de un nutrido grupo de profesionales, expertos, cargos p\u00fablicos y militantes de base vinculados a las distintas \u00e1reas que conforman el documento.<\/p>\n<p>La reuni\u00f3n del s\u00e1bado en Infecar, en Las Palmas de Gran Canaria, ser\u00e1 la \u00faltima de este mandato org\u00e1nico del actual Comit\u00e9 Regional, m\u00e1ximo \u00f3rgano entre congresos. En el 14\u00ba Congreso, que tendr\u00e1 lugar los d\u00edas 19, 20 y 21 de noviembre en la isla de Tenerife, el PSOE de Canarias abordar\u00e1 la renovaci\u00f3n de sus distintos \u00f3rganos de direcci\u00f3n.<\/span><\/p>\n<\/div>\n","protected":false},"excerpt":{"rendered":"<p>El Comit\u00e9 Regional socialista se re\u00fane el s\u00e1bado en Gran Canaria en la que ser\u00e1 su \u00faltima convocatoria del actual mandato org\u00e1nico<\/p>\n","protected":false},"author":1,"featured_media":8783,"comment_status":"open","ping_status":"open","sticky":false,"template":"","format":"standard","meta":{"footnotes":""},"categories":[1184,7],"tags":[],"class_list":["post-19997","post","type-post","status-publish","format-standard","has-post-thumbnail","hentry","category-noticias","category-politica"],"featured_image_src":"https:\/\/psoecanarias.com\/web\/wp-content\/uploads\/2020\/03\/comite-2020.jpeg","author_info":{"display_name":"PSOE Canarias","author_link":"https:\/\/psoecanarias.com\/web\/author\/admin\/"},"yoast_head":"<!-- This site is optimized with the Yoast SEO plugin v27.2 - https:\/\/yoast.com\/product\/yoast-seo-wordpress\/ -->\n<title>El PSOE de Canarias avanza hacia su 14\u00ba Congreso con la presentaci\u00f3n de la Ponencia Marco | PSOE Canarias<\/title>\n<meta name=\"robots\" content=\"index, follow, max-snippet:-1, max-image-preview:large, max-video-preview:-1\" \/>\n<link rel=\"canonical\" href=\"https:\/\/psoecanarias.com\/web\/el-psoe-de-canarias-avanza-hacia-su-14o-congreso-con-la-presentacion-de-la-ponencia-marco\/\" \/>\n<meta property=\"og:locale\" content=\"es_ES\" \/>\n<meta property=\"og:type\" content=\"article\" \/>\n<meta property=\"og:title\" content=\"El PSOE de Canarias avanza hacia su 14\u00ba Congreso con la presentaci\u00f3n de la Ponencia Marco | PSOE Canarias\" \/>\n<meta property=\"og:description\" content=\"El Comit\u00e9 Regional socialista se re\u00fane el s\u00e1bado en Gran Canaria en la que ser\u00e1 su \u00faltima convocatoria del actual mandato org\u00e1nico\" \/>\n<meta property=\"og:url\" content=\"https:\/\/psoecanarias.com\/web\/el-psoe-de-canarias-avanza-hacia-su-14o-congreso-con-la-presentacion-de-la-ponencia-marco\/\" \/>\n<meta property=\"og:site_name\" content=\"PSOE Canarias\" \/>\n<meta property=\"article:published_time\" content=\"2021-09-14T12:26:12+00:00\" \/>\n<meta property=\"og:image\" content=\"https:\/\/psoecanarias.com\/web\/wp-content\/uploads\/2020\/03\/comite-2020.jpeg\" \/>\n\t<meta property=\"og:image:width\" content=\"1600\" \/>\n\t<meta property=\"og:image:height\" content=\"900\" \/>\n\t<meta property=\"og:image:type\" content=\"image\/jpeg\" \/>\n<meta name=\"author\" content=\"PSOE Canarias\" \/>\n<meta name=\"twitter:card\" content=\"summary_large_image\" \/>\n<script type=\"application\/ld+json\" class=\"yoast-schema-graph\">{\"@context\":\"https:\/\/schema.org\",\"@graph\":[{\"@type\":\"Article\",\"@id\":\"https:\/\/psoecanarias.com\/web\/el-psoe-de-canarias-avanza-hacia-su-14o-congreso-con-la-presentacion-de-la-ponencia-marco\/#article\",\"isPartOf\":{\"@id\":\"https:\/\/psoecanarias.com\/web\/el-psoe-de-canarias-avanza-hacia-su-14o-congreso-con-la-presentacion-de-la-ponencia-marco\/\"},\"author\":{\"name\":\"PSOE Canarias\",\"@id\":\"https:\/\/psoecanarias.com\/web\/#\/schema\/person\/1ae43f9659d2fc599ca69c11e1dbf26f\"},\"headline\":\"El PSOE de Canarias avanza hacia su 14\u00ba Congreso con la presentaci\u00f3n de la Ponencia Marco\",\"datePublished\":\"2021-09-14T12:26:12+00:00\",\"mainEntityOfPage\":{\"@id\":\"https:\/\/psoecanarias.com\/web\/el-psoe-de-canarias-avanza-hacia-su-14o-congreso-con-la-presentacion-de-la-ponencia-marco\/\"},\"wordCount\":305,\"commentCount\":0,\"image\":{\"@id\":\"https:\/\/psoecanarias.com\/web\/el-psoe-de-canarias-avanza-hacia-su-14o-congreso-con-la-presentacion-de-la-ponencia-marco\/#primaryimage\"},\"thumbnailUrl\":\"https:\/\/psoecanarias.com\/web\/wp-content\/uploads\/2020\/03\/comite-2020.jpeg\",\"articleSection\":[\"Noticias\",\"Pol\u00edtica\"],\"inLanguage\":\"es\",\"potentialAction\":[{\"@type\":\"CommentAction\",\"name\":\"Comment\",\"target\":[\"https:\/\/psoecanarias.com\/web\/el-psoe-de-canarias-avanza-hacia-su-14o-congreso-con-la-presentacion-de-la-ponencia-marco\/#respond\"]}]},{\"@type\":\"WebPage\",\"@id\":\"https:\/\/psoecanarias.com\/web\/el-psoe-de-canarias-avanza-hacia-su-14o-congreso-con-la-presentacion-de-la-ponencia-marco\/\",\"url\":\"https:\/\/psoecanarias.com\/web\/el-psoe-de-canarias-avanza-hacia-su-14o-congreso-con-la-presentacion-de-la-ponencia-marco\/\",\"name\":\"El PSOE de Canarias avanza hacia su 14\u00ba Congreso con la presentaci\u00f3n de la Ponencia Marco | PSOE Canarias\",\"isPartOf\":{\"@id\":\"https:\/\/psoecanarias.com\/web\/#website\"},\"primaryImageOfPage\":{\"@id\":\"https:\/\/psoecanarias.com\/web\/el-psoe-de-canarias-avanza-hacia-su-14o-congreso-con-la-presentacion-de-la-ponencia-marco\/#primaryimage\"},\"image\":{\"@id\":\"https:\/\/psoecanarias.com\/web\/el-psoe-de-canarias-avanza-hacia-su-14o-congreso-con-la-presentacion-de-la-ponencia-marco\/#primaryimage\"},\"thumbnailUrl\":\"https:\/\/psoecanarias.com\/web\/wp-content\/uploads\/2020\/03\/comite-2020.jpeg\",\"datePublished\":\"2021-09-14T12:26:12+00:00\",\"author\":{\"@id\":\"https:\/\/psoecanarias.com\/web\/#\/schema\/person\/1ae43f9659d2fc599ca69c11e1dbf26f\"},\"breadcrumb\":{\"@id\":\"https:\/\/psoecanarias.com\/web\/el-psoe-de-canarias-avanza-hacia-su-14o-congreso-con-la-presentacion-de-la-ponencia-marco\/#breadcrumb\"},\"inLanguage\":\"es\",\"potentialAction\":[{\"@type\":\"ReadAction\",\"target\":[\"https:\/\/psoecanarias.com\/web\/el-psoe-de-canarias-avanza-hacia-su-14o-congreso-con-la-presentacion-de-la-ponencia-marco\/\"]}]},{\"@type\":\"ImageObject\",\"inLanguage\":\"es\",\"@id\":\"https:\/\/psoecanarias.com\/web\/el-psoe-de-canarias-avanza-hacia-su-14o-congreso-con-la-presentacion-de-la-ponencia-marco\/#primaryimage\",\"url\":\"https:\/\/psoecanarias.com\/web\/wp-content\/uploads\/2020\/03\/comite-2020.jpeg\",\"contentUrl\":\"https:\/\/psoecanarias.com\/web\/wp-content\/uploads\/2020\/03\/comite-2020.jpeg\",\"width\":1600,\"height\":900},{\"@type\":\"BreadcrumbList\",\"@id\":\"https:\/\/psoecanarias.com\/web\/el-psoe-de-canarias-avanza-hacia-su-14o-congreso-con-la-presentacion-de-la-ponencia-marco\/#breadcrumb\",\"itemListElement\":[{\"@type\":\"ListItem\",\"position\":1,\"name\":\"Portada\",\"item\":\"https:\/\/psoecanarias.com\/web\/\"},{\"@type\":\"ListItem\",\"position\":2,\"name\":\"El PSOE de Canarias avanza hacia su 14\u00ba Congreso con la presentaci\u00f3n de la Ponencia Marco\"}]},{\"@type\":\"WebSite\",\"@id\":\"https:\/\/psoecanarias.com\/web\/#website\",\"url\":\"https:\/\/psoecanarias.com\/web\/\",\"name\":\"PSOE Canarias\",\"description\":\"Partido Socialista Obrero Espa\u00f1ol Canarias\",\"potentialAction\":[{\"@type\":\"SearchAction\",\"target\":{\"@type\":\"EntryPoint\",\"urlTemplate\":\"https:\/\/psoecanarias.com\/web\/?s={search_term_string}\"},\"query-input\":{\"@type\":\"PropertyValueSpecification\",\"valueRequired\":true,\"valueName\":\"search_term_string\"}}],\"inLanguage\":\"es\"},{\"@type\":\"Person\",\"@id\":\"https:\/\/psoecanarias.com\/web\/#\/schema\/person\/1ae43f9659d2fc599ca69c11e1dbf26f\",\"name\":\"PSOE Canarias\",\"image\":{\"@type\":\"ImageObject\",\"inLanguage\":\"es\",\"@id\":\"https:\/\/secure.gravatar.com\/avatar\/4364d37f6f6f9cdb7af199b46151565f37d8a8c3c0e04c1d78c04e857a15e3a8?s=96&d=mm&r=g\",\"url\":\"https:\/\/secure.gravatar.com\/avatar\/4364d37f6f6f9cdb7af199b46151565f37d8a8c3c0e04c1d78c04e857a15e3a8?s=96&d=mm&r=g\",\"contentUrl\":\"https:\/\/secure.gravatar.com\/avatar\/4364d37f6f6f9cdb7af199b46151565f37d8a8c3c0e04c1d78c04e857a15e3a8?s=96&d=mm&r=g\",\"caption\":\"PSOE Canarias\"},\"url\":\"https:\/\/psoecanarias.com\/web\/author\/admin\/\"}]}<\/script>\n<!-- \/ Yoast SEO plugin. -->","yoast_head_json":{"title":"El PSOE de Canarias avanza hacia su 14\u00ba Congreso con la presentaci\u00f3n de la Ponencia Marco | PSOE Canarias","robots":{"index":"index","follow":"follow","max-snippet":"max-snippet:-1","max-image-preview":"max-image-preview:large","max-video-preview":"max-video-preview:-1"},"canonical":"https:\/\/psoecanarias.com\/web\/el-psoe-de-canarias-avanza-hacia-su-14o-congreso-con-la-presentacion-de-la-ponencia-marco\/","og_locale":"es_ES","og_type":"article","og_title":"El PSOE de Canarias avanza hacia su 14\u00ba Congreso con la presentaci\u00f3n de la Ponencia Marco | PSOE Canarias","og_description":"El Comit\u00e9 Regional socialista se re\u00fane el s\u00e1bado en Gran Canaria en la que ser\u00e1 su \u00faltima convocatoria del actual mandato org\u00e1nico","og_url":"https:\/\/psoecanarias.com\/web\/el-psoe-de-canarias-avanza-hacia-su-14o-congreso-con-la-presentacion-de-la-ponencia-marco\/","og_site_name":"PSOE Canarias","article_published_time":"2021-09-14T12:26:12+00:00","og_image":[{"width":1600,"height":900,"url":"https:\/\/psoecanarias.com\/web\/wp-content\/uploads\/2020\/03\/comite-2020.jpeg","type":"image\/jpeg"}],"author":"PSOE Canarias","twitter_card":"summary_large_image","schema":{"@context":"https:\/\/schema.org","@graph":[{"@type":"Article","@id":"https:\/\/psoecanarias.com\/web\/el-psoe-de-canarias-avanza-hacia-su-14o-congreso-con-la-presentacion-de-la-ponencia-marco\/#article","isPartOf":{"@id":"https:\/\/psoecanarias.com\/web\/el-psoe-de-canarias-avanza-hacia-su-14o-congreso-con-la-presentacion-de-la-ponencia-marco\/"},"author":{"name":"PSOE Canarias","@id":"https:\/\/psoecanarias.com\/web\/#\/schema\/person\/1ae43f9659d2fc599ca69c11e1dbf26f"},"headline":"El PSOE de Canarias avanza hacia su 14\u00ba Congreso con la presentaci\u00f3n de la Ponencia Marco","datePublished":"2021-09-14T12:26:12+00:00","mainEntityOfPage":{"@id":"https:\/\/psoecanarias.com\/web\/el-psoe-de-canarias-avanza-hacia-su-14o-congreso-con-la-presentacion-de-la-ponencia-marco\/"},"wordCount":305,"commentCount":0,"image":{"@id":"https:\/\/psoecanarias.com\/web\/el-psoe-de-canarias-avanza-hacia-su-14o-congreso-con-la-presentacion-de-la-ponencia-marco\/#primaryimage"},"thumbnailUrl":"https:\/\/psoecanarias.com\/web\/wp-content\/uploads\/2020\/03\/comite-2020.jpeg","articleSection":["Noticias","Pol\u00edtica"],"inLanguage":"es","potentialAction":[{"@type":"CommentAction","name":"Comment","target":["https:\/\/psoecanarias.com\/web\/el-psoe-de-canarias-avanza-hacia-su-14o-congreso-con-la-presentacion-de-la-ponencia-marco\/#respond"]}]},{"@type":"WebPage","@id":"https:\/\/psoecanarias.com\/web\/el-psoe-de-canarias-avanza-hacia-su-14o-congreso-con-la-presentacion-de-la-ponencia-marco\/","url":"https:\/\/psoecanarias.com\/web\/el-psoe-de-canarias-avanza-hacia-su-14o-congreso-con-la-presentacion-de-la-ponencia-marco\/","name":"El PSOE de Canarias avanza hacia su 14\u00ba Congreso con la presentaci\u00f3n de la Ponencia Marco | PSOE Canarias","isPartOf":{"@id":"https:\/\/psoecanarias.com\/web\/#website"},"primaryImageOfPage":{"@id":"https:\/\/psoecanarias.com\/web\/el-psoe-de-canarias-avanza-hacia-su-14o-congreso-con-la-presentacion-de-la-ponencia-marco\/#primaryimage"},"image":{"@id":"https:\/\/psoecanarias.com\/web\/el-psoe-de-canarias-avanza-hacia-su-14o-congreso-con-la-presentacion-de-la-ponencia-marco\/#primaryimage"},"thumbnailUrl":"https:\/\/psoecanarias.com\/web\/wp-content\/uploads\/2020\/03\/comite-2020.jpeg","datePublished":"2021-09-14T12:26:12+00:00","author":{"@id":"https:\/\/psoecanarias.com\/web\/#\/schema\/person\/1ae43f9659d2fc599ca69c11e1dbf26f"},"breadcrumb":{"@id":"https:\/\/psoecanarias.com\/web\/el-psoe-de-canarias-avanza-hacia-su-14o-congreso-con-la-presentacion-de-la-ponencia-marco\/#breadcrumb"},"inLanguage":"es","potentialAction":[{"@type":"ReadAction","target":["https:\/\/psoecanarias.com\/web\/el-psoe-de-canarias-avanza-hacia-su-14o-congreso-con-la-presentacion-de-la-ponencia-marco\/"]}]},{"@type":"ImageObject","inLanguage":"es","@id":"https:\/\/psoecanarias.com\/web\/el-psoe-de-canarias-avanza-hacia-su-14o-congreso-con-la-presentacion-de-la-ponencia-marco\/#primaryimage","url":"https:\/\/psoecanarias.com\/web\/wp-content\/uploads\/2020\/03\/comite-2020.jpeg","contentUrl":"https:\/\/psoecanarias.com\/web\/wp-content\/uploads\/2020\/03\/comite-2020.jpeg","width":1600,"height":900},{"@type":"BreadcrumbList","@id":"https:\/\/psoecanarias.com\/web\/el-psoe-de-canarias-avanza-hacia-su-14o-congreso-con-la-presentacion-de-la-ponencia-marco\/#breadcrumb","itemListElement":[{"@type":"ListItem","position":1,"name":"Portada","item":"https:\/\/psoecanarias.com\/web\/"},{"@type":"ListItem","position":2,"name":"El PSOE de Canarias avanza hacia su 14\u00ba Congreso con la presentaci\u00f3n de la Ponencia Marco"}]},{"@type":"WebSite","@id":"https:\/\/psoecanarias.com\/web\/#website","url":"https:\/\/psoecanarias.com\/web\/","name":"PSOE Canarias","description":"Partido Socialista Obrero Espa\u00f1ol Canarias","potentialAction":[{"@type":"SearchAction","target":{"@type":"EntryPoint","urlTemplate":"https:\/\/psoecanarias.com\/web\/?s={search_term_string}"},"query-input":{"@type":"PropertyValueSpecification","valueRequired":true,"valueName":"search_term_string"}}],"inLanguage":"es"},{"@type":"Person","@id":"https:\/\/psoecanarias.com\/web\/#\/schema\/person\/1ae43f9659d2fc599ca69c11e1dbf26f","name":"PSOE Canarias","image":{"@type":"ImageObject","inLanguage":"es","@id":"https:\/\/secure.gravatar.com\/avatar\/4364d37f6f6f9cdb7af199b46151565f37d8a8c3c0e04c1d78c04e857a15e3a8?s=96&d=mm&r=g","url":"https:\/\/secure.gravatar.com\/avatar\/4364d37f6f6f9cdb7af199b46151565f37d8a8c3c0e04c1d78c04e857a15e3a8?s=96&d=mm&r=g","contentUrl":"https:\/\/secure.gravatar.com\/avatar\/4364d37f6f6f9cdb7af199b46151565f37d8a8c3c0e04c1d78c04e857a15e3a8?s=96&d=mm&r=g","caption":"PSOE Canarias"},"url":"https:\/\/psoecanarias.com\/web\/author\/admin\/"}]}},"_links":{"self":[{"href":"https:\/\/psoecanarias.com\/web\/wp-json\/wp\/v2\/posts\/19997","targetHints":{"allow":["GET"]}}],"collection":[{"href":"https:\/\/psoecanarias.com\/web\/wp-json\/wp\/v2\/posts"}],"about":[{"href":"https:\/\/psoecanarias.com\/web\/wp-json\/wp\/v2\/types\/post"}],"author":[{"embeddable":true,"href":"https:\/\/psoecanarias.com\/web\/wp-json\/wp\/v2\/users\/1"}],"replies":[{"embeddable":true,"href":"https:\/\/psoecanarias.com\/web\/wp-json\/wp\/v2\/comments?post=19997"}],"version-history":[{"count":1,"href":"https:\/\/psoecanarias.com\/web\/wp-json\/wp\/v2\/posts\/19997\/revisions"}],"predecessor-version":[{"id":19998,"href":"https:\/\/psoecanarias.com\/web\/wp-json\/wp\/v2\/posts\/19997\/revisions\/19998"}],"wp:featuredmedia":[{"embeddable":true,"href":"https:\/\/psoecanarias.com\/web\/wp-json\/wp\/v2\/media\/8783"}],"wp:attachment":[{"href":"https:\/\/psoecanarias.com\/web\/wp-json\/wp\/v2\/media?parent=19997"}],"wp:term":[{"taxonomy":"category","embeddable":true,"href":"https:\/\/psoecanarias.com\/web\/wp-json\/wp\/v2\/categories?post=19997"},{"taxonomy":"post_tag","embeddable":true,"href":"https:\/\/psoecanarias.com\/web\/wp-json\/wp\/v2\/tags?post=19997"}],"curies":[{"name":"wp","href":"https:\/\/api.w.org\/{rel}","templated":true}]}}