{"id":20016,"date":"2021-09-15T13:22:14","date_gmt":"2021-09-15T12:22:14","guid":{"rendered":"http:\/\/psoecanarias.com\/web\/?p=20016"},"modified":"2021-09-15T13:22:31","modified_gmt":"2021-09-15T12:22:31","slug":"lavandera-lamenta-la-deriva-de-enfrentamiento-inutil-de-cc","status":"publish","type":"post","link":"https:\/\/psoecanarias.com\/web\/lavandera-lamenta-la-deriva-de-enfrentamiento-inutil-de-cc\/","title":{"rendered":"Lavandera lamenta \u201cla deriva de enfrentamiento in\u00fatil\u201d de CC"},"content":{"rendered":"<p style=\"font-weight: 400;\"><strong>Canarias, 15 de septiembre de 2021.&#8211;<\/strong>\u00a0El diputado del Grupo Parlamentario Socialista I\u00f1aki Lavandera ha lamentado este mi\u00e9rcoles la posici\u00f3n de Partido Popular y Coalici\u00f3n Canarias el pasado lunes en el Congreso de los Diputados, no apoyando el mantenimiento de la suspensi\u00f3n de las reglas fiscales, una medida de vital trascendencia para la recuperaci\u00f3n y la protecci\u00f3n social en Canarias.<\/p>\n<p style=\"font-weight: 400;\">\u201cDel PP ya estamos acostumbrados a que no apoyen el inter\u00e9s general de Espa\u00f1a, se abstuvo, lo sorprendente es la deriva de enfrentamiento in\u00fatil de CC, \u00fanico partido junto con VOX que vot\u00f3 en contra\u201d, ha se\u00f1alado.<\/p>\n<p style=\"font-weight: 400;\">Lavandera se pregunta qu\u00e9 intereses defiende la diputada nacionalista Ana Oramas con esa posici\u00f3n de rechazo, \u201ccuando todos los ayuntamientos y los cabildos de Canarias solicitaban y apoyaban dar continuidad a la suspensi\u00f3n de las reglas fiscales\u201d.<\/p>\n<p style=\"font-weight: 400;\">Ha recordado que \u201cla suspensi\u00f3n de las reglas fiscales ofrece garant\u00edas para poder continuar apoyando a los colectivos m\u00e1s vulnerables, a trabajadores, familias, aut\u00f3nomos y empresas, al mismo tiempo que se impulsa la recuperaci\u00f3n econ\u00f3mica y se contin\u00faan reforzando los servicios p\u00fablicos esenciales\u201d.<\/p>\n<p style=\"font-weight: 400;\">Se trata, por tanto, de aspectos fundamentales para que la recuperaci\u00f3n del pa\u00eds y de Canarias se produzca en t\u00e9rminos de igualdad y justicia social, \u201cuna respuesta diferente y alejada de la austeridad con que se gestion\u00f3 la recesi\u00f3n de 2008, recortes que ahora parecen a\u00f1orar algunos\u201d.<\/p>\n<p style=\"font-weight: 400;\">A modo de ejemplo ha citado el remanente de Tesorer\u00eda, la posibilidad que ofrece la suspensi\u00f3n de las reglas fiscales \u201cde no tener que destinarlo a amortizar deuda sino en las necesidades de los ciudadanos\u201d.<\/p>\n<p style=\"font-weight: 400;\">El representante socialista ha recordado, que producto de ese cambio de paradigma por parte de la Uni\u00f3n Europea y el Gobierno de Espa\u00f1a, las pol\u00edticas de gasto p\u00fablico \u201cse han apoyado b\u00e1sicamente en la suspensi\u00f3n de las reglas fiscales, de acuerdo con las directrices comunitarias, porque tambi\u00e9n han bajado los ingresos p\u00fablicos\u201d.<\/p>\n<p style=\"font-weight: 400;\">As\u00ed, en el a\u00f1o 2020 se suspendieron las reglas fiscales de ese a\u00f1o y del siguiente y el pasado lunes el Congreso de los Diputados ratific\u00f3 de nuevo el mantenimiento de esta medida. Pero lo hizo sin el apoyo de los principales partidos de la oposici\u00f3n en Canarias, PP y CC, que han preferido priorizar criterios distintos al inter\u00e9s general.<\/p>\n<p>&nbsp;<\/p>\n<p>&nbsp;<\/p>\n","protected":false},"excerpt":{"rendered":"<p>Se pregunta qu\u00e9 intereses defiende la diputada nacionalista Ana Oramas con su rechazo a la suspensi\u00f3n a las reglas fiscales tan necesaria para Canarias<\/p>\n","protected":false},"author":1,"featured_media":20017,"comment_status":"open","ping_status":"open","sticky":false,"template":"","format":"standard","meta":{"footnotes":""},"categories":[1185,1184],"tags":[32],"class_list":["post-20016","post","type-post","status-publish","format-standard","has-post-thumbnail","hentry","category-grupo-parlamentario","category-noticias","tag-inaki-lavandera"],"featured_image_src":"https:\/\/psoecanarias.com\/web\/wp-content\/uploads\/2021\/09\/inaki-lavandera-foto02.jpg","author_info":{"display_name":"PSOE Canarias","author_link":"https:\/\/psoecanarias.com\/web\/author\/admin\/"},"yoast_head":"<!-- This site is optimized with the Yoast SEO plugin v27.2 - https:\/\/yoast.com\/product\/yoast-seo-wordpress\/ -->\n<title>Lavandera lamenta \u201cla deriva de enfrentamiento in\u00fatil\u201d de CC | PSOE Canarias<\/title>\n<meta name=\"robots\" content=\"index, follow, max-snippet:-1, max-image-preview:large, max-video-preview:-1\" \/>\n<link rel=\"canonical\" href=\"https:\/\/psoecanarias.com\/web\/lavandera-lamenta-la-deriva-de-enfrentamiento-inutil-de-cc\/\" \/>\n<meta property=\"og:locale\" content=\"es_ES\" \/>\n<meta property=\"og:type\" content=\"article\" \/>\n<meta property=\"og:title\" content=\"Lavandera lamenta \u201cla deriva de enfrentamiento in\u00fatil\u201d de CC | PSOE Canarias\" \/>\n<meta property=\"og:description\" content=\"Se pregunta qu\u00e9 intereses defiende la diputada nacionalista Ana Oramas con su rechazo a la suspensi\u00f3n a las reglas fiscales tan necesaria para Canarias\" \/>\n<meta property=\"og:url\" content=\"https:\/\/psoecanarias.com\/web\/lavandera-lamenta-la-deriva-de-enfrentamiento-inutil-de-cc\/\" \/>\n<meta property=\"og:site_name\" content=\"PSOE Canarias\" \/>\n<meta property=\"article:published_time\" content=\"2021-09-15T12:22:14+00:00\" \/>\n<meta property=\"article:modified_time\" content=\"2021-09-15T12:22:31+00:00\" \/>\n<meta property=\"og:image\" content=\"https:\/\/psoecanarias.com\/web\/wp-content\/uploads\/2021\/09\/inaki-lavandera-foto02.jpg\" \/>\n\t<meta property=\"og:image:width\" content=\"2048\" \/>\n\t<meta property=\"og:image:height\" content=\"1365\" \/>\n\t<meta property=\"og:image:type\" content=\"image\/jpeg\" \/>\n<meta name=\"author\" content=\"PSOE Canarias\" \/>\n<meta name=\"twitter:card\" content=\"summary_large_image\" \/>\n<script type=\"application\/ld+json\" class=\"yoast-schema-graph\">{\"@context\":\"https:\/\/schema.org\",\"@graph\":[{\"@type\":\"Article\",\"@id\":\"https:\/\/psoecanarias.com\/web\/lavandera-lamenta-la-deriva-de-enfrentamiento-inutil-de-cc\/#article\",\"isPartOf\":{\"@id\":\"https:\/\/psoecanarias.com\/web\/lavandera-lamenta-la-deriva-de-enfrentamiento-inutil-de-cc\/\"},\"author\":{\"name\":\"PSOE Canarias\",\"@id\":\"https:\/\/psoecanarias.com\/web\/#\/schema\/person\/1ae43f9659d2fc599ca69c11e1dbf26f\"},\"headline\":\"Lavandera lamenta \u201cla deriva de enfrentamiento in\u00fatil\u201d de CC\",\"datePublished\":\"2021-09-15T12:22:14+00:00\",\"dateModified\":\"2021-09-15T12:22:31+00:00\",\"mainEntityOfPage\":{\"@id\":\"https:\/\/psoecanarias.com\/web\/lavandera-lamenta-la-deriva-de-enfrentamiento-inutil-de-cc\/\"},\"wordCount\":420,\"commentCount\":0,\"image\":{\"@id\":\"https:\/\/psoecanarias.com\/web\/lavandera-lamenta-la-deriva-de-enfrentamiento-inutil-de-cc\/#primaryimage\"},\"thumbnailUrl\":\"https:\/\/psoecanarias.com\/web\/wp-content\/uploads\/2021\/09\/inaki-lavandera-foto02.jpg\",\"keywords\":[\"I\u00f1aki Lavandera\"],\"articleSection\":[\"Grupo Parlamentario\",\"Noticias\"],\"inLanguage\":\"es\",\"potentialAction\":[{\"@type\":\"CommentAction\",\"name\":\"Comment\",\"target\":[\"https:\/\/psoecanarias.com\/web\/lavandera-lamenta-la-deriva-de-enfrentamiento-inutil-de-cc\/#respond\"]}]},{\"@type\":\"WebPage\",\"@id\":\"https:\/\/psoecanarias.com\/web\/lavandera-lamenta-la-deriva-de-enfrentamiento-inutil-de-cc\/\",\"url\":\"https:\/\/psoecanarias.com\/web\/lavandera-lamenta-la-deriva-de-enfrentamiento-inutil-de-cc\/\",\"name\":\"Lavandera lamenta \u201cla deriva de enfrentamiento in\u00fatil\u201d de CC | PSOE Canarias\",\"isPartOf\":{\"@id\":\"https:\/\/psoecanarias.com\/web\/#website\"},\"primaryImageOfPage\":{\"@id\":\"https:\/\/psoecanarias.com\/web\/lavandera-lamenta-la-deriva-de-enfrentamiento-inutil-de-cc\/#primaryimage\"},\"image\":{\"@id\":\"https:\/\/psoecanarias.com\/web\/lavandera-lamenta-la-deriva-de-enfrentamiento-inutil-de-cc\/#primaryimage\"},\"thumbnailUrl\":\"https:\/\/psoecanarias.com\/web\/wp-content\/uploads\/2021\/09\/inaki-lavandera-foto02.jpg\",\"datePublished\":\"2021-09-15T12:22:14+00:00\",\"dateModified\":\"2021-09-15T12:22:31+00:00\",\"author\":{\"@id\":\"https:\/\/psoecanarias.com\/web\/#\/schema\/person\/1ae43f9659d2fc599ca69c11e1dbf26f\"},\"breadcrumb\":{\"@id\":\"https:\/\/psoecanarias.com\/web\/lavandera-lamenta-la-deriva-de-enfrentamiento-inutil-de-cc\/#breadcrumb\"},\"inLanguage\":\"es\",\"potentialAction\":[{\"@type\":\"ReadAction\",\"target\":[\"https:\/\/psoecanarias.com\/web\/lavandera-lamenta-la-deriva-de-enfrentamiento-inutil-de-cc\/\"]}]},{\"@type\":\"ImageObject\",\"inLanguage\":\"es\",\"@id\":\"https:\/\/psoecanarias.com\/web\/lavandera-lamenta-la-deriva-de-enfrentamiento-inutil-de-cc\/#primaryimage\",\"url\":\"https:\/\/psoecanarias.com\/web\/wp-content\/uploads\/2021\/09\/inaki-lavandera-foto02.jpg\",\"contentUrl\":\"https:\/\/psoecanarias.com\/web\/wp-content\/uploads\/2021\/09\/inaki-lavandera-foto02.jpg\",\"width\":2048,\"height\":1365},{\"@type\":\"BreadcrumbList\",\"@id\":\"https:\/\/psoecanarias.com\/web\/lavandera-lamenta-la-deriva-de-enfrentamiento-inutil-de-cc\/#breadcrumb\",\"itemListElement\":[{\"@type\":\"ListItem\",\"position\":1,\"name\":\"Portada\",\"item\":\"https:\/\/psoecanarias.com\/web\/\"},{\"@type\":\"ListItem\",\"position\":2,\"name\":\"Lavandera lamenta \u201cla deriva de enfrentamiento in\u00fatil\u201d de CC\"}]},{\"@type\":\"WebSite\",\"@id\":\"https:\/\/psoecanarias.com\/web\/#website\",\"url\":\"https:\/\/psoecanarias.com\/web\/\",\"name\":\"PSOE Canarias\",\"description\":\"Partido Socialista Obrero Espa\u00f1ol Canarias\",\"potentialAction\":[{\"@type\":\"SearchAction\",\"target\":{\"@type\":\"EntryPoint\",\"urlTemplate\":\"https:\/\/psoecanarias.com\/web\/?s={search_term_string}\"},\"query-input\":{\"@type\":\"PropertyValueSpecification\",\"valueRequired\":true,\"valueName\":\"search_term_string\"}}],\"inLanguage\":\"es\"},{\"@type\":\"Person\",\"@id\":\"https:\/\/psoecanarias.com\/web\/#\/schema\/person\/1ae43f9659d2fc599ca69c11e1dbf26f\",\"name\":\"PSOE Canarias\",\"image\":{\"@type\":\"ImageObject\",\"inLanguage\":\"es\",\"@id\":\"https:\/\/secure.gravatar.com\/avatar\/4364d37f6f6f9cdb7af199b46151565f37d8a8c3c0e04c1d78c04e857a15e3a8?s=96&d=mm&r=g\",\"url\":\"https:\/\/secure.gravatar.com\/avatar\/4364d37f6f6f9cdb7af199b46151565f37d8a8c3c0e04c1d78c04e857a15e3a8?s=96&d=mm&r=g\",\"contentUrl\":\"https:\/\/secure.gravatar.com\/avatar\/4364d37f6f6f9cdb7af199b46151565f37d8a8c3c0e04c1d78c04e857a15e3a8?s=96&d=mm&r=g\",\"caption\":\"PSOE Canarias\"},\"url\":\"https:\/\/psoecanarias.com\/web\/author\/admin\/\"}]}<\/script>\n<!-- \/ Yoast SEO plugin. -->","yoast_head_json":{"title":"Lavandera lamenta \u201cla deriva de enfrentamiento in\u00fatil\u201d de CC | PSOE Canarias","robots":{"index":"index","follow":"follow","max-snippet":"max-snippet:-1","max-image-preview":"max-image-preview:large","max-video-preview":"max-video-preview:-1"},"canonical":"https:\/\/psoecanarias.com\/web\/lavandera-lamenta-la-deriva-de-enfrentamiento-inutil-de-cc\/","og_locale":"es_ES","og_type":"article","og_title":"Lavandera lamenta \u201cla deriva de enfrentamiento in\u00fatil\u201d de CC | PSOE Canarias","og_description":"Se pregunta qu\u00e9 intereses defiende la diputada nacionalista Ana Oramas con su rechazo a la suspensi\u00f3n a las reglas fiscales tan necesaria para Canarias","og_url":"https:\/\/psoecanarias.com\/web\/lavandera-lamenta-la-deriva-de-enfrentamiento-inutil-de-cc\/","og_site_name":"PSOE Canarias","article_published_time":"2021-09-15T12:22:14+00:00","article_modified_time":"2021-09-15T12:22:31+00:00","og_image":[{"width":2048,"height":1365,"url":"https:\/\/psoecanarias.com\/web\/wp-content\/uploads\/2021\/09\/inaki-lavandera-foto02.jpg","type":"image\/jpeg"}],"author":"PSOE Canarias","twitter_card":"summary_large_image","schema":{"@context":"https:\/\/schema.org","@graph":[{"@type":"Article","@id":"https:\/\/psoecanarias.com\/web\/lavandera-lamenta-la-deriva-de-enfrentamiento-inutil-de-cc\/#article","isPartOf":{"@id":"https:\/\/psoecanarias.com\/web\/lavandera-lamenta-la-deriva-de-enfrentamiento-inutil-de-cc\/"},"author":{"name":"PSOE Canarias","@id":"https:\/\/psoecanarias.com\/web\/#\/schema\/person\/1ae43f9659d2fc599ca69c11e1dbf26f"},"headline":"Lavandera lamenta \u201cla deriva de enfrentamiento in\u00fatil\u201d de CC","datePublished":"2021-09-15T12:22:14+00:00","dateModified":"2021-09-15T12:22:31+00:00","mainEntityOfPage":{"@id":"https:\/\/psoecanarias.com\/web\/lavandera-lamenta-la-deriva-de-enfrentamiento-inutil-de-cc\/"},"wordCount":420,"commentCount":0,"image":{"@id":"https:\/\/psoecanarias.com\/web\/lavandera-lamenta-la-deriva-de-enfrentamiento-inutil-de-cc\/#primaryimage"},"thumbnailUrl":"https:\/\/psoecanarias.com\/web\/wp-content\/uploads\/2021\/09\/inaki-lavandera-foto02.jpg","keywords":["I\u00f1aki Lavandera"],"articleSection":["Grupo Parlamentario","Noticias"],"inLanguage":"es","potentialAction":[{"@type":"CommentAction","name":"Comment","target":["https:\/\/psoecanarias.com\/web\/lavandera-lamenta-la-deriva-de-enfrentamiento-inutil-de-cc\/#respond"]}]},{"@type":"WebPage","@id":"https:\/\/psoecanarias.com\/web\/lavandera-lamenta-la-deriva-de-enfrentamiento-inutil-de-cc\/","url":"https:\/\/psoecanarias.com\/web\/lavandera-lamenta-la-deriva-de-enfrentamiento-inutil-de-cc\/","name":"Lavandera lamenta \u201cla deriva de enfrentamiento in\u00fatil\u201d de CC | PSOE Canarias","isPartOf":{"@id":"https:\/\/psoecanarias.com\/web\/#website"},"primaryImageOfPage":{"@id":"https:\/\/psoecanarias.com\/web\/lavandera-lamenta-la-deriva-de-enfrentamiento-inutil-de-cc\/#primaryimage"},"image":{"@id":"https:\/\/psoecanarias.com\/web\/lavandera-lamenta-la-deriva-de-enfrentamiento-inutil-de-cc\/#primaryimage"},"thumbnailUrl":"https:\/\/psoecanarias.com\/web\/wp-content\/uploads\/2021\/09\/inaki-lavandera-foto02.jpg","datePublished":"2021-09-15T12:22:14+00:00","dateModified":"2021-09-15T12:22:31+00:00","author":{"@id":"https:\/\/psoecanarias.com\/web\/#\/schema\/person\/1ae43f9659d2fc599ca69c11e1dbf26f"},"breadcrumb":{"@id":"https:\/\/psoecanarias.com\/web\/lavandera-lamenta-la-deriva-de-enfrentamiento-inutil-de-cc\/#breadcrumb"},"inLanguage":"es","potentialAction":[{"@type":"ReadAction","target":["https:\/\/psoecanarias.com\/web\/lavandera-lamenta-la-deriva-de-enfrentamiento-inutil-de-cc\/"]}]},{"@type":"ImageObject","inLanguage":"es","@id":"https:\/\/psoecanarias.com\/web\/lavandera-lamenta-la-deriva-de-enfrentamiento-inutil-de-cc\/#primaryimage","url":"https:\/\/psoecanarias.com\/web\/wp-content\/uploads\/2021\/09\/inaki-lavandera-foto02.jpg","contentUrl":"https:\/\/psoecanarias.com\/web\/wp-content\/uploads\/2021\/09\/inaki-lavandera-foto02.jpg","width":2048,"height":1365},{"@type":"BreadcrumbList","@id":"https:\/\/psoecanarias.com\/web\/lavandera-lamenta-la-deriva-de-enfrentamiento-inutil-de-cc\/#breadcrumb","itemListElement":[{"@type":"ListItem","position":1,"name":"Portada","item":"https:\/\/psoecanarias.com\/web\/"},{"@type":"ListItem","position":2,"name":"Lavandera lamenta \u201cla deriva de enfrentamiento in\u00fatil\u201d de CC"}]},{"@type":"WebSite","@id":"https:\/\/psoecanarias.com\/web\/#website","url":"https:\/\/psoecanarias.com\/web\/","name":"PSOE Canarias","description":"Partido Socialista Obrero Espa\u00f1ol Canarias","potentialAction":[{"@type":"SearchAction","target":{"@type":"EntryPoint","urlTemplate":"https:\/\/psoecanarias.com\/web\/?s={search_term_string}"},"query-input":{"@type":"PropertyValueSpecification","valueRequired":true,"valueName":"search_term_string"}}],"inLanguage":"es"},{"@type":"Person","@id":"https:\/\/psoecanarias.com\/web\/#\/schema\/person\/1ae43f9659d2fc599ca69c11e1dbf26f","name":"PSOE Canarias","image":{"@type":"ImageObject","inLanguage":"es","@id":"https:\/\/secure.gravatar.com\/avatar\/4364d37f6f6f9cdb7af199b46151565f37d8a8c3c0e04c1d78c04e857a15e3a8?s=96&d=mm&r=g","url":"https:\/\/secure.gravatar.com\/avatar\/4364d37f6f6f9cdb7af199b46151565f37d8a8c3c0e04c1d78c04e857a15e3a8?s=96&d=mm&r=g","contentUrl":"https:\/\/secure.gravatar.com\/avatar\/4364d37f6f6f9cdb7af199b46151565f37d8a8c3c0e04c1d78c04e857a15e3a8?s=96&d=mm&r=g","caption":"PSOE Canarias"},"url":"https:\/\/psoecanarias.com\/web\/author\/admin\/"}]}},"_links":{"self":[{"href":"https:\/\/psoecanarias.com\/web\/wp-json\/wp\/v2\/posts\/20016","targetHints":{"allow":["GET"]}}],"collection":[{"href":"https:\/\/psoecanarias.com\/web\/wp-json\/wp\/v2\/posts"}],"about":[{"href":"https:\/\/psoecanarias.com\/web\/wp-json\/wp\/v2\/types\/post"}],"author":[{"embeddable":true,"href":"https:\/\/psoecanarias.com\/web\/wp-json\/wp\/v2\/users\/1"}],"replies":[{"embeddable":true,"href":"https:\/\/psoecanarias.com\/web\/wp-json\/wp\/v2\/comments?post=20016"}],"version-history":[{"count":1,"href":"https:\/\/psoecanarias.com\/web\/wp-json\/wp\/v2\/posts\/20016\/revisions"}],"predecessor-version":[{"id":20018,"href":"https:\/\/psoecanarias.com\/web\/wp-json\/wp\/v2\/posts\/20016\/revisions\/20018"}],"wp:featuredmedia":[{"embeddable":true,"href":"https:\/\/psoecanarias.com\/web\/wp-json\/wp\/v2\/media\/20017"}],"wp:attachment":[{"href":"https:\/\/psoecanarias.com\/web\/wp-json\/wp\/v2\/media?parent=20016"}],"wp:term":[{"taxonomy":"category","embeddable":true,"href":"https:\/\/psoecanarias.com\/web\/wp-json\/wp\/v2\/categories?post=20016"},{"taxonomy":"post_tag","embeddable":true,"href":"https:\/\/psoecanarias.com\/web\/wp-json\/wp\/v2\/tags?post=20016"}],"curies":[{"name":"wp","href":"https:\/\/api.w.org\/{rel}","templated":true}]}}