{"id":201,"date":"2015-03-30T14:37:51","date_gmt":"2015-03-30T14:37:51","guid":{"rendered":"http:\/\/psoecanarias.com\/web\/?p=201"},"modified":"2015-04-25T15:02:39","modified_gmt":"2015-04-25T14:02:39","slug":"patricia-hernandez-presenta-su-pagina-web","status":"publish","type":"post","link":"https:\/\/psoecanarias.com\/web\/patricia-hernandez-presenta-su-pagina-web\/","title":{"rendered":"Patricia Hern\u00e1ndez presenta su p\u00e1gina web"},"content":{"rendered":"<h5><strong>Considera que\u00a0&#8220;para que un Gobierno hable de ti tiene que hablar contigo&#8221;, por lo que ha creado un &#8220;espacio de participaci\u00f3n&#8221; en el que quien quiera &#8220;encuentre su lugar para aportar ideas&#8221;<\/strong><\/h5>\n<p>La candidata del PSOE de Canarias a la Presidencia del Gobierno regional, Patricia Hern\u00e1ndez, asegura\u00a0que \u201cno queremos presentarle a la ciudadan\u00eda el proyecto del PSOE, queremos presentar un proyecto hecho por todos y todas que sea para todos y todas\u201d.\u00a0As\u00ed lo afirm\u00f3 durante la presentaci\u00f3n de su p\u00e1gina web <a href=\"http:\/\/patriciahernandez.es\" target=\"_blank\">patriciahernandez.es<\/a>, un acto en el que estuvo acompa\u00f1ada por el <em>n\u00famero dos<\/em> del PSOE al Parlamento por Gran Canaria, Gabriel Corujo.\u00a0Durante la presentaci\u00f3n, Hern\u00e1ndez dijo\u00a0que \u00e9ste es un espacio que insiste en su idea, que ha puesto en pr\u00e1ctica desde que gan\u00f3 las Primarias del PSOE, de que \u201chay que salir a la calle y hablar con la gente\u201d, pues \u201csolo as\u00ed se conocen los problemas y s\u00f3lo as\u00ed se encuentran las soluciones\u201d.<\/p>\n<p>\u201cLas cifras no tienen rostro, pero los problemas s\u00ed. Tienen el rostro de los j\u00f3venes que no encuentran trabajo y tienen que irse. Tienen el rostro de las mujeres que sufren la desigualdad, y el rostro de las de las familias que no pueden llegar a final de mes\u201d, afirm\u00f3\u00a0durante la presentaci\u00f3n.\u00a0Fiel a su creencia de que \u201cpara que un Gobierno hable de ti, primero tiene que hablar contigo\u201d, la p\u00e1gina web <a href=\"http:\/\/patriciahernandez.es\" target=\"_blank\">patriciahernandez.es<\/a> es un \u201cespacio de participaci\u00f3n ciudadana\u201d en el que \u201ctodo el que quiera encontrar\u00e1 su lugar para aportar sus ideas\u201d. As\u00ed, la\u00a0web incluye las medidas que pondr\u00e1 en pr\u00e1ctica desde el Gobierno \u201cpara cambiar Canarias\u201d, que la ciudadan\u00eda puede ver y comentar en los foros; as\u00ed como tres espacios de participaci\u00f3n y de debate abierto para \u201cdar voz a las personas\u201d.<\/p>\n","protected":false},"excerpt":{"rendered":"<p>La web incluye las medidas que pondr\u00e1 en pr\u00e1ctica desde el Gobierno auton\u00f3mico para cambiar Canarias, que la ciudadan\u00eda puede ver y comentar en los foros, as\u00ed como tres espacios de participaci\u00f3n y de debate abierto para dar voz a las personas.<\/p>\n","protected":false},"author":1,"featured_media":8406,"comment_status":"open","ping_status":"open","sticky":false,"template":"","format":"video","meta":{"footnotes":""},"categories":[7],"tags":[11,12,19,16,17,18,9,15,13,10,20],"class_list":["post-201","post","type-post","status-publish","format-video","has-post-thumbnail","hentry","category-politica","tag-canarias","tag-candidata","tag-ciudadania","tag-gabriel-corujo","tag-internet","tag-participacion","tag-patricia-hernandez","tag-patriciahernandez-es","tag-presidenta","tag-psoe","tag-web","post_format-post-format-video"],"featured_image_src":"https:\/\/psoecanarias.com\/web\/wp-content\/uploads\/2020\/03\/thumb_noimages.jpg","author_info":{"display_name":"PSOE Canarias","author_link":"https:\/\/psoecanarias.com\/web\/author\/admin\/"},"yoast_head":"<!-- This site is optimized with the Yoast SEO plugin v27.2 - https:\/\/yoast.com\/product\/yoast-seo-wordpress\/ -->\n<title>Patricia Hern\u00e1ndez presenta su p\u00e1gina web | PSOE Canarias<\/title>\n<meta name=\"robots\" content=\"index, follow, max-snippet:-1, max-image-preview:large, max-video-preview:-1\" \/>\n<link rel=\"canonical\" href=\"https:\/\/psoecanarias.com\/web\/patricia-hernandez-presenta-su-pagina-web\/\" \/>\n<meta property=\"og:locale\" content=\"es_ES\" \/>\n<meta property=\"og:type\" content=\"article\" \/>\n<meta property=\"og:title\" content=\"Patricia Hern\u00e1ndez presenta su p\u00e1gina web | PSOE Canarias\" \/>\n<meta property=\"og:description\" content=\"La web incluye las medidas que pondr\u00e1 en pr\u00e1ctica desde el Gobierno auton\u00f3mico para cambiar Canarias, que la ciudadan\u00eda puede ver y comentar en los foros, as\u00ed como tres espacios de participaci\u00f3n y de debate abierto para dar voz a las personas.\" \/>\n<meta property=\"og:url\" content=\"https:\/\/psoecanarias.com\/web\/patricia-hernandez-presenta-su-pagina-web\/\" \/>\n<meta property=\"og:site_name\" content=\"PSOE Canarias\" \/>\n<meta property=\"article:published_time\" content=\"2015-03-30T14:37:51+00:00\" \/>\n<meta property=\"article:modified_time\" content=\"2015-04-25T14:02:39+00:00\" \/>\n<meta property=\"og:image\" content=\"https:\/\/psoecanarias.com\/web\/wp-content\/uploads\/2020\/03\/thumb_noimages.jpg\" \/>\n\t<meta property=\"og:image:width\" content=\"303\" \/>\n\t<meta property=\"og:image:height\" content=\"200\" \/>\n\t<meta property=\"og:image:type\" content=\"image\/jpeg\" \/>\n<meta name=\"author\" content=\"PSOE Canarias\" \/>\n<meta name=\"twitter:card\" content=\"summary_large_image\" \/>\n<script type=\"application\/ld+json\" class=\"yoast-schema-graph\">{\"@context\":\"https:\/\/schema.org\",\"@graph\":[{\"@type\":\"Article\",\"@id\":\"https:\/\/psoecanarias.com\/web\/patricia-hernandez-presenta-su-pagina-web\/#article\",\"isPartOf\":{\"@id\":\"https:\/\/psoecanarias.com\/web\/patricia-hernandez-presenta-su-pagina-web\/\"},\"author\":{\"name\":\"PSOE Canarias\",\"@id\":\"https:\/\/psoecanarias.com\/web\/#\/schema\/person\/1ae43f9659d2fc599ca69c11e1dbf26f\"},\"headline\":\"Patricia Hern\u00e1ndez presenta su p\u00e1gina web\",\"datePublished\":\"2015-03-30T14:37:51+00:00\",\"dateModified\":\"2015-04-25T14:02:39+00:00\",\"mainEntityOfPage\":{\"@id\":\"https:\/\/psoecanarias.com\/web\/patricia-hernandez-presenta-su-pagina-web\/\"},\"wordCount\":324,\"commentCount\":0,\"image\":{\"@id\":\"https:\/\/psoecanarias.com\/web\/patricia-hernandez-presenta-su-pagina-web\/#primaryimage\"},\"thumbnailUrl\":\"https:\/\/psoecanarias.com\/web\/wp-content\/uploads\/2020\/03\/thumb_noimages.jpg\",\"keywords\":[\"Canarias\",\"candidata\",\"ciudadan\u00eda\",\"Gabriel Corujo\",\"Internet\",\"participaci\u00f3n\",\"Patricia Hern\u00e1ndez\",\"patriciahernandez.es\",\"presidenta\",\"PSOE\",\"web\"],\"articleSection\":[\"Pol\u00edtica\"],\"inLanguage\":\"es\",\"potentialAction\":[{\"@type\":\"CommentAction\",\"name\":\"Comment\",\"target\":[\"https:\/\/psoecanarias.com\/web\/patricia-hernandez-presenta-su-pagina-web\/#respond\"]}]},{\"@type\":\"WebPage\",\"@id\":\"https:\/\/psoecanarias.com\/web\/patricia-hernandez-presenta-su-pagina-web\/\",\"url\":\"https:\/\/psoecanarias.com\/web\/patricia-hernandez-presenta-su-pagina-web\/\",\"name\":\"Patricia Hern\u00e1ndez presenta su p\u00e1gina web | PSOE Canarias\",\"isPartOf\":{\"@id\":\"https:\/\/psoecanarias.com\/web\/#website\"},\"primaryImageOfPage\":{\"@id\":\"https:\/\/psoecanarias.com\/web\/patricia-hernandez-presenta-su-pagina-web\/#primaryimage\"},\"image\":{\"@id\":\"https:\/\/psoecanarias.com\/web\/patricia-hernandez-presenta-su-pagina-web\/#primaryimage\"},\"thumbnailUrl\":\"https:\/\/psoecanarias.com\/web\/wp-content\/uploads\/2020\/03\/thumb_noimages.jpg\",\"datePublished\":\"2015-03-30T14:37:51+00:00\",\"dateModified\":\"2015-04-25T14:02:39+00:00\",\"author\":{\"@id\":\"https:\/\/psoecanarias.com\/web\/#\/schema\/person\/1ae43f9659d2fc599ca69c11e1dbf26f\"},\"breadcrumb\":{\"@id\":\"https:\/\/psoecanarias.com\/web\/patricia-hernandez-presenta-su-pagina-web\/#breadcrumb\"},\"inLanguage\":\"es\",\"potentialAction\":[{\"@type\":\"ReadAction\",\"target\":[\"https:\/\/psoecanarias.com\/web\/patricia-hernandez-presenta-su-pagina-web\/\"]}]},{\"@type\":\"ImageObject\",\"inLanguage\":\"es\",\"@id\":\"https:\/\/psoecanarias.com\/web\/patricia-hernandez-presenta-su-pagina-web\/#primaryimage\",\"url\":\"https:\/\/psoecanarias.com\/web\/wp-content\/uploads\/2020\/03\/thumb_noimages.jpg\",\"contentUrl\":\"https:\/\/psoecanarias.com\/web\/wp-content\/uploads\/2020\/03\/thumb_noimages.jpg\",\"width\":303,\"height\":200},{\"@type\":\"BreadcrumbList\",\"@id\":\"https:\/\/psoecanarias.com\/web\/patricia-hernandez-presenta-su-pagina-web\/#breadcrumb\",\"itemListElement\":[{\"@type\":\"ListItem\",\"position\":1,\"name\":\"Portada\",\"item\":\"https:\/\/psoecanarias.com\/web\/\"},{\"@type\":\"ListItem\",\"position\":2,\"name\":\"Patricia Hern\u00e1ndez presenta su p\u00e1gina web\"}]},{\"@type\":\"WebSite\",\"@id\":\"https:\/\/psoecanarias.com\/web\/#website\",\"url\":\"https:\/\/psoecanarias.com\/web\/\",\"name\":\"PSOE Canarias\",\"description\":\"Partido Socialista Obrero Espa\u00f1ol Canarias\",\"potentialAction\":[{\"@type\":\"SearchAction\",\"target\":{\"@type\":\"EntryPoint\",\"urlTemplate\":\"https:\/\/psoecanarias.com\/web\/?s={search_term_string}\"},\"query-input\":{\"@type\":\"PropertyValueSpecification\",\"valueRequired\":true,\"valueName\":\"search_term_string\"}}],\"inLanguage\":\"es\"},{\"@type\":\"Person\",\"@id\":\"https:\/\/psoecanarias.com\/web\/#\/schema\/person\/1ae43f9659d2fc599ca69c11e1dbf26f\",\"name\":\"PSOE Canarias\",\"image\":{\"@type\":\"ImageObject\",\"inLanguage\":\"es\",\"@id\":\"https:\/\/secure.gravatar.com\/avatar\/4364d37f6f6f9cdb7af199b46151565f37d8a8c3c0e04c1d78c04e857a15e3a8?s=96&d=mm&r=g\",\"url\":\"https:\/\/secure.gravatar.com\/avatar\/4364d37f6f6f9cdb7af199b46151565f37d8a8c3c0e04c1d78c04e857a15e3a8?s=96&d=mm&r=g\",\"contentUrl\":\"https:\/\/secure.gravatar.com\/avatar\/4364d37f6f6f9cdb7af199b46151565f37d8a8c3c0e04c1d78c04e857a15e3a8?s=96&d=mm&r=g\",\"caption\":\"PSOE Canarias\"},\"url\":\"https:\/\/psoecanarias.com\/web\/author\/admin\/\"}]}<\/script>\n<!-- \/ Yoast SEO plugin. -->","yoast_head_json":{"title":"Patricia Hern\u00e1ndez presenta su p\u00e1gina web | PSOE Canarias","robots":{"index":"index","follow":"follow","max-snippet":"max-snippet:-1","max-image-preview":"max-image-preview:large","max-video-preview":"max-video-preview:-1"},"canonical":"https:\/\/psoecanarias.com\/web\/patricia-hernandez-presenta-su-pagina-web\/","og_locale":"es_ES","og_type":"article","og_title":"Patricia Hern\u00e1ndez presenta su p\u00e1gina web | PSOE Canarias","og_description":"La web incluye las medidas que pondr\u00e1 en pr\u00e1ctica desde el Gobierno auton\u00f3mico para cambiar Canarias, que la ciudadan\u00eda puede ver y comentar en los foros, as\u00ed como tres espacios de participaci\u00f3n y de debate abierto para dar voz a las personas.","og_url":"https:\/\/psoecanarias.com\/web\/patricia-hernandez-presenta-su-pagina-web\/","og_site_name":"PSOE Canarias","article_published_time":"2015-03-30T14:37:51+00:00","article_modified_time":"2015-04-25T14:02:39+00:00","og_image":[{"width":303,"height":200,"url":"https:\/\/psoecanarias.com\/web\/wp-content\/uploads\/2020\/03\/thumb_noimages.jpg","type":"image\/jpeg"}],"author":"PSOE Canarias","twitter_card":"summary_large_image","schema":{"@context":"https:\/\/schema.org","@graph":[{"@type":"Article","@id":"https:\/\/psoecanarias.com\/web\/patricia-hernandez-presenta-su-pagina-web\/#article","isPartOf":{"@id":"https:\/\/psoecanarias.com\/web\/patricia-hernandez-presenta-su-pagina-web\/"},"author":{"name":"PSOE Canarias","@id":"https:\/\/psoecanarias.com\/web\/#\/schema\/person\/1ae43f9659d2fc599ca69c11e1dbf26f"},"headline":"Patricia Hern\u00e1ndez presenta su p\u00e1gina web","datePublished":"2015-03-30T14:37:51+00:00","dateModified":"2015-04-25T14:02:39+00:00","mainEntityOfPage":{"@id":"https:\/\/psoecanarias.com\/web\/patricia-hernandez-presenta-su-pagina-web\/"},"wordCount":324,"commentCount":0,"image":{"@id":"https:\/\/psoecanarias.com\/web\/patricia-hernandez-presenta-su-pagina-web\/#primaryimage"},"thumbnailUrl":"https:\/\/psoecanarias.com\/web\/wp-content\/uploads\/2020\/03\/thumb_noimages.jpg","keywords":["Canarias","candidata","ciudadan\u00eda","Gabriel Corujo","Internet","participaci\u00f3n","Patricia Hern\u00e1ndez","patriciahernandez.es","presidenta","PSOE","web"],"articleSection":["Pol\u00edtica"],"inLanguage":"es","potentialAction":[{"@type":"CommentAction","name":"Comment","target":["https:\/\/psoecanarias.com\/web\/patricia-hernandez-presenta-su-pagina-web\/#respond"]}]},{"@type":"WebPage","@id":"https:\/\/psoecanarias.com\/web\/patricia-hernandez-presenta-su-pagina-web\/","url":"https:\/\/psoecanarias.com\/web\/patricia-hernandez-presenta-su-pagina-web\/","name":"Patricia Hern\u00e1ndez presenta su p\u00e1gina web | PSOE Canarias","isPartOf":{"@id":"https:\/\/psoecanarias.com\/web\/#website"},"primaryImageOfPage":{"@id":"https:\/\/psoecanarias.com\/web\/patricia-hernandez-presenta-su-pagina-web\/#primaryimage"},"image":{"@id":"https:\/\/psoecanarias.com\/web\/patricia-hernandez-presenta-su-pagina-web\/#primaryimage"},"thumbnailUrl":"https:\/\/psoecanarias.com\/web\/wp-content\/uploads\/2020\/03\/thumb_noimages.jpg","datePublished":"2015-03-30T14:37:51+00:00","dateModified":"2015-04-25T14:02:39+00:00","author":{"@id":"https:\/\/psoecanarias.com\/web\/#\/schema\/person\/1ae43f9659d2fc599ca69c11e1dbf26f"},"breadcrumb":{"@id":"https:\/\/psoecanarias.com\/web\/patricia-hernandez-presenta-su-pagina-web\/#breadcrumb"},"inLanguage":"es","potentialAction":[{"@type":"ReadAction","target":["https:\/\/psoecanarias.com\/web\/patricia-hernandez-presenta-su-pagina-web\/"]}]},{"@type":"ImageObject","inLanguage":"es","@id":"https:\/\/psoecanarias.com\/web\/patricia-hernandez-presenta-su-pagina-web\/#primaryimage","url":"https:\/\/psoecanarias.com\/web\/wp-content\/uploads\/2020\/03\/thumb_noimages.jpg","contentUrl":"https:\/\/psoecanarias.com\/web\/wp-content\/uploads\/2020\/03\/thumb_noimages.jpg","width":303,"height":200},{"@type":"BreadcrumbList","@id":"https:\/\/psoecanarias.com\/web\/patricia-hernandez-presenta-su-pagina-web\/#breadcrumb","itemListElement":[{"@type":"ListItem","position":1,"name":"Portada","item":"https:\/\/psoecanarias.com\/web\/"},{"@type":"ListItem","position":2,"name":"Patricia Hern\u00e1ndez presenta su p\u00e1gina web"}]},{"@type":"WebSite","@id":"https:\/\/psoecanarias.com\/web\/#website","url":"https:\/\/psoecanarias.com\/web\/","name":"PSOE Canarias","description":"Partido Socialista Obrero Espa\u00f1ol Canarias","potentialAction":[{"@type":"SearchAction","target":{"@type":"EntryPoint","urlTemplate":"https:\/\/psoecanarias.com\/web\/?s={search_term_string}"},"query-input":{"@type":"PropertyValueSpecification","valueRequired":true,"valueName":"search_term_string"}}],"inLanguage":"es"},{"@type":"Person","@id":"https:\/\/psoecanarias.com\/web\/#\/schema\/person\/1ae43f9659d2fc599ca69c11e1dbf26f","name":"PSOE Canarias","image":{"@type":"ImageObject","inLanguage":"es","@id":"https:\/\/secure.gravatar.com\/avatar\/4364d37f6f6f9cdb7af199b46151565f37d8a8c3c0e04c1d78c04e857a15e3a8?s=96&d=mm&r=g","url":"https:\/\/secure.gravatar.com\/avatar\/4364d37f6f6f9cdb7af199b46151565f37d8a8c3c0e04c1d78c04e857a15e3a8?s=96&d=mm&r=g","contentUrl":"https:\/\/secure.gravatar.com\/avatar\/4364d37f6f6f9cdb7af199b46151565f37d8a8c3c0e04c1d78c04e857a15e3a8?s=96&d=mm&r=g","caption":"PSOE Canarias"},"url":"https:\/\/psoecanarias.com\/web\/author\/admin\/"}]}},"_links":{"self":[{"href":"https:\/\/psoecanarias.com\/web\/wp-json\/wp\/v2\/posts\/201","targetHints":{"allow":["GET"]}}],"collection":[{"href":"https:\/\/psoecanarias.com\/web\/wp-json\/wp\/v2\/posts"}],"about":[{"href":"https:\/\/psoecanarias.com\/web\/wp-json\/wp\/v2\/types\/post"}],"author":[{"embeddable":true,"href":"https:\/\/psoecanarias.com\/web\/wp-json\/wp\/v2\/users\/1"}],"replies":[{"embeddable":true,"href":"https:\/\/psoecanarias.com\/web\/wp-json\/wp\/v2\/comments?post=201"}],"version-history":[{"count":32,"href":"https:\/\/psoecanarias.com\/web\/wp-json\/wp\/v2\/posts\/201\/revisions"}],"predecessor-version":[{"id":881,"href":"https:\/\/psoecanarias.com\/web\/wp-json\/wp\/v2\/posts\/201\/revisions\/881"}],"wp:featuredmedia":[{"embeddable":true,"href":"https:\/\/psoecanarias.com\/web\/wp-json\/wp\/v2\/media\/8406"}],"wp:attachment":[{"href":"https:\/\/psoecanarias.com\/web\/wp-json\/wp\/v2\/media?parent=201"}],"wp:term":[{"taxonomy":"category","embeddable":true,"href":"https:\/\/psoecanarias.com\/web\/wp-json\/wp\/v2\/categories?post=201"},{"taxonomy":"post_tag","embeddable":true,"href":"https:\/\/psoecanarias.com\/web\/wp-json\/wp\/v2\/tags?post=201"}],"curies":[{"name":"wp","href":"https:\/\/api.w.org\/{rel}","templated":true}]}}