{"id":20107,"date":"2021-09-20T23:08:23","date_gmt":"2021-09-20T22:08:23","guid":{"rendered":"http:\/\/psoecanarias.com\/web\/?p=20107"},"modified":"2021-11-22T22:12:52","modified_gmt":"2021-11-22T22:12:52","slug":"imposible-dejar-de-pensar-en-la-palma-y-su-gente","status":"publish","type":"post","link":"https:\/\/psoecanarias.com\/web\/imposible-dejar-de-pensar-en-la-palma-y-su-gente\/","title":{"rendered":"&#8220;Imposible dejar de pensar en La Palma y su gente&#8221;"},"content":{"rendered":"<p>Las muestras de cari\u00f1o y solidaridad hacia La Palma, a ra\u00edz de la emergencia volc\u00e1nica que est\u00e1 viviendo la isla, han sido tan abrumadoras como emocionantes. Entre ellas, y de forma especial, las transmitidas por parte de los presidentes auton\u00f3micos socialistas y el resto de los secretarios generales regionales de esta misma Organizaci\u00f3n.<\/p>\n<p>Desde el pasado domingo a mediod\u00eda, momento en que comenz\u00f3 la erupci\u00f3n y la lava inici\u00f3 su destructivo avance hacia la costa, esas se\u00f1ales de apoyo y afecto comenzaron a sucederse, tambi\u00e9n por parte de los ministros del Gobierno de Espa\u00f1a.<\/p>\n<p>La red social Twitter ha sido el principal canalizador de todos estos mensajes. &#8220;Todo nuestro apoyo, cari\u00f1o y solidaridad con los vecinos y vecinas de La Palma. Nuestros pensamientos est\u00e1n con ellos&#8221;, ha se\u00f1alado Hana Jalloul Muro, portavoz de los socialistas madrile\u00f1os y ex Secretaria de Estado de Migraciones.<\/p>\n<blockquote class=\"twitter-tweet\">\n<p dir=\"ltr\" lang=\"es\">\u2764\ufe0f Gracias a todos los Presidentes Auton\u00f3micos y Secretarios Generales socialistas que han mostrado su apoyo y cari\u00f1o hacia <a href=\"https:\/\/twitter.com\/hashtag\/LaPalma?src=hash&amp;ref_src=twsrc%5Etfw\">#LaPalma<\/a>.<a href=\"https:\/\/twitter.com\/hashtag\/Erupci%C3%B3nLaPalma?src=hash&amp;ref_src=twsrc%5Etfw\">#Erupci\u00f3nLaPalma<\/a> <a href=\"https:\/\/t.co\/TVsy41iK0H\">pic.twitter.com\/TVsy41iK0H<\/a><\/p>\n<p>\u2014 PSOE Canarias (@PSOECanarias) <a href=\"https:\/\/twitter.com\/PSOECanarias\/status\/1439957714508058625?ref_src=twsrc%5Etfw\">September 20, 2021<\/a><\/p><\/blockquote>\n<p><script async src=\"https:\/\/platform.twitter.com\/widgets.js\" charset=\"utf-8\"><\/script><\/p>\n<p>&#8220;Imposible dejar de pensar en La Palma, en sus gentes y en la erupci\u00f3n volc\u00e1nica que les azota. Apoyo y \u00e1nimo, Canarias&#8221;, ha dicho Pablo Zuloaga, desde Cantabria. Por su parte, desde Andaluc\u00eda, Juan Espada, ha apuntado: &#8220;Toda mi solidaridad con los municipios de La Palma y los vecinos y vecinas afectados&#8221;.<\/p>\n<p>Adri\u00e1n Borb\u00f3n, presidente de Asturias, ha escrito dirigi\u00e9ndose a<span class=\"css-901oao css-16my406 r-poiln3 r-bcqeeo r-qvutc0\"> \u00c1ngel V\u00edctor Torres. &#8220;<\/span><span class=\"css-901oao css-16my406 r-poiln3 r-bcqeeo r-qvutc0\">Desde Asturias te traslado todo el \u00e1nimo y apoyo de nuestro pueblo y la disposici\u00f3n de nuestra comunidad Aut\u00f3noma a colaborar en lo que se nos requiera. El coraz\u00f3n de Asturias late pensando en la isla de La Palma y sus habitantes&#8221;.<\/span><\/p>\n<blockquote class=\"twitter-tweet\">\n<p dir=\"ltr\" lang=\"es\">\ud83d\udcfd\ufe0f Visita de los presidentes de \ud83c\uddee\ud83c\udde8 y \ud83c\uddea\ud83c\uddf8 <a href=\"https:\/\/twitter.com\/avtorresp?ref_src=twsrc%5Etfw\">@avtorresp<\/a> y <a href=\"https:\/\/twitter.com\/sanchezcastejon?ref_src=twsrc%5Etfw\">@sanchezcastejon<\/a> al centro de atenci\u00f3n a las personas afectadas por la emergencia volc\u00e1nica de <a href=\"https:\/\/twitter.com\/hashtag\/LaPalma?src=hash&amp;ref_src=twsrc%5Etfw\">#LaPalma<\/a><\/p>\n<p>\ud83c\udf39 Cercan\u00eda, solidaridad y garant\u00eda de apoyo <a href=\"https:\/\/twitter.com\/hashtag\/ErupcionenLaPalma?src=hash&amp;ref_src=twsrc%5Etfw\">#ErupcionenLaPalma<\/a> <a href=\"https:\/\/t.co\/mvQJz7CdPC\">pic.twitter.com\/mvQJz7CdPC<\/a><\/p>\n<p>\u2014 PSOE Canarias (@PSOECanarias) <a href=\"https:\/\/twitter.com\/PSOECanarias\/status\/1439917189595807746?ref_src=twsrc%5Etfw\">September 20, 2021<\/a><\/p><\/blockquote>\n<p><script async src=\"https:\/\/platform.twitter.com\/widgets.js\" charset=\"utf-8\"><\/script><\/p>\n<p>El Secretario General del PSOE de Murcia, Diego Conesa, tambi\u00e9n ha tenido palabras de \u00e1nimo para los ciudadanos peor parados por la erupci\u00f3n volc\u00e1nica: &#8220;Todo mi apoyo a los vecinos y vecinas evacuados y mis mejores deseos para el compa\u00f1ero y presidente de Canarias, \u00c1ngel V\u00edctor Torres&#8221;.<\/p>\n<p><span class=\"css-901oao css-16my406 r-poiln3 r-bcqeeo r-qvutc0\">&#8220;Las im\u00e1genes impresionan y estamos muy pendientes de la evoluci\u00f3n del volc\u00e1n. Muchos \u00e1nimos a todos los vecinos de La Palma<\/span><span class=\"css-901oao css-16my406 r-poiln3 r-bcqeeo r-qvutc0\">. Los canarios cont\u00e1is con todo el apoyo y cari\u00f1o de Balears&#8221;, ha sido el mensaje de Francina Armengol.\u00a0<\/span><\/p>\n<p>Antes lo hab\u00eda hecho Javier Lamb\u00e1n, desde Arag\u00f3n: &#8220;<span class=\"css-901oao css-16my406 r-poiln3 r-bcqeeo r-qvutc0\">Ante la grave situaci\u00f3n provocada por la erupci\u00f3n del volc\u00e1n de La Palma, el Gobierno de Arag\u00f3n s<\/span>e pone a disposici\u00f3n del presidente del Gobierno de Canarias, del Cabildo de La Palma para todo aquello en que podamos ayudarles. Desde Arag\u00f3n un<span class=\"css-901oao css-16my406 r-poiln3 r-bcqeeo r-qvutc0\"> abrazo fuerte a los hermanos canarios y toda nuestra solidaridad y apoyo&#8221;.<\/span><\/p>\n<p>&#8220;Solidaridad y cari\u00f1o a Canarias tras una erupci\u00f3n en la isla de la Palma. Apoyo a \u00c1ngel V\u00edctor Torres y a los equipos de emergencia. Estamos con vosotros&#8221;, ha escrito Ximo Puig, el l\u00edder de los socialistas de la Comunidad Valenciana.<\/p>\n<blockquote class=\"twitter-tweet\">\n<p dir=\"ltr\" lang=\"es\">Estamos con todas las personas en las Islas Canarias ante la erupci\u00f3n del volc\u00e1n en <a href=\"https:\/\/twitter.com\/hashtag\/LaPalma?src=hash&amp;ref_src=twsrc%5Etfw\">#LaPalma<\/a>.<\/p>\n<p>La UE ha activado <a href=\"https:\/\/twitter.com\/CopernicusEU?ref_src=twsrc%5Etfw\">@CopernicusEU<\/a> para hacer seguimiento a la situaci\u00f3n.<\/p>\n<p>Estamos en contacto con las autoridades espa\u00f1olas para proveer apoyo adicional de ser necesario. <a href=\"https:\/\/t.co\/EMPSoZQqY0\">https:\/\/t.co\/EMPSoZQqY0<\/a><\/p>\n<p>\u2014 Ursula von der Leyen (@vonderleyen) <a href=\"https:\/\/twitter.com\/vonderleyen\/status\/1439904225954353155?ref_src=twsrc%5Etfw\">September 20, 2021<\/a><\/p><\/blockquote>\n<p><script async src=\"https:\/\/platform.twitter.com\/widgets.js\" charset=\"utf-8\"><\/script><\/p>\n<p>El exministro de Sanidad y ahora al frente del PSOE catal\u00e1n, Salvador Illa, ha se\u00f1alado: &#8220;Es momento de seguir todas las indicaciones de los servicios de emergencias para garantizar la seguridad. Todo mi apoyo a los vecinos y vecinas. Mucha precauci\u00f3n&#8221;.<\/p>\n<p>Mar\u00eda Chivite, presidenta socialista de Navarra, inform\u00f3 de su contacto con \u00c1ngel V\u00edctor Torres: &#8220;M<span class=\"css-901oao css-16my406 r-poiln3 r-bcqeeo r-qvutc0\">e he puesto en contacto con \u2066el presidente de Canarias para\u00a0<\/span><span class=\"css-901oao css-16my406 r-poiln3 r-bcqeeo r-qvutc0\">trasladarle nuestro apoyo as\u00ed como puesta a disposici\u00f3n en lo que podamos ayudar&#8221;.<\/span><\/p>\n<p>El Secretario General de los socialistas gallegos, Gonzalo Caballero, ha dejado escrito: &#8220;Todo el aliento y la solidaridad en estos momentos tan dif\u00edciles y angustiosos para la poblaci\u00f3n afectada y los equipos de emergencias. Mucho \u00e1nimo. Estamos con vosotros&#8221;.<\/p>\n<p>&#8220;Aqu\u00ed estamos desde Extremadura para ayudar queridos compatriotas&#8221;, ha manifestado Guillermo Fern\u00e1ndez Vara, desde Extremadura.<\/p>\n<p>Junto a todas estas se\u00f1ales de empat\u00eda y apoyo ha sido especialmente valorada la inmediatez con la que el presidente del Gobierno de Espa\u00f1a y Secretario General socialista Pedro S\u00e1nchez se ha desplazado a La Palma. Este lunes ha vuelto a insistir: &#8220;<span class=\"css-901oao css-16my406 r-poiln3 r-bcqeeo r-qvutc0\">Toda Espa\u00f1a est\u00e1 hoy con La Palma.\u00a0 <\/span><span class=\"css-901oao css-16my406 r-poiln3 r-bcqeeo r-qvutc0\">Un ejemplo de unidad, tambi\u00e9n entre administraciones, que tranquiliza, da seguridad y la ciudadan\u00eda agradece&#8221;.<\/span><\/p>\n","protected":false},"excerpt":{"rendered":"<p>Presidentes auton\u00f3micos y SG socialistas de todo el pa\u00eds se solidarizan con los afectados por la crisis volc\u00e1nica<\/p>\n","protected":false},"author":1,"featured_media":20112,"comment_status":"open","ping_status":"open","sticky":false,"template":"","format":"standard","meta":{"footnotes":""},"categories":[1184,7],"tags":[],"class_list":["post-20107","post","type-post","status-publish","format-standard","has-post-thumbnail","hentry","category-noticias","category-politica"],"featured_image_src":"https:\/\/psoecanarias.com\/web\/wp-content\/uploads\/2021\/09\/210920_lpa_acuartela_avtpschez_13-scaled.jpg","author_info":{"display_name":"PSOE Canarias","author_link":"https:\/\/psoecanarias.com\/web\/author\/admin\/"},"yoast_head":"<!-- This site is optimized with the Yoast SEO plugin v27.2 - https:\/\/yoast.com\/product\/yoast-seo-wordpress\/ -->\n<title>&quot;Imposible dejar de pensar en La Palma y su gente&quot; | PSOE Canarias<\/title>\n<meta name=\"robots\" content=\"index, follow, max-snippet:-1, max-image-preview:large, max-video-preview:-1\" \/>\n<link rel=\"canonical\" href=\"https:\/\/psoecanarias.com\/web\/imposible-dejar-de-pensar-en-la-palma-y-su-gente\/\" \/>\n<meta property=\"og:locale\" content=\"es_ES\" \/>\n<meta property=\"og:type\" content=\"article\" \/>\n<meta property=\"og:title\" content=\"&quot;Imposible dejar de pensar en La Palma y su gente&quot; | PSOE Canarias\" \/>\n<meta property=\"og:description\" content=\"Presidentes auton\u00f3micos y SG socialistas de todo el pa\u00eds se solidarizan con los afectados por la crisis volc\u00e1nica\" \/>\n<meta property=\"og:url\" content=\"https:\/\/psoecanarias.com\/web\/imposible-dejar-de-pensar-en-la-palma-y-su-gente\/\" \/>\n<meta property=\"og:site_name\" content=\"PSOE Canarias\" \/>\n<meta property=\"article:published_time\" content=\"2021-09-20T22:08:23+00:00\" \/>\n<meta property=\"article:modified_time\" content=\"2021-11-22T22:12:52+00:00\" \/>\n<meta property=\"og:image\" content=\"https:\/\/psoecanarias.com\/web\/wp-content\/uploads\/2021\/09\/210920_lpa_acuartela_avtpschez_13-scaled.jpg\" \/>\n\t<meta property=\"og:image:width\" content=\"2560\" \/>\n\t<meta property=\"og:image:height\" content=\"1707\" \/>\n\t<meta property=\"og:image:type\" content=\"image\/jpeg\" \/>\n<meta name=\"author\" content=\"PSOE Canarias\" \/>\n<meta name=\"twitter:card\" content=\"summary_large_image\" \/>\n<script type=\"application\/ld+json\" class=\"yoast-schema-graph\">{\"@context\":\"https:\/\/schema.org\",\"@graph\":[{\"@type\":\"Article\",\"@id\":\"https:\/\/psoecanarias.com\/web\/imposible-dejar-de-pensar-en-la-palma-y-su-gente\/#article\",\"isPartOf\":{\"@id\":\"https:\/\/psoecanarias.com\/web\/imposible-dejar-de-pensar-en-la-palma-y-su-gente\/\"},\"author\":{\"name\":\"PSOE Canarias\",\"@id\":\"https:\/\/psoecanarias.com\/web\/#\/schema\/person\/1ae43f9659d2fc599ca69c11e1dbf26f\"},\"headline\":\"&#8220;Imposible dejar de pensar en La Palma y su gente&#8221;\",\"datePublished\":\"2021-09-20T22:08:23+00:00\",\"dateModified\":\"2021-11-22T22:12:52+00:00\",\"mainEntityOfPage\":{\"@id\":\"https:\/\/psoecanarias.com\/web\/imposible-dejar-de-pensar-en-la-palma-y-su-gente\/\"},\"wordCount\":839,\"commentCount\":0,\"image\":{\"@id\":\"https:\/\/psoecanarias.com\/web\/imposible-dejar-de-pensar-en-la-palma-y-su-gente\/#primaryimage\"},\"thumbnailUrl\":\"https:\/\/psoecanarias.com\/web\/wp-content\/uploads\/2021\/09\/210920_lpa_acuartela_avtpschez_13-scaled.jpg\",\"articleSection\":[\"Noticias\",\"Pol\u00edtica\"],\"inLanguage\":\"es\",\"potentialAction\":[{\"@type\":\"CommentAction\",\"name\":\"Comment\",\"target\":[\"https:\/\/psoecanarias.com\/web\/imposible-dejar-de-pensar-en-la-palma-y-su-gente\/#respond\"]}]},{\"@type\":\"WebPage\",\"@id\":\"https:\/\/psoecanarias.com\/web\/imposible-dejar-de-pensar-en-la-palma-y-su-gente\/\",\"url\":\"https:\/\/psoecanarias.com\/web\/imposible-dejar-de-pensar-en-la-palma-y-su-gente\/\",\"name\":\"\\\"Imposible dejar de pensar en La Palma y su gente\\\" | PSOE Canarias\",\"isPartOf\":{\"@id\":\"https:\/\/psoecanarias.com\/web\/#website\"},\"primaryImageOfPage\":{\"@id\":\"https:\/\/psoecanarias.com\/web\/imposible-dejar-de-pensar-en-la-palma-y-su-gente\/#primaryimage\"},\"image\":{\"@id\":\"https:\/\/psoecanarias.com\/web\/imposible-dejar-de-pensar-en-la-palma-y-su-gente\/#primaryimage\"},\"thumbnailUrl\":\"https:\/\/psoecanarias.com\/web\/wp-content\/uploads\/2021\/09\/210920_lpa_acuartela_avtpschez_13-scaled.jpg\",\"datePublished\":\"2021-09-20T22:08:23+00:00\",\"dateModified\":\"2021-11-22T22:12:52+00:00\",\"author\":{\"@id\":\"https:\/\/psoecanarias.com\/web\/#\/schema\/person\/1ae43f9659d2fc599ca69c11e1dbf26f\"},\"breadcrumb\":{\"@id\":\"https:\/\/psoecanarias.com\/web\/imposible-dejar-de-pensar-en-la-palma-y-su-gente\/#breadcrumb\"},\"inLanguage\":\"es\",\"potentialAction\":[{\"@type\":\"ReadAction\",\"target\":[\"https:\/\/psoecanarias.com\/web\/imposible-dejar-de-pensar-en-la-palma-y-su-gente\/\"]}]},{\"@type\":\"ImageObject\",\"inLanguage\":\"es\",\"@id\":\"https:\/\/psoecanarias.com\/web\/imposible-dejar-de-pensar-en-la-palma-y-su-gente\/#primaryimage\",\"url\":\"https:\/\/psoecanarias.com\/web\/wp-content\/uploads\/2021\/09\/210920_lpa_acuartela_avtpschez_13-scaled.jpg\",\"contentUrl\":\"https:\/\/psoecanarias.com\/web\/wp-content\/uploads\/2021\/09\/210920_lpa_acuartela_avtpschez_13-scaled.jpg\",\"width\":2560,\"height\":1707,\"caption\":\"Torres y Pedro S\u00e1nchez, consolando a unas de las personas desalojadas en El Paso. \/Acfi Press\"},{\"@type\":\"BreadcrumbList\",\"@id\":\"https:\/\/psoecanarias.com\/web\/imposible-dejar-de-pensar-en-la-palma-y-su-gente\/#breadcrumb\",\"itemListElement\":[{\"@type\":\"ListItem\",\"position\":1,\"name\":\"Portada\",\"item\":\"https:\/\/psoecanarias.com\/web\/\"},{\"@type\":\"ListItem\",\"position\":2,\"name\":\"\\\"Imposible dejar de pensar en La Palma y su gente\\\"\"}]},{\"@type\":\"WebSite\",\"@id\":\"https:\/\/psoecanarias.com\/web\/#website\",\"url\":\"https:\/\/psoecanarias.com\/web\/\",\"name\":\"PSOE Canarias\",\"description\":\"Partido Socialista Obrero Espa\u00f1ol Canarias\",\"potentialAction\":[{\"@type\":\"SearchAction\",\"target\":{\"@type\":\"EntryPoint\",\"urlTemplate\":\"https:\/\/psoecanarias.com\/web\/?s={search_term_string}\"},\"query-input\":{\"@type\":\"PropertyValueSpecification\",\"valueRequired\":true,\"valueName\":\"search_term_string\"}}],\"inLanguage\":\"es\"},{\"@type\":\"Person\",\"@id\":\"https:\/\/psoecanarias.com\/web\/#\/schema\/person\/1ae43f9659d2fc599ca69c11e1dbf26f\",\"name\":\"PSOE Canarias\",\"image\":{\"@type\":\"ImageObject\",\"inLanguage\":\"es\",\"@id\":\"https:\/\/secure.gravatar.com\/avatar\/4364d37f6f6f9cdb7af199b46151565f37d8a8c3c0e04c1d78c04e857a15e3a8?s=96&d=mm&r=g\",\"url\":\"https:\/\/secure.gravatar.com\/avatar\/4364d37f6f6f9cdb7af199b46151565f37d8a8c3c0e04c1d78c04e857a15e3a8?s=96&d=mm&r=g\",\"contentUrl\":\"https:\/\/secure.gravatar.com\/avatar\/4364d37f6f6f9cdb7af199b46151565f37d8a8c3c0e04c1d78c04e857a15e3a8?s=96&d=mm&r=g\",\"caption\":\"PSOE Canarias\"},\"url\":\"https:\/\/psoecanarias.com\/web\/author\/admin\/\"}]}<\/script>\n<!-- \/ Yoast SEO plugin. -->","yoast_head_json":{"title":"\"Imposible dejar de pensar en La Palma y su gente\" | PSOE Canarias","robots":{"index":"index","follow":"follow","max-snippet":"max-snippet:-1","max-image-preview":"max-image-preview:large","max-video-preview":"max-video-preview:-1"},"canonical":"https:\/\/psoecanarias.com\/web\/imposible-dejar-de-pensar-en-la-palma-y-su-gente\/","og_locale":"es_ES","og_type":"article","og_title":"\"Imposible dejar de pensar en La Palma y su gente\" | PSOE Canarias","og_description":"Presidentes auton\u00f3micos y SG socialistas de todo el pa\u00eds se solidarizan con los afectados por la crisis volc\u00e1nica","og_url":"https:\/\/psoecanarias.com\/web\/imposible-dejar-de-pensar-en-la-palma-y-su-gente\/","og_site_name":"PSOE Canarias","article_published_time":"2021-09-20T22:08:23+00:00","article_modified_time":"2021-11-22T22:12:52+00:00","og_image":[{"width":2560,"height":1707,"url":"https:\/\/psoecanarias.com\/web\/wp-content\/uploads\/2021\/09\/210920_lpa_acuartela_avtpschez_13-scaled.jpg","type":"image\/jpeg"}],"author":"PSOE Canarias","twitter_card":"summary_large_image","schema":{"@context":"https:\/\/schema.org","@graph":[{"@type":"Article","@id":"https:\/\/psoecanarias.com\/web\/imposible-dejar-de-pensar-en-la-palma-y-su-gente\/#article","isPartOf":{"@id":"https:\/\/psoecanarias.com\/web\/imposible-dejar-de-pensar-en-la-palma-y-su-gente\/"},"author":{"name":"PSOE Canarias","@id":"https:\/\/psoecanarias.com\/web\/#\/schema\/person\/1ae43f9659d2fc599ca69c11e1dbf26f"},"headline":"&#8220;Imposible dejar de pensar en La Palma y su gente&#8221;","datePublished":"2021-09-20T22:08:23+00:00","dateModified":"2021-11-22T22:12:52+00:00","mainEntityOfPage":{"@id":"https:\/\/psoecanarias.com\/web\/imposible-dejar-de-pensar-en-la-palma-y-su-gente\/"},"wordCount":839,"commentCount":0,"image":{"@id":"https:\/\/psoecanarias.com\/web\/imposible-dejar-de-pensar-en-la-palma-y-su-gente\/#primaryimage"},"thumbnailUrl":"https:\/\/psoecanarias.com\/web\/wp-content\/uploads\/2021\/09\/210920_lpa_acuartela_avtpschez_13-scaled.jpg","articleSection":["Noticias","Pol\u00edtica"],"inLanguage":"es","potentialAction":[{"@type":"CommentAction","name":"Comment","target":["https:\/\/psoecanarias.com\/web\/imposible-dejar-de-pensar-en-la-palma-y-su-gente\/#respond"]}]},{"@type":"WebPage","@id":"https:\/\/psoecanarias.com\/web\/imposible-dejar-de-pensar-en-la-palma-y-su-gente\/","url":"https:\/\/psoecanarias.com\/web\/imposible-dejar-de-pensar-en-la-palma-y-su-gente\/","name":"\"Imposible dejar de pensar en La Palma y su gente\" | PSOE Canarias","isPartOf":{"@id":"https:\/\/psoecanarias.com\/web\/#website"},"primaryImageOfPage":{"@id":"https:\/\/psoecanarias.com\/web\/imposible-dejar-de-pensar-en-la-palma-y-su-gente\/#primaryimage"},"image":{"@id":"https:\/\/psoecanarias.com\/web\/imposible-dejar-de-pensar-en-la-palma-y-su-gente\/#primaryimage"},"thumbnailUrl":"https:\/\/psoecanarias.com\/web\/wp-content\/uploads\/2021\/09\/210920_lpa_acuartela_avtpschez_13-scaled.jpg","datePublished":"2021-09-20T22:08:23+00:00","dateModified":"2021-11-22T22:12:52+00:00","author":{"@id":"https:\/\/psoecanarias.com\/web\/#\/schema\/person\/1ae43f9659d2fc599ca69c11e1dbf26f"},"breadcrumb":{"@id":"https:\/\/psoecanarias.com\/web\/imposible-dejar-de-pensar-en-la-palma-y-su-gente\/#breadcrumb"},"inLanguage":"es","potentialAction":[{"@type":"ReadAction","target":["https:\/\/psoecanarias.com\/web\/imposible-dejar-de-pensar-en-la-palma-y-su-gente\/"]}]},{"@type":"ImageObject","inLanguage":"es","@id":"https:\/\/psoecanarias.com\/web\/imposible-dejar-de-pensar-en-la-palma-y-su-gente\/#primaryimage","url":"https:\/\/psoecanarias.com\/web\/wp-content\/uploads\/2021\/09\/210920_lpa_acuartela_avtpschez_13-scaled.jpg","contentUrl":"https:\/\/psoecanarias.com\/web\/wp-content\/uploads\/2021\/09\/210920_lpa_acuartela_avtpschez_13-scaled.jpg","width":2560,"height":1707,"caption":"Torres y Pedro S\u00e1nchez, consolando a unas de las personas desalojadas en El Paso. \/Acfi Press"},{"@type":"BreadcrumbList","@id":"https:\/\/psoecanarias.com\/web\/imposible-dejar-de-pensar-en-la-palma-y-su-gente\/#breadcrumb","itemListElement":[{"@type":"ListItem","position":1,"name":"Portada","item":"https:\/\/psoecanarias.com\/web\/"},{"@type":"ListItem","position":2,"name":"\"Imposible dejar de pensar en La Palma y su gente\""}]},{"@type":"WebSite","@id":"https:\/\/psoecanarias.com\/web\/#website","url":"https:\/\/psoecanarias.com\/web\/","name":"PSOE Canarias","description":"Partido Socialista Obrero Espa\u00f1ol Canarias","potentialAction":[{"@type":"SearchAction","target":{"@type":"EntryPoint","urlTemplate":"https:\/\/psoecanarias.com\/web\/?s={search_term_string}"},"query-input":{"@type":"PropertyValueSpecification","valueRequired":true,"valueName":"search_term_string"}}],"inLanguage":"es"},{"@type":"Person","@id":"https:\/\/psoecanarias.com\/web\/#\/schema\/person\/1ae43f9659d2fc599ca69c11e1dbf26f","name":"PSOE Canarias","image":{"@type":"ImageObject","inLanguage":"es","@id":"https:\/\/secure.gravatar.com\/avatar\/4364d37f6f6f9cdb7af199b46151565f37d8a8c3c0e04c1d78c04e857a15e3a8?s=96&d=mm&r=g","url":"https:\/\/secure.gravatar.com\/avatar\/4364d37f6f6f9cdb7af199b46151565f37d8a8c3c0e04c1d78c04e857a15e3a8?s=96&d=mm&r=g","contentUrl":"https:\/\/secure.gravatar.com\/avatar\/4364d37f6f6f9cdb7af199b46151565f37d8a8c3c0e04c1d78c04e857a15e3a8?s=96&d=mm&r=g","caption":"PSOE Canarias"},"url":"https:\/\/psoecanarias.com\/web\/author\/admin\/"}]}},"_links":{"self":[{"href":"https:\/\/psoecanarias.com\/web\/wp-json\/wp\/v2\/posts\/20107","targetHints":{"allow":["GET"]}}],"collection":[{"href":"https:\/\/psoecanarias.com\/web\/wp-json\/wp\/v2\/posts"}],"about":[{"href":"https:\/\/psoecanarias.com\/web\/wp-json\/wp\/v2\/types\/post"}],"author":[{"embeddable":true,"href":"https:\/\/psoecanarias.com\/web\/wp-json\/wp\/v2\/users\/1"}],"replies":[{"embeddable":true,"href":"https:\/\/psoecanarias.com\/web\/wp-json\/wp\/v2\/comments?post=20107"}],"version-history":[{"count":6,"href":"https:\/\/psoecanarias.com\/web\/wp-json\/wp\/v2\/posts\/20107\/revisions"}],"predecessor-version":[{"id":20124,"href":"https:\/\/psoecanarias.com\/web\/wp-json\/wp\/v2\/posts\/20107\/revisions\/20124"}],"wp:featuredmedia":[{"embeddable":true,"href":"https:\/\/psoecanarias.com\/web\/wp-json\/wp\/v2\/media\/20112"}],"wp:attachment":[{"href":"https:\/\/psoecanarias.com\/web\/wp-json\/wp\/v2\/media?parent=20107"}],"wp:term":[{"taxonomy":"category","embeddable":true,"href":"https:\/\/psoecanarias.com\/web\/wp-json\/wp\/v2\/categories?post=20107"},{"taxonomy":"post_tag","embeddable":true,"href":"https:\/\/psoecanarias.com\/web\/wp-json\/wp\/v2\/tags?post=20107"}],"curies":[{"name":"wp","href":"https:\/\/api.w.org\/{rel}","templated":true}]}}