{"id":20297,"date":"2021-09-29T21:19:10","date_gmt":"2021-09-29T20:19:10","guid":{"rendered":"http:\/\/psoecanarias.com\/web\/?p=20297"},"modified":"2021-09-29T21:34:30","modified_gmt":"2021-09-29T20:34:30","slug":"total-apoyo-a-la-singularidad-del-platano-canario-en-la-nueva-ley-de-cadena-alimentaria","status":"publish","type":"post","link":"https:\/\/psoecanarias.com\/web\/total-apoyo-a-la-singularidad-del-platano-canario-en-la-nueva-ley-de-cadena-alimentaria\/","title":{"rendered":"Total apoyo a la singularidad del pl\u00e1tano canario en la nueva Ley de Cadena Alimentaria"},"content":{"rendered":"<p align=\"justify\"><span style=\"font-family: Arial, serif;\"><span lang=\"es-ES\"><b>Canarias,\u00a0<\/b><\/span><\/span><span style=\"color: #000000;\"><span style=\"font-family: Arial, serif;\"><span lang=\"es-ES\"><b>29 de septiembre<\/b><\/span><\/span><\/span><span style=\"font-family: Arial, serif;\"><span lang=\"es-ES\"><b>\u00a0de 2021.&#8211;\u00a0<\/b><\/span><\/span><span style=\"font-family: Verdana, serif;\"><span lang=\"es-ES\">El PSOE de Canarias ha querido dejar claro su total apoyo a la enmienda transaccional incorporada a la nueva Ley de Cadena Alimentaria que reconoce la singularidad del pl\u00e1tano canario, y ha precisado que el rechazo expresado este mi\u00e9rcoles por la representaci\u00f3n socialista en la Comisi\u00f3n de Agricultura del Congreso de los Diputados se debi\u00f3 a un error en la votaci\u00f3n que, por decisi\u00f3n de la\u00a0<\/span><\/span><span style=\"color: #000000;\"><span style=\"font-family: Verdana, serif;\"><span lang=\"es-ES\">M<\/span><\/span><\/span><span style=\"font-family: Verdana, serif;\"><span lang=\"es-ES\">esa, no fue posible repetir\u00a0<\/span><\/span><span style=\"color: #000000;\"><span style=\"font-family: Verdana, serif;\"><span lang=\"es-ES\">para que fuera<\/span><\/span><\/span><span style=\"font-family: Verdana, serif;\"><span lang=\"es-ES\">\u00a0subsanado.<\/span><\/span><\/p>\n<p align=\"justify\"><span style=\"font-family: Verdana, serif;\"><span lang=\"es-ES\">En cualquier caso, prueba de ese respaldo a la norma, ha subrayado la diputada socialista de Lanzarote Ariagona Gonz\u00e1lez, presente en la Comisi\u00f3n de Agricultura, es que &#8220;votamos a favor del dictamen&#8221;, donde se recoge &#8220;el resultado final de todo el trabajo t\u00e9cnico y pol\u00edtico que ha tenido este documento, incluida la propia enmienda\u00a0<\/span><\/span><span style=\"color: #000000;\"><span style=\"font-family: Verdana, serif;\"><span lang=\"es-ES\">favorable<\/span><\/span><\/span><span style=\"font-family: Verdana, serif;\"><span lang=\"es-ES\">\u00a0al pl\u00e1tano canario&#8221;.<\/span><\/span><\/p>\n<p align=\"justify\"><span style=\"font-family: Verdana, serif;\"><span lang=\"es-ES\">Gonz\u00e1lez ha precisado que la sinton\u00eda con la\u00a0<\/span><\/span>transaccional\u00a0<span style=\"color: #000000;\"><span style=\"font-family: Verdana, serif;\"><span lang=\"es-ES\">de<\/span><\/span><\/span><span style=\"font-family: Verdana, serif;\"><span lang=\"es-ES\">\u00a0Nueva Canaria finalmente aprobada &#8220;era plena&#8221; salvo las &#8220;dudas jur\u00eddicas que nos planteaba el punto tres de la misma\u201d, referente a la posibilidad de autorizar precio de venta del producto hasta una semana despu\u00e9s del proceso de maduraci\u00f3n en destino.<\/span><\/span><\/p>\n<p align=\"justify\">\u201c<span style=\"font-family: Verdana, serif;\"><span lang=\"es-ES\">El resto de nuestro texto es plenamente coincidente con la\u00a0<\/span><\/span><span style=\"color: #000000;\"><span style=\"font-family: Verdana, serif;\"><span lang=\"es-ES\">enmienda<\/span><\/span><\/span><span style=\"font-family: Verdana, serif;\"><span lang=\"es-ES\">\u00a0finalmente respaldada por la mayor\u00eda\u201d, tanto a la hora de recoger que &#8220;las ayudas comunitarias del Posei computen en el c\u00e1lculo de los costes efectivos de producci\u00f3n\u201d, como ante la posibilidad de\u00a0<\/span><\/span><span style=\"color: #000000;\"><span style=\"font-family: Verdana, serif;\"><span lang=\"es-ES\">poder<\/span><\/span><\/span><span style=\"font-family: Verdana, serif;\"><span lang=\"es-ES\">\u00a0vender a p\u00e9rdidas siempre y cuando \u201cla media del ciclo productivo arroje beneficios\u201d.<\/span><\/span><\/p>\n<p align=\"justify\"><span style=\"color: #000000;\"><span style=\"font-family: Verdana, serif;\"><span lang=\"es-ES\">E<\/span><\/span><\/span><span style=\"font-family: Verdana, serif;\"><span lang=\"es-ES\">l Grupo Parlamentario Socialista acord\u00f3 finalmente apoyar la propuesta de NC a trav\u00e9s del dictamen,\u00a0<\/span><\/span><span style=\"color: #000000;\"><span style=\"font-family: Verdana, serif;\"><span lang=\"es-ES\">y as\u00ed le fue comunicado a<\/span><\/span><\/span><span style=\"font-family: Verdana, serif;\"><span lang=\"es-ES\">l presidente de la Mesa de la Comisi\u00f3n de Agricultura,\u00a0<\/span><\/span><span style=\"color: #000000;\"><span style=\"font-family: Verdana, serif;\"><span lang=\"es-ES\">ante la imposibilidad de\u00a0<\/span><\/span><\/span><span style=\"font-family: Verdana, serif;\"><span lang=\"es-ES\">repetir la votaci\u00f3n de la propuesta durante dicha comisi\u00f3n.<\/span><\/span><\/p>\n<p align=\"justify\"><span style=\"font-family: Verdana, serif;\"><span lang=\"es-ES\">Ariagona Gonz\u00e1lez ha se\u00f1alado que el objetivo final de esta reforma de la Ley de Cadena Alimentaria es &#8220;proteger al eslab\u00f3n m\u00e1s d\u00e9bil de la cadena\u201d, los agricultores y ganaderos, que no tengan p\u00e9rdidas, y asegurar la viabilidad de las explotaciones. Adem\u00e1s, ha dicho, representa \u201cun est\u00edmulo importante para el mundo rural y esa Espa\u00f1a vaciada que tambi\u00e9n afecta a Canarias\u201d.\u00a0\u00a0<\/span><\/span><\/p>\n","protected":false},"excerpt":{"rendered":"<p>Ariagona Gonz\u00e1lez subraya el apoyo socialista al dictamen de la reforma, donde se recoge la enmienda aprobada este mi\u00e9rcoles en Comisi\u00f3n<\/p>\n","protected":false},"author":1,"featured_media":20298,"comment_status":"open","ping_status":"open","sticky":false,"template":"","format":"standard","meta":{"footnotes":""},"categories":[1197,1184],"tags":[],"class_list":["post-20297","post","type-post","status-publish","format-standard","has-post-thumbnail","hentry","category-cortes-generales","category-noticias"],"featured_image_src":"https:\/\/psoecanarias.com\/web\/wp-content\/uploads\/2021\/09\/ariagona-glez-foto.jpg","author_info":{"display_name":"PSOE Canarias","author_link":"https:\/\/psoecanarias.com\/web\/author\/admin\/"},"yoast_head":"<!-- This site is optimized with the Yoast SEO plugin v27.2 - https:\/\/yoast.com\/product\/yoast-seo-wordpress\/ -->\n<title>Total apoyo a la singularidad del pl\u00e1tano canario en la nueva Ley de Cadena Alimentaria | PSOE Canarias<\/title>\n<meta name=\"robots\" content=\"index, follow, max-snippet:-1, max-image-preview:large, max-video-preview:-1\" \/>\n<link rel=\"canonical\" href=\"https:\/\/psoecanarias.com\/web\/total-apoyo-a-la-singularidad-del-platano-canario-en-la-nueva-ley-de-cadena-alimentaria\/\" \/>\n<meta property=\"og:locale\" content=\"es_ES\" \/>\n<meta property=\"og:type\" content=\"article\" \/>\n<meta property=\"og:title\" content=\"Total apoyo a la singularidad del pl\u00e1tano canario en la nueva Ley de Cadena Alimentaria | PSOE Canarias\" \/>\n<meta property=\"og:description\" content=\"Ariagona Gonz\u00e1lez subraya el apoyo socialista al dictamen de la reforma, donde se recoge la enmienda aprobada este mi\u00e9rcoles en Comisi\u00f3n\" \/>\n<meta property=\"og:url\" content=\"https:\/\/psoecanarias.com\/web\/total-apoyo-a-la-singularidad-del-platano-canario-en-la-nueva-ley-de-cadena-alimentaria\/\" \/>\n<meta property=\"og:site_name\" content=\"PSOE Canarias\" \/>\n<meta property=\"article:published_time\" content=\"2021-09-29T20:19:10+00:00\" \/>\n<meta property=\"article:modified_time\" content=\"2021-09-29T20:34:30+00:00\" \/>\n<meta property=\"og:image\" content=\"https:\/\/psoecanarias.com\/web\/wp-content\/uploads\/2021\/09\/ariagona-glez-foto.jpg\" \/>\n\t<meta property=\"og:image:width\" content=\"770\" \/>\n\t<meta property=\"og:image:height\" content=\"512\" \/>\n\t<meta property=\"og:image:type\" content=\"image\/jpeg\" \/>\n<meta name=\"author\" content=\"PSOE Canarias\" \/>\n<meta name=\"twitter:card\" content=\"summary_large_image\" \/>\n<script type=\"application\/ld+json\" class=\"yoast-schema-graph\">{\"@context\":\"https:\/\/schema.org\",\"@graph\":[{\"@type\":\"Article\",\"@id\":\"https:\/\/psoecanarias.com\/web\/total-apoyo-a-la-singularidad-del-platano-canario-en-la-nueva-ley-de-cadena-alimentaria\/#article\",\"isPartOf\":{\"@id\":\"https:\/\/psoecanarias.com\/web\/total-apoyo-a-la-singularidad-del-platano-canario-en-la-nueva-ley-de-cadena-alimentaria\/\"},\"author\":{\"name\":\"PSOE Canarias\",\"@id\":\"https:\/\/psoecanarias.com\/web\/#\/schema\/person\/1ae43f9659d2fc599ca69c11e1dbf26f\"},\"headline\":\"Total apoyo a la singularidad del pl\u00e1tano canario en la nueva Ley de Cadena Alimentaria\",\"datePublished\":\"2021-09-29T20:19:10+00:00\",\"dateModified\":\"2021-09-29T20:34:30+00:00\",\"mainEntityOfPage\":{\"@id\":\"https:\/\/psoecanarias.com\/web\/total-apoyo-a-la-singularidad-del-platano-canario-en-la-nueva-ley-de-cadena-alimentaria\/\"},\"wordCount\":402,\"commentCount\":0,\"image\":{\"@id\":\"https:\/\/psoecanarias.com\/web\/total-apoyo-a-la-singularidad-del-platano-canario-en-la-nueva-ley-de-cadena-alimentaria\/#primaryimage\"},\"thumbnailUrl\":\"https:\/\/psoecanarias.com\/web\/wp-content\/uploads\/2021\/09\/ariagona-glez-foto.jpg\",\"articleSection\":[\"Cortes Generales\",\"Noticias\"],\"inLanguage\":\"es\",\"potentialAction\":[{\"@type\":\"CommentAction\",\"name\":\"Comment\",\"target\":[\"https:\/\/psoecanarias.com\/web\/total-apoyo-a-la-singularidad-del-platano-canario-en-la-nueva-ley-de-cadena-alimentaria\/#respond\"]}]},{\"@type\":\"WebPage\",\"@id\":\"https:\/\/psoecanarias.com\/web\/total-apoyo-a-la-singularidad-del-platano-canario-en-la-nueva-ley-de-cadena-alimentaria\/\",\"url\":\"https:\/\/psoecanarias.com\/web\/total-apoyo-a-la-singularidad-del-platano-canario-en-la-nueva-ley-de-cadena-alimentaria\/\",\"name\":\"Total apoyo a la singularidad del pl\u00e1tano canario en la nueva Ley de Cadena Alimentaria | PSOE Canarias\",\"isPartOf\":{\"@id\":\"https:\/\/psoecanarias.com\/web\/#website\"},\"primaryImageOfPage\":{\"@id\":\"https:\/\/psoecanarias.com\/web\/total-apoyo-a-la-singularidad-del-platano-canario-en-la-nueva-ley-de-cadena-alimentaria\/#primaryimage\"},\"image\":{\"@id\":\"https:\/\/psoecanarias.com\/web\/total-apoyo-a-la-singularidad-del-platano-canario-en-la-nueva-ley-de-cadena-alimentaria\/#primaryimage\"},\"thumbnailUrl\":\"https:\/\/psoecanarias.com\/web\/wp-content\/uploads\/2021\/09\/ariagona-glez-foto.jpg\",\"datePublished\":\"2021-09-29T20:19:10+00:00\",\"dateModified\":\"2021-09-29T20:34:30+00:00\",\"author\":{\"@id\":\"https:\/\/psoecanarias.com\/web\/#\/schema\/person\/1ae43f9659d2fc599ca69c11e1dbf26f\"},\"breadcrumb\":{\"@id\":\"https:\/\/psoecanarias.com\/web\/total-apoyo-a-la-singularidad-del-platano-canario-en-la-nueva-ley-de-cadena-alimentaria\/#breadcrumb\"},\"inLanguage\":\"es\",\"potentialAction\":[{\"@type\":\"ReadAction\",\"target\":[\"https:\/\/psoecanarias.com\/web\/total-apoyo-a-la-singularidad-del-platano-canario-en-la-nueva-ley-de-cadena-alimentaria\/\"]}]},{\"@type\":\"ImageObject\",\"inLanguage\":\"es\",\"@id\":\"https:\/\/psoecanarias.com\/web\/total-apoyo-a-la-singularidad-del-platano-canario-en-la-nueva-ley-de-cadena-alimentaria\/#primaryimage\",\"url\":\"https:\/\/psoecanarias.com\/web\/wp-content\/uploads\/2021\/09\/ariagona-glez-foto.jpg\",\"contentUrl\":\"https:\/\/psoecanarias.com\/web\/wp-content\/uploads\/2021\/09\/ariagona-glez-foto.jpg\",\"width\":770,\"height\":512,\"caption\":\"Ariagona Gonz\u00e1lez.\"},{\"@type\":\"BreadcrumbList\",\"@id\":\"https:\/\/psoecanarias.com\/web\/total-apoyo-a-la-singularidad-del-platano-canario-en-la-nueva-ley-de-cadena-alimentaria\/#breadcrumb\",\"itemListElement\":[{\"@type\":\"ListItem\",\"position\":1,\"name\":\"Portada\",\"item\":\"https:\/\/psoecanarias.com\/web\/\"},{\"@type\":\"ListItem\",\"position\":2,\"name\":\"Total apoyo a la singularidad del pl\u00e1tano canario en la nueva Ley de Cadena Alimentaria\"}]},{\"@type\":\"WebSite\",\"@id\":\"https:\/\/psoecanarias.com\/web\/#website\",\"url\":\"https:\/\/psoecanarias.com\/web\/\",\"name\":\"PSOE Canarias\",\"description\":\"Partido Socialista Obrero Espa\u00f1ol Canarias\",\"potentialAction\":[{\"@type\":\"SearchAction\",\"target\":{\"@type\":\"EntryPoint\",\"urlTemplate\":\"https:\/\/psoecanarias.com\/web\/?s={search_term_string}\"},\"query-input\":{\"@type\":\"PropertyValueSpecification\",\"valueRequired\":true,\"valueName\":\"search_term_string\"}}],\"inLanguage\":\"es\"},{\"@type\":\"Person\",\"@id\":\"https:\/\/psoecanarias.com\/web\/#\/schema\/person\/1ae43f9659d2fc599ca69c11e1dbf26f\",\"name\":\"PSOE Canarias\",\"image\":{\"@type\":\"ImageObject\",\"inLanguage\":\"es\",\"@id\":\"https:\/\/secure.gravatar.com\/avatar\/4364d37f6f6f9cdb7af199b46151565f37d8a8c3c0e04c1d78c04e857a15e3a8?s=96&d=mm&r=g\",\"url\":\"https:\/\/secure.gravatar.com\/avatar\/4364d37f6f6f9cdb7af199b46151565f37d8a8c3c0e04c1d78c04e857a15e3a8?s=96&d=mm&r=g\",\"contentUrl\":\"https:\/\/secure.gravatar.com\/avatar\/4364d37f6f6f9cdb7af199b46151565f37d8a8c3c0e04c1d78c04e857a15e3a8?s=96&d=mm&r=g\",\"caption\":\"PSOE Canarias\"},\"url\":\"https:\/\/psoecanarias.com\/web\/author\/admin\/\"}]}<\/script>\n<!-- \/ Yoast SEO plugin. -->","yoast_head_json":{"title":"Total apoyo a la singularidad del pl\u00e1tano canario en la nueva Ley de Cadena Alimentaria | PSOE Canarias","robots":{"index":"index","follow":"follow","max-snippet":"max-snippet:-1","max-image-preview":"max-image-preview:large","max-video-preview":"max-video-preview:-1"},"canonical":"https:\/\/psoecanarias.com\/web\/total-apoyo-a-la-singularidad-del-platano-canario-en-la-nueva-ley-de-cadena-alimentaria\/","og_locale":"es_ES","og_type":"article","og_title":"Total apoyo a la singularidad del pl\u00e1tano canario en la nueva Ley de Cadena Alimentaria | PSOE Canarias","og_description":"Ariagona Gonz\u00e1lez subraya el apoyo socialista al dictamen de la reforma, donde se recoge la enmienda aprobada este mi\u00e9rcoles en Comisi\u00f3n","og_url":"https:\/\/psoecanarias.com\/web\/total-apoyo-a-la-singularidad-del-platano-canario-en-la-nueva-ley-de-cadena-alimentaria\/","og_site_name":"PSOE Canarias","article_published_time":"2021-09-29T20:19:10+00:00","article_modified_time":"2021-09-29T20:34:30+00:00","og_image":[{"width":770,"height":512,"url":"https:\/\/psoecanarias.com\/web\/wp-content\/uploads\/2021\/09\/ariagona-glez-foto.jpg","type":"image\/jpeg"}],"author":"PSOE Canarias","twitter_card":"summary_large_image","schema":{"@context":"https:\/\/schema.org","@graph":[{"@type":"Article","@id":"https:\/\/psoecanarias.com\/web\/total-apoyo-a-la-singularidad-del-platano-canario-en-la-nueva-ley-de-cadena-alimentaria\/#article","isPartOf":{"@id":"https:\/\/psoecanarias.com\/web\/total-apoyo-a-la-singularidad-del-platano-canario-en-la-nueva-ley-de-cadena-alimentaria\/"},"author":{"name":"PSOE Canarias","@id":"https:\/\/psoecanarias.com\/web\/#\/schema\/person\/1ae43f9659d2fc599ca69c11e1dbf26f"},"headline":"Total apoyo a la singularidad del pl\u00e1tano canario en la nueva Ley de Cadena Alimentaria","datePublished":"2021-09-29T20:19:10+00:00","dateModified":"2021-09-29T20:34:30+00:00","mainEntityOfPage":{"@id":"https:\/\/psoecanarias.com\/web\/total-apoyo-a-la-singularidad-del-platano-canario-en-la-nueva-ley-de-cadena-alimentaria\/"},"wordCount":402,"commentCount":0,"image":{"@id":"https:\/\/psoecanarias.com\/web\/total-apoyo-a-la-singularidad-del-platano-canario-en-la-nueva-ley-de-cadena-alimentaria\/#primaryimage"},"thumbnailUrl":"https:\/\/psoecanarias.com\/web\/wp-content\/uploads\/2021\/09\/ariagona-glez-foto.jpg","articleSection":["Cortes Generales","Noticias"],"inLanguage":"es","potentialAction":[{"@type":"CommentAction","name":"Comment","target":["https:\/\/psoecanarias.com\/web\/total-apoyo-a-la-singularidad-del-platano-canario-en-la-nueva-ley-de-cadena-alimentaria\/#respond"]}]},{"@type":"WebPage","@id":"https:\/\/psoecanarias.com\/web\/total-apoyo-a-la-singularidad-del-platano-canario-en-la-nueva-ley-de-cadena-alimentaria\/","url":"https:\/\/psoecanarias.com\/web\/total-apoyo-a-la-singularidad-del-platano-canario-en-la-nueva-ley-de-cadena-alimentaria\/","name":"Total apoyo a la singularidad del pl\u00e1tano canario en la nueva Ley de Cadena Alimentaria | PSOE Canarias","isPartOf":{"@id":"https:\/\/psoecanarias.com\/web\/#website"},"primaryImageOfPage":{"@id":"https:\/\/psoecanarias.com\/web\/total-apoyo-a-la-singularidad-del-platano-canario-en-la-nueva-ley-de-cadena-alimentaria\/#primaryimage"},"image":{"@id":"https:\/\/psoecanarias.com\/web\/total-apoyo-a-la-singularidad-del-platano-canario-en-la-nueva-ley-de-cadena-alimentaria\/#primaryimage"},"thumbnailUrl":"https:\/\/psoecanarias.com\/web\/wp-content\/uploads\/2021\/09\/ariagona-glez-foto.jpg","datePublished":"2021-09-29T20:19:10+00:00","dateModified":"2021-09-29T20:34:30+00:00","author":{"@id":"https:\/\/psoecanarias.com\/web\/#\/schema\/person\/1ae43f9659d2fc599ca69c11e1dbf26f"},"breadcrumb":{"@id":"https:\/\/psoecanarias.com\/web\/total-apoyo-a-la-singularidad-del-platano-canario-en-la-nueva-ley-de-cadena-alimentaria\/#breadcrumb"},"inLanguage":"es","potentialAction":[{"@type":"ReadAction","target":["https:\/\/psoecanarias.com\/web\/total-apoyo-a-la-singularidad-del-platano-canario-en-la-nueva-ley-de-cadena-alimentaria\/"]}]},{"@type":"ImageObject","inLanguage":"es","@id":"https:\/\/psoecanarias.com\/web\/total-apoyo-a-la-singularidad-del-platano-canario-en-la-nueva-ley-de-cadena-alimentaria\/#primaryimage","url":"https:\/\/psoecanarias.com\/web\/wp-content\/uploads\/2021\/09\/ariagona-glez-foto.jpg","contentUrl":"https:\/\/psoecanarias.com\/web\/wp-content\/uploads\/2021\/09\/ariagona-glez-foto.jpg","width":770,"height":512,"caption":"Ariagona Gonz\u00e1lez."},{"@type":"BreadcrumbList","@id":"https:\/\/psoecanarias.com\/web\/total-apoyo-a-la-singularidad-del-platano-canario-en-la-nueva-ley-de-cadena-alimentaria\/#breadcrumb","itemListElement":[{"@type":"ListItem","position":1,"name":"Portada","item":"https:\/\/psoecanarias.com\/web\/"},{"@type":"ListItem","position":2,"name":"Total apoyo a la singularidad del pl\u00e1tano canario en la nueva Ley de Cadena Alimentaria"}]},{"@type":"WebSite","@id":"https:\/\/psoecanarias.com\/web\/#website","url":"https:\/\/psoecanarias.com\/web\/","name":"PSOE Canarias","description":"Partido Socialista Obrero Espa\u00f1ol Canarias","potentialAction":[{"@type":"SearchAction","target":{"@type":"EntryPoint","urlTemplate":"https:\/\/psoecanarias.com\/web\/?s={search_term_string}"},"query-input":{"@type":"PropertyValueSpecification","valueRequired":true,"valueName":"search_term_string"}}],"inLanguage":"es"},{"@type":"Person","@id":"https:\/\/psoecanarias.com\/web\/#\/schema\/person\/1ae43f9659d2fc599ca69c11e1dbf26f","name":"PSOE Canarias","image":{"@type":"ImageObject","inLanguage":"es","@id":"https:\/\/secure.gravatar.com\/avatar\/4364d37f6f6f9cdb7af199b46151565f37d8a8c3c0e04c1d78c04e857a15e3a8?s=96&d=mm&r=g","url":"https:\/\/secure.gravatar.com\/avatar\/4364d37f6f6f9cdb7af199b46151565f37d8a8c3c0e04c1d78c04e857a15e3a8?s=96&d=mm&r=g","contentUrl":"https:\/\/secure.gravatar.com\/avatar\/4364d37f6f6f9cdb7af199b46151565f37d8a8c3c0e04c1d78c04e857a15e3a8?s=96&d=mm&r=g","caption":"PSOE Canarias"},"url":"https:\/\/psoecanarias.com\/web\/author\/admin\/"}]}},"_links":{"self":[{"href":"https:\/\/psoecanarias.com\/web\/wp-json\/wp\/v2\/posts\/20297","targetHints":{"allow":["GET"]}}],"collection":[{"href":"https:\/\/psoecanarias.com\/web\/wp-json\/wp\/v2\/posts"}],"about":[{"href":"https:\/\/psoecanarias.com\/web\/wp-json\/wp\/v2\/types\/post"}],"author":[{"embeddable":true,"href":"https:\/\/psoecanarias.com\/web\/wp-json\/wp\/v2\/users\/1"}],"replies":[{"embeddable":true,"href":"https:\/\/psoecanarias.com\/web\/wp-json\/wp\/v2\/comments?post=20297"}],"version-history":[{"count":2,"href":"https:\/\/psoecanarias.com\/web\/wp-json\/wp\/v2\/posts\/20297\/revisions"}],"predecessor-version":[{"id":20300,"href":"https:\/\/psoecanarias.com\/web\/wp-json\/wp\/v2\/posts\/20297\/revisions\/20300"}],"wp:featuredmedia":[{"embeddable":true,"href":"https:\/\/psoecanarias.com\/web\/wp-json\/wp\/v2\/media\/20298"}],"wp:attachment":[{"href":"https:\/\/psoecanarias.com\/web\/wp-json\/wp\/v2\/media?parent=20297"}],"wp:term":[{"taxonomy":"category","embeddable":true,"href":"https:\/\/psoecanarias.com\/web\/wp-json\/wp\/v2\/categories?post=20297"},{"taxonomy":"post_tag","embeddable":true,"href":"https:\/\/psoecanarias.com\/web\/wp-json\/wp\/v2\/tags?post=20297"}],"curies":[{"name":"wp","href":"https:\/\/api.w.org\/{rel}","templated":true}]}}