{"id":21358,"date":"2021-11-20T14:29:40","date_gmt":"2021-11-20T14:29:40","guid":{"rendered":"http:\/\/psoecanarias.com\/web\/?p=21358"},"modified":"2022-01-14T10:56:14","modified_gmt":"2022-01-14T10:56:14","slug":"aprobado-por-unanimidad-el-informe-de-gestion-de-la-ejecutiva-saliente-en-el-14o-congreso-regional","status":"publish","type":"post","link":"https:\/\/psoecanarias.com\/web\/aprobado-por-unanimidad-el-informe-de-gestion-de-la-ejecutiva-saliente-en-el-14o-congreso-regional\/","title":{"rendered":"Aprobada por unanimidad la gesti\u00f3n de la direcci\u00f3n saliente"},"content":{"rendered":"<p dir=\"ltr\"><strong>Canarias, 20 de noviembre de 2021<\/strong>.- El PSOE de Canarias ha aprobado este s\u00e1bado por <strong>unanimidad<\/strong> los informes de gesti\u00f3n de su Comisi\u00f3n Ejecutiva Regional (CER), durante el Acto de Apertura del <strong>14\u00ba Congreso regional<\/strong>, que se desarrolla en las instalaciones multiusos del Gran Canaria Arena, en la ciudad de Las Palmas de Gran Canaria.<\/p>\n<p dir=\"ltr\">El secretario de Organizaci\u00f3n <strong>Jorge Gonz\u00e1lez<\/strong> ha dado cuenta de la actividad org\u00e1nica de los \u00faltimos cuatro a\u00f1os y ha destacado el trabajo realizado por la organizaci\u00f3n, \u201cmarcando distancia entre la pol\u00edtica medi\u00e1tica y la pol\u00edtica honesta que realmente necesita el Archipi\u00e9lago\u201d, para afrontar los desaf\u00edos de la sociedad del siglo XXI y estar m\u00e1s cerca de todos los canarios y canarias.<\/p>\n<p dir=\"ltr\">Gonz\u00e1lez ha asegurado que en este tiempo \u201cel PSOE ha te\u00f1ido Canarias de rojo\u201d, gobernando en la actualidad en 32 ayuntamientos y cinco gobiernos insulares, con 415 concejales, y logrando 25 de 70 esca\u00f1os en el Parlamento de Canarias. Adem\u00e1s, \u201ctenemos la m\u00e1xima representaci\u00f3n en las alcald\u00edas y articulamos un Pacto por Canarias que convirti\u00f3 a nuestro secretario general, \u00c1ngel V\u00edctor Torres, en presidente del Gobierno, demostrando que<strong> somos la alternativa real a la forma de hacer pol\u00edtica<\/strong> que ha dominado el panorama regional durante las \u00faltimas d\u00e9cadas\u201d.<\/p>\n<p dir=\"ltr\">Jorge Gonz\u00e1lez ha agradecido \u201cla implicaci\u00f3n y el extraordinario esfuerzo\u201d de todos los presentes en el Congreso y de los militantes que han hecho posible el triunfo del proyecto socialista a escala local, insular y regional. \u201cEl trabajo conjunto nos ha permitido ser capaces de superar los obst\u00e1culos que se han interpuesto en el camino durante este periodo y demostrar que un cambio es posible\u201d.<\/p>\n<blockquote class=\"twitter-tweet\" data-width=\"550\" data-dnt=\"true\">\n<p lang=\"es\" dir=\"ltr\">Gracias a la Ejecutiva saliente. <\/p>\n<p>Hemos conseguido los retos planteados:<br \/>\ud83d\udc49 Gobernamos en <a href=\"https:\/\/twitter.com\/hashtag\/Canarias?src=hash&amp;ref_src=twsrc%5Etfw\">#Canarias<\/a> y en la mayor\u00eda de los cabildos y ayuntamientos. GRACIAS<\/p>\n<p>\ud83d\udde3\ufe0f <a href=\"https:\/\/twitter.com\/avtorresp?ref_src=twsrc%5Etfw\">@avtorresp<\/a> <a href=\"https:\/\/twitter.com\/hashtag\/14CongresoPSOECanarias?src=hash&amp;ref_src=twsrc%5Etfw\">#14CongresoPSOECanarias<\/a> <a href=\"https:\/\/twitter.com\/hashtag\/CanariasAvanza?src=hash&amp;ref_src=twsrc%5Etfw\">#CanariasAvanza<\/a> <a href=\"https:\/\/t.co\/tZCias5NHj\">pic.twitter.com\/tZCias5NHj<\/a><\/p>\n<p>&mdash; PSOE Canarias (@PSOECanarias) <a href=\"https:\/\/twitter.com\/PSOECanarias\/status\/1462033207516405772?ref_src=twsrc%5Etfw\">November 20, 2021<\/a><\/p><\/blockquote>\n<p><script async src=\"https:\/\/platform.twitter.com\/widgets.js\" charset=\"utf-8\"><\/script><\/p>\n<p dir=\"ltr\">En este sentido, ha distinguido \u201cel valor socialista por antonomasia, el sentido de pertenencia a la sociedad y la conciencia del deber social, que son la punta de lanza del progreso, la igualdad y el desarrollo social\u201d.<\/p>\n<p dir=\"ltr\"><strong>Un Gobierno de Canarias comprometido<\/strong><\/p>\n<p dir=\"ltr\">Gonz\u00e1lez ha destacado la respuesta del Gobierno canario ante la situaci\u00f3n de emergencia sanitaria, econ\u00f3mica y social generada por la COVID-19 y la erupci\u00f3n del volc\u00e1n de Cumbre Vieja en La Palma, \u201ccon cambios y nuevas pol\u00edticas que ponen en primer plano del escenario pol\u00edtico a los ciudadanos y ciudadanas que viven en Canarias\u201d.<\/p>\n<p dir=\"ltr\">Tambi\u00e9n ha hecho hincapi\u00e9 en que \u201cnunca antes Canarias hab\u00eda conocido una etapa con tantas adversidades y, por eso, hoy m\u00e1s que nunca <strong>necesitamos de pol\u00edticos honestos, valientes y transparentes<\/strong>\u201d, valores que caracterizan a nuestro secretario general y presidente del Gobierno regional, \u00c1ngel V\u00edctor Torres, que le han llevado a ser valorado como el l\u00edder pol\u00edtico con mejor reputaci\u00f3n de Espa\u00f1a.<\/p>\n<p dir=\"ltr\">En este sentido, ha felicitado a Torres \u201cpor haber evidenciado ser una persona cercana que le da importancia a todos los problemas ciudadanos\u201d.<\/p>\n<blockquote class=\"twitter-tweet\" data-width=\"550\" data-dnt=\"true\">\n<p lang=\"es\" dir=\"ltr\">\ud83c\udf39 <a href=\"https:\/\/twitter.com\/hashtag\/14CongresoPSOECanarias?src=hash&amp;ref_src=twsrc%5Etfw\">#14CongresoPSOECanarias<\/a> <\/p>\n<p>Bienvenidos al Congreso del reencuentro. De los que est\u00e1n y tambi\u00e9n de los que no est\u00e1n.<\/p>\n<p>GRACIAS<\/p>\n<p>\ud83d\udde3\ufe0f <a href=\"https:\/\/twitter.com\/jorgetomad?ref_src=twsrc%5Etfw\">@jorgetomad<\/a> <a href=\"https:\/\/twitter.com\/hashtag\/CanariasAvanza?src=hash&amp;ref_src=twsrc%5Etfw\">#CanariasAvanza<\/a> <a href=\"https:\/\/t.co\/uc8YJTQcNC\">pic.twitter.com\/uc8YJTQcNC<\/a><\/p>\n<p>&mdash; PSOE Canarias (@PSOECanarias) <a href=\"https:\/\/twitter.com\/PSOECanarias\/status\/1462024478934900737?ref_src=twsrc%5Etfw\">November 20, 2021<\/a><\/p><\/blockquote>\n<p><script async src=\"https:\/\/platform.twitter.com\/widgets.js\" charset=\"utf-8\"><\/script><\/p>\n<p dir=\"ltr\">Jorge Gonz\u00e1lez ha finalizado su discurso agradeciendo a todas y todas los que han hecho posible este 14\u00ba Congreso regional, incluidos compa\u00f1eros, colaboradores y voluntarios.<\/p>\n<p dir=\"ltr\">\n","protected":false},"excerpt":{"rendered":"<p>Jorge Gonz\u00e1lez reivindica en el 14 Congreso la acci\u00f3n socialista durante los \u00faltimos cuatro a\u00f1os<\/p>\n","protected":false},"author":1,"featured_media":21360,"comment_status":"open","ping_status":"open","sticky":false,"template":"","format":"standard","meta":{"footnotes":""},"categories":[1184,7],"tags":[1221,1201],"class_list":["post-21358","post","type-post","status-publish","format-standard","has-post-thumbnail","hentry","category-noticias","category-politica","tag-14congreso","tag-jorge-gonzalez"],"featured_image_src":"https:\/\/psoecanarias.com\/web\/wp-content\/uploads\/2021\/11\/El-secretario-de-Organizacion-durante-su-intervencion.jpg","author_info":{"display_name":"PSOE Canarias","author_link":"https:\/\/psoecanarias.com\/web\/author\/admin\/"},"yoast_head":"<!-- This site is optimized with the Yoast SEO plugin v27.2 - https:\/\/yoast.com\/product\/yoast-seo-wordpress\/ -->\n<title>Aprobada por unanimidad la gesti\u00f3n de la direcci\u00f3n saliente | PSOE Canarias<\/title>\n<meta name=\"robots\" content=\"index, follow, max-snippet:-1, max-image-preview:large, max-video-preview:-1\" \/>\n<link rel=\"canonical\" href=\"https:\/\/psoecanarias.com\/web\/aprobado-por-unanimidad-el-informe-de-gestion-de-la-ejecutiva-saliente-en-el-14o-congreso-regional\/\" \/>\n<meta property=\"og:locale\" content=\"es_ES\" \/>\n<meta property=\"og:type\" content=\"article\" \/>\n<meta property=\"og:title\" content=\"Aprobada por unanimidad la gesti\u00f3n de la direcci\u00f3n saliente | PSOE Canarias\" \/>\n<meta property=\"og:description\" content=\"Jorge Gonz\u00e1lez reivindica en el 14 Congreso la acci\u00f3n socialista durante los \u00faltimos cuatro a\u00f1os\" \/>\n<meta property=\"og:url\" content=\"https:\/\/psoecanarias.com\/web\/aprobado-por-unanimidad-el-informe-de-gestion-de-la-ejecutiva-saliente-en-el-14o-congreso-regional\/\" \/>\n<meta property=\"og:site_name\" content=\"PSOE Canarias\" \/>\n<meta property=\"article:published_time\" content=\"2021-11-20T14:29:40+00:00\" \/>\n<meta property=\"article:modified_time\" content=\"2022-01-14T10:56:14+00:00\" \/>\n<meta property=\"og:image\" content=\"https:\/\/psoecanarias.com\/web\/wp-content\/uploads\/2021\/11\/El-secretario-de-Organizacion-durante-su-intervencion.jpg\" \/>\n\t<meta property=\"og:image:width\" content=\"2500\" \/>\n\t<meta property=\"og:image:height\" content=\"1667\" \/>\n\t<meta property=\"og:image:type\" content=\"image\/jpeg\" \/>\n<meta name=\"author\" content=\"PSOE Canarias\" \/>\n<meta name=\"twitter:card\" content=\"summary_large_image\" \/>\n<script type=\"application\/ld+json\" class=\"yoast-schema-graph\">{\"@context\":\"https:\/\/schema.org\",\"@graph\":[{\"@type\":\"Article\",\"@id\":\"https:\/\/psoecanarias.com\/web\/aprobado-por-unanimidad-el-informe-de-gestion-de-la-ejecutiva-saliente-en-el-14o-congreso-regional\/#article\",\"isPartOf\":{\"@id\":\"https:\/\/psoecanarias.com\/web\/aprobado-por-unanimidad-el-informe-de-gestion-de-la-ejecutiva-saliente-en-el-14o-congreso-regional\/\"},\"author\":{\"name\":\"PSOE Canarias\",\"@id\":\"https:\/\/psoecanarias.com\/web\/#\/schema\/person\/1ae43f9659d2fc599ca69c11e1dbf26f\"},\"headline\":\"Aprobada por unanimidad la gesti\u00f3n de la direcci\u00f3n saliente\",\"datePublished\":\"2021-11-20T14:29:40+00:00\",\"dateModified\":\"2022-01-14T10:56:14+00:00\",\"mainEntityOfPage\":{\"@id\":\"https:\/\/psoecanarias.com\/web\/aprobado-por-unanimidad-el-informe-de-gestion-de-la-ejecutiva-saliente-en-el-14o-congreso-regional\/\"},\"wordCount\":538,\"commentCount\":0,\"image\":{\"@id\":\"https:\/\/psoecanarias.com\/web\/aprobado-por-unanimidad-el-informe-de-gestion-de-la-ejecutiva-saliente-en-el-14o-congreso-regional\/#primaryimage\"},\"thumbnailUrl\":\"https:\/\/psoecanarias.com\/web\/wp-content\/uploads\/2021\/11\/El-secretario-de-Organizacion-durante-su-intervencion.jpg\",\"keywords\":[\"14Congreso\",\"Jorge Gonz\u00e1lez\"],\"articleSection\":[\"Noticias\",\"Pol\u00edtica\"],\"inLanguage\":\"es\",\"potentialAction\":[{\"@type\":\"CommentAction\",\"name\":\"Comment\",\"target\":[\"https:\/\/psoecanarias.com\/web\/aprobado-por-unanimidad-el-informe-de-gestion-de-la-ejecutiva-saliente-en-el-14o-congreso-regional\/#respond\"]}]},{\"@type\":\"WebPage\",\"@id\":\"https:\/\/psoecanarias.com\/web\/aprobado-por-unanimidad-el-informe-de-gestion-de-la-ejecutiva-saliente-en-el-14o-congreso-regional\/\",\"url\":\"https:\/\/psoecanarias.com\/web\/aprobado-por-unanimidad-el-informe-de-gestion-de-la-ejecutiva-saliente-en-el-14o-congreso-regional\/\",\"name\":\"Aprobada por unanimidad la gesti\u00f3n de la direcci\u00f3n saliente | PSOE Canarias\",\"isPartOf\":{\"@id\":\"https:\/\/psoecanarias.com\/web\/#website\"},\"primaryImageOfPage\":{\"@id\":\"https:\/\/psoecanarias.com\/web\/aprobado-por-unanimidad-el-informe-de-gestion-de-la-ejecutiva-saliente-en-el-14o-congreso-regional\/#primaryimage\"},\"image\":{\"@id\":\"https:\/\/psoecanarias.com\/web\/aprobado-por-unanimidad-el-informe-de-gestion-de-la-ejecutiva-saliente-en-el-14o-congreso-regional\/#primaryimage\"},\"thumbnailUrl\":\"https:\/\/psoecanarias.com\/web\/wp-content\/uploads\/2021\/11\/El-secretario-de-Organizacion-durante-su-intervencion.jpg\",\"datePublished\":\"2021-11-20T14:29:40+00:00\",\"dateModified\":\"2022-01-14T10:56:14+00:00\",\"author\":{\"@id\":\"https:\/\/psoecanarias.com\/web\/#\/schema\/person\/1ae43f9659d2fc599ca69c11e1dbf26f\"},\"breadcrumb\":{\"@id\":\"https:\/\/psoecanarias.com\/web\/aprobado-por-unanimidad-el-informe-de-gestion-de-la-ejecutiva-saliente-en-el-14o-congreso-regional\/#breadcrumb\"},\"inLanguage\":\"es\",\"potentialAction\":[{\"@type\":\"ReadAction\",\"target\":[\"https:\/\/psoecanarias.com\/web\/aprobado-por-unanimidad-el-informe-de-gestion-de-la-ejecutiva-saliente-en-el-14o-congreso-regional\/\"]}]},{\"@type\":\"ImageObject\",\"inLanguage\":\"es\",\"@id\":\"https:\/\/psoecanarias.com\/web\/aprobado-por-unanimidad-el-informe-de-gestion-de-la-ejecutiva-saliente-en-el-14o-congreso-regional\/#primaryimage\",\"url\":\"https:\/\/psoecanarias.com\/web\/wp-content\/uploads\/2021\/11\/El-secretario-de-Organizacion-durante-su-intervencion.jpg\",\"contentUrl\":\"https:\/\/psoecanarias.com\/web\/wp-content\/uploads\/2021\/11\/El-secretario-de-Organizacion-durante-su-intervencion.jpg\",\"width\":2500,\"height\":1667,\"caption\":\"Jorge Gonz\u00e1lez\"},{\"@type\":\"BreadcrumbList\",\"@id\":\"https:\/\/psoecanarias.com\/web\/aprobado-por-unanimidad-el-informe-de-gestion-de-la-ejecutiva-saliente-en-el-14o-congreso-regional\/#breadcrumb\",\"itemListElement\":[{\"@type\":\"ListItem\",\"position\":1,\"name\":\"Portada\",\"item\":\"https:\/\/psoecanarias.com\/web\/\"},{\"@type\":\"ListItem\",\"position\":2,\"name\":\"Aprobada por unanimidad la gesti\u00f3n de la direcci\u00f3n saliente\"}]},{\"@type\":\"WebSite\",\"@id\":\"https:\/\/psoecanarias.com\/web\/#website\",\"url\":\"https:\/\/psoecanarias.com\/web\/\",\"name\":\"PSOE Canarias\",\"description\":\"Partido Socialista Obrero Espa\u00f1ol Canarias\",\"potentialAction\":[{\"@type\":\"SearchAction\",\"target\":{\"@type\":\"EntryPoint\",\"urlTemplate\":\"https:\/\/psoecanarias.com\/web\/?s={search_term_string}\"},\"query-input\":{\"@type\":\"PropertyValueSpecification\",\"valueRequired\":true,\"valueName\":\"search_term_string\"}}],\"inLanguage\":\"es\"},{\"@type\":\"Person\",\"@id\":\"https:\/\/psoecanarias.com\/web\/#\/schema\/person\/1ae43f9659d2fc599ca69c11e1dbf26f\",\"name\":\"PSOE Canarias\",\"image\":{\"@type\":\"ImageObject\",\"inLanguage\":\"es\",\"@id\":\"https:\/\/secure.gravatar.com\/avatar\/4364d37f6f6f9cdb7af199b46151565f37d8a8c3c0e04c1d78c04e857a15e3a8?s=96&d=mm&r=g\",\"url\":\"https:\/\/secure.gravatar.com\/avatar\/4364d37f6f6f9cdb7af199b46151565f37d8a8c3c0e04c1d78c04e857a15e3a8?s=96&d=mm&r=g\",\"contentUrl\":\"https:\/\/secure.gravatar.com\/avatar\/4364d37f6f6f9cdb7af199b46151565f37d8a8c3c0e04c1d78c04e857a15e3a8?s=96&d=mm&r=g\",\"caption\":\"PSOE Canarias\"},\"url\":\"https:\/\/psoecanarias.com\/web\/author\/admin\/\"}]}<\/script>\n<!-- \/ Yoast SEO plugin. -->","yoast_head_json":{"title":"Aprobada por unanimidad la gesti\u00f3n de la direcci\u00f3n saliente | PSOE Canarias","robots":{"index":"index","follow":"follow","max-snippet":"max-snippet:-1","max-image-preview":"max-image-preview:large","max-video-preview":"max-video-preview:-1"},"canonical":"https:\/\/psoecanarias.com\/web\/aprobado-por-unanimidad-el-informe-de-gestion-de-la-ejecutiva-saliente-en-el-14o-congreso-regional\/","og_locale":"es_ES","og_type":"article","og_title":"Aprobada por unanimidad la gesti\u00f3n de la direcci\u00f3n saliente | PSOE Canarias","og_description":"Jorge Gonz\u00e1lez reivindica en el 14 Congreso la acci\u00f3n socialista durante los \u00faltimos cuatro a\u00f1os","og_url":"https:\/\/psoecanarias.com\/web\/aprobado-por-unanimidad-el-informe-de-gestion-de-la-ejecutiva-saliente-en-el-14o-congreso-regional\/","og_site_name":"PSOE Canarias","article_published_time":"2021-11-20T14:29:40+00:00","article_modified_time":"2022-01-14T10:56:14+00:00","og_image":[{"width":2500,"height":1667,"url":"https:\/\/psoecanarias.com\/web\/wp-content\/uploads\/2021\/11\/El-secretario-de-Organizacion-durante-su-intervencion.jpg","type":"image\/jpeg"}],"author":"PSOE Canarias","twitter_card":"summary_large_image","schema":{"@context":"https:\/\/schema.org","@graph":[{"@type":"Article","@id":"https:\/\/psoecanarias.com\/web\/aprobado-por-unanimidad-el-informe-de-gestion-de-la-ejecutiva-saliente-en-el-14o-congreso-regional\/#article","isPartOf":{"@id":"https:\/\/psoecanarias.com\/web\/aprobado-por-unanimidad-el-informe-de-gestion-de-la-ejecutiva-saliente-en-el-14o-congreso-regional\/"},"author":{"name":"PSOE Canarias","@id":"https:\/\/psoecanarias.com\/web\/#\/schema\/person\/1ae43f9659d2fc599ca69c11e1dbf26f"},"headline":"Aprobada por unanimidad la gesti\u00f3n de la direcci\u00f3n saliente","datePublished":"2021-11-20T14:29:40+00:00","dateModified":"2022-01-14T10:56:14+00:00","mainEntityOfPage":{"@id":"https:\/\/psoecanarias.com\/web\/aprobado-por-unanimidad-el-informe-de-gestion-de-la-ejecutiva-saliente-en-el-14o-congreso-regional\/"},"wordCount":538,"commentCount":0,"image":{"@id":"https:\/\/psoecanarias.com\/web\/aprobado-por-unanimidad-el-informe-de-gestion-de-la-ejecutiva-saliente-en-el-14o-congreso-regional\/#primaryimage"},"thumbnailUrl":"https:\/\/psoecanarias.com\/web\/wp-content\/uploads\/2021\/11\/El-secretario-de-Organizacion-durante-su-intervencion.jpg","keywords":["14Congreso","Jorge Gonz\u00e1lez"],"articleSection":["Noticias","Pol\u00edtica"],"inLanguage":"es","potentialAction":[{"@type":"CommentAction","name":"Comment","target":["https:\/\/psoecanarias.com\/web\/aprobado-por-unanimidad-el-informe-de-gestion-de-la-ejecutiva-saliente-en-el-14o-congreso-regional\/#respond"]}]},{"@type":"WebPage","@id":"https:\/\/psoecanarias.com\/web\/aprobado-por-unanimidad-el-informe-de-gestion-de-la-ejecutiva-saliente-en-el-14o-congreso-regional\/","url":"https:\/\/psoecanarias.com\/web\/aprobado-por-unanimidad-el-informe-de-gestion-de-la-ejecutiva-saliente-en-el-14o-congreso-regional\/","name":"Aprobada por unanimidad la gesti\u00f3n de la direcci\u00f3n saliente | PSOE Canarias","isPartOf":{"@id":"https:\/\/psoecanarias.com\/web\/#website"},"primaryImageOfPage":{"@id":"https:\/\/psoecanarias.com\/web\/aprobado-por-unanimidad-el-informe-de-gestion-de-la-ejecutiva-saliente-en-el-14o-congreso-regional\/#primaryimage"},"image":{"@id":"https:\/\/psoecanarias.com\/web\/aprobado-por-unanimidad-el-informe-de-gestion-de-la-ejecutiva-saliente-en-el-14o-congreso-regional\/#primaryimage"},"thumbnailUrl":"https:\/\/psoecanarias.com\/web\/wp-content\/uploads\/2021\/11\/El-secretario-de-Organizacion-durante-su-intervencion.jpg","datePublished":"2021-11-20T14:29:40+00:00","dateModified":"2022-01-14T10:56:14+00:00","author":{"@id":"https:\/\/psoecanarias.com\/web\/#\/schema\/person\/1ae43f9659d2fc599ca69c11e1dbf26f"},"breadcrumb":{"@id":"https:\/\/psoecanarias.com\/web\/aprobado-por-unanimidad-el-informe-de-gestion-de-la-ejecutiva-saliente-en-el-14o-congreso-regional\/#breadcrumb"},"inLanguage":"es","potentialAction":[{"@type":"ReadAction","target":["https:\/\/psoecanarias.com\/web\/aprobado-por-unanimidad-el-informe-de-gestion-de-la-ejecutiva-saliente-en-el-14o-congreso-regional\/"]}]},{"@type":"ImageObject","inLanguage":"es","@id":"https:\/\/psoecanarias.com\/web\/aprobado-por-unanimidad-el-informe-de-gestion-de-la-ejecutiva-saliente-en-el-14o-congreso-regional\/#primaryimage","url":"https:\/\/psoecanarias.com\/web\/wp-content\/uploads\/2021\/11\/El-secretario-de-Organizacion-durante-su-intervencion.jpg","contentUrl":"https:\/\/psoecanarias.com\/web\/wp-content\/uploads\/2021\/11\/El-secretario-de-Organizacion-durante-su-intervencion.jpg","width":2500,"height":1667,"caption":"Jorge Gonz\u00e1lez"},{"@type":"BreadcrumbList","@id":"https:\/\/psoecanarias.com\/web\/aprobado-por-unanimidad-el-informe-de-gestion-de-la-ejecutiva-saliente-en-el-14o-congreso-regional\/#breadcrumb","itemListElement":[{"@type":"ListItem","position":1,"name":"Portada","item":"https:\/\/psoecanarias.com\/web\/"},{"@type":"ListItem","position":2,"name":"Aprobada por unanimidad la gesti\u00f3n de la direcci\u00f3n saliente"}]},{"@type":"WebSite","@id":"https:\/\/psoecanarias.com\/web\/#website","url":"https:\/\/psoecanarias.com\/web\/","name":"PSOE Canarias","description":"Partido Socialista Obrero Espa\u00f1ol Canarias","potentialAction":[{"@type":"SearchAction","target":{"@type":"EntryPoint","urlTemplate":"https:\/\/psoecanarias.com\/web\/?s={search_term_string}"},"query-input":{"@type":"PropertyValueSpecification","valueRequired":true,"valueName":"search_term_string"}}],"inLanguage":"es"},{"@type":"Person","@id":"https:\/\/psoecanarias.com\/web\/#\/schema\/person\/1ae43f9659d2fc599ca69c11e1dbf26f","name":"PSOE Canarias","image":{"@type":"ImageObject","inLanguage":"es","@id":"https:\/\/secure.gravatar.com\/avatar\/4364d37f6f6f9cdb7af199b46151565f37d8a8c3c0e04c1d78c04e857a15e3a8?s=96&d=mm&r=g","url":"https:\/\/secure.gravatar.com\/avatar\/4364d37f6f6f9cdb7af199b46151565f37d8a8c3c0e04c1d78c04e857a15e3a8?s=96&d=mm&r=g","contentUrl":"https:\/\/secure.gravatar.com\/avatar\/4364d37f6f6f9cdb7af199b46151565f37d8a8c3c0e04c1d78c04e857a15e3a8?s=96&d=mm&r=g","caption":"PSOE Canarias"},"url":"https:\/\/psoecanarias.com\/web\/author\/admin\/"}]}},"_links":{"self":[{"href":"https:\/\/psoecanarias.com\/web\/wp-json\/wp\/v2\/posts\/21358","targetHints":{"allow":["GET"]}}],"collection":[{"href":"https:\/\/psoecanarias.com\/web\/wp-json\/wp\/v2\/posts"}],"about":[{"href":"https:\/\/psoecanarias.com\/web\/wp-json\/wp\/v2\/types\/post"}],"author":[{"embeddable":true,"href":"https:\/\/psoecanarias.com\/web\/wp-json\/wp\/v2\/users\/1"}],"replies":[{"embeddable":true,"href":"https:\/\/psoecanarias.com\/web\/wp-json\/wp\/v2\/comments?post=21358"}],"version-history":[{"count":7,"href":"https:\/\/psoecanarias.com\/web\/wp-json\/wp\/v2\/posts\/21358\/revisions"}],"predecessor-version":[{"id":21416,"href":"https:\/\/psoecanarias.com\/web\/wp-json\/wp\/v2\/posts\/21358\/revisions\/21416"}],"wp:featuredmedia":[{"embeddable":true,"href":"https:\/\/psoecanarias.com\/web\/wp-json\/wp\/v2\/media\/21360"}],"wp:attachment":[{"href":"https:\/\/psoecanarias.com\/web\/wp-json\/wp\/v2\/media?parent=21358"}],"wp:term":[{"taxonomy":"category","embeddable":true,"href":"https:\/\/psoecanarias.com\/web\/wp-json\/wp\/v2\/categories?post=21358"},{"taxonomy":"post_tag","embeddable":true,"href":"https:\/\/psoecanarias.com\/web\/wp-json\/wp\/v2\/tags?post=21358"}],"curies":[{"name":"wp","href":"https:\/\/api.w.org\/{rel}","templated":true}]}}