{"id":21375,"date":"2021-11-21T14:09:08","date_gmt":"2021-11-21T14:09:08","guid":{"rendered":"http:\/\/psoecanarias.com\/web\/?p=21375"},"modified":"2023-01-14T11:55:46","modified_gmt":"2023-01-14T11:55:46","slug":"el-psoe-canarias-presenta-su-nueva-comision-ejecutiva","status":"publish","type":"post","link":"https:\/\/psoecanarias.com\/web\/el-psoe-canarias-presenta-su-nueva-comision-ejecutiva\/","title":{"rendered":"Las mujeres son mayor\u00eda en la nueva Comisi\u00f3n Ejecutiva"},"content":{"rendered":"<p dir=\"ltr\"><strong>Canarias, 21 de noviembre de 2021<\/strong>.- El PSOE Canarias ha presentado este domingo, en el marco del 14\u00ba Congreso regional, la composici\u00f3n de su nueva Comisi\u00f3n Ejecutiva Regional (CER), respondiendo a criterios de paridad y representaci\u00f3n territorial. El principal \u00f3rgano de direcci\u00f3n del partido est\u00e1 formado por por 26 mujeres y 22 hombres.<\/p>\n<p dir=\"ltr\">Los delegados participantes en este encuentro han aprobado estanueva composici\u00f3n con cerca del 90% de los votos.<\/p>\n<blockquote class=\"twitter-tweet\" data-width=\"550\" data-dnt=\"true\">\n<p lang=\"es\" dir=\"ltr\"><a href=\"https:\/\/twitter.com\/hashtag\/14CongresoPSOECanarias?src=hash&amp;ref_src=twsrc%5Etfw\">#14CongresoPSOECanarias<\/a> <\/p>\n<p>Ya sobre el escenario el reelegido Secretario General <a href=\"https:\/\/twitter.com\/avtorresp?ref_src=twsrc%5Etfw\">@avtorresp<\/a>, la Secretaria de Organizaci\u00f3n <a href=\"https:\/\/twitter.com\/NiraFierro?ref_src=twsrc%5Etfw\">@NiraFierro<\/a> y el resto de los miembros de la nueva Comisi\u00f3n Ejecutiva Regional<\/p>\n<p>Felicidades compa\u00f1eros\/as \ud83c\udf39<a href=\"https:\/\/twitter.com\/hashtag\/CanariasAvanza?src=hash&amp;ref_src=twsrc%5Etfw\">#CanariasAvanza<\/a> <a href=\"https:\/\/t.co\/zxIEaPIhhz\">pic.twitter.com\/zxIEaPIhhz<\/a><\/p>\n<p>&mdash; PSOE Canarias (@PSOECanarias) <a href=\"https:\/\/twitter.com\/PSOECanarias\/status\/1462403432816558084?ref_src=twsrc%5Etfw\">November 21, 2021<\/a><\/p><\/blockquote>\n<p><script async src=\"https:\/\/platform.twitter.com\/widgets.js\" charset=\"utf-8\"><\/script><\/p>\n<p dir=\"ltr\">A continuaci\u00f3n, se detalla la nueva Comisi\u00f3n Ejecutiva del PSOE Canarias:<\/p>\n<p dir=\"ltr\"><strong>Presidente:<\/strong> Jos\u00e9 Miguel Rodr\u00edguez Fraga.<\/p>\n<p dir=\"ltr\"><strong>Secretar\u00eda general:<\/strong> \u00c1ngel V\u00edctor Torres.<\/p>\n<p dir=\"ltr\"><strong> Secretar\u00eda de Organizaci\u00f3n:<\/strong> Nira Fierro.<\/p>\n<p dir=\"ltr\"><strong>Secretar\u00eda adjunto a Organizaci\u00f3n:<\/strong> Manuel Fumero.<\/p>\n<p dir=\"ltr\"><strong> Vicesecretar\u00eda portavoz:<\/strong> Elena M\u00e1\u00f1ez.<\/p>\n<p dir=\"ltr\"><strong>Vicesecretar\u00eda general:<\/strong> Rosa Bella Cabrera.<\/p>\n<p dir=\"ltr\"><strong>Secretar\u00eda \u00c1rea de Coordinaci\u00f3n Territorial y R.I:<\/strong> Jorge Gonz\u00e1lez.<\/p>\n<p dir=\"ltr\"><strong>Asesor\u00eda jur\u00eddica:<\/strong> Mauricio Roque.<\/p>\n<p dir=\"ltr\"><strong>Adjunta Asesor\u00eda Jur\u00eddica:<\/strong> Jennifer Miranda.<\/p>\n<p dir=\"ltr\"><strong>Secretar\u00eda de Formaci\u00f3n a la militancia:<\/strong> Kalinda P\u00e9rez.<\/p>\n<p dir=\"ltr\"><strong>Secretar\u00eda de Asesoramiento a Grupos Municipales:<\/strong> Elena Mateo.<\/p>\n<p dir=\"ltr\"><strong>Secretar\u00eda de Dinamizaci\u00f3n de Agrupaciones:<\/strong> Mar\u00eda del Cristo Dorta.<\/p>\n<p dir=\"ltr\"><strong>Secretar\u00eda de \u00c1rea de Relaciones con las Cortes y Administraciones:<\/strong> Ram\u00f3n Morales.<\/p>\n<p dir=\"ltr\"><strong>Secretar\u00eda de \u00c1rea de Comunicaci\u00f3n:<\/strong> Hugo B\u00e1ez.<\/p>\n<p dir=\"ltr\"><strong>Secretar\u00eda de Redes Sociales:<\/strong> Jos\u00e9 Antonio Est\u00e9vez.<\/p>\n<p dir=\"ltr\"><strong>Secretar\u00eda de \u00c1rea de Acci\u00f3n Electoral:<\/strong> Vanesa Cabrera.<\/p>\n<p dir=\"ltr\"><strong>Secretar\u00eda de Programa y Estudios:<\/strong> Marta Saavedra.<\/p>\n<p dir=\"ltr\"><strong>Secretar\u00eda de \u00c1rea Social:<\/strong> Teresa Cruz.<\/p>\n<p dir=\"ltr\"><strong>Secretar\u00eda de Sanidad:<\/strong> Kilian S\u00e1nchez.<\/p>\n<p dir=\"ltr\"><strong>Secretar\u00eda de Educaci\u00f3n y Universidades:<\/strong> Ana Gonz\u00e1lez.<\/p>\n<p dir=\"ltr\"><strong>Secretar\u00eda de Inmigraci\u00f3n y Relaciones con \u00c1frica:<\/strong> Elena Saiz.<\/p>\n<p dir=\"ltr\"><strong>Secretar\u00eda de Atenci\u00f3n a la Dependencia y Discapacidad:<\/strong> Carmen Acosta.<\/p>\n<p dir=\"ltr\"><strong>Secretar\u00eda de Vivienda:<\/strong> Yaiza L\u00f3pez.<\/p>\n<p dir=\"ltr\"><strong>Secretar\u00eda de Sostenibilidad:<\/strong> Carlos Espino.<\/p>\n<p dir=\"ltr\"><strong>Secretar\u00eda de Transici\u00f3n Ecol\u00f3gica:<\/strong> Bego\u00f1a del Pino Hern\u00e1ndez.<\/p>\n<p dir=\"ltr\"><strong>Secretar\u00eda de Pol\u00edtica Territorial:<\/strong> Mois\u00e9s Oxala Romero.<\/p>\n<p dir=\"ltr\"><strong>Secretar\u00eda de Desarrollo Sostenible:<\/strong> Mar\u00eda Dolores Padr\u00f3n.<\/p>\n<p dir=\"ltr\"><strong>Secretar\u00eda de Transporte y Movilidad Sostenible:<\/strong> Jos\u00e9 Luis Delgado.<\/p>\n<p dir=\"ltr\"><strong>Secretar\u00eda de \u00e1rea de Econom\u00eda y Empleo:<\/strong> Rafael Nogales.<\/p>\n<p dir=\"ltr\"><strong>Secretar\u00eda de Turismo:<\/strong> Fares Roque Sosa.<\/p>\n<p dir=\"ltr\"><strong>Secretar\u00eda de Industria y Comercio:<\/strong> Ver\u00f3nica Su\u00e1rez.<\/p>\n<p dir=\"ltr\"><strong>Secretar\u00eda de Sector Primario:<\/strong> Ventura del Carmen Rodr\u00edguez.<\/p>\n<p dir=\"ltr\"><strong>Secretar\u00eda de Emprendimiento de Pymes:<\/strong> Silvia Mart\u00edn.<\/p>\n<p dir=\"ltr\"><strong>Secretar\u00eda de I+D+i:<\/strong> Victoriano A. Rocio.<\/p>\n<p dir=\"ltr\"><strong>Secretar\u00eda de Empleo y Desarrollo Local:<\/strong> Margarita Gonz\u00e1lez.<\/p>\n<p dir=\"ltr\"><strong>Secretar\u00eda de \u00c1rea de Gesti\u00f3n P\u00fablica y Relaci\u00f3n con la Administraci\u00f3n:<\/strong> Antonio Jos\u00e9 Olivera.<\/p>\n<p dir=\"ltr\"><strong>Secretar\u00eda de Desarrollo Estatutario y Transparencia:<\/strong> Alicia \u00c1lvarez.<\/p>\n<p dir=\"ltr\"><strong>Secretar\u00eda de Administraciones locales:<\/strong> Eva de Anta.<\/p>\n<p dir=\"ltr\"><strong>Secretar\u00eda de Relaciones con el Estado y la UE:<\/strong> Gustavo Matos.<\/p>\n<p dir=\"ltr\"><strong>Secretar\u00eda de Pol\u00edtica municipal:<\/strong> Manuel Ram\u00f3n Plasencia.<\/p>\n<p dir=\"ltr\"><strong>Secretar\u00eda de Cooperaci\u00f3n y Desarrollo:<\/strong> Gabriel Corujo.<\/p>\n<p dir=\"ltr\"><strong>Secretar\u00eda de \u00c1rea de Igualdad y Canariedad:<\/strong> Alba Oramas.<\/p>\n<p dir=\"ltr\"><strong>Secretar\u00eda de Promoci\u00f3n de la Actividad F\u00edsica y el Deporte:<\/strong> Aridany Romero.<\/p>\n<p dir=\"ltr\"><strong>Secretar\u00eda de Atenci\u00f3n a la Diversidad:<\/strong> Jos\u00e9 Antonio Godoy.<\/p>\n<p dir=\"ltr\"><strong>Secretar\u00eda de Movimientos Sociales y Democracia Participativa:<\/strong> Roberto Medina.<\/p>\n<p dir=\"ltr\"><strong>Secretar\u00eda de Memoria Hist\u00f3rica:<\/strong> Mar\u00eda Jes\u00fas Alonso.<\/p>\n<p dir=\"ltr\"><strong>Secretar\u00eda de Pol\u00edtica de Accesibilidad:<\/strong> Elena Almeida.<\/p>\n<p dir=\"ltr\"><strong>Secretar\u00eda de Mayores:<\/strong> Mar\u00eda Jes\u00fas de la Cruz.<\/p>\n","protected":false},"excerpt":{"rendered":"<p>Cerca del 90% de los delegados participantes en el 14\u00ba Congreso dan su respaldo al nuevo equipo de Torres<\/p>\n","protected":false},"author":1,"featured_media":21376,"comment_status":"open","ping_status":"open","sticky":false,"template":"","format":"standard","meta":{"footnotes":""},"categories":[1184,7],"tags":[],"class_list":["post-21375","post","type-post","status-publish","format-standard","has-post-thumbnail","hentry","category-noticias","category-politica"],"featured_image_src":"https:\/\/psoecanarias.com\/web\/wp-content\/uploads\/2021\/11\/Nueva-composicion-de-la-CER-scaled.jpg","author_info":{"display_name":"PSOE Canarias","author_link":"https:\/\/psoecanarias.com\/web\/author\/admin\/"},"yoast_head":"<!-- This site is optimized with the Yoast SEO plugin v27.2 - https:\/\/yoast.com\/product\/yoast-seo-wordpress\/ -->\n<title>Las mujeres son mayor\u00eda en la nueva Comisi\u00f3n Ejecutiva | PSOE Canarias<\/title>\n<meta name=\"robots\" content=\"index, follow, max-snippet:-1, max-image-preview:large, max-video-preview:-1\" \/>\n<link rel=\"canonical\" href=\"https:\/\/psoecanarias.com\/web\/el-psoe-canarias-presenta-su-nueva-comision-ejecutiva\/\" \/>\n<meta property=\"og:locale\" content=\"es_ES\" \/>\n<meta property=\"og:type\" content=\"article\" \/>\n<meta property=\"og:title\" content=\"Las mujeres son mayor\u00eda en la nueva Comisi\u00f3n Ejecutiva | PSOE Canarias\" \/>\n<meta property=\"og:description\" content=\"Cerca del 90% de los delegados participantes en el 14\u00ba Congreso dan su respaldo al nuevo equipo de Torres\" \/>\n<meta property=\"og:url\" content=\"https:\/\/psoecanarias.com\/web\/el-psoe-canarias-presenta-su-nueva-comision-ejecutiva\/\" \/>\n<meta property=\"og:site_name\" content=\"PSOE Canarias\" \/>\n<meta property=\"article:published_time\" content=\"2021-11-21T14:09:08+00:00\" \/>\n<meta property=\"article:modified_time\" content=\"2023-01-14T11:55:46+00:00\" \/>\n<meta property=\"og:image\" content=\"https:\/\/psoecanarias.com\/web\/wp-content\/uploads\/2021\/11\/Nueva-composicion-de-la-CER-scaled.jpg\" \/>\n\t<meta property=\"og:image:width\" content=\"2560\" \/>\n\t<meta property=\"og:image:height\" content=\"1706\" \/>\n\t<meta property=\"og:image:type\" content=\"image\/jpeg\" \/>\n<meta name=\"author\" content=\"PSOE Canarias\" \/>\n<meta name=\"twitter:card\" content=\"summary_large_image\" \/>\n<script type=\"application\/ld+json\" class=\"yoast-schema-graph\">{\"@context\":\"https:\/\/schema.org\",\"@graph\":[{\"@type\":\"Article\",\"@id\":\"https:\/\/psoecanarias.com\/web\/el-psoe-canarias-presenta-su-nueva-comision-ejecutiva\/#article\",\"isPartOf\":{\"@id\":\"https:\/\/psoecanarias.com\/web\/el-psoe-canarias-presenta-su-nueva-comision-ejecutiva\/\"},\"author\":{\"name\":\"PSOE Canarias\",\"@id\":\"https:\/\/psoecanarias.com\/web\/#\/schema\/person\/1ae43f9659d2fc599ca69c11e1dbf26f\"},\"headline\":\"Las mujeres son mayor\u00eda en la nueva Comisi\u00f3n Ejecutiva\",\"datePublished\":\"2021-11-21T14:09:08+00:00\",\"dateModified\":\"2023-01-14T11:55:46+00:00\",\"mainEntityOfPage\":{\"@id\":\"https:\/\/psoecanarias.com\/web\/el-psoe-canarias-presenta-su-nueva-comision-ejecutiva\/\"},\"wordCount\":563,\"commentCount\":0,\"image\":{\"@id\":\"https:\/\/psoecanarias.com\/web\/el-psoe-canarias-presenta-su-nueva-comision-ejecutiva\/#primaryimage\"},\"thumbnailUrl\":\"https:\/\/psoecanarias.com\/web\/wp-content\/uploads\/2021\/11\/Nueva-composicion-de-la-CER-scaled.jpg\",\"articleSection\":[\"Noticias\",\"Pol\u00edtica\"],\"inLanguage\":\"es\",\"potentialAction\":[{\"@type\":\"CommentAction\",\"name\":\"Comment\",\"target\":[\"https:\/\/psoecanarias.com\/web\/el-psoe-canarias-presenta-su-nueva-comision-ejecutiva\/#respond\"]}]},{\"@type\":\"WebPage\",\"@id\":\"https:\/\/psoecanarias.com\/web\/el-psoe-canarias-presenta-su-nueva-comision-ejecutiva\/\",\"url\":\"https:\/\/psoecanarias.com\/web\/el-psoe-canarias-presenta-su-nueva-comision-ejecutiva\/\",\"name\":\"Las mujeres son mayor\u00eda en la nueva Comisi\u00f3n Ejecutiva | PSOE Canarias\",\"isPartOf\":{\"@id\":\"https:\/\/psoecanarias.com\/web\/#website\"},\"primaryImageOfPage\":{\"@id\":\"https:\/\/psoecanarias.com\/web\/el-psoe-canarias-presenta-su-nueva-comision-ejecutiva\/#primaryimage\"},\"image\":{\"@id\":\"https:\/\/psoecanarias.com\/web\/el-psoe-canarias-presenta-su-nueva-comision-ejecutiva\/#primaryimage\"},\"thumbnailUrl\":\"https:\/\/psoecanarias.com\/web\/wp-content\/uploads\/2021\/11\/Nueva-composicion-de-la-CER-scaled.jpg\",\"datePublished\":\"2021-11-21T14:09:08+00:00\",\"dateModified\":\"2023-01-14T11:55:46+00:00\",\"author\":{\"@id\":\"https:\/\/psoecanarias.com\/web\/#\/schema\/person\/1ae43f9659d2fc599ca69c11e1dbf26f\"},\"breadcrumb\":{\"@id\":\"https:\/\/psoecanarias.com\/web\/el-psoe-canarias-presenta-su-nueva-comision-ejecutiva\/#breadcrumb\"},\"inLanguage\":\"es\",\"potentialAction\":[{\"@type\":\"ReadAction\",\"target\":[\"https:\/\/psoecanarias.com\/web\/el-psoe-canarias-presenta-su-nueva-comision-ejecutiva\/\"]}]},{\"@type\":\"ImageObject\",\"inLanguage\":\"es\",\"@id\":\"https:\/\/psoecanarias.com\/web\/el-psoe-canarias-presenta-su-nueva-comision-ejecutiva\/#primaryimage\",\"url\":\"https:\/\/psoecanarias.com\/web\/wp-content\/uploads\/2021\/11\/Nueva-composicion-de-la-CER-scaled.jpg\",\"contentUrl\":\"https:\/\/psoecanarias.com\/web\/wp-content\/uploads\/2021\/11\/Nueva-composicion-de-la-CER-scaled.jpg\",\"width\":2560,\"height\":1706,\"caption\":\"CER\"},{\"@type\":\"BreadcrumbList\",\"@id\":\"https:\/\/psoecanarias.com\/web\/el-psoe-canarias-presenta-su-nueva-comision-ejecutiva\/#breadcrumb\",\"itemListElement\":[{\"@type\":\"ListItem\",\"position\":1,\"name\":\"Portada\",\"item\":\"https:\/\/psoecanarias.com\/web\/\"},{\"@type\":\"ListItem\",\"position\":2,\"name\":\"Las mujeres son mayor\u00eda en la nueva Comisi\u00f3n Ejecutiva\"}]},{\"@type\":\"WebSite\",\"@id\":\"https:\/\/psoecanarias.com\/web\/#website\",\"url\":\"https:\/\/psoecanarias.com\/web\/\",\"name\":\"PSOE Canarias\",\"description\":\"Partido Socialista Obrero Espa\u00f1ol Canarias\",\"potentialAction\":[{\"@type\":\"SearchAction\",\"target\":{\"@type\":\"EntryPoint\",\"urlTemplate\":\"https:\/\/psoecanarias.com\/web\/?s={search_term_string}\"},\"query-input\":{\"@type\":\"PropertyValueSpecification\",\"valueRequired\":true,\"valueName\":\"search_term_string\"}}],\"inLanguage\":\"es\"},{\"@type\":\"Person\",\"@id\":\"https:\/\/psoecanarias.com\/web\/#\/schema\/person\/1ae43f9659d2fc599ca69c11e1dbf26f\",\"name\":\"PSOE Canarias\",\"image\":{\"@type\":\"ImageObject\",\"inLanguage\":\"es\",\"@id\":\"https:\/\/secure.gravatar.com\/avatar\/4364d37f6f6f9cdb7af199b46151565f37d8a8c3c0e04c1d78c04e857a15e3a8?s=96&d=mm&r=g\",\"url\":\"https:\/\/secure.gravatar.com\/avatar\/4364d37f6f6f9cdb7af199b46151565f37d8a8c3c0e04c1d78c04e857a15e3a8?s=96&d=mm&r=g\",\"contentUrl\":\"https:\/\/secure.gravatar.com\/avatar\/4364d37f6f6f9cdb7af199b46151565f37d8a8c3c0e04c1d78c04e857a15e3a8?s=96&d=mm&r=g\",\"caption\":\"PSOE Canarias\"},\"url\":\"https:\/\/psoecanarias.com\/web\/author\/admin\/\"}]}<\/script>\n<!-- \/ Yoast SEO plugin. -->","yoast_head_json":{"title":"Las mujeres son mayor\u00eda en la nueva Comisi\u00f3n Ejecutiva | PSOE Canarias","robots":{"index":"index","follow":"follow","max-snippet":"max-snippet:-1","max-image-preview":"max-image-preview:large","max-video-preview":"max-video-preview:-1"},"canonical":"https:\/\/psoecanarias.com\/web\/el-psoe-canarias-presenta-su-nueva-comision-ejecutiva\/","og_locale":"es_ES","og_type":"article","og_title":"Las mujeres son mayor\u00eda en la nueva Comisi\u00f3n Ejecutiva | PSOE Canarias","og_description":"Cerca del 90% de los delegados participantes en el 14\u00ba Congreso dan su respaldo al nuevo equipo de Torres","og_url":"https:\/\/psoecanarias.com\/web\/el-psoe-canarias-presenta-su-nueva-comision-ejecutiva\/","og_site_name":"PSOE Canarias","article_published_time":"2021-11-21T14:09:08+00:00","article_modified_time":"2023-01-14T11:55:46+00:00","og_image":[{"width":2560,"height":1706,"url":"https:\/\/psoecanarias.com\/web\/wp-content\/uploads\/2021\/11\/Nueva-composicion-de-la-CER-scaled.jpg","type":"image\/jpeg"}],"author":"PSOE Canarias","twitter_card":"summary_large_image","schema":{"@context":"https:\/\/schema.org","@graph":[{"@type":"Article","@id":"https:\/\/psoecanarias.com\/web\/el-psoe-canarias-presenta-su-nueva-comision-ejecutiva\/#article","isPartOf":{"@id":"https:\/\/psoecanarias.com\/web\/el-psoe-canarias-presenta-su-nueva-comision-ejecutiva\/"},"author":{"name":"PSOE Canarias","@id":"https:\/\/psoecanarias.com\/web\/#\/schema\/person\/1ae43f9659d2fc599ca69c11e1dbf26f"},"headline":"Las mujeres son mayor\u00eda en la nueva Comisi\u00f3n Ejecutiva","datePublished":"2021-11-21T14:09:08+00:00","dateModified":"2023-01-14T11:55:46+00:00","mainEntityOfPage":{"@id":"https:\/\/psoecanarias.com\/web\/el-psoe-canarias-presenta-su-nueva-comision-ejecutiva\/"},"wordCount":563,"commentCount":0,"image":{"@id":"https:\/\/psoecanarias.com\/web\/el-psoe-canarias-presenta-su-nueva-comision-ejecutiva\/#primaryimage"},"thumbnailUrl":"https:\/\/psoecanarias.com\/web\/wp-content\/uploads\/2021\/11\/Nueva-composicion-de-la-CER-scaled.jpg","articleSection":["Noticias","Pol\u00edtica"],"inLanguage":"es","potentialAction":[{"@type":"CommentAction","name":"Comment","target":["https:\/\/psoecanarias.com\/web\/el-psoe-canarias-presenta-su-nueva-comision-ejecutiva\/#respond"]}]},{"@type":"WebPage","@id":"https:\/\/psoecanarias.com\/web\/el-psoe-canarias-presenta-su-nueva-comision-ejecutiva\/","url":"https:\/\/psoecanarias.com\/web\/el-psoe-canarias-presenta-su-nueva-comision-ejecutiva\/","name":"Las mujeres son mayor\u00eda en la nueva Comisi\u00f3n Ejecutiva | PSOE Canarias","isPartOf":{"@id":"https:\/\/psoecanarias.com\/web\/#website"},"primaryImageOfPage":{"@id":"https:\/\/psoecanarias.com\/web\/el-psoe-canarias-presenta-su-nueva-comision-ejecutiva\/#primaryimage"},"image":{"@id":"https:\/\/psoecanarias.com\/web\/el-psoe-canarias-presenta-su-nueva-comision-ejecutiva\/#primaryimage"},"thumbnailUrl":"https:\/\/psoecanarias.com\/web\/wp-content\/uploads\/2021\/11\/Nueva-composicion-de-la-CER-scaled.jpg","datePublished":"2021-11-21T14:09:08+00:00","dateModified":"2023-01-14T11:55:46+00:00","author":{"@id":"https:\/\/psoecanarias.com\/web\/#\/schema\/person\/1ae43f9659d2fc599ca69c11e1dbf26f"},"breadcrumb":{"@id":"https:\/\/psoecanarias.com\/web\/el-psoe-canarias-presenta-su-nueva-comision-ejecutiva\/#breadcrumb"},"inLanguage":"es","potentialAction":[{"@type":"ReadAction","target":["https:\/\/psoecanarias.com\/web\/el-psoe-canarias-presenta-su-nueva-comision-ejecutiva\/"]}]},{"@type":"ImageObject","inLanguage":"es","@id":"https:\/\/psoecanarias.com\/web\/el-psoe-canarias-presenta-su-nueva-comision-ejecutiva\/#primaryimage","url":"https:\/\/psoecanarias.com\/web\/wp-content\/uploads\/2021\/11\/Nueva-composicion-de-la-CER-scaled.jpg","contentUrl":"https:\/\/psoecanarias.com\/web\/wp-content\/uploads\/2021\/11\/Nueva-composicion-de-la-CER-scaled.jpg","width":2560,"height":1706,"caption":"CER"},{"@type":"BreadcrumbList","@id":"https:\/\/psoecanarias.com\/web\/el-psoe-canarias-presenta-su-nueva-comision-ejecutiva\/#breadcrumb","itemListElement":[{"@type":"ListItem","position":1,"name":"Portada","item":"https:\/\/psoecanarias.com\/web\/"},{"@type":"ListItem","position":2,"name":"Las mujeres son mayor\u00eda en la nueva Comisi\u00f3n Ejecutiva"}]},{"@type":"WebSite","@id":"https:\/\/psoecanarias.com\/web\/#website","url":"https:\/\/psoecanarias.com\/web\/","name":"PSOE Canarias","description":"Partido Socialista Obrero Espa\u00f1ol Canarias","potentialAction":[{"@type":"SearchAction","target":{"@type":"EntryPoint","urlTemplate":"https:\/\/psoecanarias.com\/web\/?s={search_term_string}"},"query-input":{"@type":"PropertyValueSpecification","valueRequired":true,"valueName":"search_term_string"}}],"inLanguage":"es"},{"@type":"Person","@id":"https:\/\/psoecanarias.com\/web\/#\/schema\/person\/1ae43f9659d2fc599ca69c11e1dbf26f","name":"PSOE Canarias","image":{"@type":"ImageObject","inLanguage":"es","@id":"https:\/\/secure.gravatar.com\/avatar\/4364d37f6f6f9cdb7af199b46151565f37d8a8c3c0e04c1d78c04e857a15e3a8?s=96&d=mm&r=g","url":"https:\/\/secure.gravatar.com\/avatar\/4364d37f6f6f9cdb7af199b46151565f37d8a8c3c0e04c1d78c04e857a15e3a8?s=96&d=mm&r=g","contentUrl":"https:\/\/secure.gravatar.com\/avatar\/4364d37f6f6f9cdb7af199b46151565f37d8a8c3c0e04c1d78c04e857a15e3a8?s=96&d=mm&r=g","caption":"PSOE Canarias"},"url":"https:\/\/psoecanarias.com\/web\/author\/admin\/"}]}},"_links":{"self":[{"href":"https:\/\/psoecanarias.com\/web\/wp-json\/wp\/v2\/posts\/21375","targetHints":{"allow":["GET"]}}],"collection":[{"href":"https:\/\/psoecanarias.com\/web\/wp-json\/wp\/v2\/posts"}],"about":[{"href":"https:\/\/psoecanarias.com\/web\/wp-json\/wp\/v2\/types\/post"}],"author":[{"embeddable":true,"href":"https:\/\/psoecanarias.com\/web\/wp-json\/wp\/v2\/users\/1"}],"replies":[{"embeddable":true,"href":"https:\/\/psoecanarias.com\/web\/wp-json\/wp\/v2\/comments?post=21375"}],"version-history":[{"count":7,"href":"https:\/\/psoecanarias.com\/web\/wp-json\/wp\/v2\/posts\/21375\/revisions"}],"predecessor-version":[{"id":21409,"href":"https:\/\/psoecanarias.com\/web\/wp-json\/wp\/v2\/posts\/21375\/revisions\/21409"}],"wp:featuredmedia":[{"embeddable":true,"href":"https:\/\/psoecanarias.com\/web\/wp-json\/wp\/v2\/media\/21376"}],"wp:attachment":[{"href":"https:\/\/psoecanarias.com\/web\/wp-json\/wp\/v2\/media?parent=21375"}],"wp:term":[{"taxonomy":"category","embeddable":true,"href":"https:\/\/psoecanarias.com\/web\/wp-json\/wp\/v2\/categories?post=21375"},{"taxonomy":"post_tag","embeddable":true,"href":"https:\/\/psoecanarias.com\/web\/wp-json\/wp\/v2\/tags?post=21375"}],"curies":[{"name":"wp","href":"https:\/\/api.w.org\/{rel}","templated":true}]}}