{"id":2143,"date":"2016-06-01T18:18:04","date_gmt":"2016-06-01T17:18:04","guid":{"rendered":"http:\/\/psoecanarias.com\/web\/?p=2143"},"modified":"2016-06-01T18:19:14","modified_gmt":"2016-06-01T17:19:14","slug":"el-grupo-parlamentario-socialista-recoge-las-demandas-y-propuestas-de-la-ciudadania-gomera","status":"publish","type":"post","link":"https:\/\/psoecanarias.com\/web\/el-grupo-parlamentario-socialista-recoge-las-demandas-y-propuestas-de-la-ciudadania-gomera\/","title":{"rendered":"El Grupo Parlamentario Socialista recoge las demandas y propuestas de la ciudadan\u00eda gomera"},"content":{"rendered":"<p style=\"text-align: justify;\"><em>XH\/ <\/em><span style=\"font-family: Arial; font-size: medium;\">El Grupo Socialista continu\u00f3 hoy con el programa de trabajo de la sexta jornada parlamentaria de la actual legislatura, que se celebra desde ayer martes en La Gomera. En los diversos encuentros mantenidos este mi\u00e9rcoles, los diputados y diputadas del PSOE reiteraron su compromiso con la ciudadan\u00eda de la isla a trasladar a la C\u00e1mara regional las demandas y propuestas planteadas.\u00a0<\/span><\/p>\n<p style=\"text-align: justify;\"><span style=\"font-family: Arial; font-size: medium;\">\u201cNo hay mejor f\u00f3rmula para conocer la realidad de la gente que sobre el terreno\u201d, subray\u00f3 la diputada por La Gomera, Ventura del Carmen Rodr\u00edguez, quien quiso agradecer tanto la participaci\u00f3n de los distintos colectivos como la implicaci\u00f3n de los militantes y cargos p\u00fablicos y org\u00e1nicos que se han volcado en la organizaci\u00f3n de las jornadas.<\/span><\/p>\n<p style=\"text-align: justify;\"><span style=\"font-family: Arial; font-size: medium;\">A primera hora de la ma\u00f1ana, los parlamentarios del PSOE visitaron el antiguo centro de salud de San Sebasti\u00e1n, importante proyecto donde se prev\u00e9 una serie de obras para mejorar la calidad de los servicios que prestan las especialidades.<\/span><\/p>\n<p style=\"text-align: justify;\"><span style=\"font-family: Arial; font-size: medium;\">La jornada continu\u00f3 con un recorrido por el mercado municipal capitalino, donde tuvieron la oportunidad de conocer de cerca la importante labor que desarrollan dos de las asociaciones que trabajan con personas con discapacidad en la isla. Se trata de la Asociaci\u00f3n de Minusv\u00e1lidos de La Gomera y Asociaci\u00f3n Chinaj\u00e1n, colectivos que brindan la oportunidad a las personas dependientes de tener cierta autonom\u00eda personal e integraci\u00f3n social.\u00a0<\/span><\/p>\n<p style=\"text-align: justify;\"><span style=\"font-family: Arial; font-size: medium;\">En el propio mercado pudieron comprobar la importancia en la isla del sector primario. Destacaron la calidad de las frutas, hortalizas y verduras que se cultivan en La Gomera, y tambi\u00e9n de sus dulces tradicionales, almogrote, miel de palma o queso, entre otros productos representativos de la gastronom\u00eda insular.\u00a0<\/span><\/p>\n<p style=\"text-align: justify;\"><span style=\"font-family: Arial; font-size: medium;\">Ya en Valle Gran Rey, el Grupo Parlamentario se acerc\u00f3 hasta las dependencias del centro de salud para conocer de primera mano el estado de las instalaciones. All\u00ed valoraron la voluntad del consejero de Sanidad del Gobierno de Canarias de emprender el nuevo proyecto, para lo que ser\u00eda necesario que el el Ayuntamiento pusiese a disposici\u00f3n del departamento regional, de manera urgente, terrenos suficientes.<\/span><\/p>\n<p style=\"text-align: justify;\"><span style=\"font-family: Arial; font-size: medium;\">Tambi\u00e9n pudieron recoger las necesidades del colectivo de taxistas de la zona, quienes expresaron su preocupaci\u00f3n por el sector en la isla, explicaron las dificultades diarias con que se encuentran para prestar un buen servicio a la ciudadan\u00eda gomera y tambi\u00e9n a los turistas que llegan la isla.\u00a0<\/span><\/p>\n<p style=\"text-align: justify;\"><span style=\"font-family: Arial; font-size: medium;\">El programa de trabajo concluy\u00f3 por la tarde con una visita al Puerto de Vueltas y una reuni\u00f3n con los representantes de la cofrad\u00eda de pescadores. Estos insistieron en la necesidad de que se cumpla con la retirada de las nasas de las costas de La Gomera, en que se resuelva el problema del precio del combustible para los pescadores y en la concesi\u00f3n del punto de primera venta en Playa Santiago, entre otras cuestiones.\u00a0<\/span><\/p>\n<p style=\"text-align: justify;\"><span style=\"font-family: Arial; font-size: medium;\">La jornada contin\u00faa esta tarde con una reuni\u00f3n con Proanimal Gomera para abordar la demanda de este centro de protecci\u00f3n de animales en la isla. Hay que recordar que la ley se est\u00e1 reformando tras la aprobaci\u00f3n de una proposici\u00f3n no de ley del PSOE, formaci\u00f3n pol\u00edtica que apuesta por m\u00e1s derechos a los animales y una mayor protecci\u00f3n, contando para ello con la participaci\u00f3n de los colectivos que trabajan en la materia.<\/span><\/p>\n","protected":false},"excerpt":{"rendered":"<p>Los diputados y diputadas del PSOE trasladan tambi\u00e9n a los diversos colectivos el trabajo que est\u00e1n desarrollando en la C\u00e1mara<\/p>\n","protected":false},"author":1,"featured_media":2144,"comment_status":"open","ping_status":"open","sticky":false,"template":"","format":"standard","meta":{"footnotes":""},"categories":[7],"tags":[327,311,293,309,90,310,591],"class_list":["post-2143","post","type-post","status-publish","format-standard","has-post-thumbnail","hentry","category-politica","tag-diputadas","tag-diputados","tag-grupo-parlamentario-socialista-canario","tag-jornadas-parlamentarias","tag-la-gomera","tag-psoe-canarias","tag-psoe-la-gomera"],"featured_image_src":"https:\/\/psoecanarias.com\/web\/wp-content\/uploads\/2016\/06\/GPSC-GOMERA-e1464801461971.jpg","author_info":{"display_name":"PSOE Canarias","author_link":"https:\/\/psoecanarias.com\/web\/author\/admin\/"},"yoast_head":"<!-- This site is optimized with the Yoast SEO plugin v27.2 - https:\/\/yoast.com\/product\/yoast-seo-wordpress\/ -->\n<title>El Grupo Parlamentario Socialista recoge las demandas y propuestas de la ciudadan\u00eda gomera | PSOE Canarias<\/title>\n<meta name=\"robots\" content=\"index, follow, max-snippet:-1, max-image-preview:large, max-video-preview:-1\" \/>\n<link rel=\"canonical\" href=\"https:\/\/psoecanarias.com\/web\/el-grupo-parlamentario-socialista-recoge-las-demandas-y-propuestas-de-la-ciudadania-gomera\/\" \/>\n<meta property=\"og:locale\" content=\"es_ES\" \/>\n<meta property=\"og:type\" content=\"article\" \/>\n<meta property=\"og:title\" content=\"El Grupo Parlamentario Socialista recoge las demandas y propuestas de la ciudadan\u00eda gomera | PSOE Canarias\" \/>\n<meta property=\"og:description\" content=\"Los diputados y diputadas del PSOE trasladan tambi\u00e9n a los diversos colectivos el trabajo que est\u00e1n desarrollando en la C\u00e1mara\" \/>\n<meta property=\"og:url\" content=\"https:\/\/psoecanarias.com\/web\/el-grupo-parlamentario-socialista-recoge-las-demandas-y-propuestas-de-la-ciudadania-gomera\/\" \/>\n<meta property=\"og:site_name\" content=\"PSOE Canarias\" \/>\n<meta property=\"article:published_time\" content=\"2016-06-01T17:18:04+00:00\" \/>\n<meta property=\"article:modified_time\" content=\"2016-06-01T17:19:14+00:00\" \/>\n<meta property=\"og:image\" content=\"https:\/\/psoecanarias.com\/web\/wp-content\/uploads\/2016\/06\/GPSC-GOMERA-e1464801461971.jpg\" \/>\n\t<meta property=\"og:image:width\" content=\"900\" \/>\n\t<meta property=\"og:image:height\" content=\"672\" \/>\n\t<meta property=\"og:image:type\" content=\"image\/jpeg\" \/>\n<meta name=\"author\" content=\"PSOE Canarias\" \/>\n<meta name=\"twitter:card\" content=\"summary_large_image\" \/>\n<script type=\"application\/ld+json\" class=\"yoast-schema-graph\">{\"@context\":\"https:\/\/schema.org\",\"@graph\":[{\"@type\":\"Article\",\"@id\":\"https:\/\/psoecanarias.com\/web\/el-grupo-parlamentario-socialista-recoge-las-demandas-y-propuestas-de-la-ciudadania-gomera\/#article\",\"isPartOf\":{\"@id\":\"https:\/\/psoecanarias.com\/web\/el-grupo-parlamentario-socialista-recoge-las-demandas-y-propuestas-de-la-ciudadania-gomera\/\"},\"author\":{\"name\":\"PSOE Canarias\",\"@id\":\"https:\/\/psoecanarias.com\/web\/#\/schema\/person\/1ae43f9659d2fc599ca69c11e1dbf26f\"},\"headline\":\"El Grupo Parlamentario Socialista recoge las demandas y propuestas de la ciudadan\u00eda gomera\",\"datePublished\":\"2016-06-01T17:18:04+00:00\",\"dateModified\":\"2016-06-01T17:19:14+00:00\",\"mainEntityOfPage\":{\"@id\":\"https:\/\/psoecanarias.com\/web\/el-grupo-parlamentario-socialista-recoge-las-demandas-y-propuestas-de-la-ciudadania-gomera\/\"},\"wordCount\":586,\"commentCount\":0,\"image\":{\"@id\":\"https:\/\/psoecanarias.com\/web\/el-grupo-parlamentario-socialista-recoge-las-demandas-y-propuestas-de-la-ciudadania-gomera\/#primaryimage\"},\"thumbnailUrl\":\"https:\/\/psoecanarias.com\/web\/wp-content\/uploads\/2016\/06\/GPSC-GOMERA-e1464801461971.jpg\",\"keywords\":[\"Diputadas\",\"Diputados\",\"Grupo Parlamentario Socialista Canario\",\"Jornadas Parlamentarias\",\"La Gomera\",\"PSOE Canarias\",\"PSOE La Gomera\"],\"articleSection\":[\"Pol\u00edtica\"],\"inLanguage\":\"es\",\"potentialAction\":[{\"@type\":\"CommentAction\",\"name\":\"Comment\",\"target\":[\"https:\/\/psoecanarias.com\/web\/el-grupo-parlamentario-socialista-recoge-las-demandas-y-propuestas-de-la-ciudadania-gomera\/#respond\"]}]},{\"@type\":\"WebPage\",\"@id\":\"https:\/\/psoecanarias.com\/web\/el-grupo-parlamentario-socialista-recoge-las-demandas-y-propuestas-de-la-ciudadania-gomera\/\",\"url\":\"https:\/\/psoecanarias.com\/web\/el-grupo-parlamentario-socialista-recoge-las-demandas-y-propuestas-de-la-ciudadania-gomera\/\",\"name\":\"El Grupo Parlamentario Socialista recoge las demandas y propuestas de la ciudadan\u00eda gomera | PSOE Canarias\",\"isPartOf\":{\"@id\":\"https:\/\/psoecanarias.com\/web\/#website\"},\"primaryImageOfPage\":{\"@id\":\"https:\/\/psoecanarias.com\/web\/el-grupo-parlamentario-socialista-recoge-las-demandas-y-propuestas-de-la-ciudadania-gomera\/#primaryimage\"},\"image\":{\"@id\":\"https:\/\/psoecanarias.com\/web\/el-grupo-parlamentario-socialista-recoge-las-demandas-y-propuestas-de-la-ciudadania-gomera\/#primaryimage\"},\"thumbnailUrl\":\"https:\/\/psoecanarias.com\/web\/wp-content\/uploads\/2016\/06\/GPSC-GOMERA-e1464801461971.jpg\",\"datePublished\":\"2016-06-01T17:18:04+00:00\",\"dateModified\":\"2016-06-01T17:19:14+00:00\",\"author\":{\"@id\":\"https:\/\/psoecanarias.com\/web\/#\/schema\/person\/1ae43f9659d2fc599ca69c11e1dbf26f\"},\"breadcrumb\":{\"@id\":\"https:\/\/psoecanarias.com\/web\/el-grupo-parlamentario-socialista-recoge-las-demandas-y-propuestas-de-la-ciudadania-gomera\/#breadcrumb\"},\"inLanguage\":\"es\",\"potentialAction\":[{\"@type\":\"ReadAction\",\"target\":[\"https:\/\/psoecanarias.com\/web\/el-grupo-parlamentario-socialista-recoge-las-demandas-y-propuestas-de-la-ciudadania-gomera\/\"]}]},{\"@type\":\"ImageObject\",\"inLanguage\":\"es\",\"@id\":\"https:\/\/psoecanarias.com\/web\/el-grupo-parlamentario-socialista-recoge-las-demandas-y-propuestas-de-la-ciudadania-gomera\/#primaryimage\",\"url\":\"https:\/\/psoecanarias.com\/web\/wp-content\/uploads\/2016\/06\/GPSC-GOMERA-e1464801461971.jpg\",\"contentUrl\":\"https:\/\/psoecanarias.com\/web\/wp-content\/uploads\/2016\/06\/GPSC-GOMERA-e1464801461971.jpg\",\"width\":900,\"height\":672},{\"@type\":\"BreadcrumbList\",\"@id\":\"https:\/\/psoecanarias.com\/web\/el-grupo-parlamentario-socialista-recoge-las-demandas-y-propuestas-de-la-ciudadania-gomera\/#breadcrumb\",\"itemListElement\":[{\"@type\":\"ListItem\",\"position\":1,\"name\":\"Portada\",\"item\":\"https:\/\/psoecanarias.com\/web\/\"},{\"@type\":\"ListItem\",\"position\":2,\"name\":\"El Grupo Parlamentario Socialista recoge las demandas y propuestas de la ciudadan\u00eda gomera\"}]},{\"@type\":\"WebSite\",\"@id\":\"https:\/\/psoecanarias.com\/web\/#website\",\"url\":\"https:\/\/psoecanarias.com\/web\/\",\"name\":\"PSOE Canarias\",\"description\":\"Partido Socialista Obrero Espa\u00f1ol Canarias\",\"potentialAction\":[{\"@type\":\"SearchAction\",\"target\":{\"@type\":\"EntryPoint\",\"urlTemplate\":\"https:\/\/psoecanarias.com\/web\/?s={search_term_string}\"},\"query-input\":{\"@type\":\"PropertyValueSpecification\",\"valueRequired\":true,\"valueName\":\"search_term_string\"}}],\"inLanguage\":\"es\"},{\"@type\":\"Person\",\"@id\":\"https:\/\/psoecanarias.com\/web\/#\/schema\/person\/1ae43f9659d2fc599ca69c11e1dbf26f\",\"name\":\"PSOE Canarias\",\"image\":{\"@type\":\"ImageObject\",\"inLanguage\":\"es\",\"@id\":\"https:\/\/secure.gravatar.com\/avatar\/4364d37f6f6f9cdb7af199b46151565f37d8a8c3c0e04c1d78c04e857a15e3a8?s=96&d=mm&r=g\",\"url\":\"https:\/\/secure.gravatar.com\/avatar\/4364d37f6f6f9cdb7af199b46151565f37d8a8c3c0e04c1d78c04e857a15e3a8?s=96&d=mm&r=g\",\"contentUrl\":\"https:\/\/secure.gravatar.com\/avatar\/4364d37f6f6f9cdb7af199b46151565f37d8a8c3c0e04c1d78c04e857a15e3a8?s=96&d=mm&r=g\",\"caption\":\"PSOE Canarias\"},\"url\":\"https:\/\/psoecanarias.com\/web\/author\/admin\/\"}]}<\/script>\n<!-- \/ Yoast SEO plugin. -->","yoast_head_json":{"title":"El Grupo Parlamentario Socialista recoge las demandas y propuestas de la ciudadan\u00eda gomera | PSOE Canarias","robots":{"index":"index","follow":"follow","max-snippet":"max-snippet:-1","max-image-preview":"max-image-preview:large","max-video-preview":"max-video-preview:-1"},"canonical":"https:\/\/psoecanarias.com\/web\/el-grupo-parlamentario-socialista-recoge-las-demandas-y-propuestas-de-la-ciudadania-gomera\/","og_locale":"es_ES","og_type":"article","og_title":"El Grupo Parlamentario Socialista recoge las demandas y propuestas de la ciudadan\u00eda gomera | PSOE Canarias","og_description":"Los diputados y diputadas del PSOE trasladan tambi\u00e9n a los diversos colectivos el trabajo que est\u00e1n desarrollando en la C\u00e1mara","og_url":"https:\/\/psoecanarias.com\/web\/el-grupo-parlamentario-socialista-recoge-las-demandas-y-propuestas-de-la-ciudadania-gomera\/","og_site_name":"PSOE Canarias","article_published_time":"2016-06-01T17:18:04+00:00","article_modified_time":"2016-06-01T17:19:14+00:00","og_image":[{"width":900,"height":672,"url":"https:\/\/psoecanarias.com\/web\/wp-content\/uploads\/2016\/06\/GPSC-GOMERA-e1464801461971.jpg","type":"image\/jpeg"}],"author":"PSOE Canarias","twitter_card":"summary_large_image","schema":{"@context":"https:\/\/schema.org","@graph":[{"@type":"Article","@id":"https:\/\/psoecanarias.com\/web\/el-grupo-parlamentario-socialista-recoge-las-demandas-y-propuestas-de-la-ciudadania-gomera\/#article","isPartOf":{"@id":"https:\/\/psoecanarias.com\/web\/el-grupo-parlamentario-socialista-recoge-las-demandas-y-propuestas-de-la-ciudadania-gomera\/"},"author":{"name":"PSOE Canarias","@id":"https:\/\/psoecanarias.com\/web\/#\/schema\/person\/1ae43f9659d2fc599ca69c11e1dbf26f"},"headline":"El Grupo Parlamentario Socialista recoge las demandas y propuestas de la ciudadan\u00eda gomera","datePublished":"2016-06-01T17:18:04+00:00","dateModified":"2016-06-01T17:19:14+00:00","mainEntityOfPage":{"@id":"https:\/\/psoecanarias.com\/web\/el-grupo-parlamentario-socialista-recoge-las-demandas-y-propuestas-de-la-ciudadania-gomera\/"},"wordCount":586,"commentCount":0,"image":{"@id":"https:\/\/psoecanarias.com\/web\/el-grupo-parlamentario-socialista-recoge-las-demandas-y-propuestas-de-la-ciudadania-gomera\/#primaryimage"},"thumbnailUrl":"https:\/\/psoecanarias.com\/web\/wp-content\/uploads\/2016\/06\/GPSC-GOMERA-e1464801461971.jpg","keywords":["Diputadas","Diputados","Grupo Parlamentario Socialista Canario","Jornadas Parlamentarias","La Gomera","PSOE Canarias","PSOE La Gomera"],"articleSection":["Pol\u00edtica"],"inLanguage":"es","potentialAction":[{"@type":"CommentAction","name":"Comment","target":["https:\/\/psoecanarias.com\/web\/el-grupo-parlamentario-socialista-recoge-las-demandas-y-propuestas-de-la-ciudadania-gomera\/#respond"]}]},{"@type":"WebPage","@id":"https:\/\/psoecanarias.com\/web\/el-grupo-parlamentario-socialista-recoge-las-demandas-y-propuestas-de-la-ciudadania-gomera\/","url":"https:\/\/psoecanarias.com\/web\/el-grupo-parlamentario-socialista-recoge-las-demandas-y-propuestas-de-la-ciudadania-gomera\/","name":"El Grupo Parlamentario Socialista recoge las demandas y propuestas de la ciudadan\u00eda gomera | PSOE Canarias","isPartOf":{"@id":"https:\/\/psoecanarias.com\/web\/#website"},"primaryImageOfPage":{"@id":"https:\/\/psoecanarias.com\/web\/el-grupo-parlamentario-socialista-recoge-las-demandas-y-propuestas-de-la-ciudadania-gomera\/#primaryimage"},"image":{"@id":"https:\/\/psoecanarias.com\/web\/el-grupo-parlamentario-socialista-recoge-las-demandas-y-propuestas-de-la-ciudadania-gomera\/#primaryimage"},"thumbnailUrl":"https:\/\/psoecanarias.com\/web\/wp-content\/uploads\/2016\/06\/GPSC-GOMERA-e1464801461971.jpg","datePublished":"2016-06-01T17:18:04+00:00","dateModified":"2016-06-01T17:19:14+00:00","author":{"@id":"https:\/\/psoecanarias.com\/web\/#\/schema\/person\/1ae43f9659d2fc599ca69c11e1dbf26f"},"breadcrumb":{"@id":"https:\/\/psoecanarias.com\/web\/el-grupo-parlamentario-socialista-recoge-las-demandas-y-propuestas-de-la-ciudadania-gomera\/#breadcrumb"},"inLanguage":"es","potentialAction":[{"@type":"ReadAction","target":["https:\/\/psoecanarias.com\/web\/el-grupo-parlamentario-socialista-recoge-las-demandas-y-propuestas-de-la-ciudadania-gomera\/"]}]},{"@type":"ImageObject","inLanguage":"es","@id":"https:\/\/psoecanarias.com\/web\/el-grupo-parlamentario-socialista-recoge-las-demandas-y-propuestas-de-la-ciudadania-gomera\/#primaryimage","url":"https:\/\/psoecanarias.com\/web\/wp-content\/uploads\/2016\/06\/GPSC-GOMERA-e1464801461971.jpg","contentUrl":"https:\/\/psoecanarias.com\/web\/wp-content\/uploads\/2016\/06\/GPSC-GOMERA-e1464801461971.jpg","width":900,"height":672},{"@type":"BreadcrumbList","@id":"https:\/\/psoecanarias.com\/web\/el-grupo-parlamentario-socialista-recoge-las-demandas-y-propuestas-de-la-ciudadania-gomera\/#breadcrumb","itemListElement":[{"@type":"ListItem","position":1,"name":"Portada","item":"https:\/\/psoecanarias.com\/web\/"},{"@type":"ListItem","position":2,"name":"El Grupo Parlamentario Socialista recoge las demandas y propuestas de la ciudadan\u00eda gomera"}]},{"@type":"WebSite","@id":"https:\/\/psoecanarias.com\/web\/#website","url":"https:\/\/psoecanarias.com\/web\/","name":"PSOE Canarias","description":"Partido Socialista Obrero Espa\u00f1ol Canarias","potentialAction":[{"@type":"SearchAction","target":{"@type":"EntryPoint","urlTemplate":"https:\/\/psoecanarias.com\/web\/?s={search_term_string}"},"query-input":{"@type":"PropertyValueSpecification","valueRequired":true,"valueName":"search_term_string"}}],"inLanguage":"es"},{"@type":"Person","@id":"https:\/\/psoecanarias.com\/web\/#\/schema\/person\/1ae43f9659d2fc599ca69c11e1dbf26f","name":"PSOE Canarias","image":{"@type":"ImageObject","inLanguage":"es","@id":"https:\/\/secure.gravatar.com\/avatar\/4364d37f6f6f9cdb7af199b46151565f37d8a8c3c0e04c1d78c04e857a15e3a8?s=96&d=mm&r=g","url":"https:\/\/secure.gravatar.com\/avatar\/4364d37f6f6f9cdb7af199b46151565f37d8a8c3c0e04c1d78c04e857a15e3a8?s=96&d=mm&r=g","contentUrl":"https:\/\/secure.gravatar.com\/avatar\/4364d37f6f6f9cdb7af199b46151565f37d8a8c3c0e04c1d78c04e857a15e3a8?s=96&d=mm&r=g","caption":"PSOE Canarias"},"url":"https:\/\/psoecanarias.com\/web\/author\/admin\/"}]}},"_links":{"self":[{"href":"https:\/\/psoecanarias.com\/web\/wp-json\/wp\/v2\/posts\/2143","targetHints":{"allow":["GET"]}}],"collection":[{"href":"https:\/\/psoecanarias.com\/web\/wp-json\/wp\/v2\/posts"}],"about":[{"href":"https:\/\/psoecanarias.com\/web\/wp-json\/wp\/v2\/types\/post"}],"author":[{"embeddable":true,"href":"https:\/\/psoecanarias.com\/web\/wp-json\/wp\/v2\/users\/1"}],"replies":[{"embeddable":true,"href":"https:\/\/psoecanarias.com\/web\/wp-json\/wp\/v2\/comments?post=2143"}],"version-history":[{"count":1,"href":"https:\/\/psoecanarias.com\/web\/wp-json\/wp\/v2\/posts\/2143\/revisions"}],"predecessor-version":[{"id":2145,"href":"https:\/\/psoecanarias.com\/web\/wp-json\/wp\/v2\/posts\/2143\/revisions\/2145"}],"wp:featuredmedia":[{"embeddable":true,"href":"https:\/\/psoecanarias.com\/web\/wp-json\/wp\/v2\/media\/2144"}],"wp:attachment":[{"href":"https:\/\/psoecanarias.com\/web\/wp-json\/wp\/v2\/media?parent=2143"}],"wp:term":[{"taxonomy":"category","embeddable":true,"href":"https:\/\/psoecanarias.com\/web\/wp-json\/wp\/v2\/categories?post=2143"},{"taxonomy":"post_tag","embeddable":true,"href":"https:\/\/psoecanarias.com\/web\/wp-json\/wp\/v2\/tags?post=2143"}],"curies":[{"name":"wp","href":"https:\/\/api.w.org\/{rel}","templated":true}]}}